{"id":559,"date":"2026-08-10T12:39:51","date_gmt":"2026-08-10T12:39:51","guid":{"rendered":"https:\/\/fogeka-rdc.org\/?p=559"},"modified":"2026-08-11T13:03:21","modified_gmt":"2026-08-11T13:03:21","slug":"rdc-vs-rwanda-la-cij-fixe-le-calendrier-de-la-procedure-ecrite-un-progres-significatif-a-la-haye","status":"publish","type":"post","link":"https:\/\/fogeka-rdc.org\/index.php\/2026\/08\/10\/rdc-vs-rwanda-la-cij-fixe-le-calendrier-de-la-procedure-ecrite-un-progres-significatif-a-la-haye\/","title":{"rendered":"RDC vs Rwanda : la CIJ fixe le calendrier de la proc\u00e9dure \u00e9crite, un \u00ab\u00a0progr\u00e8s significatif\u00a0\u00bb \u00e0 La Haye"},"content":{"rendered":"<p dir=\"ltr\">La Cour internationale de Justice, CIJ, a franchi une nouvelle \u00e9tape dans le dossier qui oppose la R\u00e9publique d\u00e9mocratique du Congo au Rwanda. La plus haute juridiction de l\u2019ONU a fix\u00e9 les d\u00e9lais pour le d\u00e9p\u00f4t des m\u00e9moires, ouvrant officiellement la phase \u00e9crite du proc\u00e8s.<\/p>\n<p dir=\"ltr\"><strong>Des d\u00e9lais fix\u00e9s jusqu\u2019en 2028<\/strong><\/p>\n<p dir=\"ltr\">Selon la d\u00e9cision rendue par la CIJ, la RDC dispose jusqu\u2019au 4 octobre 2027 pour d\u00e9poser son m\u00e9moire. Le Rwanda, de son c\u00f4t\u00e9, aura jusqu\u2019au 4 d\u00e9cembre 2028 pour remettre son contre-m\u00e9moire.<\/p>\n<p dir=\"ltr\">La Cour justifie ce calendrier \u00e9tal\u00e9 par \u00ab\u00a0la complexit\u00e9 du dossier\u00a0\u00bb qui couvre pr\u00e8s de 30 ans de faits.<\/p>\n<p dir=\"ltr\"><strong>Kinshasa accuse Kigali de violations graves<\/strong><\/p>\n<p dir=\"ltr\">Dans cette affaire, la RDC accuse le Rwanda d\u2019\u00eatre responsable de violations de plusieurs conventions internationales. Kinshasa cite notamment les conventions relatives au g\u00e9nocide, \u00e0 la discrimination raciale, aux droits des femmes et \u00e0 la lutte contre la torture.<\/p>\n<p dir=\"ltr\">Le gouvernement congolais pointe \u00e9galement du doigt le soutien pr\u00e9sum\u00e9 du Rwanda \u00e0 plusieurs groupes arm\u00e9s actifs dans l\u2019est du pays : l\u2019AFDL, le RCD, le CNDP et plus r\u00e9cemment l\u2019AFC\/M23.<\/p>\n<p dir=\"ltr\">\u00c0 travers cette proc\u00e9dure, la RDC cherche \u00e0 faire reconna\u00eetre la responsabilit\u00e9 internationale de Kigali et \u00e0 obtenir r\u00e9paration pour les pr\u00e9judices li\u00e9s au conflit et aux crimes commis sur son territoire.<\/p>\n<p dir=\"ltr\"><strong>Des images qui rappellent l\u2019enjeu<\/strong><\/p>\n<p dir=\"ltr\">La vid\u00e9o illustrant l\u2019annonce montre l\u2019int\u00e9rieur solennel du Palais de la Paix \u00e0 La Haye, si\u00e8ge de la CIJ, o\u00f9 si\u00e8gent les juges. Elle alterne ensuite avec des images de l\u2019est de la RDC : le panneau \u00ab\u00a0GOMA\u00a0\u00bb, l\u2019a\u00e9roport de Goma, des militaires en mouvement et des populations civiles. Un rappel du contexte humanitaire et s\u00e9curitaire qui est au c\u0153ur de cette bataille judiciaire.<\/p>\n<p dir=\"ltr\">Pour Kinshasa, cette fixation du calendrier est per\u00e7ue comme un \u00ab\u00a0progr\u00e8s significatif\u00a0\u00bb. Le dossier entre d\u00e9sormais dans une phase d\u00e9cisive qui pourrait durer plusieurs ann\u00e9es avant un jugement d\u00e9finitif.<\/p>\n<p dir=\"ltr\">\n<p dir=\"ltr\">Fogeka Agency<\/p>\n<p dir=\"ltr\">Communication : <a href=\"https:\/\/fogeka-rdc.org\/wp-admin\/post-new.php\">https\/\/<\/a><a href=\"http:\/\/www-fogeka.rdc.org\/\" target=\"_blank\" rel=\"noopener\">www-fogeka.rdc.org<\/a><\/p>\n<p dir=\"ltr\">e-mail <a href=\"mailto:fogekardc@gmail.com\" target=\"_blank\" rel=\"noopener\">fogekardc@gmail.com<\/a><\/p>\n<p dir=\"ltr\">T\u00e9l : + *243 818344445<\/p>\n<p dir=\"ltr\">Kinshasa\/ RDC<\/p>\n","protected":false},"excerpt":{"rendered":"<p>La Cour internationale de Justice, CIJ, a franchi une nouvelle \u00e9tape dans le dossier qui oppose la R\u00e9publique d\u00e9mocratique du&hellip;<\/p>\n","protected":false},"author":2,"featured_media":560,"comment_status":"open","ping_status":"open","sticky":true,"template":"","format":"standard","meta":{"footnotes":""},"categories":[15],"tags":[],"class_list":["post-559","post","type-post","status-publish","format-standard","has-post-thumbnail","hentry","category-securite"],"yoast_head":"<!-- This site is optimized with the Yoast SEO plugin v28.3 - https:\/\/yoast.com\/product\/yoast-seo-wordpress\/ -->\n<title>RDC vs Rwanda : la CIJ fixe le calendrier de la proc\u00e9dure \u00e9crite, un &quot;progr\u00e8s significatif&quot; \u00e0 La Haye - fogeka-rdc<\/title>\n<meta name=\"robots\" content=\"index, follow, max-snippet:-1, max-image-preview:large, max-video-preview:-1\" \/>\n<link rel=\"canonical\" href=\"https:\/\/fogeka-rdc.org\/index.php\/2026\/08\/10\/rdc-vs-rwanda-la-cij-fixe-le-calendrier-de-la-procedure-ecrite-un-progres-significatif-a-la-haye\/\" \/>\n<meta property=\"og:locale\" content=\"fr_FR\" \/>\n<meta property=\"og:type\" content=\"article\" \/>\n<meta property=\"og:title\" content=\"RDC vs Rwanda : la CIJ fixe le calendrier de la proc\u00e9dure \u00e9crite, un &quot;progr\u00e8s significatif&quot; \u00e0 La Haye - fogeka-rdc\" \/>\n<meta property=\"og:description\" content=\"La Cour internationale de Justice, CIJ, a franchi une nouvelle \u00e9tape dans le dossier qui oppose la R\u00e9publique d\u00e9mocratique du&hellip;\" \/>\n<meta property=\"og:url\" content=\"https:\/\/fogeka-rdc.org\/index.php\/2026\/08\/10\/rdc-vs-rwanda-la-cij-fixe-le-calendrier-de-la-procedure-ecrite-un-progres-significatif-a-la-haye\/\" \/>\n<meta property=\"og:site_name\" content=\"fogeka-rdc\" \/>\n<meta property=\"article:published_time\" content=\"2026-08-10T12:39:51+00:00\" \/>\n<meta property=\"article:modified_time\" content=\"2026-08-11T13:03:21+00:00\" \/>\n<meta property=\"og:image\" content=\"https:\/\/fogeka-rdc.org\/wp-content\/uploads\/2026\/08\/CIJ-de-la-Haye.jpg\" \/>\n\t<meta property=\"og:image:width\" content=\"1280\" \/>\n\t<meta property=\"og:image:height\" content=\"1280\" \/>\n\t<meta property=\"og:image:type\" content=\"image\/jpeg\" \/>\n<meta name=\"author\" content=\"Fogeka Fogekardc\" \/>\n<meta name=\"twitter:card\" content=\"summary_large_image\" \/>\n<meta name=\"twitter:label1\" content=\"\u00c9crit par\" \/>\n\t<meta name=\"twitter:data1\" content=\"Fogeka Fogekardc\" \/>\n\t<meta name=\"twitter:label2\" content=\"Dur\u00e9e de lecture estim\u00e9e\" \/>\n\t<meta name=\"twitter:data2\" content=\"2 minutes\" \/>\n<script type=\"application\/ld+json\" class=\"yoast-schema-graph\">{\"@context\":\"https:\\\/\\\/schema.org\",\"@graph\":[{\"@type\":\"Article\",\"@id\":\"https:\\\/\\\/fogeka-rdc.org\\\/index.php\\\/2026\\\/08\\\/10\\\/rdc-vs-rwanda-la-cij-fixe-le-calendrier-de-la-procedure-ecrite-un-progres-significatif-a-la-haye\\\/#article\",\"isPartOf\":{\"@id\":\"https:\\\/\\\/fogeka-rdc.org\\\/index.php\\\/2026\\\/08\\\/10\\\/rdc-vs-rwanda-la-cij-fixe-le-calendrier-de-la-procedure-ecrite-un-progres-significatif-a-la-haye\\\/\"},\"author\":{\"name\":\"Fogeka Fogekardc\",\"@id\":\"https:\\\/\\\/fogeka-rdc.org\\\/#\\\/schema\\\/person\\\/326652cf3d7bfcbab6d224e17d6992ef\"},\"headline\":\"RDC vs Rwanda : la CIJ fixe le calendrier de la proc\u00e9dure \u00e9crite, un \u00ab\u00a0progr\u00e8s significatif\u00a0\u00bb \u00e0 La Haye\",\"datePublished\":\"2026-08-10T12:39:51+00:00\",\"dateModified\":\"2026-08-11T13:03:21+00:00\",\"mainEntityOfPage\":{\"@id\":\"https:\\\/\\\/fogeka-rdc.org\\\/index.php\\\/2026\\\/08\\\/10\\\/rdc-vs-rwanda-la-cij-fixe-le-calendrier-de-la-procedure-ecrite-un-progres-significatif-a-la-haye\\\/\"},\"wordCount\":378,\"commentCount\":0,\"publisher\":{\"@id\":\"https:\\\/\\\/fogeka-rdc.org\\\/#organization\"},\"image\":{\"@id\":\"https:\\\/\\\/fogeka-rdc.org\\\/index.php\\\/2026\\\/08\\\/10\\\/rdc-vs-rwanda-la-cij-fixe-le-calendrier-de-la-procedure-ecrite-un-progres-significatif-a-la-haye\\\/#primaryimage\"},\"thumbnailUrl\":\"https:\\\/\\\/fogeka-rdc.org\\\/wp-content\\\/uploads\\\/2026\\\/08\\\/CIJ-de-la-Haye.jpg\",\"articleSection\":[\"Securite\"],\"inLanguage\":\"fr-FR\",\"potentialAction\":[{\"@type\":\"CommentAction\",\"name\":\"Comment\",\"target\":[\"https:\\\/\\\/fogeka-rdc.org\\\/index.php\\\/2026\\\/08\\\/10\\\/rdc-vs-rwanda-la-cij-fixe-le-calendrier-de-la-procedure-ecrite-un-progres-significatif-a-la-haye\\\/#respond\"]}]},{\"@type\":\"WebPage\",\"@id\":\"https:\\\/\\\/fogeka-rdc.org\\\/index.php\\\/2026\\\/08\\\/10\\\/rdc-vs-rwanda-la-cij-fixe-le-calendrier-de-la-procedure-ecrite-un-progres-significatif-a-la-haye\\\/\",\"url\":\"https:\\\/\\\/fogeka-rdc.org\\\/index.php\\\/2026\\\/08\\\/10\\\/rdc-vs-rwanda-la-cij-fixe-le-calendrier-de-la-procedure-ecrite-un-progres-significatif-a-la-haye\\\/\",\"name\":\"RDC vs Rwanda : la CIJ fixe le calendrier de la proc\u00e9dure \u00e9crite, un \\\"progr\u00e8s significatif\\\" \u00e0 La Haye - fogeka-rdc\",\"isPartOf\":{\"@id\":\"https:\\\/\\\/fogeka-rdc.org\\\/#website\"},\"primaryImageOfPage\":{\"@id\":\"https:\\\/\\\/fogeka-rdc.org\\\/index.php\\\/2026\\\/08\\\/10\\\/rdc-vs-rwanda-la-cij-fixe-le-calendrier-de-la-procedure-ecrite-un-progres-significatif-a-la-haye\\\/#primaryimage\"},\"image\":{\"@id\":\"https:\\\/\\\/fogeka-rdc.org\\\/index.php\\\/2026\\\/08\\\/10\\\/rdc-vs-rwanda-la-cij-fixe-le-calendrier-de-la-procedure-ecrite-un-progres-significatif-a-la-haye\\\/#primaryimage\"},\"thumbnailUrl\":\"https:\\\/\\\/fogeka-rdc.org\\\/wp-content\\\/uploads\\\/2026\\\/08\\\/CIJ-de-la-Haye.jpg\",\"datePublished\":\"2026-08-10T12:39:51+00:00\",\"dateModified\":\"2026-08-11T13:03:21+00:00\",\"breadcrumb\":{\"@id\":\"https:\\\/\\\/fogeka-rdc.org\\\/index.php\\\/2026\\\/08\\\/10\\\/rdc-vs-rwanda-la-cij-fixe-le-calendrier-de-la-procedure-ecrite-un-progres-significatif-a-la-haye\\\/#breadcrumb\"},\"inLanguage\":\"fr-FR\",\"potentialAction\":[{\"@type\":\"ReadAction\",\"target\":[\"https:\\\/\\\/fogeka-rdc.org\\\/index.php\\\/2026\\\/08\\\/10\\\/rdc-vs-rwanda-la-cij-fixe-le-calendrier-de-la-procedure-ecrite-un-progres-significatif-a-la-haye\\\/\"]}]},{\"@type\":\"ImageObject\",\"inLanguage\":\"fr-FR\",\"@id\":\"https:\\\/\\\/fogeka-rdc.org\\\/index.php\\\/2026\\\/08\\\/10\\\/rdc-vs-rwanda-la-cij-fixe-le-calendrier-de-la-procedure-ecrite-un-progres-significatif-a-la-haye\\\/#primaryimage\",\"url\":\"https:\\\/\\\/fogeka-rdc.org\\\/wp-content\\\/uploads\\\/2026\\\/08\\\/CIJ-de-la-Haye.jpg\",\"contentUrl\":\"https:\\\/\\\/fogeka-rdc.org\\\/wp-content\\\/uploads\\\/2026\\\/08\\\/CIJ-de-la-Haye.jpg\",\"width\":1280,\"height\":1280},{\"@type\":\"BreadcrumbList\",\"@id\":\"https:\\\/\\\/fogeka-rdc.org\\\/index.php\\\/2026\\\/08\\\/10\\\/rdc-vs-rwanda-la-cij-fixe-le-calendrier-de-la-procedure-ecrite-un-progres-significatif-a-la-haye\\\/#breadcrumb\",\"itemListElement\":[{\"@type\":\"ListItem\",\"position\":1,\"name\":\"Accueil\",\"item\":\"https:\\\/\\\/fogeka-rdc.org\\\/\"},{\"@type\":\"ListItem\",\"position\":2,\"name\":\"RDC vs Rwanda : la CIJ fixe le calendrier de la proc\u00e9dure \u00e9crite, un \u00ab\u00a0progr\u00e8s significatif\u00a0\u00bb \u00e0 La Haye\"}]},{\"@type\":\"WebSite\",\"@id\":\"https:\\\/\\\/fogeka-rdc.org\\\/#website\",\"url\":\"https:\\\/\\\/fogeka-rdc.org\\\/\",\"name\":\"fogeka-rdc\",\"description\":\"Agro foresterie, dans la paix, pour le d\u00e9veloppement\",\"publisher\":{\"@id\":\"https:\\\/\\\/fogeka-rdc.org\\\/#organization\"},\"potentialAction\":[{\"@type\":\"SearchAction\",\"target\":{\"@type\":\"EntryPoint\",\"urlTemplate\":\"https:\\\/\\\/fogeka-rdc.org\\\/?s={search_term_string}\"},\"query-input\":{\"@type\":\"PropertyValueSpecification\",\"valueRequired\":true,\"valueName\":\"search_term_string\"}}],\"inLanguage\":\"fr-FR\"},{\"@type\":\"Organization\",\"@id\":\"https:\\\/\\\/fogeka-rdc.org\\\/#organization\",\"name\":\"fogeka-rdc\",\"url\":\"https:\\\/\\\/fogeka-rdc.org\\\/\",\"logo\":{\"@type\":\"ImageObject\",\"inLanguage\":\"fr-FR\",\"@id\":\"https:\\\/\\\/fogeka-rdc.org\\\/#\\\/schema\\\/logo\\\/image\\\/\",\"url\":\"https:\\\/\\\/fogeka-rdc.org\\\/wp-content\\\/uploads\\\/2025\\\/09\\\/cropped-cropped-WhatsApp-Image-2025-09-12-at-23.09.05.jpeg\",\"contentUrl\":\"https:\\\/\\\/fogeka-rdc.org\\\/wp-content\\\/uploads\\\/2025\\\/09\\\/cropped-cropped-WhatsApp-Image-2025-09-12-at-23.09.05.jpeg\",\"width\":250,\"height\":134,\"caption\":\"fogeka-rdc\"},\"image\":{\"@id\":\"https:\\\/\\\/fogeka-rdc.org\\\/#\\\/schema\\\/logo\\\/image\\\/\"}},{\"@type\":\"Person\",\"@id\":\"https:\\\/\\\/fogeka-rdc.org\\\/#\\\/schema\\\/person\\\/326652cf3d7bfcbab6d224e17d6992ef\",\"name\":\"Fogeka Fogekardc\",\"image\":{\"@type\":\"ImageObject\",\"inLanguage\":\"fr-FR\",\"@id\":\"https:\\\/\\\/secure.gravatar.com\\\/avatar\\\/7409435eb90dab5dd3e21946e11423d79d4fd27d0d76a9a6883c8f31758a7ecd?s=96&d=mm&r=g\",\"url\":\"https:\\\/\\\/secure.gravatar.com\\\/avatar\\\/7409435eb90dab5dd3e21946e11423d79d4fd27d0d76a9a6883c8f31758a7ecd?s=96&d=mm&r=g\",\"contentUrl\":\"https:\\\/\\\/secure.gravatar.com\\\/avatar\\\/7409435eb90dab5dd3e21946e11423d79d4fd27d0d76a9a6883c8f31758a7ecd?s=96&d=mm&r=g\",\"caption\":\"Fogeka Fogekardc\"},\"url\":\"https:\\\/\\\/fogeka-rdc.org\\\/index.php\\\/author\\\/fogeka-admin\\\/\"}]}<\/script>\n<!-- \/ Yoast SEO plugin. -->","yoast_head_json":{"title":"RDC vs Rwanda : la CIJ fixe le calendrier de la proc\u00e9dure \u00e9crite, un \"progr\u00e8s significatif\" \u00e0 La Haye - fogeka-rdc","robots":{"index":"index","follow":"follow","max-snippet":"max-snippet:-1","max-image-preview":"max-image-preview:large","max-video-preview":"max-video-preview:-1"},"canonical":"https:\/\/fogeka-rdc.org\/index.php\/2026\/08\/10\/rdc-vs-rwanda-la-cij-fixe-le-calendrier-de-la-procedure-ecrite-un-progres-significatif-a-la-haye\/","og_locale":"fr_FR","og_type":"article","og_title":"RDC vs Rwanda : la CIJ fixe le calendrier de la proc\u00e9dure \u00e9crite, un \"progr\u00e8s significatif\" \u00e0 La Haye - fogeka-rdc","og_description":"La Cour internationale de Justice, CIJ, a franchi une nouvelle \u00e9tape dans le dossier qui oppose la R\u00e9publique d\u00e9mocratique du&hellip;","og_url":"https:\/\/fogeka-rdc.org\/index.php\/2026\/08\/10\/rdc-vs-rwanda-la-cij-fixe-le-calendrier-de-la-procedure-ecrite-un-progres-significatif-a-la-haye\/","og_site_name":"fogeka-rdc","article_published_time":"2026-08-10T12:39:51+00:00","article_modified_time":"2026-08-11T13:03:21+00:00","og_image":[{"width":1280,"height":1280,"url":"https:\/\/fogeka-rdc.org\/wp-content\/uploads\/2026\/08\/CIJ-de-la-Haye.jpg","type":"image\/jpeg"}],"author":"Fogeka Fogekardc","twitter_card":"summary_large_image","twitter_misc":{"\u00c9crit par":"Fogeka Fogekardc","Dur\u00e9e de lecture estim\u00e9e":"2 minutes"},"schema":{"@context":"https:\/\/schema.org","@graph":[{"@type":"Article","@id":"https:\/\/fogeka-rdc.org\/index.php\/2026\/08\/10\/rdc-vs-rwanda-la-cij-fixe-le-calendrier-de-la-procedure-ecrite-un-progres-significatif-a-la-haye\/#article","isPartOf":{"@id":"https:\/\/fogeka-rdc.org\/index.php\/2026\/08\/10\/rdc-vs-rwanda-la-cij-fixe-le-calendrier-de-la-procedure-ecrite-un-progres-significatif-a-la-haye\/"},"author":{"name":"Fogeka Fogekardc","@id":"https:\/\/fogeka-rdc.org\/#\/schema\/person\/326652cf3d7bfcbab6d224e17d6992ef"},"headline":"RDC vs Rwanda : la CIJ fixe le calendrier de la proc\u00e9dure \u00e9crite, un \u00ab\u00a0progr\u00e8s significatif\u00a0\u00bb \u00e0 La Haye","datePublished":"2026-08-10T12:39:51+00:00","dateModified":"2026-08-11T13:03:21+00:00","mainEntityOfPage":{"@id":"https:\/\/fogeka-rdc.org\/index.php\/2026\/08\/10\/rdc-vs-rwanda-la-cij-fixe-le-calendrier-de-la-procedure-ecrite-un-progres-significatif-a-la-haye\/"},"wordCount":378,"commentCount":0,"publisher":{"@id":"https:\/\/fogeka-rdc.org\/#organization"},"image":{"@id":"https:\/\/fogeka-rdc.org\/index.php\/2026\/08\/10\/rdc-vs-rwanda-la-cij-fixe-le-calendrier-de-la-procedure-ecrite-un-progres-significatif-a-la-haye\/#primaryimage"},"thumbnailUrl":"https:\/\/fogeka-rdc.org\/wp-content\/uploads\/2026\/08\/CIJ-de-la-Haye.jpg","articleSection":["Securite"],"inLanguage":"fr-FR","potentialAction":[{"@type":"CommentAction","name":"Comment","target":["https:\/\/fogeka-rdc.org\/index.php\/2026\/08\/10\/rdc-vs-rwanda-la-cij-fixe-le-calendrier-de-la-procedure-ecrite-un-progres-significatif-a-la-haye\/#respond"]}]},{"@type":"WebPage","@id":"https:\/\/fogeka-rdc.org\/index.php\/2026\/08\/10\/rdc-vs-rwanda-la-cij-fixe-le-calendrier-de-la-procedure-ecrite-un-progres-significatif-a-la-haye\/","url":"https:\/\/fogeka-rdc.org\/index.php\/2026\/08\/10\/rdc-vs-rwanda-la-cij-fixe-le-calendrier-de-la-procedure-ecrite-un-progres-significatif-a-la-haye\/","name":"RDC vs Rwanda : la CIJ fixe le calendrier de la proc\u00e9dure \u00e9crite, un \"progr\u00e8s significatif\" \u00e0 La Haye - fogeka-rdc","isPartOf":{"@id":"https:\/\/fogeka-rdc.org\/#website"},"primaryImageOfPage":{"@id":"https:\/\/fogeka-rdc.org\/index.php\/2026\/08\/10\/rdc-vs-rwanda-la-cij-fixe-le-calendrier-de-la-procedure-ecrite-un-progres-significatif-a-la-haye\/#primaryimage"},"image":{"@id":"https:\/\/fogeka-rdc.org\/index.php\/2026\/08\/10\/rdc-vs-rwanda-la-cij-fixe-le-calendrier-de-la-procedure-ecrite-un-progres-significatif-a-la-haye\/#primaryimage"},"thumbnailUrl":"https:\/\/fogeka-rdc.org\/wp-content\/uploads\/2026\/08\/CIJ-de-la-Haye.jpg","datePublished":"2026-08-10T12:39:51+00:00","dateModified":"2026-08-11T13:03:21+00:00","breadcrumb":{"@id":"https:\/\/fogeka-rdc.org\/index.php\/2026\/08\/10\/rdc-vs-rwanda-la-cij-fixe-le-calendrier-de-la-procedure-ecrite-un-progres-significatif-a-la-haye\/#breadcrumb"},"inLanguage":"fr-FR","potentialAction":[{"@type":"ReadAction","target":["https:\/\/fogeka-rdc.org\/index.php\/2026\/08\/10\/rdc-vs-rwanda-la-cij-fixe-le-calendrier-de-la-procedure-ecrite-un-progres-significatif-a-la-haye\/"]}]},{"@type":"ImageObject","inLanguage":"fr-FR","@id":"https:\/\/fogeka-rdc.org\/index.php\/2026\/08\/10\/rdc-vs-rwanda-la-cij-fixe-le-calendrier-de-la-procedure-ecrite-un-progres-significatif-a-la-haye\/#primaryimage","url":"https:\/\/fogeka-rdc.org\/wp-content\/uploads\/2026\/08\/CIJ-de-la-Haye.jpg","contentUrl":"https:\/\/fogeka-rdc.org\/wp-content\/uploads\/2026\/08\/CIJ-de-la-Haye.jpg","width":1280,"height":1280},{"@type":"BreadcrumbList","@id":"https:\/\/fogeka-rdc.org\/index.php\/2026\/08\/10\/rdc-vs-rwanda-la-cij-fixe-le-calendrier-de-la-procedure-ecrite-un-progres-significatif-a-la-haye\/#breadcrumb","itemListElement":[{"@type":"ListItem","position":1,"name":"Accueil","item":"https:\/\/fogeka-rdc.org\/"},{"@type":"ListItem","position":2,"name":"RDC vs Rwanda : la CIJ fixe le calendrier de la proc\u00e9dure \u00e9crite, un \u00ab\u00a0progr\u00e8s significatif\u00a0\u00bb \u00e0 La Haye"}]},{"@type":"WebSite","@id":"https:\/\/fogeka-rdc.org\/#website","url":"https:\/\/fogeka-rdc.org\/","name":"fogeka-rdc","description":"Agro foresterie, dans la paix, pour le d\u00e9veloppement","publisher":{"@id":"https:\/\/fogeka-rdc.org\/#organization"},"potentialAction":[{"@type":"SearchAction","target":{"@type":"EntryPoint","urlTemplate":"https:\/\/fogeka-rdc.org\/?s={search_term_string}"},"query-input":{"@type":"PropertyValueSpecification","valueRequired":true,"valueName":"search_term_string"}}],"inLanguage":"fr-FR"},{"@type":"Organization","@id":"https:\/\/fogeka-rdc.org\/#organization","name":"fogeka-rdc","url":"https:\/\/fogeka-rdc.org\/","logo":{"@type":"ImageObject","inLanguage":"fr-FR","@id":"https:\/\/fogeka-rdc.org\/#\/schema\/logo\/image\/","url":"https:\/\/fogeka-rdc.org\/wp-content\/uploads\/2025\/09\/cropped-cropped-WhatsApp-Image-2025-09-12-at-23.09.05.jpeg","contentUrl":"https:\/\/fogeka-rdc.org\/wp-content\/uploads\/2025\/09\/cropped-cropped-WhatsApp-Image-2025-09-12-at-23.09.05.jpeg","width":250,"height":134,"caption":"fogeka-rdc"},"image":{"@id":"https:\/\/fogeka-rdc.org\/#\/schema\/logo\/image\/"}},{"@type":"Person","@id":"https:\/\/fogeka-rdc.org\/#\/schema\/person\/326652cf3d7bfcbab6d224e17d6992ef","name":"Fogeka Fogekardc","image":{"@type":"ImageObject","inLanguage":"fr-FR","@id":"https:\/\/secure.gravatar.com\/avatar\/7409435eb90dab5dd3e21946e11423d79d4fd27d0d76a9a6883c8f31758a7ecd?s=96&d=mm&r=g","url":"https:\/\/secure.gravatar.com\/avatar\/7409435eb90dab5dd3e21946e11423d79d4fd27d0d76a9a6883c8f31758a7ecd?s=96&d=mm&r=g","contentUrl":"https:\/\/secure.gravatar.com\/avatar\/7409435eb90dab5dd3e21946e11423d79d4fd27d0d76a9a6883c8f31758a7ecd?s=96&d=mm&r=g","caption":"Fogeka Fogekardc"},"url":"https:\/\/fogeka-rdc.org\/index.php\/author\/fogeka-admin\/"}]}},"_links":{"self":[{"href":"https:\/\/fogeka-rdc.org\/index.php\/wp-json\/wp\/v2\/posts\/559","targetHints":{"allow":["GET"]}}],"collection":[{"href":"https:\/\/fogeka-rdc.org\/index.php\/wp-json\/wp\/v2\/posts"}],"about":[{"href":"https:\/\/fogeka-rdc.org\/index.php\/wp-json\/wp\/v2\/types\/post"}],"author":[{"embeddable":true,"href":"https:\/\/fogeka-rdc.org\/index.php\/wp-json\/wp\/v2\/users\/2"}],"replies":[{"embeddable":true,"href":"https:\/\/fogeka-rdc.org\/index.php\/wp-json\/wp\/v2\/comments?post=559"}],"version-history":[{"count":1,"href":"https:\/\/fogeka-rdc.org\/index.php\/wp-json\/wp\/v2\/posts\/559\/revisions"}],"predecessor-version":[{"id":561,"href":"https:\/\/fogeka-rdc.org\/index.php\/wp-json\/wp\/v2\/posts\/559\/revisions\/561"}],"wp:featuredmedia":[{"embeddable":true,"href":"https:\/\/fogeka-rdc.org\/index.php\/wp-json\/wp\/v2\/media\/560"}],"wp:attachment":[{"href":"https:\/\/fogeka-rdc.org\/index.php\/wp-json\/wp\/v2\/media?parent=559"}],"wp:term":[{"taxonomy":"category","embeddable":true,"href":"https:\/\/fogeka-rdc.org\/index.php\/wp-json\/wp\/v2\/categories?post=559"},{"taxonomy":"post_tag","embeddable":true,"href":"https:\/\/fogeka-rdc.org\/index.php\/wp-json\/wp\/v2\/tags?post=559"}],"curies":[{"name":"wp","href":"https:\/\/api.w.org\/{rel}","templated":true}]}}