{"id":562,"date":"2026-08-09T13:04:24","date_gmt":"2026-08-09T13:04:24","guid":{"rendered":"https:\/\/fogeka-rdc.org\/?p=562"},"modified":"2026-08-11T13:24:49","modified_gmt":"2026-08-11T13:24:49","slug":"rdc-opinion-kabuya-katende-la-guerre-des-mots-a-la-verite-la-de-constitution","status":"publish","type":"post","link":"https:\/\/fogeka-rdc.org\/index.php\/2026\/08\/09\/rdc-opinion-kabuya-katende-la-guerre-des-mots-a-la-verite-la-de-constitution\/","title":{"rendered":"RDC &#8211; OPINION : KABUYA \u2013 KATENDE, LA GUERRE DES MOTS \u00c0 LA V\u00c9RIT\u00c9\u00a0 LA DE CONSTITUTION"},"content":{"rendered":"<p dir=\"ltr\">Par : G\u00e9nie Kande<\/p>\n<p dir=\"ltr\">Le d\u00e9bat sur le changement de la constitution ne faiblit pas. Dans les salons feutr\u00e9s de Kinshasa comme dans les officines politiques, la \u00ab\u00a0guerre des mots\u00a0\u00bb fait rage.<\/p>\n<p dir=\"ltr\">Avant son accession au pouvoir, l\u2019UDPS affichait un objectif limpide : refonder la Constitution afin de doter la RDC de lois garantes de sa souverainet\u00e9, du bien-\u00eatre social, de l\u2019humanitaire et surtout de l\u2019emploi pour les Congolais*. C\u2019\u00e9tait la vision port\u00e9e par le Dr \u00c9tienne Tshisekedi wa Mulumba.<\/p>\n<p dir=\"ltr\">F\u00e9lix-Antoine Tshisekedi* h\u00e9rite, en 2019, d\u2019un \u00c9tat exsangue et largement brad\u00e9. Un pays vendu, selon ses proches, par le r\u00e9gime Kabila via des relais rwandais. Pillage syst\u00e9matique des ressources naturelles avec la complicit\u00e9 de r\u00e9seaux de multimilliardaires europ\u00e9ens et chinois. Au point que Kigali s\u2019est impos\u00e9 comme premier exportateur de minerais pourtant extraits en RDC.<\/p>\n<p dir=\"ltr\">Anim\u00e9 par la volont\u00e9 de redresser le pays, *F\u00e9lix Tshisekedi* engage alors une bataille diplomatique. Sans chars ni canons, mais avec la conviction de rompre avec trois fl\u00e9aux : les massacres \u00e0 l\u2019Est, le pillage des ressources et l\u2019occupation d\u2019une partie du territoire national par le Rwanda et ses suppl\u00e9tifs.<\/p>\n<p dir=\"ltr\"><strong>Kabuya vs Katende : le choc de deux visions<\/strong><\/p>\n<p dir=\"ltr\">Dans ce bras de fer, *Jean-Claude Katende*, figure de la soci\u00e9t\u00e9 civile, peine \u00e0 convaincre. D\u00e9pourvu, selon ses d\u00e9tracteurs, d\u2019arguments solides, il ne formule aucune proposition concr\u00e8te sur la r\u00e9forme constitutionnelle.<\/p>\n<p dir=\"ltr\">Pendant ce temps, le Rwanda, soutenu par certains Congolais issus de la soci\u00e9t\u00e9 civile hier a la CENI comme Corneille Naanga, occupe Goma et Bukavu depuis plusieurs mois. Malgr\u00e9 ce contexte, la plateforme de Jean-Claude Katende conteste la mobilisation d\u2019Augustin Kabuya en faveur du changement de la Constitution.<\/p>\n<p>&nbsp;<\/p>\n<p dir=\"ltr\">D\u2019o\u00f9 l\u2019interrogation qui monte dans l\u2019opinion : pour qui roule Jean-Claude Katende ? Est-il au fait de la trag\u00e9die que vit l\u2019Est ?<\/p>\n<p dir=\"ltr\">\u00c0 quoi bon dire \u00ab\u00a0non\u00a0\u00bb et poser des questions qui heurtent un peuple meurtri depuis 30 ans ?<\/p>\n<p dir=\"ltr\">Les 5 raisons du changement selon Kabuya et l\u2019UDPS :<\/p>\n<p dir=\"ltr\">1.\u00a0 *La souverainet\u00e9* nationale et \u00e9conomique<\/p>\n<p dir=\"ltr\">2.\u00a0 *L\u2019investissement* et l\u2019industrialisation locale<\/p>\n<p dir=\"ltr\">3.\u00a0 *Le social* et l\u2019humanitaire<\/p>\n<p dir=\"ltr\">4.\u00a0 *La cr\u00e9ation d\u2019emplois* pour les Congolais<\/p>\n<p dir=\"ltr\">5.\u00a0 *La stabilit\u00e9* et la s\u00e9curit\u00e9 du pays<\/p>\n<p>&nbsp;<\/p>\n<p dir=\"ltr\">Hors de ce cadre, les chroniques dominicales de Jean-Claude Katende semblent d\u00e9connect\u00e9es des urgences d\u2019une nation en guerre.<\/p>\n<p dir=\"ltr\"><strong>RDC : VERS UNE NOUVELLE COOP\u00c9RATION MINI\u00c8RE\u00a0\u00a0<\/strong><\/p>\n<p dir=\"ltr\">Emplois pour les Congolais, partenariat gagnant-gagnant avec les USA et intangibilit\u00e9 des fronti\u00e8res<\/p>\n<p>&nbsp;<\/p>\n<p dir=\"ltr\">La RDC s\u2019appr\u00eate \u00e0 r\u00e9\u00e9crire les r\u00e8gles du jeu de l\u2019exploitation de ses ressources naturelles. L\u2019ambition est claire : tourner la page des contrats l\u00e9onins, cr\u00e9er de la valeur ajout\u00e9e sur place et nouer des partenariats d\u2019\u00e9gal \u00e0 \u00e9gal.<\/p>\n<p>&nbsp;<\/p>\n<p dir=\"ltr\">Le changement constitutionnelle projet\u00e9e vise \u00e0 adapter le cadre juridique aux imp\u00e9ratifs \u00e9conomiques du XXIe si\u00e8cle. Trop longtemps, la RDC s\u2019est content\u00e9e d\u2019exporter du brut : cuivre, cobalt, coltan, lithium, or. Trop longtemps, les usines, la transformation et les emplois ont \u00e9t\u00e9 d\u00e9localis\u00e9s.<\/p>\n<p dir=\"ltr\"><strong>D\u00e9sormais, la r\u00e8gle sera diff\u00e9rente.<\/strong><\/p>\n<p dir=\"ltr\">Toute convention mini\u00e8re devra int\u00e9grer l\u2019obligation de transformation locale, de transfert de technologies et de cr\u00e9ation d\u2019emplois pour les Congolais. L\u2019enjeu n\u2019est plus de vendre le sol et le sous-sol, mais de vendre du _\u00a0\u00bbMade in Congo\u00a0\u00bb_.<\/p>\n<p dir=\"ltr\">La Constitution devra consacrer ce principe cardinal : <strong>la souverainet\u00e9 \u00e9conomique au service du peuple congolais<\/strong>.<\/p>\n<p dir=\"ltr\">Sur le plan international, Kinshasa tend la main \u00e0 des partenaires cr\u00e9dibles. Les discussions en cours avec les \u00c9tats-Unis s\u2019inscrivent dans une logique de *partenariat gagnant-gagnant* : infrastructures et industrialisation pour la RDC, acc\u00e8s s\u00e9curis\u00e9 aux minerais strat\u00e9giques pour Washington.<\/p>\n<p>&nbsp;<\/p>\n<p dir=\"ltr\">Et sur la question territoriale, aucune ambigu\u00eft\u00e9. Conform\u00e9ment aux *articles 1er et 214 de la Constitution*, les fronti\u00e8res du 30 juin 1960 sont intangibles. *Il n\u2019y aura ni cession, ni \u00e9change de territoire avec le Rwanda ou quiconque.* La souverainet\u00e9 de la RDC n\u2019est pas n\u00e9gociable.<\/p>\n<p dir=\"ltr\">En cette p\u00e9riode charni\u00e8re, un appel est lanc\u00e9 \u00e0 la soci\u00e9t\u00e9 civile : cesser de servir de caisse de r\u00e9sonance aux agendas des ennemis de la Nation. La vraie soci\u00e9t\u00e9 civile doit d\u00e9fendre l\u2019int\u00e9r\u00eat g\u00e9n\u00e9ral, la transparence et l\u2019emploi des jeunes, et non relayer des discours qui fragilisent l\u2019\u00c9tat.<\/p>\n<p dir=\"ltr\">La RDC ne veut plus de pr\u00e9dateurs. Elle veut des partenaires. Elle ne veut plus de trous. Elle veut des usines. Et surtout, elle veut du travail pour sa jeunesse.* C\u2019est tout le sens de cette r\u00e9forme.<\/p>\n<p dir=\"ltr\">Fogeka Agency:<\/p>\n<p dir=\"ltr\">Communication<a href=\"https:\/\/fogeka-rdc.org\/wp-admin\/post-new.php\">: https\/\/www-fogeka.rdc.org<\/a><\/p>\n<p dir=\"ltr\">e-mail <a href=\"mailto:fogekardc@gmail.com\" target=\"_blank\" rel=\"noopener\">fogekardc@gmail.com<\/a><\/p>\n<p dir=\"ltr\">T\u00e9l:+ 00243 818344445<\/p>\n<p dir=\"ltr\">\u00a0Kinshasa\/ RDC*<\/p>\n","protected":false},"excerpt":{"rendered":"<p>Par : G\u00e9nie Kande Le d\u00e9bat sur le changement de la constitution ne faiblit pas. Dans les salons feutr\u00e9s de&hellip;<\/p>\n","protected":false},"author":2,"featured_media":563,"comment_status":"open","ping_status":"open","sticky":true,"template":"","format":"standard","meta":{"footnotes":""},"categories":[2],"tags":[],"class_list":["post-562","post","type-post","status-publish","format-standard","has-post-thumbnail","hentry","category-actualite"],"yoast_head":"<!-- This site is optimized with the Yoast SEO plugin v28.3 - https:\/\/yoast.com\/product\/yoast-seo-wordpress\/ -->\n<title>RDC - OPINION : KABUYA \u2013 KATENDE, LA GUERRE DES MOTS \u00c0 LA V\u00c9RIT\u00c9\u00a0 LA DE CONSTITUTION - fogeka-rdc<\/title>\n<meta name=\"robots\" content=\"index, follow, max-snippet:-1, max-image-preview:large, max-video-preview:-1\" \/>\n<link rel=\"canonical\" href=\"https:\/\/fogeka-rdc.org\/index.php\/2026\/08\/09\/rdc-opinion-kabuya-katende-la-guerre-des-mots-a-la-verite-la-de-constitution\/\" \/>\n<meta property=\"og:locale\" content=\"fr_FR\" \/>\n<meta property=\"og:type\" content=\"article\" \/>\n<meta property=\"og:title\" content=\"RDC - OPINION : KABUYA \u2013 KATENDE, LA GUERRE DES MOTS \u00c0 LA V\u00c9RIT\u00c9\u00a0 LA DE CONSTITUTION - fogeka-rdc\" \/>\n<meta property=\"og:description\" content=\"Par : G\u00e9nie Kande Le d\u00e9bat sur le changement de la constitution ne faiblit pas. Dans les salons feutr\u00e9s de&hellip;\" \/>\n<meta property=\"og:url\" content=\"https:\/\/fogeka-rdc.org\/index.php\/2026\/08\/09\/rdc-opinion-kabuya-katende-la-guerre-des-mots-a-la-verite-la-de-constitution\/\" \/>\n<meta property=\"og:site_name\" content=\"fogeka-rdc\" \/>\n<meta property=\"article:published_time\" content=\"2026-08-09T13:04:24+00:00\" \/>\n<meta property=\"article:modified_time\" content=\"2026-08-11T13:24:49+00:00\" \/>\n<meta property=\"og:image\" content=\"https:\/\/fogeka-rdc.org\/wp-content\/uploads\/2026\/08\/Jean-claude-Katende_Vs_Kabuya.jpg\" \/>\n\t<meta property=\"og:image:width\" content=\"1280\" \/>\n\t<meta property=\"og:image:height\" content=\"1280\" \/>\n\t<meta property=\"og:image:type\" content=\"image\/jpeg\" \/>\n<meta name=\"author\" content=\"Fogeka Fogekardc\" \/>\n<meta name=\"twitter:card\" content=\"summary_large_image\" \/>\n<meta name=\"twitter:label1\" content=\"\u00c9crit par\" \/>\n\t<meta name=\"twitter:data1\" content=\"Fogeka Fogekardc\" \/>\n\t<meta name=\"twitter:label2\" content=\"Dur\u00e9e de lecture estim\u00e9e\" \/>\n\t<meta name=\"twitter:data2\" content=\"4 minutes\" \/>\n<script type=\"application\/ld+json\" class=\"yoast-schema-graph\">{\"@context\":\"https:\\\/\\\/schema.org\",\"@graph\":[{\"@type\":\"Article\",\"@id\":\"https:\\\/\\\/fogeka-rdc.org\\\/index.php\\\/2026\\\/08\\\/09\\\/rdc-opinion-kabuya-katende-la-guerre-des-mots-a-la-verite-la-de-constitution\\\/#article\",\"isPartOf\":{\"@id\":\"https:\\\/\\\/fogeka-rdc.org\\\/index.php\\\/2026\\\/08\\\/09\\\/rdc-opinion-kabuya-katende-la-guerre-des-mots-a-la-verite-la-de-constitution\\\/\"},\"author\":{\"name\":\"Fogeka Fogekardc\",\"@id\":\"https:\\\/\\\/fogeka-rdc.org\\\/#\\\/schema\\\/person\\\/326652cf3d7bfcbab6d224e17d6992ef\"},\"headline\":\"RDC &#8211; OPINION : KABUYA \u2013 KATENDE, LA GUERRE DES MOTS \u00c0 LA V\u00c9RIT\u00c9\u00a0 LA DE CONSTITUTION\",\"datePublished\":\"2026-08-09T13:04:24+00:00\",\"dateModified\":\"2026-08-11T13:24:49+00:00\",\"mainEntityOfPage\":{\"@id\":\"https:\\\/\\\/fogeka-rdc.org\\\/index.php\\\/2026\\\/08\\\/09\\\/rdc-opinion-kabuya-katende-la-guerre-des-mots-a-la-verite-la-de-constitution\\\/\"},\"wordCount\":810,\"commentCount\":0,\"publisher\":{\"@id\":\"https:\\\/\\\/fogeka-rdc.org\\\/#organization\"},\"image\":{\"@id\":\"https:\\\/\\\/fogeka-rdc.org\\\/index.php\\\/2026\\\/08\\\/09\\\/rdc-opinion-kabuya-katende-la-guerre-des-mots-a-la-verite-la-de-constitution\\\/#primaryimage\"},\"thumbnailUrl\":\"https:\\\/\\\/fogeka-rdc.org\\\/wp-content\\\/uploads\\\/2026\\\/08\\\/Jean-claude-Katende_Vs_Kabuya.jpg\",\"articleSection\":[\"Actualit\u00e9\"],\"inLanguage\":\"fr-FR\",\"potentialAction\":[{\"@type\":\"CommentAction\",\"name\":\"Comment\",\"target\":[\"https:\\\/\\\/fogeka-rdc.org\\\/index.php\\\/2026\\\/08\\\/09\\\/rdc-opinion-kabuya-katende-la-guerre-des-mots-a-la-verite-la-de-constitution\\\/#respond\"]}]},{\"@type\":\"WebPage\",\"@id\":\"https:\\\/\\\/fogeka-rdc.org\\\/index.php\\\/2026\\\/08\\\/09\\\/rdc-opinion-kabuya-katende-la-guerre-des-mots-a-la-verite-la-de-constitution\\\/\",\"url\":\"https:\\\/\\\/fogeka-rdc.org\\\/index.php\\\/2026\\\/08\\\/09\\\/rdc-opinion-kabuya-katende-la-guerre-des-mots-a-la-verite-la-de-constitution\\\/\",\"name\":\"RDC - OPINION : KABUYA \u2013 KATENDE, LA GUERRE DES MOTS \u00c0 LA V\u00c9RIT\u00c9\u00a0 LA DE CONSTITUTION - fogeka-rdc\",\"isPartOf\":{\"@id\":\"https:\\\/\\\/fogeka-rdc.org\\\/#website\"},\"primaryImageOfPage\":{\"@id\":\"https:\\\/\\\/fogeka-rdc.org\\\/index.php\\\/2026\\\/08\\\/09\\\/rdc-opinion-kabuya-katende-la-guerre-des-mots-a-la-verite-la-de-constitution\\\/#primaryimage\"},\"image\":{\"@id\":\"https:\\\/\\\/fogeka-rdc.org\\\/index.php\\\/2026\\\/08\\\/09\\\/rdc-opinion-kabuya-katende-la-guerre-des-mots-a-la-verite-la-de-constitution\\\/#primaryimage\"},\"thumbnailUrl\":\"https:\\\/\\\/fogeka-rdc.org\\\/wp-content\\\/uploads\\\/2026\\\/08\\\/Jean-claude-Katende_Vs_Kabuya.jpg\",\"datePublished\":\"2026-08-09T13:04:24+00:00\",\"dateModified\":\"2026-08-11T13:24:49+00:00\",\"breadcrumb\":{\"@id\":\"https:\\\/\\\/fogeka-rdc.org\\\/index.php\\\/2026\\\/08\\\/09\\\/rdc-opinion-kabuya-katende-la-guerre-des-mots-a-la-verite-la-de-constitution\\\/#breadcrumb\"},\"inLanguage\":\"fr-FR\",\"potentialAction\":[{\"@type\":\"ReadAction\",\"target\":[\"https:\\\/\\\/fogeka-rdc.org\\\/index.php\\\/2026\\\/08\\\/09\\\/rdc-opinion-kabuya-katende-la-guerre-des-mots-a-la-verite-la-de-constitution\\\/\"]}]},{\"@type\":\"ImageObject\",\"inLanguage\":\"fr-FR\",\"@id\":\"https:\\\/\\\/fogeka-rdc.org\\\/index.php\\\/2026\\\/08\\\/09\\\/rdc-opinion-kabuya-katende-la-guerre-des-mots-a-la-verite-la-de-constitution\\\/#primaryimage\",\"url\":\"https:\\\/\\\/fogeka-rdc.org\\\/wp-content\\\/uploads\\\/2026\\\/08\\\/Jean-claude-Katende_Vs_Kabuya.jpg\",\"contentUrl\":\"https:\\\/\\\/fogeka-rdc.org\\\/wp-content\\\/uploads\\\/2026\\\/08\\\/Jean-claude-Katende_Vs_Kabuya.jpg\",\"width\":1280,\"height\":1280},{\"@type\":\"BreadcrumbList\",\"@id\":\"https:\\\/\\\/fogeka-rdc.org\\\/index.php\\\/2026\\\/08\\\/09\\\/rdc-opinion-kabuya-katende-la-guerre-des-mots-a-la-verite-la-de-constitution\\\/#breadcrumb\",\"itemListElement\":[{\"@type\":\"ListItem\",\"position\":1,\"name\":\"Accueil\",\"item\":\"https:\\\/\\\/fogeka-rdc.org\\\/\"},{\"@type\":\"ListItem\",\"position\":2,\"name\":\"RDC &#8211; OPINION : KABUYA \u2013 KATENDE, LA GUERRE DES MOTS \u00c0 LA V\u00c9RIT\u00c9\u00a0 LA DE CONSTITUTION\"}]},{\"@type\":\"WebSite\",\"@id\":\"https:\\\/\\\/fogeka-rdc.org\\\/#website\",\"url\":\"https:\\\/\\\/fogeka-rdc.org\\\/\",\"name\":\"fogeka-rdc\",\"description\":\"Agro foresterie, dans la paix, pour le d\u00e9veloppement\",\"publisher\":{\"@id\":\"https:\\\/\\\/fogeka-rdc.org\\\/#organization\"},\"potentialAction\":[{\"@type\":\"SearchAction\",\"target\":{\"@type\":\"EntryPoint\",\"urlTemplate\":\"https:\\\/\\\/fogeka-rdc.org\\\/?s={search_term_string}\"},\"query-input\":{\"@type\":\"PropertyValueSpecification\",\"valueRequired\":true,\"valueName\":\"search_term_string\"}}],\"inLanguage\":\"fr-FR\"},{\"@type\":\"Organization\",\"@id\":\"https:\\\/\\\/fogeka-rdc.org\\\/#organization\",\"name\":\"fogeka-rdc\",\"url\":\"https:\\\/\\\/fogeka-rdc.org\\\/\",\"logo\":{\"@type\":\"ImageObject\",\"inLanguage\":\"fr-FR\",\"@id\":\"https:\\\/\\\/fogeka-rdc.org\\\/#\\\/schema\\\/logo\\\/image\\\/\",\"url\":\"https:\\\/\\\/fogeka-rdc.org\\\/wp-content\\\/uploads\\\/2025\\\/09\\\/cropped-cropped-WhatsApp-Image-2025-09-12-at-23.09.05.jpeg\",\"contentUrl\":\"https:\\\/\\\/fogeka-rdc.org\\\/wp-content\\\/uploads\\\/2025\\\/09\\\/cropped-cropped-WhatsApp-Image-2025-09-12-at-23.09.05.jpeg\",\"width\":250,\"height\":134,\"caption\":\"fogeka-rdc\"},\"image\":{\"@id\":\"https:\\\/\\\/fogeka-rdc.org\\\/#\\\/schema\\\/logo\\\/image\\\/\"}},{\"@type\":\"Person\",\"@id\":\"https:\\\/\\\/fogeka-rdc.org\\\/#\\\/schema\\\/person\\\/326652cf3d7bfcbab6d224e17d6992ef\",\"name\":\"Fogeka Fogekardc\",\"image\":{\"@type\":\"ImageObject\",\"inLanguage\":\"fr-FR\",\"@id\":\"https:\\\/\\\/secure.gravatar.com\\\/avatar\\\/7409435eb90dab5dd3e21946e11423d79d4fd27d0d76a9a6883c8f31758a7ecd?s=96&d=mm&r=g\",\"url\":\"https:\\\/\\\/secure.gravatar.com\\\/avatar\\\/7409435eb90dab5dd3e21946e11423d79d4fd27d0d76a9a6883c8f31758a7ecd?s=96&d=mm&r=g\",\"contentUrl\":\"https:\\\/\\\/secure.gravatar.com\\\/avatar\\\/7409435eb90dab5dd3e21946e11423d79d4fd27d0d76a9a6883c8f31758a7ecd?s=96&d=mm&r=g\",\"caption\":\"Fogeka Fogekardc\"},\"url\":\"https:\\\/\\\/fogeka-rdc.org\\\/index.php\\\/author\\\/fogeka-admin\\\/\"}]}<\/script>\n<!-- \/ Yoast SEO plugin. -->","yoast_head_json":{"title":"RDC - OPINION : KABUYA \u2013 KATENDE, LA GUERRE DES MOTS \u00c0 LA V\u00c9RIT\u00c9\u00a0 LA DE CONSTITUTION - fogeka-rdc","robots":{"index":"index","follow":"follow","max-snippet":"max-snippet:-1","max-image-preview":"max-image-preview:large","max-video-preview":"max-video-preview:-1"},"canonical":"https:\/\/fogeka-rdc.org\/index.php\/2026\/08\/09\/rdc-opinion-kabuya-katende-la-guerre-des-mots-a-la-verite-la-de-constitution\/","og_locale":"fr_FR","og_type":"article","og_title":"RDC - OPINION : KABUYA \u2013 KATENDE, LA GUERRE DES MOTS \u00c0 LA V\u00c9RIT\u00c9\u00a0 LA DE CONSTITUTION - fogeka-rdc","og_description":"Par : G\u00e9nie Kande Le d\u00e9bat sur le changement de la constitution ne faiblit pas. Dans les salons feutr\u00e9s de&hellip;","og_url":"https:\/\/fogeka-rdc.org\/index.php\/2026\/08\/09\/rdc-opinion-kabuya-katende-la-guerre-des-mots-a-la-verite-la-de-constitution\/","og_site_name":"fogeka-rdc","article_published_time":"2026-08-09T13:04:24+00:00","article_modified_time":"2026-08-11T13:24:49+00:00","og_image":[{"width":1280,"height":1280,"url":"https:\/\/fogeka-rdc.org\/wp-content\/uploads\/2026\/08\/Jean-claude-Katende_Vs_Kabuya.jpg","type":"image\/jpeg"}],"author":"Fogeka Fogekardc","twitter_card":"summary_large_image","twitter_misc":{"\u00c9crit par":"Fogeka Fogekardc","Dur\u00e9e de lecture estim\u00e9e":"4 minutes"},"schema":{"@context":"https:\/\/schema.org","@graph":[{"@type":"Article","@id":"https:\/\/fogeka-rdc.org\/index.php\/2026\/08\/09\/rdc-opinion-kabuya-katende-la-guerre-des-mots-a-la-verite-la-de-constitution\/#article","isPartOf":{"@id":"https:\/\/fogeka-rdc.org\/index.php\/2026\/08\/09\/rdc-opinion-kabuya-katende-la-guerre-des-mots-a-la-verite-la-de-constitution\/"},"author":{"name":"Fogeka Fogekardc","@id":"https:\/\/fogeka-rdc.org\/#\/schema\/person\/326652cf3d7bfcbab6d224e17d6992ef"},"headline":"RDC &#8211; OPINION : KABUYA \u2013 KATENDE, LA GUERRE DES MOTS \u00c0 LA V\u00c9RIT\u00c9\u00a0 LA DE CONSTITUTION","datePublished":"2026-08-09T13:04:24+00:00","dateModified":"2026-08-11T13:24:49+00:00","mainEntityOfPage":{"@id":"https:\/\/fogeka-rdc.org\/index.php\/2026\/08\/09\/rdc-opinion-kabuya-katende-la-guerre-des-mots-a-la-verite-la-de-constitution\/"},"wordCount":810,"commentCount":0,"publisher":{"@id":"https:\/\/fogeka-rdc.org\/#organization"},"image":{"@id":"https:\/\/fogeka-rdc.org\/index.php\/2026\/08\/09\/rdc-opinion-kabuya-katende-la-guerre-des-mots-a-la-verite-la-de-constitution\/#primaryimage"},"thumbnailUrl":"https:\/\/fogeka-rdc.org\/wp-content\/uploads\/2026\/08\/Jean-claude-Katende_Vs_Kabuya.jpg","articleSection":["Actualit\u00e9"],"inLanguage":"fr-FR","potentialAction":[{"@type":"CommentAction","name":"Comment","target":["https:\/\/fogeka-rdc.org\/index.php\/2026\/08\/09\/rdc-opinion-kabuya-katende-la-guerre-des-mots-a-la-verite-la-de-constitution\/#respond"]}]},{"@type":"WebPage","@id":"https:\/\/fogeka-rdc.org\/index.php\/2026\/08\/09\/rdc-opinion-kabuya-katende-la-guerre-des-mots-a-la-verite-la-de-constitution\/","url":"https:\/\/fogeka-rdc.org\/index.php\/2026\/08\/09\/rdc-opinion-kabuya-katende-la-guerre-des-mots-a-la-verite-la-de-constitution\/","name":"RDC - OPINION : KABUYA \u2013 KATENDE, LA GUERRE DES MOTS \u00c0 LA V\u00c9RIT\u00c9\u00a0 LA DE CONSTITUTION - fogeka-rdc","isPartOf":{"@id":"https:\/\/fogeka-rdc.org\/#website"},"primaryImageOfPage":{"@id":"https:\/\/fogeka-rdc.org\/index.php\/2026\/08\/09\/rdc-opinion-kabuya-katende-la-guerre-des-mots-a-la-verite-la-de-constitution\/#primaryimage"},"image":{"@id":"https:\/\/fogeka-rdc.org\/index.php\/2026\/08\/09\/rdc-opinion-kabuya-katende-la-guerre-des-mots-a-la-verite-la-de-constitution\/#primaryimage"},"thumbnailUrl":"https:\/\/fogeka-rdc.org\/wp-content\/uploads\/2026\/08\/Jean-claude-Katende_Vs_Kabuya.jpg","datePublished":"2026-08-09T13:04:24+00:00","dateModified":"2026-08-11T13:24:49+00:00","breadcrumb":{"@id":"https:\/\/fogeka-rdc.org\/index.php\/2026\/08\/09\/rdc-opinion-kabuya-katende-la-guerre-des-mots-a-la-verite-la-de-constitution\/#breadcrumb"},"inLanguage":"fr-FR","potentialAction":[{"@type":"ReadAction","target":["https:\/\/fogeka-rdc.org\/index.php\/2026\/08\/09\/rdc-opinion-kabuya-katende-la-guerre-des-mots-a-la-verite-la-de-constitution\/"]}]},{"@type":"ImageObject","inLanguage":"fr-FR","@id":"https:\/\/fogeka-rdc.org\/index.php\/2026\/08\/09\/rdc-opinion-kabuya-katende-la-guerre-des-mots-a-la-verite-la-de-constitution\/#primaryimage","url":"https:\/\/fogeka-rdc.org\/wp-content\/uploads\/2026\/08\/Jean-claude-Katende_Vs_Kabuya.jpg","contentUrl":"https:\/\/fogeka-rdc.org\/wp-content\/uploads\/2026\/08\/Jean-claude-Katende_Vs_Kabuya.jpg","width":1280,"height":1280},{"@type":"BreadcrumbList","@id":"https:\/\/fogeka-rdc.org\/index.php\/2026\/08\/09\/rdc-opinion-kabuya-katende-la-guerre-des-mots-a-la-verite-la-de-constitution\/#breadcrumb","itemListElement":[{"@type":"ListItem","position":1,"name":"Accueil","item":"https:\/\/fogeka-rdc.org\/"},{"@type":"ListItem","position":2,"name":"RDC &#8211; OPINION : KABUYA \u2013 KATENDE, LA GUERRE DES MOTS \u00c0 LA V\u00c9RIT\u00c9\u00a0 LA DE CONSTITUTION"}]},{"@type":"WebSite","@id":"https:\/\/fogeka-rdc.org\/#website","url":"https:\/\/fogeka-rdc.org\/","name":"fogeka-rdc","description":"Agro foresterie, dans la paix, pour le d\u00e9veloppement","publisher":{"@id":"https:\/\/fogeka-rdc.org\/#organization"},"potentialAction":[{"@type":"SearchAction","target":{"@type":"EntryPoint","urlTemplate":"https:\/\/fogeka-rdc.org\/?s={search_term_string}"},"query-input":{"@type":"PropertyValueSpecification","valueRequired":true,"valueName":"search_term_string"}}],"inLanguage":"fr-FR"},{"@type":"Organization","@id":"https:\/\/fogeka-rdc.org\/#organization","name":"fogeka-rdc","url":"https:\/\/fogeka-rdc.org\/","logo":{"@type":"ImageObject","inLanguage":"fr-FR","@id":"https:\/\/fogeka-rdc.org\/#\/schema\/logo\/image\/","url":"https:\/\/fogeka-rdc.org\/wp-content\/uploads\/2025\/09\/cropped-cropped-WhatsApp-Image-2025-09-12-at-23.09.05.jpeg","contentUrl":"https:\/\/fogeka-rdc.org\/wp-content\/uploads\/2025\/09\/cropped-cropped-WhatsApp-Image-2025-09-12-at-23.09.05.jpeg","width":250,"height":134,"caption":"fogeka-rdc"},"image":{"@id":"https:\/\/fogeka-rdc.org\/#\/schema\/logo\/image\/"}},{"@type":"Person","@id":"https:\/\/fogeka-rdc.org\/#\/schema\/person\/326652cf3d7bfcbab6d224e17d6992ef","name":"Fogeka Fogekardc","image":{"@type":"ImageObject","inLanguage":"fr-FR","@id":"https:\/\/secure.gravatar.com\/avatar\/7409435eb90dab5dd3e21946e11423d79d4fd27d0d76a9a6883c8f31758a7ecd?s=96&d=mm&r=g","url":"https:\/\/secure.gravatar.com\/avatar\/7409435eb90dab5dd3e21946e11423d79d4fd27d0d76a9a6883c8f31758a7ecd?s=96&d=mm&r=g","contentUrl":"https:\/\/secure.gravatar.com\/avatar\/7409435eb90dab5dd3e21946e11423d79d4fd27d0d76a9a6883c8f31758a7ecd?s=96&d=mm&r=g","caption":"Fogeka Fogekardc"},"url":"https:\/\/fogeka-rdc.org\/index.php\/author\/fogeka-admin\/"}]}},"_links":{"self":[{"href":"https:\/\/fogeka-rdc.org\/index.php\/wp-json\/wp\/v2\/posts\/562","targetHints":{"allow":["GET"]}}],"collection":[{"href":"https:\/\/fogeka-rdc.org\/index.php\/wp-json\/wp\/v2\/posts"}],"about":[{"href":"https:\/\/fogeka-rdc.org\/index.php\/wp-json\/wp\/v2\/types\/post"}],"author":[{"embeddable":true,"href":"https:\/\/fogeka-rdc.org\/index.php\/wp-json\/wp\/v2\/users\/2"}],"replies":[{"embeddable":true,"href":"https:\/\/fogeka-rdc.org\/index.php\/wp-json\/wp\/v2\/comments?post=562"}],"version-history":[{"count":3,"href":"https:\/\/fogeka-rdc.org\/index.php\/wp-json\/wp\/v2\/posts\/562\/revisions"}],"predecessor-version":[{"id":566,"href":"https:\/\/fogeka-rdc.org\/index.php\/wp-json\/wp\/v2\/posts\/562\/revisions\/566"}],"wp:featuredmedia":[{"embeddable":true,"href":"https:\/\/fogeka-rdc.org\/index.php\/wp-json\/wp\/v2\/media\/563"}],"wp:attachment":[{"href":"https:\/\/fogeka-rdc.org\/index.php\/wp-json\/wp\/v2\/media?parent=562"}],"wp:term":[{"taxonomy":"category","embeddable":true,"href":"https:\/\/fogeka-rdc.org\/index.php\/wp-json\/wp\/v2\/categories?post=562"},{"taxonomy":"post_tag","embeddable":true,"href":"https:\/\/fogeka-rdc.org\/index.php\/wp-json\/wp\/v2\/tags?post=562"}],"curies":[{"name":"wp","href":"https:\/\/api.w.org\/{rel}","templated":true}]}}