{"id":574,"date":"2026-08-07T14:23:03","date_gmt":"2026-08-07T14:23:03","guid":{"rendered":"https:\/\/fogeka-rdc.org\/?p=574"},"modified":"2026-08-11T14:27:56","modified_gmt":"2026-08-11T14:27:56","slug":"washington-hausse-le-ton-la-pression-saccentue-sur-kigali-apres-lultimatum-du-15-juillet","status":"publish","type":"post","link":"https:\/\/fogeka-rdc.org\/index.php\/2026\/08\/07\/washington-hausse-le-ton-la-pression-saccentue-sur-kigali-apres-lultimatum-du-15-juillet\/","title":{"rendered":"Washington hausse le ton : la pression s\u2019accentue sur Kigali apr\u00e8s l\u2019ultimatum du 15 juillet"},"content":{"rendered":"<p dir=\"ltr\">La situation dans l\u2019Est de la R\u00e9publique D\u00e9mocratique du Congo entre dans une nouvelle phase. Alors que l\u2019\u00e9ch\u00e9ance de l\u2019ultimatum fix\u00e9 au 15 juillet dernier est d\u00e9sormais d\u00e9pass\u00e9e, des mouvements diplomatiques et militaires inhabituels sont signal\u00e9s dans la sous-r\u00e9gion des Grands Lacs, au b\u00e9n\u00e9fice direct des Forces Arm\u00e9es de la R\u00e9publique D\u00e9mocratique du Congo, les FARDC.<\/p>\n<p>&nbsp;<\/p>\n<p dir=\"ltr\"><strong>Une pr\u00e9sence am\u00e9ricaine qui rebat les cartes<\/strong><\/p>\n<p dir=\"ltr\">Selon plusieurs informations concordantes relay\u00e9es depuis Bujumbura, des a\u00e9ronefs militaires am\u00e9ricains ont \u00e9t\u00e9 observ\u00e9s ces derniers jours en provenance des \u00c9tats-Unis. L\u2019objectif affich\u00e9 : renforcer la capacit\u00e9 de surveillance et de r\u00e9action rapide dans la r\u00e9gion, en appui aux efforts de stabilisation men\u00e9s par Kinshasa.<\/p>\n<p>&nbsp;<\/p>\n<p dir=\"ltr\">\u00a0Si aucune confirmation officielle n\u2019a encore \u00e9t\u00e9 publi\u00e9e par le D\u00e9partement d\u2019\u00c9tat ni par les autorit\u00e9s burundaises, la simple perspective d\u2019une coop\u00e9ration s\u00e9curitaire accrue entre Washington et les capitales de la r\u00e9gion suffit d\u00e9j\u00e0 \u00e0 modifier le rapport de forces. Pour les FARDC et le Commandant Supr\u00eame, le Pr\u00e9sident de la R\u00e9publique F\u00e9lix Antoine Tshisekedi, cette dynamique consacre une v\u00e9rit\u00e9 simple : la souverainet\u00e9 congolaise ne se n\u00e9gocie pas.<\/p>\n<p>&nbsp;<\/p>\n<p dir=\"ltr\">\u00c0 Kigali, l\u2019inqui\u00e9tude est palpable. Les autorit\u00e9s rwandaises, accus\u00e9es de longue date par Kinshasa et par des rapports d\u2019experts onusiens de soutenir des groupes arm\u00e9s actifs au Nord-Kivu et au Sud-Kivu, voient d\u2019un mauvais \u0153il ce rapprochement.<\/p>\n<p>&nbsp;<\/p>\n<p dir=\"ltr\">\u00a0Toujours selon les m\u00eames sources locales, des \u00e9quipements militaires en provenance de partenaires divers continueraient de transiter par l\u2019a\u00e9roport de Kavumu, dans l\u2019Est congolais. Une logistique que les nouvelles capacit\u00e9s de renseignement d\u00e9ploy\u00e9es dans la r\u00e9gion rendraient d\u00e9sormais beaucoup plus vuln\u00e9rable.<\/p>\n<p>&nbsp;<\/p>\n<p dir=\"ltr\">Le Pr\u00e9sident Tshisekedi l\u2019a rappel\u00e9 \u00e0 plusieurs reprises : la RDC ne cherche pas la guerre, mais elle n\u2019acceptera plus l\u2019agression. La fermet\u00e9 retrouv\u00e9e des FARDC sur tous les axes, apr\u00e8s une phase de red\u00e9ploiement strat\u00e9gique, s\u2019inscrit dans cette doctrine. Attendre, consolider, puis frapper avec pr\u00e9cision. C\u2019est le choix assum\u00e9 par le Chef de l\u2019\u00c9tat.<\/p>\n<p dir=\"ltr\">\u00a0Face aux ing\u00e9rences et aux tentatives de d\u00e9stabilisation, le Pr\u00e9sident F\u00e9lix Antoine Tshisekedi incarne la constance de l\u2019\u00c9tat. Sa diplomatie, \u00e0 la fois ferme et ouverte, a permis de remettre la question congolaise au centre des pr\u00e9occupations internationales.<\/p>\n<p dir=\"ltr\">Le soutien affich\u00e9 par Washington, m\u00eame s\u2019il reste \u00e0 pr\u00e9ciser dans ses modalit\u00e9s, valide cette approche. Il envoie un signal clair \u00e0 ceux qui parient sur l\u2019\u00e9puisement de la RDC : la communaut\u00e9 internationale ne laissera pas prosp\u00e9rer une agression par procuration.<\/p>\n<p dir=\"ltr\">Les FARDC, elles, poursuivent leur mission r\u00e9galienne avec d\u00e9termination. Moralement et mat\u00e9riellement, l\u2019arm\u00e9e nationale se r\u00e9organise pour verrouiller les fronti\u00e8res et prot\u00e9ger les populations des Hauts-Plateaux de Fizi, de Kindu et de Kalemie, cibles r\u00e9currentes des manipulations ext\u00e9rieures.<\/p>\n<p dir=\"ltr\">Les jours \u00e0 venir seront d\u00e9cisifs. La r\u00e9gion redoute un embrasement, mais esp\u00e8re surtout un retour \u00e0 l\u2019ordre constitutionnel. Si le sc\u00e9nario d\u2019une intervention plus directe devait se confirmer, il se ferait dans le strict respect du droit international et en coordination avec les autorit\u00e9s l\u00e9gitimes de Kinshasa.<\/p>\n<p dir=\"ltr\">Une chose est s\u00fbre : sous le leadership du Pr\u00e9sident Tshisekedi, la RDC a tourn\u00e9 la page de la r\u00e9signation. Avec le soutien de ses partenaires et la mont\u00e9e en puissance des FARDC, le pays entend d\u00e9sormais imposer la paix par la force du droit.<\/p>\n<p dir=\"ltr\">\n","protected":false},"excerpt":{"rendered":"<p>La situation dans l\u2019Est de la R\u00e9publique D\u00e9mocratique du Congo entre dans une nouvelle phase. Alors que l\u2019\u00e9ch\u00e9ance de l\u2019ultimatum&hellip;<\/p>\n","protected":false},"author":2,"featured_media":576,"comment_status":"open","ping_status":"open","sticky":true,"template":"","format":"standard","meta":{"footnotes":""},"categories":[15],"tags":[],"class_list":["post-574","post","type-post","status-publish","format-standard","has-post-thumbnail","hentry","category-securite"],"yoast_head":"<!-- This site is optimized with the Yoast SEO plugin v28.3 - https:\/\/yoast.com\/product\/yoast-seo-wordpress\/ -->\n<title>Washington hausse le ton : la pression s\u2019accentue sur Kigali apr\u00e8s l\u2019ultimatum du 15 juillet - fogeka-rdc<\/title>\n<meta name=\"robots\" content=\"index, follow, max-snippet:-1, max-image-preview:large, max-video-preview:-1\" \/>\n<link rel=\"canonical\" href=\"https:\/\/fogeka-rdc.org\/index.php\/2026\/08\/07\/washington-hausse-le-ton-la-pression-saccentue-sur-kigali-apres-lultimatum-du-15-juillet\/\" \/>\n<meta property=\"og:locale\" content=\"fr_FR\" \/>\n<meta property=\"og:type\" content=\"article\" \/>\n<meta property=\"og:title\" content=\"Washington hausse le ton : la pression s\u2019accentue sur Kigali apr\u00e8s l\u2019ultimatum du 15 juillet - fogeka-rdc\" \/>\n<meta property=\"og:description\" content=\"La situation dans l\u2019Est de la R\u00e9publique D\u00e9mocratique du Congo entre dans une nouvelle phase. Alors que l\u2019\u00e9ch\u00e9ance de l\u2019ultimatum&hellip;\" \/>\n<meta property=\"og:url\" content=\"https:\/\/fogeka-rdc.org\/index.php\/2026\/08\/07\/washington-hausse-le-ton-la-pression-saccentue-sur-kigali-apres-lultimatum-du-15-juillet\/\" \/>\n<meta property=\"og:site_name\" content=\"fogeka-rdc\" \/>\n<meta property=\"article:published_time\" content=\"2026-08-07T14:23:03+00:00\" \/>\n<meta property=\"article:modified_time\" content=\"2026-08-11T14:27:56+00:00\" \/>\n<meta property=\"og:image\" content=\"https:\/\/fogeka-rdc.org\/wp-content\/uploads\/2026\/08\/USA_RDC_RWADA.jpg\" \/>\n\t<meta property=\"og:image:width\" content=\"1078\" \/>\n\t<meta property=\"og:image:height\" content=\"694\" \/>\n\t<meta property=\"og:image:type\" content=\"image\/jpeg\" \/>\n<meta name=\"author\" content=\"Fogeka Fogekardc\" \/>\n<meta name=\"twitter:card\" content=\"summary_large_image\" \/>\n<meta name=\"twitter:label1\" content=\"\u00c9crit par\" \/>\n\t<meta name=\"twitter:data1\" content=\"Fogeka Fogekardc\" \/>\n\t<meta name=\"twitter:label2\" content=\"Dur\u00e9e de lecture estim\u00e9e\" \/>\n\t<meta name=\"twitter:data2\" content=\"3 minutes\" \/>\n<script type=\"application\/ld+json\" class=\"yoast-schema-graph\">{\"@context\":\"https:\\\/\\\/schema.org\",\"@graph\":[{\"@type\":\"Article\",\"@id\":\"https:\\\/\\\/fogeka-rdc.org\\\/index.php\\\/2026\\\/08\\\/07\\\/washington-hausse-le-ton-la-pression-saccentue-sur-kigali-apres-lultimatum-du-15-juillet\\\/#article\",\"isPartOf\":{\"@id\":\"https:\\\/\\\/fogeka-rdc.org\\\/index.php\\\/2026\\\/08\\\/07\\\/washington-hausse-le-ton-la-pression-saccentue-sur-kigali-apres-lultimatum-du-15-juillet\\\/\"},\"author\":{\"name\":\"Fogeka Fogekardc\",\"@id\":\"https:\\\/\\\/fogeka-rdc.org\\\/#\\\/schema\\\/person\\\/326652cf3d7bfcbab6d224e17d6992ef\"},\"headline\":\"Washington hausse le ton : la pression s\u2019accentue sur Kigali apr\u00e8s l\u2019ultimatum du 15 juillet\",\"datePublished\":\"2026-08-07T14:23:03+00:00\",\"dateModified\":\"2026-08-11T14:27:56+00:00\",\"mainEntityOfPage\":{\"@id\":\"https:\\\/\\\/fogeka-rdc.org\\\/index.php\\\/2026\\\/08\\\/07\\\/washington-hausse-le-ton-la-pression-saccentue-sur-kigali-apres-lultimatum-du-15-juillet\\\/\"},\"wordCount\":634,\"commentCount\":0,\"publisher\":{\"@id\":\"https:\\\/\\\/fogeka-rdc.org\\\/#organization\"},\"image\":{\"@id\":\"https:\\\/\\\/fogeka-rdc.org\\\/index.php\\\/2026\\\/08\\\/07\\\/washington-hausse-le-ton-la-pression-saccentue-sur-kigali-apres-lultimatum-du-15-juillet\\\/#primaryimage\"},\"thumbnailUrl\":\"https:\\\/\\\/fogeka-rdc.org\\\/wp-content\\\/uploads\\\/2026\\\/08\\\/USA_RDC_RWADA.jpg\",\"articleSection\":[\"Securite\"],\"inLanguage\":\"fr-FR\",\"potentialAction\":[{\"@type\":\"CommentAction\",\"name\":\"Comment\",\"target\":[\"https:\\\/\\\/fogeka-rdc.org\\\/index.php\\\/2026\\\/08\\\/07\\\/washington-hausse-le-ton-la-pression-saccentue-sur-kigali-apres-lultimatum-du-15-juillet\\\/#respond\"]}]},{\"@type\":\"WebPage\",\"@id\":\"https:\\\/\\\/fogeka-rdc.org\\\/index.php\\\/2026\\\/08\\\/07\\\/washington-hausse-le-ton-la-pression-saccentue-sur-kigali-apres-lultimatum-du-15-juillet\\\/\",\"url\":\"https:\\\/\\\/fogeka-rdc.org\\\/index.php\\\/2026\\\/08\\\/07\\\/washington-hausse-le-ton-la-pression-saccentue-sur-kigali-apres-lultimatum-du-15-juillet\\\/\",\"name\":\"Washington hausse le ton : la pression s\u2019accentue sur Kigali apr\u00e8s l\u2019ultimatum du 15 juillet - fogeka-rdc\",\"isPartOf\":{\"@id\":\"https:\\\/\\\/fogeka-rdc.org\\\/#website\"},\"primaryImageOfPage\":{\"@id\":\"https:\\\/\\\/fogeka-rdc.org\\\/index.php\\\/2026\\\/08\\\/07\\\/washington-hausse-le-ton-la-pression-saccentue-sur-kigali-apres-lultimatum-du-15-juillet\\\/#primaryimage\"},\"image\":{\"@id\":\"https:\\\/\\\/fogeka-rdc.org\\\/index.php\\\/2026\\\/08\\\/07\\\/washington-hausse-le-ton-la-pression-saccentue-sur-kigali-apres-lultimatum-du-15-juillet\\\/#primaryimage\"},\"thumbnailUrl\":\"https:\\\/\\\/fogeka-rdc.org\\\/wp-content\\\/uploads\\\/2026\\\/08\\\/USA_RDC_RWADA.jpg\",\"datePublished\":\"2026-08-07T14:23:03+00:00\",\"dateModified\":\"2026-08-11T14:27:56+00:00\",\"breadcrumb\":{\"@id\":\"https:\\\/\\\/fogeka-rdc.org\\\/index.php\\\/2026\\\/08\\\/07\\\/washington-hausse-le-ton-la-pression-saccentue-sur-kigali-apres-lultimatum-du-15-juillet\\\/#breadcrumb\"},\"inLanguage\":\"fr-FR\",\"potentialAction\":[{\"@type\":\"ReadAction\",\"target\":[\"https:\\\/\\\/fogeka-rdc.org\\\/index.php\\\/2026\\\/08\\\/07\\\/washington-hausse-le-ton-la-pression-saccentue-sur-kigali-apres-lultimatum-du-15-juillet\\\/\"]}]},{\"@type\":\"ImageObject\",\"inLanguage\":\"fr-FR\",\"@id\":\"https:\\\/\\\/fogeka-rdc.org\\\/index.php\\\/2026\\\/08\\\/07\\\/washington-hausse-le-ton-la-pression-saccentue-sur-kigali-apres-lultimatum-du-15-juillet\\\/#primaryimage\",\"url\":\"https:\\\/\\\/fogeka-rdc.org\\\/wp-content\\\/uploads\\\/2026\\\/08\\\/USA_RDC_RWADA.jpg\",\"contentUrl\":\"https:\\\/\\\/fogeka-rdc.org\\\/wp-content\\\/uploads\\\/2026\\\/08\\\/USA_RDC_RWADA.jpg\",\"width\":1078,\"height\":694},{\"@type\":\"BreadcrumbList\",\"@id\":\"https:\\\/\\\/fogeka-rdc.org\\\/index.php\\\/2026\\\/08\\\/07\\\/washington-hausse-le-ton-la-pression-saccentue-sur-kigali-apres-lultimatum-du-15-juillet\\\/#breadcrumb\",\"itemListElement\":[{\"@type\":\"ListItem\",\"position\":1,\"name\":\"Accueil\",\"item\":\"https:\\\/\\\/fogeka-rdc.org\\\/\"},{\"@type\":\"ListItem\",\"position\":2,\"name\":\"Washington hausse le ton : la pression s\u2019accentue sur Kigali apr\u00e8s l\u2019ultimatum du 15 juillet\"}]},{\"@type\":\"WebSite\",\"@id\":\"https:\\\/\\\/fogeka-rdc.org\\\/#website\",\"url\":\"https:\\\/\\\/fogeka-rdc.org\\\/\",\"name\":\"fogeka-rdc\",\"description\":\"Agro foresterie, dans la paix, pour le d\u00e9veloppement\",\"publisher\":{\"@id\":\"https:\\\/\\\/fogeka-rdc.org\\\/#organization\"},\"potentialAction\":[{\"@type\":\"SearchAction\",\"target\":{\"@type\":\"EntryPoint\",\"urlTemplate\":\"https:\\\/\\\/fogeka-rdc.org\\\/?s={search_term_string}\"},\"query-input\":{\"@type\":\"PropertyValueSpecification\",\"valueRequired\":true,\"valueName\":\"search_term_string\"}}],\"inLanguage\":\"fr-FR\"},{\"@type\":\"Organization\",\"@id\":\"https:\\\/\\\/fogeka-rdc.org\\\/#organization\",\"name\":\"fogeka-rdc\",\"url\":\"https:\\\/\\\/fogeka-rdc.org\\\/\",\"logo\":{\"@type\":\"ImageObject\",\"inLanguage\":\"fr-FR\",\"@id\":\"https:\\\/\\\/fogeka-rdc.org\\\/#\\\/schema\\\/logo\\\/image\\\/\",\"url\":\"https:\\\/\\\/fogeka-rdc.org\\\/wp-content\\\/uploads\\\/2025\\\/09\\\/cropped-cropped-WhatsApp-Image-2025-09-12-at-23.09.05.jpeg\",\"contentUrl\":\"https:\\\/\\\/fogeka-rdc.org\\\/wp-content\\\/uploads\\\/2025\\\/09\\\/cropped-cropped-WhatsApp-Image-2025-09-12-at-23.09.05.jpeg\",\"width\":250,\"height\":134,\"caption\":\"fogeka-rdc\"},\"image\":{\"@id\":\"https:\\\/\\\/fogeka-rdc.org\\\/#\\\/schema\\\/logo\\\/image\\\/\"}},{\"@type\":\"Person\",\"@id\":\"https:\\\/\\\/fogeka-rdc.org\\\/#\\\/schema\\\/person\\\/326652cf3d7bfcbab6d224e17d6992ef\",\"name\":\"Fogeka Fogekardc\",\"image\":{\"@type\":\"ImageObject\",\"inLanguage\":\"fr-FR\",\"@id\":\"https:\\\/\\\/secure.gravatar.com\\\/avatar\\\/7409435eb90dab5dd3e21946e11423d79d4fd27d0d76a9a6883c8f31758a7ecd?s=96&d=mm&r=g\",\"url\":\"https:\\\/\\\/secure.gravatar.com\\\/avatar\\\/7409435eb90dab5dd3e21946e11423d79d4fd27d0d76a9a6883c8f31758a7ecd?s=96&d=mm&r=g\",\"contentUrl\":\"https:\\\/\\\/secure.gravatar.com\\\/avatar\\\/7409435eb90dab5dd3e21946e11423d79d4fd27d0d76a9a6883c8f31758a7ecd?s=96&d=mm&r=g\",\"caption\":\"Fogeka Fogekardc\"},\"url\":\"https:\\\/\\\/fogeka-rdc.org\\\/index.php\\\/author\\\/fogeka-admin\\\/\"}]}<\/script>\n<!-- \/ Yoast SEO plugin. -->","yoast_head_json":{"title":"Washington hausse le ton : la pression s\u2019accentue sur Kigali apr\u00e8s l\u2019ultimatum du 15 juillet - fogeka-rdc","robots":{"index":"index","follow":"follow","max-snippet":"max-snippet:-1","max-image-preview":"max-image-preview:large","max-video-preview":"max-video-preview:-1"},"canonical":"https:\/\/fogeka-rdc.org\/index.php\/2026\/08\/07\/washington-hausse-le-ton-la-pression-saccentue-sur-kigali-apres-lultimatum-du-15-juillet\/","og_locale":"fr_FR","og_type":"article","og_title":"Washington hausse le ton : la pression s\u2019accentue sur Kigali apr\u00e8s l\u2019ultimatum du 15 juillet - fogeka-rdc","og_description":"La situation dans l\u2019Est de la R\u00e9publique D\u00e9mocratique du Congo entre dans une nouvelle phase. Alors que l\u2019\u00e9ch\u00e9ance de l\u2019ultimatum&hellip;","og_url":"https:\/\/fogeka-rdc.org\/index.php\/2026\/08\/07\/washington-hausse-le-ton-la-pression-saccentue-sur-kigali-apres-lultimatum-du-15-juillet\/","og_site_name":"fogeka-rdc","article_published_time":"2026-08-07T14:23:03+00:00","article_modified_time":"2026-08-11T14:27:56+00:00","og_image":[{"width":1078,"height":694,"url":"https:\/\/fogeka-rdc.org\/wp-content\/uploads\/2026\/08\/USA_RDC_RWADA.jpg","type":"image\/jpeg"}],"author":"Fogeka Fogekardc","twitter_card":"summary_large_image","twitter_misc":{"\u00c9crit par":"Fogeka Fogekardc","Dur\u00e9e de lecture estim\u00e9e":"3 minutes"},"schema":{"@context":"https:\/\/schema.org","@graph":[{"@type":"Article","@id":"https:\/\/fogeka-rdc.org\/index.php\/2026\/08\/07\/washington-hausse-le-ton-la-pression-saccentue-sur-kigali-apres-lultimatum-du-15-juillet\/#article","isPartOf":{"@id":"https:\/\/fogeka-rdc.org\/index.php\/2026\/08\/07\/washington-hausse-le-ton-la-pression-saccentue-sur-kigali-apres-lultimatum-du-15-juillet\/"},"author":{"name":"Fogeka Fogekardc","@id":"https:\/\/fogeka-rdc.org\/#\/schema\/person\/326652cf3d7bfcbab6d224e17d6992ef"},"headline":"Washington hausse le ton : la pression s\u2019accentue sur Kigali apr\u00e8s l\u2019ultimatum du 15 juillet","datePublished":"2026-08-07T14:23:03+00:00","dateModified":"2026-08-11T14:27:56+00:00","mainEntityOfPage":{"@id":"https:\/\/fogeka-rdc.org\/index.php\/2026\/08\/07\/washington-hausse-le-ton-la-pression-saccentue-sur-kigali-apres-lultimatum-du-15-juillet\/"},"wordCount":634,"commentCount":0,"publisher":{"@id":"https:\/\/fogeka-rdc.org\/#organization"},"image":{"@id":"https:\/\/fogeka-rdc.org\/index.php\/2026\/08\/07\/washington-hausse-le-ton-la-pression-saccentue-sur-kigali-apres-lultimatum-du-15-juillet\/#primaryimage"},"thumbnailUrl":"https:\/\/fogeka-rdc.org\/wp-content\/uploads\/2026\/08\/USA_RDC_RWADA.jpg","articleSection":["Securite"],"inLanguage":"fr-FR","potentialAction":[{"@type":"CommentAction","name":"Comment","target":["https:\/\/fogeka-rdc.org\/index.php\/2026\/08\/07\/washington-hausse-le-ton-la-pression-saccentue-sur-kigali-apres-lultimatum-du-15-juillet\/#respond"]}]},{"@type":"WebPage","@id":"https:\/\/fogeka-rdc.org\/index.php\/2026\/08\/07\/washington-hausse-le-ton-la-pression-saccentue-sur-kigali-apres-lultimatum-du-15-juillet\/","url":"https:\/\/fogeka-rdc.org\/index.php\/2026\/08\/07\/washington-hausse-le-ton-la-pression-saccentue-sur-kigali-apres-lultimatum-du-15-juillet\/","name":"Washington hausse le ton : la pression s\u2019accentue sur Kigali apr\u00e8s l\u2019ultimatum du 15 juillet - fogeka-rdc","isPartOf":{"@id":"https:\/\/fogeka-rdc.org\/#website"},"primaryImageOfPage":{"@id":"https:\/\/fogeka-rdc.org\/index.php\/2026\/08\/07\/washington-hausse-le-ton-la-pression-saccentue-sur-kigali-apres-lultimatum-du-15-juillet\/#primaryimage"},"image":{"@id":"https:\/\/fogeka-rdc.org\/index.php\/2026\/08\/07\/washington-hausse-le-ton-la-pression-saccentue-sur-kigali-apres-lultimatum-du-15-juillet\/#primaryimage"},"thumbnailUrl":"https:\/\/fogeka-rdc.org\/wp-content\/uploads\/2026\/08\/USA_RDC_RWADA.jpg","datePublished":"2026-08-07T14:23:03+00:00","dateModified":"2026-08-11T14:27:56+00:00","breadcrumb":{"@id":"https:\/\/fogeka-rdc.org\/index.php\/2026\/08\/07\/washington-hausse-le-ton-la-pression-saccentue-sur-kigali-apres-lultimatum-du-15-juillet\/#breadcrumb"},"inLanguage":"fr-FR","potentialAction":[{"@type":"ReadAction","target":["https:\/\/fogeka-rdc.org\/index.php\/2026\/08\/07\/washington-hausse-le-ton-la-pression-saccentue-sur-kigali-apres-lultimatum-du-15-juillet\/"]}]},{"@type":"ImageObject","inLanguage":"fr-FR","@id":"https:\/\/fogeka-rdc.org\/index.php\/2026\/08\/07\/washington-hausse-le-ton-la-pression-saccentue-sur-kigali-apres-lultimatum-du-15-juillet\/#primaryimage","url":"https:\/\/fogeka-rdc.org\/wp-content\/uploads\/2026\/08\/USA_RDC_RWADA.jpg","contentUrl":"https:\/\/fogeka-rdc.org\/wp-content\/uploads\/2026\/08\/USA_RDC_RWADA.jpg","width":1078,"height":694},{"@type":"BreadcrumbList","@id":"https:\/\/fogeka-rdc.org\/index.php\/2026\/08\/07\/washington-hausse-le-ton-la-pression-saccentue-sur-kigali-apres-lultimatum-du-15-juillet\/#breadcrumb","itemListElement":[{"@type":"ListItem","position":1,"name":"Accueil","item":"https:\/\/fogeka-rdc.org\/"},{"@type":"ListItem","position":2,"name":"Washington hausse le ton : la pression s\u2019accentue sur Kigali apr\u00e8s l\u2019ultimatum du 15 juillet"}]},{"@type":"WebSite","@id":"https:\/\/fogeka-rdc.org\/#website","url":"https:\/\/fogeka-rdc.org\/","name":"fogeka-rdc","description":"Agro foresterie, dans la paix, pour le d\u00e9veloppement","publisher":{"@id":"https:\/\/fogeka-rdc.org\/#organization"},"potentialAction":[{"@type":"SearchAction","target":{"@type":"EntryPoint","urlTemplate":"https:\/\/fogeka-rdc.org\/?s={search_term_string}"},"query-input":{"@type":"PropertyValueSpecification","valueRequired":true,"valueName":"search_term_string"}}],"inLanguage":"fr-FR"},{"@type":"Organization","@id":"https:\/\/fogeka-rdc.org\/#organization","name":"fogeka-rdc","url":"https:\/\/fogeka-rdc.org\/","logo":{"@type":"ImageObject","inLanguage":"fr-FR","@id":"https:\/\/fogeka-rdc.org\/#\/schema\/logo\/image\/","url":"https:\/\/fogeka-rdc.org\/wp-content\/uploads\/2025\/09\/cropped-cropped-WhatsApp-Image-2025-09-12-at-23.09.05.jpeg","contentUrl":"https:\/\/fogeka-rdc.org\/wp-content\/uploads\/2025\/09\/cropped-cropped-WhatsApp-Image-2025-09-12-at-23.09.05.jpeg","width":250,"height":134,"caption":"fogeka-rdc"},"image":{"@id":"https:\/\/fogeka-rdc.org\/#\/schema\/logo\/image\/"}},{"@type":"Person","@id":"https:\/\/fogeka-rdc.org\/#\/schema\/person\/326652cf3d7bfcbab6d224e17d6992ef","name":"Fogeka Fogekardc","image":{"@type":"ImageObject","inLanguage":"fr-FR","@id":"https:\/\/secure.gravatar.com\/avatar\/7409435eb90dab5dd3e21946e11423d79d4fd27d0d76a9a6883c8f31758a7ecd?s=96&d=mm&r=g","url":"https:\/\/secure.gravatar.com\/avatar\/7409435eb90dab5dd3e21946e11423d79d4fd27d0d76a9a6883c8f31758a7ecd?s=96&d=mm&r=g","contentUrl":"https:\/\/secure.gravatar.com\/avatar\/7409435eb90dab5dd3e21946e11423d79d4fd27d0d76a9a6883c8f31758a7ecd?s=96&d=mm&r=g","caption":"Fogeka Fogekardc"},"url":"https:\/\/fogeka-rdc.org\/index.php\/author\/fogeka-admin\/"}]}},"_links":{"self":[{"href":"https:\/\/fogeka-rdc.org\/index.php\/wp-json\/wp\/v2\/posts\/574","targetHints":{"allow":["GET"]}}],"collection":[{"href":"https:\/\/fogeka-rdc.org\/index.php\/wp-json\/wp\/v2\/posts"}],"about":[{"href":"https:\/\/fogeka-rdc.org\/index.php\/wp-json\/wp\/v2\/types\/post"}],"author":[{"embeddable":true,"href":"https:\/\/fogeka-rdc.org\/index.php\/wp-json\/wp\/v2\/users\/2"}],"replies":[{"embeddable":true,"href":"https:\/\/fogeka-rdc.org\/index.php\/wp-json\/wp\/v2\/comments?post=574"}],"version-history":[{"count":1,"href":"https:\/\/fogeka-rdc.org\/index.php\/wp-json\/wp\/v2\/posts\/574\/revisions"}],"predecessor-version":[{"id":577,"href":"https:\/\/fogeka-rdc.org\/index.php\/wp-json\/wp\/v2\/posts\/574\/revisions\/577"}],"wp:featuredmedia":[{"embeddable":true,"href":"https:\/\/fogeka-rdc.org\/index.php\/wp-json\/wp\/v2\/media\/576"}],"wp:attachment":[{"href":"https:\/\/fogeka-rdc.org\/index.php\/wp-json\/wp\/v2\/media?parent=574"}],"wp:term":[{"taxonomy":"category","embeddable":true,"href":"https:\/\/fogeka-rdc.org\/index.php\/wp-json\/wp\/v2\/categories?post=574"},{"taxonomy":"post_tag","embeddable":true,"href":"https:\/\/fogeka-rdc.org\/index.php\/wp-json\/wp\/v2\/tags?post=574"}],"curies":[{"name":"wp","href":"https:\/\/api.w.org\/{rel}","templated":true}]}}