{"id":578,"date":"2026-08-06T14:28:16","date_gmt":"2026-08-06T14:28:16","guid":{"rendered":"https:\/\/fogeka-rdc.org\/?p=578"},"modified":"2026-08-11T14:34:25","modified_gmt":"2026-08-11T14:34:25","slug":"rdc-politique-ludps-tshisekedi-lance-un-appel-a-la-restitution","status":"publish","type":"post","link":"https:\/\/fogeka-rdc.org\/index.php\/2026\/08\/06\/rdc-politique-ludps-tshisekedi-lance-un-appel-a-la-restitution\/","title":{"rendered":"RDC \u2013 Politique : L\u2019UDPS\/Tshisekedi lance un appel \u00e0 la restitution"},"content":{"rendered":"<p dir=\"ltr\">La Pr\u00e9sidence de l\u2019Union pour la D\u00e9mocratie et le Progr\u00e8s Social \/ Tshisekedi convoque l\u2019ensemble de ses structures et la presse nationale et internationale ce vendredi 7 ao\u00fbt 2026 \u00e0 14h00, au si\u00e8ge du parti \u00e0 Limete, 11e Rue r\u00e9sidentielle, petit boulevard Lumumba n\u00b02600.<\/p>\n<p>&nbsp;<\/p>\n<p dir=\"ltr\">\u00c0 l\u2019ordre du jour de cette causerie morale : une mise\u00a0 au point sur plusieurs dossiers jug\u00e9s prioritaires par la direction du parti pr\u00e9sidentiel.<\/p>\n<p>&nbsp;<\/p>\n<p dir=\"ltr\"><strong>Quatre points seront abord\u00e9s<\/strong> :<\/p>\n<p dir=\"ltr\"><strong>1. Rapport de mission \u00e0 Kananga\u00a0\u00a0<\/strong><\/p>\n<p dir=\"ltr\">L\u2019ex\u00e9cutif national de l\u2019UDPS\/Tshisekedi rendra compte de la mission qu\u2019il a conduite du vendredi 31 juillet au mardi 4 ao\u00fbt 2026 \u00e0 Kananga. D\u00e9ploy\u00e9e en vertu des circulaires 002 et 003, cette descente s\u2019inscrit dans le sillage des directives de la Haute Autorit\u00e9 Politique de R\u00e9f\u00e9rence, Son Excellence F\u00e9lix-Antoine Tshisekedi Tshilombo, dat\u00e9es des 19 et 20 septembre 2025, et vise \u00e0 renforcer la coh\u00e9sion interne du parti.<\/p>\n<p dir=\"ltr\"><strong>2. Restitution parlementaire et rencontre \u00e0 la Cit\u00e9 de l\u2019Union africaine<\/strong><\/p>\n<p dir=\"ltr\">Les cadres et la base seront inform\u00e9s des conclusions de la r\u00e9union conjointe des s\u00e9nateurs et d\u00e9put\u00e9s nationaux de l\u2019UDPS\/Tshisekedi et de sa mosa\u00efque, tenue le lundi 3 ao\u00fbt 2026 \u00e0 l\u2019h\u00f4tel Kempinski du Fleuve. Il sera \u00e9galement fait \u00e9tat de l\u2019audience accord\u00e9e \u00e0 une d\u00e9l\u00e9gation de pr\u00e9sidents cellulaires par le Directeur de Cabinet du Chef de l\u2019\u00c9tat.<\/p>\n<p dir=\"ltr\"><strong>3. S\u00e9jour pr\u00e9sidentiel et d\u00e9rives verbales de l\u2019AFC\/M23\u00a0<\/strong><\/p>\n<p dir=\"ltr\">La direction du parti \u00e9voquera le s\u00e9jour du Pr\u00e9sident de la R\u00e9publique, Chef de l\u2019\u00c9tat, dans le Haut-Lomami et le Haut-Katanga. Elle d\u00e9noncera par ailleurs les d\u00e9clarations \u00e0 caract\u00e8re tribal et jug\u00e9es irresponsables prof\u00e9r\u00e9es ces derniers jours par certains membres de l\u2019AFC\/M23.<\/p>\n<p dir=\"ltr\"><strong>4. Marche de l\u2019opposition du 15 ao\u00fbt\u00a0\u00a0<\/strong><\/p>\n<p dir=\"ltr\">Enfin, l\u2019UDPS\/Tshisekedi arr\u00eatera sa position officielle sur l\u2019annonce de la marche projet\u00e9e le 15 ao\u00fbt 2026 par l\u2019opposition C64, \u00e0 la lumi\u00e8re du contexte politique et s\u00e9curitaire du moment.<\/p>\n<p dir=\"ltr\">La rencontre sera conduite par l\u2019Honorable Augustin Kabuya Tshilumba, Secr\u00e9taire G\u00e9n\u00e9ral et Pr\u00e9sident ad interim de l\u2019UDPS\/Tshisekedi.<\/p>\n<p>&nbsp;<\/p>\n<p dir=\"ltr\">Fogeka Agency Communication<\/p>\n<p dir=\"ltr\"><a href=\"https:\/\/www-fogeka.rdc.org\/\" target=\"_blank\" rel=\"noopener\">https:\/\/www.fogeka.rdc.org<\/a><\/p>\n<p dir=\"ltr\">e-mail : <a href=\"mailto:fogekardc@gmail.com\" target=\"_blank\" rel=\"noopener\">fogekardc@gmail.com<\/a><\/p>\n<p dir=\"ltr\">T\u00e9l :+243 818344445<\/p>\n<p dir=\"ltr\">\u00a0*Kinshasa\/ RDC*<\/p>\n","protected":false},"excerpt":{"rendered":"<p>La Pr\u00e9sidence de l\u2019Union pour la D\u00e9mocratie et le Progr\u00e8s Social \/ Tshisekedi convoque l\u2019ensemble de ses structures et la&hellip;<\/p>\n","protected":false},"author":2,"featured_media":572,"comment_status":"open","ping_status":"open","sticky":true,"template":"","format":"standard","meta":{"footnotes":""},"categories":[14],"tags":[],"class_list":["post-578","post","type-post","status-publish","format-standard","has-post-thumbnail","hentry","category-politique"],"yoast_head":"<!-- This site is optimized with the Yoast SEO plugin v28.3 - https:\/\/yoast.com\/product\/yoast-seo-wordpress\/ -->\n<title>RDC \u2013 Politique : L\u2019UDPS\/Tshisekedi lance un appel \u00e0 la restitution - fogeka-rdc<\/title>\n<meta name=\"robots\" content=\"index, follow, max-snippet:-1, max-image-preview:large, max-video-preview:-1\" \/>\n<link rel=\"canonical\" href=\"https:\/\/fogeka-rdc.org\/index.php\/2026\/08\/06\/rdc-politique-ludps-tshisekedi-lance-un-appel-a-la-restitution\/\" \/>\n<meta property=\"og:locale\" content=\"fr_FR\" \/>\n<meta property=\"og:type\" content=\"article\" \/>\n<meta property=\"og:title\" content=\"RDC \u2013 Politique : L\u2019UDPS\/Tshisekedi lance un appel \u00e0 la restitution - fogeka-rdc\" \/>\n<meta property=\"og:description\" content=\"La Pr\u00e9sidence de l\u2019Union pour la D\u00e9mocratie et le Progr\u00e8s Social \/ Tshisekedi convoque l\u2019ensemble de ses structures et la&hellip;\" \/>\n<meta property=\"og:url\" content=\"https:\/\/fogeka-rdc.org\/index.php\/2026\/08\/06\/rdc-politique-ludps-tshisekedi-lance-un-appel-a-la-restitution\/\" \/>\n<meta property=\"og:site_name\" content=\"fogeka-rdc\" \/>\n<meta property=\"article:published_time\" content=\"2026-08-06T14:28:16+00:00\" \/>\n<meta property=\"article:modified_time\" content=\"2026-08-11T14:34:25+00:00\" \/>\n<meta property=\"og:image\" content=\"https:\/\/fogeka-rdc.org\/wp-content\/uploads\/2026\/08\/Augustin-Kabuya_UDPS.jpg\" \/>\n\t<meta property=\"og:image:width\" content=\"992\" \/>\n\t<meta property=\"og:image:height\" content=\"685\" \/>\n\t<meta property=\"og:image:type\" content=\"image\/jpeg\" \/>\n<meta name=\"author\" content=\"Fogeka Fogekardc\" \/>\n<meta name=\"twitter:card\" content=\"summary_large_image\" \/>\n<meta name=\"twitter:label1\" content=\"\u00c9crit par\" \/>\n\t<meta name=\"twitter:data1\" content=\"Fogeka Fogekardc\" \/>\n\t<meta name=\"twitter:label2\" content=\"Dur\u00e9e de lecture estim\u00e9e\" \/>\n\t<meta name=\"twitter:data2\" content=\"2 minutes\" \/>\n<script type=\"application\/ld+json\" class=\"yoast-schema-graph\">{\"@context\":\"https:\\\/\\\/schema.org\",\"@graph\":[{\"@type\":\"Article\",\"@id\":\"https:\\\/\\\/fogeka-rdc.org\\\/index.php\\\/2026\\\/08\\\/06\\\/rdc-politique-ludps-tshisekedi-lance-un-appel-a-la-restitution\\\/#article\",\"isPartOf\":{\"@id\":\"https:\\\/\\\/fogeka-rdc.org\\\/index.php\\\/2026\\\/08\\\/06\\\/rdc-politique-ludps-tshisekedi-lance-un-appel-a-la-restitution\\\/\"},\"author\":{\"name\":\"Fogeka Fogekardc\",\"@id\":\"https:\\\/\\\/fogeka-rdc.org\\\/#\\\/schema\\\/person\\\/326652cf3d7bfcbab6d224e17d6992ef\"},\"headline\":\"RDC \u2013 Politique : L\u2019UDPS\\\/Tshisekedi lance un appel \u00e0 la restitution\",\"datePublished\":\"2026-08-06T14:28:16+00:00\",\"dateModified\":\"2026-08-11T14:34:25+00:00\",\"mainEntityOfPage\":{\"@id\":\"https:\\\/\\\/fogeka-rdc.org\\\/index.php\\\/2026\\\/08\\\/06\\\/rdc-politique-ludps-tshisekedi-lance-un-appel-a-la-restitution\\\/\"},\"wordCount\":393,\"commentCount\":0,\"publisher\":{\"@id\":\"https:\\\/\\\/fogeka-rdc.org\\\/#organization\"},\"image\":{\"@id\":\"https:\\\/\\\/fogeka-rdc.org\\\/index.php\\\/2026\\\/08\\\/06\\\/rdc-politique-ludps-tshisekedi-lance-un-appel-a-la-restitution\\\/#primaryimage\"},\"thumbnailUrl\":\"https:\\\/\\\/fogeka-rdc.org\\\/wp-content\\\/uploads\\\/2026\\\/08\\\/Augustin-Kabuya_UDPS.jpg\",\"articleSection\":[\"Politique\"],\"inLanguage\":\"fr-FR\",\"potentialAction\":[{\"@type\":\"CommentAction\",\"name\":\"Comment\",\"target\":[\"https:\\\/\\\/fogeka-rdc.org\\\/index.php\\\/2026\\\/08\\\/06\\\/rdc-politique-ludps-tshisekedi-lance-un-appel-a-la-restitution\\\/#respond\"]}]},{\"@type\":\"WebPage\",\"@id\":\"https:\\\/\\\/fogeka-rdc.org\\\/index.php\\\/2026\\\/08\\\/06\\\/rdc-politique-ludps-tshisekedi-lance-un-appel-a-la-restitution\\\/\",\"url\":\"https:\\\/\\\/fogeka-rdc.org\\\/index.php\\\/2026\\\/08\\\/06\\\/rdc-politique-ludps-tshisekedi-lance-un-appel-a-la-restitution\\\/\",\"name\":\"RDC \u2013 Politique : L\u2019UDPS\\\/Tshisekedi lance un appel \u00e0 la restitution - fogeka-rdc\",\"isPartOf\":{\"@id\":\"https:\\\/\\\/fogeka-rdc.org\\\/#website\"},\"primaryImageOfPage\":{\"@id\":\"https:\\\/\\\/fogeka-rdc.org\\\/index.php\\\/2026\\\/08\\\/06\\\/rdc-politique-ludps-tshisekedi-lance-un-appel-a-la-restitution\\\/#primaryimage\"},\"image\":{\"@id\":\"https:\\\/\\\/fogeka-rdc.org\\\/index.php\\\/2026\\\/08\\\/06\\\/rdc-politique-ludps-tshisekedi-lance-un-appel-a-la-restitution\\\/#primaryimage\"},\"thumbnailUrl\":\"https:\\\/\\\/fogeka-rdc.org\\\/wp-content\\\/uploads\\\/2026\\\/08\\\/Augustin-Kabuya_UDPS.jpg\",\"datePublished\":\"2026-08-06T14:28:16+00:00\",\"dateModified\":\"2026-08-11T14:34:25+00:00\",\"breadcrumb\":{\"@id\":\"https:\\\/\\\/fogeka-rdc.org\\\/index.php\\\/2026\\\/08\\\/06\\\/rdc-politique-ludps-tshisekedi-lance-un-appel-a-la-restitution\\\/#breadcrumb\"},\"inLanguage\":\"fr-FR\",\"potentialAction\":[{\"@type\":\"ReadAction\",\"target\":[\"https:\\\/\\\/fogeka-rdc.org\\\/index.php\\\/2026\\\/08\\\/06\\\/rdc-politique-ludps-tshisekedi-lance-un-appel-a-la-restitution\\\/\"]}]},{\"@type\":\"ImageObject\",\"inLanguage\":\"fr-FR\",\"@id\":\"https:\\\/\\\/fogeka-rdc.org\\\/index.php\\\/2026\\\/08\\\/06\\\/rdc-politique-ludps-tshisekedi-lance-un-appel-a-la-restitution\\\/#primaryimage\",\"url\":\"https:\\\/\\\/fogeka-rdc.org\\\/wp-content\\\/uploads\\\/2026\\\/08\\\/Augustin-Kabuya_UDPS.jpg\",\"contentUrl\":\"https:\\\/\\\/fogeka-rdc.org\\\/wp-content\\\/uploads\\\/2026\\\/08\\\/Augustin-Kabuya_UDPS.jpg\",\"width\":992,\"height\":685},{\"@type\":\"BreadcrumbList\",\"@id\":\"https:\\\/\\\/fogeka-rdc.org\\\/index.php\\\/2026\\\/08\\\/06\\\/rdc-politique-ludps-tshisekedi-lance-un-appel-a-la-restitution\\\/#breadcrumb\",\"itemListElement\":[{\"@type\":\"ListItem\",\"position\":1,\"name\":\"Accueil\",\"item\":\"https:\\\/\\\/fogeka-rdc.org\\\/\"},{\"@type\":\"ListItem\",\"position\":2,\"name\":\"RDC \u2013 Politique : L\u2019UDPS\\\/Tshisekedi lance un appel \u00e0 la restitution\"}]},{\"@type\":\"WebSite\",\"@id\":\"https:\\\/\\\/fogeka-rdc.org\\\/#website\",\"url\":\"https:\\\/\\\/fogeka-rdc.org\\\/\",\"name\":\"fogeka-rdc\",\"description\":\"Agro foresterie, dans la paix, pour le d\u00e9veloppement\",\"publisher\":{\"@id\":\"https:\\\/\\\/fogeka-rdc.org\\\/#organization\"},\"potentialAction\":[{\"@type\":\"SearchAction\",\"target\":{\"@type\":\"EntryPoint\",\"urlTemplate\":\"https:\\\/\\\/fogeka-rdc.org\\\/?s={search_term_string}\"},\"query-input\":{\"@type\":\"PropertyValueSpecification\",\"valueRequired\":true,\"valueName\":\"search_term_string\"}}],\"inLanguage\":\"fr-FR\"},{\"@type\":\"Organization\",\"@id\":\"https:\\\/\\\/fogeka-rdc.org\\\/#organization\",\"name\":\"fogeka-rdc\",\"url\":\"https:\\\/\\\/fogeka-rdc.org\\\/\",\"logo\":{\"@type\":\"ImageObject\",\"inLanguage\":\"fr-FR\",\"@id\":\"https:\\\/\\\/fogeka-rdc.org\\\/#\\\/schema\\\/logo\\\/image\\\/\",\"url\":\"https:\\\/\\\/fogeka-rdc.org\\\/wp-content\\\/uploads\\\/2025\\\/09\\\/cropped-cropped-WhatsApp-Image-2025-09-12-at-23.09.05.jpeg\",\"contentUrl\":\"https:\\\/\\\/fogeka-rdc.org\\\/wp-content\\\/uploads\\\/2025\\\/09\\\/cropped-cropped-WhatsApp-Image-2025-09-12-at-23.09.05.jpeg\",\"width\":250,\"height\":134,\"caption\":\"fogeka-rdc\"},\"image\":{\"@id\":\"https:\\\/\\\/fogeka-rdc.org\\\/#\\\/schema\\\/logo\\\/image\\\/\"}},{\"@type\":\"Person\",\"@id\":\"https:\\\/\\\/fogeka-rdc.org\\\/#\\\/schema\\\/person\\\/326652cf3d7bfcbab6d224e17d6992ef\",\"name\":\"Fogeka Fogekardc\",\"image\":{\"@type\":\"ImageObject\",\"inLanguage\":\"fr-FR\",\"@id\":\"https:\\\/\\\/secure.gravatar.com\\\/avatar\\\/7409435eb90dab5dd3e21946e11423d79d4fd27d0d76a9a6883c8f31758a7ecd?s=96&d=mm&r=g\",\"url\":\"https:\\\/\\\/secure.gravatar.com\\\/avatar\\\/7409435eb90dab5dd3e21946e11423d79d4fd27d0d76a9a6883c8f31758a7ecd?s=96&d=mm&r=g\",\"contentUrl\":\"https:\\\/\\\/secure.gravatar.com\\\/avatar\\\/7409435eb90dab5dd3e21946e11423d79d4fd27d0d76a9a6883c8f31758a7ecd?s=96&d=mm&r=g\",\"caption\":\"Fogeka Fogekardc\"},\"url\":\"https:\\\/\\\/fogeka-rdc.org\\\/index.php\\\/author\\\/fogeka-admin\\\/\"}]}<\/script>\n<!-- \/ Yoast SEO plugin. -->","yoast_head_json":{"title":"RDC \u2013 Politique : L\u2019UDPS\/Tshisekedi lance un appel \u00e0 la restitution - fogeka-rdc","robots":{"index":"index","follow":"follow","max-snippet":"max-snippet:-1","max-image-preview":"max-image-preview:large","max-video-preview":"max-video-preview:-1"},"canonical":"https:\/\/fogeka-rdc.org\/index.php\/2026\/08\/06\/rdc-politique-ludps-tshisekedi-lance-un-appel-a-la-restitution\/","og_locale":"fr_FR","og_type":"article","og_title":"RDC \u2013 Politique : L\u2019UDPS\/Tshisekedi lance un appel \u00e0 la restitution - fogeka-rdc","og_description":"La Pr\u00e9sidence de l\u2019Union pour la D\u00e9mocratie et le Progr\u00e8s Social \/ Tshisekedi convoque l\u2019ensemble de ses structures et la&hellip;","og_url":"https:\/\/fogeka-rdc.org\/index.php\/2026\/08\/06\/rdc-politique-ludps-tshisekedi-lance-un-appel-a-la-restitution\/","og_site_name":"fogeka-rdc","article_published_time":"2026-08-06T14:28:16+00:00","article_modified_time":"2026-08-11T14:34:25+00:00","og_image":[{"width":992,"height":685,"url":"https:\/\/fogeka-rdc.org\/wp-content\/uploads\/2026\/08\/Augustin-Kabuya_UDPS.jpg","type":"image\/jpeg"}],"author":"Fogeka Fogekardc","twitter_card":"summary_large_image","twitter_misc":{"\u00c9crit par":"Fogeka Fogekardc","Dur\u00e9e de lecture estim\u00e9e":"2 minutes"},"schema":{"@context":"https:\/\/schema.org","@graph":[{"@type":"Article","@id":"https:\/\/fogeka-rdc.org\/index.php\/2026\/08\/06\/rdc-politique-ludps-tshisekedi-lance-un-appel-a-la-restitution\/#article","isPartOf":{"@id":"https:\/\/fogeka-rdc.org\/index.php\/2026\/08\/06\/rdc-politique-ludps-tshisekedi-lance-un-appel-a-la-restitution\/"},"author":{"name":"Fogeka Fogekardc","@id":"https:\/\/fogeka-rdc.org\/#\/schema\/person\/326652cf3d7bfcbab6d224e17d6992ef"},"headline":"RDC \u2013 Politique : L\u2019UDPS\/Tshisekedi lance un appel \u00e0 la restitution","datePublished":"2026-08-06T14:28:16+00:00","dateModified":"2026-08-11T14:34:25+00:00","mainEntityOfPage":{"@id":"https:\/\/fogeka-rdc.org\/index.php\/2026\/08\/06\/rdc-politique-ludps-tshisekedi-lance-un-appel-a-la-restitution\/"},"wordCount":393,"commentCount":0,"publisher":{"@id":"https:\/\/fogeka-rdc.org\/#organization"},"image":{"@id":"https:\/\/fogeka-rdc.org\/index.php\/2026\/08\/06\/rdc-politique-ludps-tshisekedi-lance-un-appel-a-la-restitution\/#primaryimage"},"thumbnailUrl":"https:\/\/fogeka-rdc.org\/wp-content\/uploads\/2026\/08\/Augustin-Kabuya_UDPS.jpg","articleSection":["Politique"],"inLanguage":"fr-FR","potentialAction":[{"@type":"CommentAction","name":"Comment","target":["https:\/\/fogeka-rdc.org\/index.php\/2026\/08\/06\/rdc-politique-ludps-tshisekedi-lance-un-appel-a-la-restitution\/#respond"]}]},{"@type":"WebPage","@id":"https:\/\/fogeka-rdc.org\/index.php\/2026\/08\/06\/rdc-politique-ludps-tshisekedi-lance-un-appel-a-la-restitution\/","url":"https:\/\/fogeka-rdc.org\/index.php\/2026\/08\/06\/rdc-politique-ludps-tshisekedi-lance-un-appel-a-la-restitution\/","name":"RDC \u2013 Politique : L\u2019UDPS\/Tshisekedi lance un appel \u00e0 la restitution - fogeka-rdc","isPartOf":{"@id":"https:\/\/fogeka-rdc.org\/#website"},"primaryImageOfPage":{"@id":"https:\/\/fogeka-rdc.org\/index.php\/2026\/08\/06\/rdc-politique-ludps-tshisekedi-lance-un-appel-a-la-restitution\/#primaryimage"},"image":{"@id":"https:\/\/fogeka-rdc.org\/index.php\/2026\/08\/06\/rdc-politique-ludps-tshisekedi-lance-un-appel-a-la-restitution\/#primaryimage"},"thumbnailUrl":"https:\/\/fogeka-rdc.org\/wp-content\/uploads\/2026\/08\/Augustin-Kabuya_UDPS.jpg","datePublished":"2026-08-06T14:28:16+00:00","dateModified":"2026-08-11T14:34:25+00:00","breadcrumb":{"@id":"https:\/\/fogeka-rdc.org\/index.php\/2026\/08\/06\/rdc-politique-ludps-tshisekedi-lance-un-appel-a-la-restitution\/#breadcrumb"},"inLanguage":"fr-FR","potentialAction":[{"@type":"ReadAction","target":["https:\/\/fogeka-rdc.org\/index.php\/2026\/08\/06\/rdc-politique-ludps-tshisekedi-lance-un-appel-a-la-restitution\/"]}]},{"@type":"ImageObject","inLanguage":"fr-FR","@id":"https:\/\/fogeka-rdc.org\/index.php\/2026\/08\/06\/rdc-politique-ludps-tshisekedi-lance-un-appel-a-la-restitution\/#primaryimage","url":"https:\/\/fogeka-rdc.org\/wp-content\/uploads\/2026\/08\/Augustin-Kabuya_UDPS.jpg","contentUrl":"https:\/\/fogeka-rdc.org\/wp-content\/uploads\/2026\/08\/Augustin-Kabuya_UDPS.jpg","width":992,"height":685},{"@type":"BreadcrumbList","@id":"https:\/\/fogeka-rdc.org\/index.php\/2026\/08\/06\/rdc-politique-ludps-tshisekedi-lance-un-appel-a-la-restitution\/#breadcrumb","itemListElement":[{"@type":"ListItem","position":1,"name":"Accueil","item":"https:\/\/fogeka-rdc.org\/"},{"@type":"ListItem","position":2,"name":"RDC \u2013 Politique : L\u2019UDPS\/Tshisekedi lance un appel \u00e0 la restitution"}]},{"@type":"WebSite","@id":"https:\/\/fogeka-rdc.org\/#website","url":"https:\/\/fogeka-rdc.org\/","name":"fogeka-rdc","description":"Agro foresterie, dans la paix, pour le d\u00e9veloppement","publisher":{"@id":"https:\/\/fogeka-rdc.org\/#organization"},"potentialAction":[{"@type":"SearchAction","target":{"@type":"EntryPoint","urlTemplate":"https:\/\/fogeka-rdc.org\/?s={search_term_string}"},"query-input":{"@type":"PropertyValueSpecification","valueRequired":true,"valueName":"search_term_string"}}],"inLanguage":"fr-FR"},{"@type":"Organization","@id":"https:\/\/fogeka-rdc.org\/#organization","name":"fogeka-rdc","url":"https:\/\/fogeka-rdc.org\/","logo":{"@type":"ImageObject","inLanguage":"fr-FR","@id":"https:\/\/fogeka-rdc.org\/#\/schema\/logo\/image\/","url":"https:\/\/fogeka-rdc.org\/wp-content\/uploads\/2025\/09\/cropped-cropped-WhatsApp-Image-2025-09-12-at-23.09.05.jpeg","contentUrl":"https:\/\/fogeka-rdc.org\/wp-content\/uploads\/2025\/09\/cropped-cropped-WhatsApp-Image-2025-09-12-at-23.09.05.jpeg","width":250,"height":134,"caption":"fogeka-rdc"},"image":{"@id":"https:\/\/fogeka-rdc.org\/#\/schema\/logo\/image\/"}},{"@type":"Person","@id":"https:\/\/fogeka-rdc.org\/#\/schema\/person\/326652cf3d7bfcbab6d224e17d6992ef","name":"Fogeka Fogekardc","image":{"@type":"ImageObject","inLanguage":"fr-FR","@id":"https:\/\/secure.gravatar.com\/avatar\/7409435eb90dab5dd3e21946e11423d79d4fd27d0d76a9a6883c8f31758a7ecd?s=96&d=mm&r=g","url":"https:\/\/secure.gravatar.com\/avatar\/7409435eb90dab5dd3e21946e11423d79d4fd27d0d76a9a6883c8f31758a7ecd?s=96&d=mm&r=g","contentUrl":"https:\/\/secure.gravatar.com\/avatar\/7409435eb90dab5dd3e21946e11423d79d4fd27d0d76a9a6883c8f31758a7ecd?s=96&d=mm&r=g","caption":"Fogeka Fogekardc"},"url":"https:\/\/fogeka-rdc.org\/index.php\/author\/fogeka-admin\/"}]}},"_links":{"self":[{"href":"https:\/\/fogeka-rdc.org\/index.php\/wp-json\/wp\/v2\/posts\/578","targetHints":{"allow":["GET"]}}],"collection":[{"href":"https:\/\/fogeka-rdc.org\/index.php\/wp-json\/wp\/v2\/posts"}],"about":[{"href":"https:\/\/fogeka-rdc.org\/index.php\/wp-json\/wp\/v2\/types\/post"}],"author":[{"embeddable":true,"href":"https:\/\/fogeka-rdc.org\/index.php\/wp-json\/wp\/v2\/users\/2"}],"replies":[{"embeddable":true,"href":"https:\/\/fogeka-rdc.org\/index.php\/wp-json\/wp\/v2\/comments?post=578"}],"version-history":[{"count":1,"href":"https:\/\/fogeka-rdc.org\/index.php\/wp-json\/wp\/v2\/posts\/578\/revisions"}],"predecessor-version":[{"id":579,"href":"https:\/\/fogeka-rdc.org\/index.php\/wp-json\/wp\/v2\/posts\/578\/revisions\/579"}],"wp:featuredmedia":[{"embeddable":true,"href":"https:\/\/fogeka-rdc.org\/index.php\/wp-json\/wp\/v2\/media\/572"}],"wp:attachment":[{"href":"https:\/\/fogeka-rdc.org\/index.php\/wp-json\/wp\/v2\/media?parent=578"}],"wp:term":[{"taxonomy":"category","embeddable":true,"href":"https:\/\/fogeka-rdc.org\/index.php\/wp-json\/wp\/v2\/categories?post=578"},{"taxonomy":"post_tag","embeddable":true,"href":"https:\/\/fogeka-rdc.org\/index.php\/wp-json\/wp\/v2\/tags?post=578"}],"curies":[{"name":"wp","href":"https:\/\/api.w.org\/{rel}","templated":true}]}}