{"id":589,"date":"2026-08-05T14:55:03","date_gmt":"2026-08-05T14:55:03","guid":{"rendered":"https:\/\/fogeka-rdc.org\/?p=589"},"modified":"2026-08-11T15:00:04","modified_gmt":"2026-08-11T15:00:04","slug":"rdc-opinion-politique-de-lheure-de-la-lutte-detienne-tshisekedi-a-la-diplomatie-de-felix-tshisekedi-ludps-au-service-de-la-nation","status":"publish","type":"post","link":"https:\/\/fogeka-rdc.org\/index.php\/2026\/08\/05\/rdc-opinion-politique-de-lheure-de-la-lutte-detienne-tshisekedi-a-la-diplomatie-de-felix-tshisekedi-ludps-au-service-de-la-nation\/","title":{"rendered":"RDC- Opinion politique de l&rsquo;heure : De la lutte d\u2019\u00c9tienne Tshisekedi \u00e0 la diplomatie de F\u00e9lix Tshisekedi, l\u2019UDPS au service de la nation"},"content":{"rendered":"<p dir=\"ltr\">La m\u00e9moire politique de la RDC porte un nom : \u00c9tienne Tshisekedi wa Mulumba. Figure de r\u00e9sistance et p\u00e8re fondateur* *de l\u2019UDPS, il a incarn\u00e9 pendant des d\u00e9cennies l\u2019exigence d\u2019un \u00c9tat de droit, la libert\u00e9 d\u2019expression et la souverainet\u00e9* *du peuple congolais. Son combat, souvent au prix de l\u2019exil et de la prison, a structur\u00e9 l\u2019opposition* *d\u00e9mocratique et donn\u00e9 \u00e0 l\u2019UDPS une identit\u00e9 : tenir, malgr\u00e9 les vents contraires, pour une R\u00e9publique* *juste.*<\/p>\n<p>&nbsp;<\/p>\n<p dir=\"ltr\">Cet h\u00e9ritage se prolonge aujourd\u2019hui dans l\u2019engagement de l\u2019UDPS au pouvoir et dans l\u2019action de F\u00e9lix Antoine Tshisekedi Tshilombo. Arriv\u00e9 \u00e0 la t\u00eate du pays en janvier 2019, le Pr\u00e9sident a fait du redressement institutionnel une priorit\u00e9 : renforcement de l\u2019ind\u00e9pendance judiciaire, lutte contre la corruption, lib\u00e9ration de prisonniers politiques et promotion des libert\u00e9s fondamentales. Sur le plan social, la gratuit\u00e9 de l\u2019enseignement primaire, les efforts en sant\u00e9 et la cr\u00e9ation d\u2019opportunit\u00e9s pour les jeunes traduisent une volont\u00e9 de rapprocher l\u2019\u00c9tat du citoyen.<\/p>\n<p>&nbsp;<\/p>\n<p dir=\"ltr\">\u00a0*Sur le plan diplomatique, la rupture est nette. F\u00e9lix Tshisekedi a r\u00e9affirm\u00e9 que la RDC ne se n\u00e9gocie pas. Il a d\u00e9nonc\u00e9* *ouvertement les agressions et plac\u00e9 l\u2019int\u00e9grit\u00e9 territoriale comme ligne rouge dans toutes les discussions r\u00e9gionales.* L\u2019accord de paix sign\u00e9 avec le Rwanda en juin 2025, sous l\u2019\u00e9gide des \u00c9tats-Unis, vise le retrait des troupes \u00e9trang\u00e8res et le d\u00e9sarmement des groupes arm\u00e9s. Une \u00ab diplomatie agissante \u00bb pour stabiliser l\u2019Est apr\u00e8s plus de 30 ans de tensions.<\/p>\n<p>&nbsp;<\/p>\n<p dir=\"ltr\">Au-del\u00e0 de la diplomatie, l\u2019urgence est int\u00e9rieure. Le peuple congolais exige l\u2019expression de sa volont\u00e9 souveraine \u00e0 travers *une constitution citoyenne, version congolaise, et non dict\u00e9e de* *l\u2019ext\u00e9rieur. D\u2019o\u00f9 la n\u00e9cessit\u00e9 de rassembler tous les Congolais autour d\u2019une table, sans* *\u00e9trangers ni bellig\u00e9rants, pour un dialogue national inclusif.*<\/p>\n<p>&nbsp;<\/p>\n<p dir=\"ltr\">Les attentes apr\u00e8s ce dialogue sont claires :<\/p>\n<p dir=\"ltr\">&#8211; *La souverainet\u00e9 de la RDC* : garantie et respect\u00e9e par tous.<\/p>\n<p dir=\"ltr\">&#8211; *Le retour des r\u00e9fugi\u00e9s et d\u00e9plac\u00e9s de guerre* : dans la dignit\u00e9 et la s\u00e9curit\u00e9.<\/p>\n<p dir=\"ltr\">&#8211; *Un gouvernement d\u2019union nationale* : ax\u00e9 sur la cr\u00e9ation d\u2019emplois pour les jeunes et le d\u00e9veloppement.<\/p>\n<p dir=\"ltr\">&#8211; *La mise en valeur des ressources naturelles* : au profit exclusif de la population congolaise.<\/p>\n<p dir=\"ltr\">&#8211; *La paix, la s\u00e9curit\u00e9 et le social* : comme socle de la reconstruction nationale.<\/p>\n<p>&nbsp;<\/p>\n<p dir=\"ltr\">Entre m\u00e9moire et action, entre r\u00e9sistance et gouvernance, la trajectoire de l\u2019UDPS reste la m\u00eame : faire de la volont\u00e9 populaire la boussole, et de la stabilit\u00e9 politique et sociale une r\u00e9alit\u00e9 concr\u00e8te pour les Congolais.<\/p>\n<p dir=\"ltr\">\n","protected":false},"excerpt":{"rendered":"<p>La m\u00e9moire politique de la RDC porte un nom : \u00c9tienne Tshisekedi wa Mulumba. Figure de r\u00e9sistance et p\u00e8re fondateur*&hellip;<\/p>\n","protected":false},"author":2,"featured_media":591,"comment_status":"open","ping_status":"open","sticky":true,"template":"","format":"standard","meta":{"footnotes":""},"categories":[14],"tags":[],"class_list":["post-589","post","type-post","status-publish","format-standard","has-post-thumbnail","hentry","category-politique"],"yoast_head":"<!-- This site is optimized with the Yoast SEO plugin v28.3 - https:\/\/yoast.com\/product\/yoast-seo-wordpress\/ -->\n<title>RDC- Opinion politique de l&#039;heure : De la lutte d\u2019\u00c9tienne Tshisekedi \u00e0 la diplomatie de F\u00e9lix Tshisekedi, l\u2019UDPS au service de la nation - fogeka-rdc<\/title>\n<meta name=\"robots\" content=\"index, follow, max-snippet:-1, max-image-preview:large, max-video-preview:-1\" \/>\n<link rel=\"canonical\" href=\"https:\/\/fogeka-rdc.org\/index.php\/2026\/08\/05\/rdc-opinion-politique-de-lheure-de-la-lutte-detienne-tshisekedi-a-la-diplomatie-de-felix-tshisekedi-ludps-au-service-de-la-nation\/\" \/>\n<meta property=\"og:locale\" content=\"fr_FR\" \/>\n<meta property=\"og:type\" content=\"article\" \/>\n<meta property=\"og:title\" content=\"RDC- Opinion politique de l&#039;heure : De la lutte d\u2019\u00c9tienne Tshisekedi \u00e0 la diplomatie de F\u00e9lix Tshisekedi, l\u2019UDPS au service de la nation - fogeka-rdc\" \/>\n<meta property=\"og:description\" content=\"La m\u00e9moire politique de la RDC porte un nom : \u00c9tienne Tshisekedi wa Mulumba. Figure de r\u00e9sistance et p\u00e8re fondateur*&hellip;\" \/>\n<meta property=\"og:url\" content=\"https:\/\/fogeka-rdc.org\/index.php\/2026\/08\/05\/rdc-opinion-politique-de-lheure-de-la-lutte-detienne-tshisekedi-a-la-diplomatie-de-felix-tshisekedi-ludps-au-service-de-la-nation\/\" \/>\n<meta property=\"og:site_name\" content=\"fogeka-rdc\" \/>\n<meta property=\"article:published_time\" content=\"2026-08-05T14:55:03+00:00\" \/>\n<meta property=\"article:modified_time\" content=\"2026-08-11T15:00:04+00:00\" \/>\n<meta property=\"og:image\" content=\"https:\/\/fogeka-rdc.org\/wp-content\/uploads\/2026\/08\/President-RDC_Felix-1.jpg\" \/>\n\t<meta property=\"og:image:width\" content=\"1080\" \/>\n\t<meta property=\"og:image:height\" content=\"720\" \/>\n\t<meta property=\"og:image:type\" content=\"image\/jpeg\" \/>\n<meta name=\"author\" content=\"Fogeka Fogekardc\" \/>\n<meta name=\"twitter:card\" content=\"summary_large_image\" \/>\n<meta name=\"twitter:label1\" content=\"\u00c9crit par\" \/>\n\t<meta name=\"twitter:data1\" content=\"Fogeka Fogekardc\" \/>\n\t<meta name=\"twitter:label2\" content=\"Dur\u00e9e de lecture estim\u00e9e\" \/>\n\t<meta name=\"twitter:data2\" content=\"3 minutes\" \/>\n<script type=\"application\/ld+json\" class=\"yoast-schema-graph\">{\"@context\":\"https:\\\/\\\/schema.org\",\"@graph\":[{\"@type\":\"Article\",\"@id\":\"https:\\\/\\\/fogeka-rdc.org\\\/index.php\\\/2026\\\/08\\\/05\\\/rdc-opinion-politique-de-lheure-de-la-lutte-detienne-tshisekedi-a-la-diplomatie-de-felix-tshisekedi-ludps-au-service-de-la-nation\\\/#article\",\"isPartOf\":{\"@id\":\"https:\\\/\\\/fogeka-rdc.org\\\/index.php\\\/2026\\\/08\\\/05\\\/rdc-opinion-politique-de-lheure-de-la-lutte-detienne-tshisekedi-a-la-diplomatie-de-felix-tshisekedi-ludps-au-service-de-la-nation\\\/\"},\"author\":{\"name\":\"Fogeka Fogekardc\",\"@id\":\"https:\\\/\\\/fogeka-rdc.org\\\/#\\\/schema\\\/person\\\/326652cf3d7bfcbab6d224e17d6992ef\"},\"headline\":\"RDC- Opinion politique de l&rsquo;heure : De la lutte d\u2019\u00c9tienne Tshisekedi \u00e0 la diplomatie de F\u00e9lix Tshisekedi, l\u2019UDPS au service de la nation\",\"datePublished\":\"2026-08-05T14:55:03+00:00\",\"dateModified\":\"2026-08-11T15:00:04+00:00\",\"mainEntityOfPage\":{\"@id\":\"https:\\\/\\\/fogeka-rdc.org\\\/index.php\\\/2026\\\/08\\\/05\\\/rdc-opinion-politique-de-lheure-de-la-lutte-detienne-tshisekedi-a-la-diplomatie-de-felix-tshisekedi-ludps-au-service-de-la-nation\\\/\"},\"wordCount\":486,\"commentCount\":0,\"publisher\":{\"@id\":\"https:\\\/\\\/fogeka-rdc.org\\\/#organization\"},\"image\":{\"@id\":\"https:\\\/\\\/fogeka-rdc.org\\\/index.php\\\/2026\\\/08\\\/05\\\/rdc-opinion-politique-de-lheure-de-la-lutte-detienne-tshisekedi-a-la-diplomatie-de-felix-tshisekedi-ludps-au-service-de-la-nation\\\/#primaryimage\"},\"thumbnailUrl\":\"https:\\\/\\\/fogeka-rdc.org\\\/wp-content\\\/uploads\\\/2026\\\/08\\\/President-RDC_Felix-1.jpg\",\"articleSection\":[\"Politique\"],\"inLanguage\":\"fr-FR\",\"potentialAction\":[{\"@type\":\"CommentAction\",\"name\":\"Comment\",\"target\":[\"https:\\\/\\\/fogeka-rdc.org\\\/index.php\\\/2026\\\/08\\\/05\\\/rdc-opinion-politique-de-lheure-de-la-lutte-detienne-tshisekedi-a-la-diplomatie-de-felix-tshisekedi-ludps-au-service-de-la-nation\\\/#respond\"]}]},{\"@type\":\"WebPage\",\"@id\":\"https:\\\/\\\/fogeka-rdc.org\\\/index.php\\\/2026\\\/08\\\/05\\\/rdc-opinion-politique-de-lheure-de-la-lutte-detienne-tshisekedi-a-la-diplomatie-de-felix-tshisekedi-ludps-au-service-de-la-nation\\\/\",\"url\":\"https:\\\/\\\/fogeka-rdc.org\\\/index.php\\\/2026\\\/08\\\/05\\\/rdc-opinion-politique-de-lheure-de-la-lutte-detienne-tshisekedi-a-la-diplomatie-de-felix-tshisekedi-ludps-au-service-de-la-nation\\\/\",\"name\":\"RDC- Opinion politique de l'heure : De la lutte d\u2019\u00c9tienne Tshisekedi \u00e0 la diplomatie de F\u00e9lix Tshisekedi, l\u2019UDPS au service de la nation - fogeka-rdc\",\"isPartOf\":{\"@id\":\"https:\\\/\\\/fogeka-rdc.org\\\/#website\"},\"primaryImageOfPage\":{\"@id\":\"https:\\\/\\\/fogeka-rdc.org\\\/index.php\\\/2026\\\/08\\\/05\\\/rdc-opinion-politique-de-lheure-de-la-lutte-detienne-tshisekedi-a-la-diplomatie-de-felix-tshisekedi-ludps-au-service-de-la-nation\\\/#primaryimage\"},\"image\":{\"@id\":\"https:\\\/\\\/fogeka-rdc.org\\\/index.php\\\/2026\\\/08\\\/05\\\/rdc-opinion-politique-de-lheure-de-la-lutte-detienne-tshisekedi-a-la-diplomatie-de-felix-tshisekedi-ludps-au-service-de-la-nation\\\/#primaryimage\"},\"thumbnailUrl\":\"https:\\\/\\\/fogeka-rdc.org\\\/wp-content\\\/uploads\\\/2026\\\/08\\\/President-RDC_Felix-1.jpg\",\"datePublished\":\"2026-08-05T14:55:03+00:00\",\"dateModified\":\"2026-08-11T15:00:04+00:00\",\"breadcrumb\":{\"@id\":\"https:\\\/\\\/fogeka-rdc.org\\\/index.php\\\/2026\\\/08\\\/05\\\/rdc-opinion-politique-de-lheure-de-la-lutte-detienne-tshisekedi-a-la-diplomatie-de-felix-tshisekedi-ludps-au-service-de-la-nation\\\/#breadcrumb\"},\"inLanguage\":\"fr-FR\",\"potentialAction\":[{\"@type\":\"ReadAction\",\"target\":[\"https:\\\/\\\/fogeka-rdc.org\\\/index.php\\\/2026\\\/08\\\/05\\\/rdc-opinion-politique-de-lheure-de-la-lutte-detienne-tshisekedi-a-la-diplomatie-de-felix-tshisekedi-ludps-au-service-de-la-nation\\\/\"]}]},{\"@type\":\"ImageObject\",\"inLanguage\":\"fr-FR\",\"@id\":\"https:\\\/\\\/fogeka-rdc.org\\\/index.php\\\/2026\\\/08\\\/05\\\/rdc-opinion-politique-de-lheure-de-la-lutte-detienne-tshisekedi-a-la-diplomatie-de-felix-tshisekedi-ludps-au-service-de-la-nation\\\/#primaryimage\",\"url\":\"https:\\\/\\\/fogeka-rdc.org\\\/wp-content\\\/uploads\\\/2026\\\/08\\\/President-RDC_Felix-1.jpg\",\"contentUrl\":\"https:\\\/\\\/fogeka-rdc.org\\\/wp-content\\\/uploads\\\/2026\\\/08\\\/President-RDC_Felix-1.jpg\",\"width\":1080,\"height\":720},{\"@type\":\"BreadcrumbList\",\"@id\":\"https:\\\/\\\/fogeka-rdc.org\\\/index.php\\\/2026\\\/08\\\/05\\\/rdc-opinion-politique-de-lheure-de-la-lutte-detienne-tshisekedi-a-la-diplomatie-de-felix-tshisekedi-ludps-au-service-de-la-nation\\\/#breadcrumb\",\"itemListElement\":[{\"@type\":\"ListItem\",\"position\":1,\"name\":\"Accueil\",\"item\":\"https:\\\/\\\/fogeka-rdc.org\\\/\"},{\"@type\":\"ListItem\",\"position\":2,\"name\":\"RDC- Opinion politique de l&rsquo;heure : De la lutte d\u2019\u00c9tienne Tshisekedi \u00e0 la diplomatie de F\u00e9lix Tshisekedi, l\u2019UDPS au service de la nation\"}]},{\"@type\":\"WebSite\",\"@id\":\"https:\\\/\\\/fogeka-rdc.org\\\/#website\",\"url\":\"https:\\\/\\\/fogeka-rdc.org\\\/\",\"name\":\"fogeka-rdc\",\"description\":\"Agro foresterie, dans la paix, pour le d\u00e9veloppement\",\"publisher\":{\"@id\":\"https:\\\/\\\/fogeka-rdc.org\\\/#organization\"},\"potentialAction\":[{\"@type\":\"SearchAction\",\"target\":{\"@type\":\"EntryPoint\",\"urlTemplate\":\"https:\\\/\\\/fogeka-rdc.org\\\/?s={search_term_string}\"},\"query-input\":{\"@type\":\"PropertyValueSpecification\",\"valueRequired\":true,\"valueName\":\"search_term_string\"}}],\"inLanguage\":\"fr-FR\"},{\"@type\":\"Organization\",\"@id\":\"https:\\\/\\\/fogeka-rdc.org\\\/#organization\",\"name\":\"fogeka-rdc\",\"url\":\"https:\\\/\\\/fogeka-rdc.org\\\/\",\"logo\":{\"@type\":\"ImageObject\",\"inLanguage\":\"fr-FR\",\"@id\":\"https:\\\/\\\/fogeka-rdc.org\\\/#\\\/schema\\\/logo\\\/image\\\/\",\"url\":\"https:\\\/\\\/fogeka-rdc.org\\\/wp-content\\\/uploads\\\/2025\\\/09\\\/cropped-cropped-WhatsApp-Image-2025-09-12-at-23.09.05.jpeg\",\"contentUrl\":\"https:\\\/\\\/fogeka-rdc.org\\\/wp-content\\\/uploads\\\/2025\\\/09\\\/cropped-cropped-WhatsApp-Image-2025-09-12-at-23.09.05.jpeg\",\"width\":250,\"height\":134,\"caption\":\"fogeka-rdc\"},\"image\":{\"@id\":\"https:\\\/\\\/fogeka-rdc.org\\\/#\\\/schema\\\/logo\\\/image\\\/\"}},{\"@type\":\"Person\",\"@id\":\"https:\\\/\\\/fogeka-rdc.org\\\/#\\\/schema\\\/person\\\/326652cf3d7bfcbab6d224e17d6992ef\",\"name\":\"Fogeka Fogekardc\",\"image\":{\"@type\":\"ImageObject\",\"inLanguage\":\"fr-FR\",\"@id\":\"https:\\\/\\\/secure.gravatar.com\\\/avatar\\\/7409435eb90dab5dd3e21946e11423d79d4fd27d0d76a9a6883c8f31758a7ecd?s=96&d=mm&r=g\",\"url\":\"https:\\\/\\\/secure.gravatar.com\\\/avatar\\\/7409435eb90dab5dd3e21946e11423d79d4fd27d0d76a9a6883c8f31758a7ecd?s=96&d=mm&r=g\",\"contentUrl\":\"https:\\\/\\\/secure.gravatar.com\\\/avatar\\\/7409435eb90dab5dd3e21946e11423d79d4fd27d0d76a9a6883c8f31758a7ecd?s=96&d=mm&r=g\",\"caption\":\"Fogeka Fogekardc\"},\"url\":\"https:\\\/\\\/fogeka-rdc.org\\\/index.php\\\/author\\\/fogeka-admin\\\/\"}]}<\/script>\n<!-- \/ Yoast SEO plugin. -->","yoast_head_json":{"title":"RDC- Opinion politique de l'heure : De la lutte d\u2019\u00c9tienne Tshisekedi \u00e0 la diplomatie de F\u00e9lix Tshisekedi, l\u2019UDPS au service de la nation - fogeka-rdc","robots":{"index":"index","follow":"follow","max-snippet":"max-snippet:-1","max-image-preview":"max-image-preview:large","max-video-preview":"max-video-preview:-1"},"canonical":"https:\/\/fogeka-rdc.org\/index.php\/2026\/08\/05\/rdc-opinion-politique-de-lheure-de-la-lutte-detienne-tshisekedi-a-la-diplomatie-de-felix-tshisekedi-ludps-au-service-de-la-nation\/","og_locale":"fr_FR","og_type":"article","og_title":"RDC- Opinion politique de l'heure : De la lutte d\u2019\u00c9tienne Tshisekedi \u00e0 la diplomatie de F\u00e9lix Tshisekedi, l\u2019UDPS au service de la nation - fogeka-rdc","og_description":"La m\u00e9moire politique de la RDC porte un nom : \u00c9tienne Tshisekedi wa Mulumba. Figure de r\u00e9sistance et p\u00e8re fondateur*&hellip;","og_url":"https:\/\/fogeka-rdc.org\/index.php\/2026\/08\/05\/rdc-opinion-politique-de-lheure-de-la-lutte-detienne-tshisekedi-a-la-diplomatie-de-felix-tshisekedi-ludps-au-service-de-la-nation\/","og_site_name":"fogeka-rdc","article_published_time":"2026-08-05T14:55:03+00:00","article_modified_time":"2026-08-11T15:00:04+00:00","og_image":[{"width":1080,"height":720,"url":"https:\/\/fogeka-rdc.org\/wp-content\/uploads\/2026\/08\/President-RDC_Felix-1.jpg","type":"image\/jpeg"}],"author":"Fogeka Fogekardc","twitter_card":"summary_large_image","twitter_misc":{"\u00c9crit par":"Fogeka Fogekardc","Dur\u00e9e de lecture estim\u00e9e":"3 minutes"},"schema":{"@context":"https:\/\/schema.org","@graph":[{"@type":"Article","@id":"https:\/\/fogeka-rdc.org\/index.php\/2026\/08\/05\/rdc-opinion-politique-de-lheure-de-la-lutte-detienne-tshisekedi-a-la-diplomatie-de-felix-tshisekedi-ludps-au-service-de-la-nation\/#article","isPartOf":{"@id":"https:\/\/fogeka-rdc.org\/index.php\/2026\/08\/05\/rdc-opinion-politique-de-lheure-de-la-lutte-detienne-tshisekedi-a-la-diplomatie-de-felix-tshisekedi-ludps-au-service-de-la-nation\/"},"author":{"name":"Fogeka Fogekardc","@id":"https:\/\/fogeka-rdc.org\/#\/schema\/person\/326652cf3d7bfcbab6d224e17d6992ef"},"headline":"RDC- Opinion politique de l&rsquo;heure : De la lutte d\u2019\u00c9tienne Tshisekedi \u00e0 la diplomatie de F\u00e9lix Tshisekedi, l\u2019UDPS au service de la nation","datePublished":"2026-08-05T14:55:03+00:00","dateModified":"2026-08-11T15:00:04+00:00","mainEntityOfPage":{"@id":"https:\/\/fogeka-rdc.org\/index.php\/2026\/08\/05\/rdc-opinion-politique-de-lheure-de-la-lutte-detienne-tshisekedi-a-la-diplomatie-de-felix-tshisekedi-ludps-au-service-de-la-nation\/"},"wordCount":486,"commentCount":0,"publisher":{"@id":"https:\/\/fogeka-rdc.org\/#organization"},"image":{"@id":"https:\/\/fogeka-rdc.org\/index.php\/2026\/08\/05\/rdc-opinion-politique-de-lheure-de-la-lutte-detienne-tshisekedi-a-la-diplomatie-de-felix-tshisekedi-ludps-au-service-de-la-nation\/#primaryimage"},"thumbnailUrl":"https:\/\/fogeka-rdc.org\/wp-content\/uploads\/2026\/08\/President-RDC_Felix-1.jpg","articleSection":["Politique"],"inLanguage":"fr-FR","potentialAction":[{"@type":"CommentAction","name":"Comment","target":["https:\/\/fogeka-rdc.org\/index.php\/2026\/08\/05\/rdc-opinion-politique-de-lheure-de-la-lutte-detienne-tshisekedi-a-la-diplomatie-de-felix-tshisekedi-ludps-au-service-de-la-nation\/#respond"]}]},{"@type":"WebPage","@id":"https:\/\/fogeka-rdc.org\/index.php\/2026\/08\/05\/rdc-opinion-politique-de-lheure-de-la-lutte-detienne-tshisekedi-a-la-diplomatie-de-felix-tshisekedi-ludps-au-service-de-la-nation\/","url":"https:\/\/fogeka-rdc.org\/index.php\/2026\/08\/05\/rdc-opinion-politique-de-lheure-de-la-lutte-detienne-tshisekedi-a-la-diplomatie-de-felix-tshisekedi-ludps-au-service-de-la-nation\/","name":"RDC- Opinion politique de l'heure : De la lutte d\u2019\u00c9tienne Tshisekedi \u00e0 la diplomatie de F\u00e9lix Tshisekedi, l\u2019UDPS au service de la nation - fogeka-rdc","isPartOf":{"@id":"https:\/\/fogeka-rdc.org\/#website"},"primaryImageOfPage":{"@id":"https:\/\/fogeka-rdc.org\/index.php\/2026\/08\/05\/rdc-opinion-politique-de-lheure-de-la-lutte-detienne-tshisekedi-a-la-diplomatie-de-felix-tshisekedi-ludps-au-service-de-la-nation\/#primaryimage"},"image":{"@id":"https:\/\/fogeka-rdc.org\/index.php\/2026\/08\/05\/rdc-opinion-politique-de-lheure-de-la-lutte-detienne-tshisekedi-a-la-diplomatie-de-felix-tshisekedi-ludps-au-service-de-la-nation\/#primaryimage"},"thumbnailUrl":"https:\/\/fogeka-rdc.org\/wp-content\/uploads\/2026\/08\/President-RDC_Felix-1.jpg","datePublished":"2026-08-05T14:55:03+00:00","dateModified":"2026-08-11T15:00:04+00:00","breadcrumb":{"@id":"https:\/\/fogeka-rdc.org\/index.php\/2026\/08\/05\/rdc-opinion-politique-de-lheure-de-la-lutte-detienne-tshisekedi-a-la-diplomatie-de-felix-tshisekedi-ludps-au-service-de-la-nation\/#breadcrumb"},"inLanguage":"fr-FR","potentialAction":[{"@type":"ReadAction","target":["https:\/\/fogeka-rdc.org\/index.php\/2026\/08\/05\/rdc-opinion-politique-de-lheure-de-la-lutte-detienne-tshisekedi-a-la-diplomatie-de-felix-tshisekedi-ludps-au-service-de-la-nation\/"]}]},{"@type":"ImageObject","inLanguage":"fr-FR","@id":"https:\/\/fogeka-rdc.org\/index.php\/2026\/08\/05\/rdc-opinion-politique-de-lheure-de-la-lutte-detienne-tshisekedi-a-la-diplomatie-de-felix-tshisekedi-ludps-au-service-de-la-nation\/#primaryimage","url":"https:\/\/fogeka-rdc.org\/wp-content\/uploads\/2026\/08\/President-RDC_Felix-1.jpg","contentUrl":"https:\/\/fogeka-rdc.org\/wp-content\/uploads\/2026\/08\/President-RDC_Felix-1.jpg","width":1080,"height":720},{"@type":"BreadcrumbList","@id":"https:\/\/fogeka-rdc.org\/index.php\/2026\/08\/05\/rdc-opinion-politique-de-lheure-de-la-lutte-detienne-tshisekedi-a-la-diplomatie-de-felix-tshisekedi-ludps-au-service-de-la-nation\/#breadcrumb","itemListElement":[{"@type":"ListItem","position":1,"name":"Accueil","item":"https:\/\/fogeka-rdc.org\/"},{"@type":"ListItem","position":2,"name":"RDC- Opinion politique de l&rsquo;heure : De la lutte d\u2019\u00c9tienne Tshisekedi \u00e0 la diplomatie de F\u00e9lix Tshisekedi, l\u2019UDPS au service de la nation"}]},{"@type":"WebSite","@id":"https:\/\/fogeka-rdc.org\/#website","url":"https:\/\/fogeka-rdc.org\/","name":"fogeka-rdc","description":"Agro foresterie, dans la paix, pour le d\u00e9veloppement","publisher":{"@id":"https:\/\/fogeka-rdc.org\/#organization"},"potentialAction":[{"@type":"SearchAction","target":{"@type":"EntryPoint","urlTemplate":"https:\/\/fogeka-rdc.org\/?s={search_term_string}"},"query-input":{"@type":"PropertyValueSpecification","valueRequired":true,"valueName":"search_term_string"}}],"inLanguage":"fr-FR"},{"@type":"Organization","@id":"https:\/\/fogeka-rdc.org\/#organization","name":"fogeka-rdc","url":"https:\/\/fogeka-rdc.org\/","logo":{"@type":"ImageObject","inLanguage":"fr-FR","@id":"https:\/\/fogeka-rdc.org\/#\/schema\/logo\/image\/","url":"https:\/\/fogeka-rdc.org\/wp-content\/uploads\/2025\/09\/cropped-cropped-WhatsApp-Image-2025-09-12-at-23.09.05.jpeg","contentUrl":"https:\/\/fogeka-rdc.org\/wp-content\/uploads\/2025\/09\/cropped-cropped-WhatsApp-Image-2025-09-12-at-23.09.05.jpeg","width":250,"height":134,"caption":"fogeka-rdc"},"image":{"@id":"https:\/\/fogeka-rdc.org\/#\/schema\/logo\/image\/"}},{"@type":"Person","@id":"https:\/\/fogeka-rdc.org\/#\/schema\/person\/326652cf3d7bfcbab6d224e17d6992ef","name":"Fogeka Fogekardc","image":{"@type":"ImageObject","inLanguage":"fr-FR","@id":"https:\/\/secure.gravatar.com\/avatar\/7409435eb90dab5dd3e21946e11423d79d4fd27d0d76a9a6883c8f31758a7ecd?s=96&d=mm&r=g","url":"https:\/\/secure.gravatar.com\/avatar\/7409435eb90dab5dd3e21946e11423d79d4fd27d0d76a9a6883c8f31758a7ecd?s=96&d=mm&r=g","contentUrl":"https:\/\/secure.gravatar.com\/avatar\/7409435eb90dab5dd3e21946e11423d79d4fd27d0d76a9a6883c8f31758a7ecd?s=96&d=mm&r=g","caption":"Fogeka Fogekardc"},"url":"https:\/\/fogeka-rdc.org\/index.php\/author\/fogeka-admin\/"}]}},"_links":{"self":[{"href":"https:\/\/fogeka-rdc.org\/index.php\/wp-json\/wp\/v2\/posts\/589","targetHints":{"allow":["GET"]}}],"collection":[{"href":"https:\/\/fogeka-rdc.org\/index.php\/wp-json\/wp\/v2\/posts"}],"about":[{"href":"https:\/\/fogeka-rdc.org\/index.php\/wp-json\/wp\/v2\/types\/post"}],"author":[{"embeddable":true,"href":"https:\/\/fogeka-rdc.org\/index.php\/wp-json\/wp\/v2\/users\/2"}],"replies":[{"embeddable":true,"href":"https:\/\/fogeka-rdc.org\/index.php\/wp-json\/wp\/v2\/comments?post=589"}],"version-history":[{"count":1,"href":"https:\/\/fogeka-rdc.org\/index.php\/wp-json\/wp\/v2\/posts\/589\/revisions"}],"predecessor-version":[{"id":592,"href":"https:\/\/fogeka-rdc.org\/index.php\/wp-json\/wp\/v2\/posts\/589\/revisions\/592"}],"wp:featuredmedia":[{"embeddable":true,"href":"https:\/\/fogeka-rdc.org\/index.php\/wp-json\/wp\/v2\/media\/591"}],"wp:attachment":[{"href":"https:\/\/fogeka-rdc.org\/index.php\/wp-json\/wp\/v2\/media?parent=589"}],"wp:term":[{"taxonomy":"category","embeddable":true,"href":"https:\/\/fogeka-rdc.org\/index.php\/wp-json\/wp\/v2\/categories?post=589"},{"taxonomy":"post_tag","embeddable":true,"href":"https:\/\/fogeka-rdc.org\/index.php\/wp-json\/wp\/v2\/tags?post=589"}],"curies":[{"name":"wp","href":"https:\/\/api.w.org\/{rel}","templated":true}]}}