{"id":593,"date":"2026-08-04T15:00:16","date_gmt":"2026-08-04T15:00:16","guid":{"rendered":"https:\/\/fogeka-rdc.org\/?p=593"},"modified":"2026-08-11T15:07:56","modified_gmt":"2026-08-11T15:07:56","slug":"kinshasa-matadi-lonatra-confirme-son-leadership-ferroviaire","status":"publish","type":"post","link":"https:\/\/fogeka-rdc.org\/index.php\/2026\/08\/04\/kinshasa-matadi-lonatra-confirme-son-leadership-ferroviaire\/","title":{"rendered":"Kinshasa \u2013 Matadi : L\u2019ONATRA confirme son leadership ferroviaire"},"content":{"rendered":"<p dir=\"ltr\">Par: Doudou Mputu<\/p>\n<p dir=\"ltr\">Avec un soulagement palpable, Kinshasa et le Kongo Central accueillent la reprise effective du trafic du train commercial.<\/p>\n<p dir=\"ltr\">\u00a0<strong>Le retour du convoi de marchandises redonne espoir aux commer\u00e7ants de l\u2019axe Kisantu\u2013Matadi.<\/strong><\/p>\n<p dir=\"ltr\">Dans la nuit du samedi 1er ao\u00fbt 2026, un train de marchandises a marqu\u00e9 un arr\u00eat \u00e0 la gare de Kisantu. Ce passage consacre la reprise effective du trafic, relanc\u00e9 d\u00e8s le vendredi 31 juillet.<\/p>\n<p>&nbsp;<\/p>\n<p dir=\"ltr\"><strong>\u00a0C\u2019est un pari gagn\u00e9 pour Martin LUKUSA PANU, Directeur G\u00e9n\u00e9ral de l\u2019ONATRA<\/strong>.<\/p>\n<p dir=\"ltr\">Apr\u00e8s des ann\u00e9es de d\u00e9sh\u00e9rence et de pr\u00e9carit\u00e9 sur les routes nationales, le rail retrouve enfin sa place. Et avec lui, la confiance des populations.<\/p>\n<p dir=\"ltr\"><strong>Un ouf de soulagement sur l\u2019axe Kisantu\u2013Matadi<\/strong><\/p>\n<p dir=\"ltr\">La nouvelle a \u00e9t\u00e9 accueillie avec gratitude par les op\u00e9rateurs \u00e9conomiques de la r\u00e9gion.<\/p>\n<p dir=\"ltr\">Pour eux, le train s\u2019impose \u00e0 nouveau comme l\u2019option la plus s\u00fbre, la plus fiable et la plus rentable pour l\u2019acheminement des marchandises.<\/p>\n<p dir=\"ltr\">Finies les pannes \u00e0 r\u00e9p\u00e9tition, les tracasseries et l\u2019ins\u00e9curit\u00e9 routi\u00e8re. Le rail redevient l\u2019\u00e9pine dorsale de l\u2019\u00e9conomie locale.<\/p>\n<p dir=\"ltr\">\u00ab Nous avions perdu espoir. Aujourd\u2019hui, l\u2019ONATRA nous redonne des raisons de croire en l\u2019avenir de nos commerces \u00bb, t\u00e9moigne un commer\u00e7ant de Kisantu.<\/p>\n<p dir=\"ltr\"><strong>L\u2019ONATRA remet le Kongo Central sur les rails<\/strong><\/p>\n<p dir=\"ltr\">Cette relance consacre le retour en force de l\u2019Office National des Transports sur le corridor ferroviaire national.<\/p>\n<p dir=\"ltr\">Sous la conduite de Martin LUKUSA PANU et en droite ligne de l\u2019engagement du Pr\u00e9sident de la R\u00e9publique, l\u2019entreprise* *publique remet le Kongo Central sur les rails du d\u00e9veloppement.*<\/p>\n<p dir=\"ltr\">Au-del\u00e0 du symbole, il s\u2019agit d\u2019un levier concret : d\u00e9senclaver les territoires, r\u00e9duire les co\u00fbts logistiques et s\u00e9curiser l\u2019acheminement des biens entre Kinshasa et le port de Matadi.<\/p>\n<p dir=\"ltr\">Pour la population, le message est clair : la promesse du Chef de l\u2019\u00c9tat a \u00e9t\u00e9 tenue.<\/p>\n<p dir=\"ltr\">\n","protected":false},"excerpt":{"rendered":"<p>Par: Doudou Mputu Avec un soulagement palpable, Kinshasa et le Kongo Central accueillent la reprise effective du trafic du train&hellip;<\/p>\n","protected":false},"author":2,"featured_media":594,"comment_status":"open","ping_status":"open","sticky":false,"template":"","format":"standard","meta":{"footnotes":""},"categories":[8],"tags":[],"class_list":["post-593","post","type-post","status-publish","format-standard","has-post-thumbnail","hentry","category-sociale"],"yoast_head":"<!-- This site is optimized with the Yoast SEO plugin v28.3 - https:\/\/yoast.com\/product\/yoast-seo-wordpress\/ -->\n<title>Kinshasa \u2013 Matadi : L\u2019ONATRA confirme son leadership ferroviaire - fogeka-rdc<\/title>\n<meta name=\"robots\" content=\"index, follow, max-snippet:-1, max-image-preview:large, max-video-preview:-1\" \/>\n<link rel=\"canonical\" href=\"https:\/\/fogeka-rdc.org\/index.php\/2026\/08\/04\/kinshasa-matadi-lonatra-confirme-son-leadership-ferroviaire\/\" \/>\n<meta property=\"og:locale\" content=\"fr_FR\" \/>\n<meta property=\"og:type\" content=\"article\" \/>\n<meta property=\"og:title\" content=\"Kinshasa \u2013 Matadi : L\u2019ONATRA confirme son leadership ferroviaire - fogeka-rdc\" \/>\n<meta property=\"og:description\" content=\"Par: Doudou Mputu Avec un soulagement palpable, Kinshasa et le Kongo Central accueillent la reprise effective du trafic du train&hellip;\" \/>\n<meta property=\"og:url\" content=\"https:\/\/fogeka-rdc.org\/index.php\/2026\/08\/04\/kinshasa-matadi-lonatra-confirme-son-leadership-ferroviaire\/\" \/>\n<meta property=\"og:site_name\" content=\"fogeka-rdc\" \/>\n<meta property=\"article:published_time\" content=\"2026-08-04T15:00:16+00:00\" \/>\n<meta property=\"article:modified_time\" content=\"2026-08-11T15:07:56+00:00\" \/>\n<meta property=\"og:image\" content=\"https:\/\/fogeka-rdc.org\/wp-content\/uploads\/2026\/08\/Train_ONATRA.jpg\" \/>\n\t<meta property=\"og:image:width\" content=\"830\" \/>\n\t<meta property=\"og:image:height\" content=\"616\" \/>\n\t<meta property=\"og:image:type\" content=\"image\/jpeg\" \/>\n<meta name=\"author\" content=\"Fogeka Fogekardc\" \/>\n<meta name=\"twitter:card\" content=\"summary_large_image\" \/>\n<meta name=\"twitter:label1\" content=\"\u00c9crit par\" \/>\n\t<meta name=\"twitter:data1\" content=\"Fogeka Fogekardc\" \/>\n\t<meta name=\"twitter:label2\" content=\"Dur\u00e9e de lecture estim\u00e9e\" \/>\n\t<meta name=\"twitter:data2\" content=\"2 minutes\" \/>\n<script type=\"application\/ld+json\" class=\"yoast-schema-graph\">{\"@context\":\"https:\\\/\\\/schema.org\",\"@graph\":[{\"@type\":\"Article\",\"@id\":\"https:\\\/\\\/fogeka-rdc.org\\\/index.php\\\/2026\\\/08\\\/04\\\/kinshasa-matadi-lonatra-confirme-son-leadership-ferroviaire\\\/#article\",\"isPartOf\":{\"@id\":\"https:\\\/\\\/fogeka-rdc.org\\\/index.php\\\/2026\\\/08\\\/04\\\/kinshasa-matadi-lonatra-confirme-son-leadership-ferroviaire\\\/\"},\"author\":{\"name\":\"Fogeka Fogekardc\",\"@id\":\"https:\\\/\\\/fogeka-rdc.org\\\/#\\\/schema\\\/person\\\/326652cf3d7bfcbab6d224e17d6992ef\"},\"headline\":\"Kinshasa \u2013 Matadi : L\u2019ONATRA confirme son leadership ferroviaire\",\"datePublished\":\"2026-08-04T15:00:16+00:00\",\"dateModified\":\"2026-08-11T15:07:56+00:00\",\"mainEntityOfPage\":{\"@id\":\"https:\\\/\\\/fogeka-rdc.org\\\/index.php\\\/2026\\\/08\\\/04\\\/kinshasa-matadi-lonatra-confirme-son-leadership-ferroviaire\\\/\"},\"wordCount\":341,\"commentCount\":0,\"publisher\":{\"@id\":\"https:\\\/\\\/fogeka-rdc.org\\\/#organization\"},\"image\":{\"@id\":\"https:\\\/\\\/fogeka-rdc.org\\\/index.php\\\/2026\\\/08\\\/04\\\/kinshasa-matadi-lonatra-confirme-son-leadership-ferroviaire\\\/#primaryimage\"},\"thumbnailUrl\":\"https:\\\/\\\/fogeka-rdc.org\\\/wp-content\\\/uploads\\\/2026\\\/08\\\/Train_ONATRA.jpg\",\"articleSection\":[\"Sociale\"],\"inLanguage\":\"fr-FR\",\"potentialAction\":[{\"@type\":\"CommentAction\",\"name\":\"Comment\",\"target\":[\"https:\\\/\\\/fogeka-rdc.org\\\/index.php\\\/2026\\\/08\\\/04\\\/kinshasa-matadi-lonatra-confirme-son-leadership-ferroviaire\\\/#respond\"]}]},{\"@type\":\"WebPage\",\"@id\":\"https:\\\/\\\/fogeka-rdc.org\\\/index.php\\\/2026\\\/08\\\/04\\\/kinshasa-matadi-lonatra-confirme-son-leadership-ferroviaire\\\/\",\"url\":\"https:\\\/\\\/fogeka-rdc.org\\\/index.php\\\/2026\\\/08\\\/04\\\/kinshasa-matadi-lonatra-confirme-son-leadership-ferroviaire\\\/\",\"name\":\"Kinshasa \u2013 Matadi : L\u2019ONATRA confirme son leadership ferroviaire - fogeka-rdc\",\"isPartOf\":{\"@id\":\"https:\\\/\\\/fogeka-rdc.org\\\/#website\"},\"primaryImageOfPage\":{\"@id\":\"https:\\\/\\\/fogeka-rdc.org\\\/index.php\\\/2026\\\/08\\\/04\\\/kinshasa-matadi-lonatra-confirme-son-leadership-ferroviaire\\\/#primaryimage\"},\"image\":{\"@id\":\"https:\\\/\\\/fogeka-rdc.org\\\/index.php\\\/2026\\\/08\\\/04\\\/kinshasa-matadi-lonatra-confirme-son-leadership-ferroviaire\\\/#primaryimage\"},\"thumbnailUrl\":\"https:\\\/\\\/fogeka-rdc.org\\\/wp-content\\\/uploads\\\/2026\\\/08\\\/Train_ONATRA.jpg\",\"datePublished\":\"2026-08-04T15:00:16+00:00\",\"dateModified\":\"2026-08-11T15:07:56+00:00\",\"breadcrumb\":{\"@id\":\"https:\\\/\\\/fogeka-rdc.org\\\/index.php\\\/2026\\\/08\\\/04\\\/kinshasa-matadi-lonatra-confirme-son-leadership-ferroviaire\\\/#breadcrumb\"},\"inLanguage\":\"fr-FR\",\"potentialAction\":[{\"@type\":\"ReadAction\",\"target\":[\"https:\\\/\\\/fogeka-rdc.org\\\/index.php\\\/2026\\\/08\\\/04\\\/kinshasa-matadi-lonatra-confirme-son-leadership-ferroviaire\\\/\"]}]},{\"@type\":\"ImageObject\",\"inLanguage\":\"fr-FR\",\"@id\":\"https:\\\/\\\/fogeka-rdc.org\\\/index.php\\\/2026\\\/08\\\/04\\\/kinshasa-matadi-lonatra-confirme-son-leadership-ferroviaire\\\/#primaryimage\",\"url\":\"https:\\\/\\\/fogeka-rdc.org\\\/wp-content\\\/uploads\\\/2026\\\/08\\\/Train_ONATRA.jpg\",\"contentUrl\":\"https:\\\/\\\/fogeka-rdc.org\\\/wp-content\\\/uploads\\\/2026\\\/08\\\/Train_ONATRA.jpg\",\"width\":830,\"height\":616},{\"@type\":\"BreadcrumbList\",\"@id\":\"https:\\\/\\\/fogeka-rdc.org\\\/index.php\\\/2026\\\/08\\\/04\\\/kinshasa-matadi-lonatra-confirme-son-leadership-ferroviaire\\\/#breadcrumb\",\"itemListElement\":[{\"@type\":\"ListItem\",\"position\":1,\"name\":\"Accueil\",\"item\":\"https:\\\/\\\/fogeka-rdc.org\\\/\"},{\"@type\":\"ListItem\",\"position\":2,\"name\":\"Kinshasa \u2013 Matadi : L\u2019ONATRA confirme son leadership ferroviaire\"}]},{\"@type\":\"WebSite\",\"@id\":\"https:\\\/\\\/fogeka-rdc.org\\\/#website\",\"url\":\"https:\\\/\\\/fogeka-rdc.org\\\/\",\"name\":\"fogeka-rdc\",\"description\":\"Agro foresterie, dans la paix, pour le d\u00e9veloppement\",\"publisher\":{\"@id\":\"https:\\\/\\\/fogeka-rdc.org\\\/#organization\"},\"potentialAction\":[{\"@type\":\"SearchAction\",\"target\":{\"@type\":\"EntryPoint\",\"urlTemplate\":\"https:\\\/\\\/fogeka-rdc.org\\\/?s={search_term_string}\"},\"query-input\":{\"@type\":\"PropertyValueSpecification\",\"valueRequired\":true,\"valueName\":\"search_term_string\"}}],\"inLanguage\":\"fr-FR\"},{\"@type\":\"Organization\",\"@id\":\"https:\\\/\\\/fogeka-rdc.org\\\/#organization\",\"name\":\"fogeka-rdc\",\"url\":\"https:\\\/\\\/fogeka-rdc.org\\\/\",\"logo\":{\"@type\":\"ImageObject\",\"inLanguage\":\"fr-FR\",\"@id\":\"https:\\\/\\\/fogeka-rdc.org\\\/#\\\/schema\\\/logo\\\/image\\\/\",\"url\":\"https:\\\/\\\/fogeka-rdc.org\\\/wp-content\\\/uploads\\\/2025\\\/09\\\/cropped-cropped-WhatsApp-Image-2025-09-12-at-23.09.05.jpeg\",\"contentUrl\":\"https:\\\/\\\/fogeka-rdc.org\\\/wp-content\\\/uploads\\\/2025\\\/09\\\/cropped-cropped-WhatsApp-Image-2025-09-12-at-23.09.05.jpeg\",\"width\":250,\"height\":134,\"caption\":\"fogeka-rdc\"},\"image\":{\"@id\":\"https:\\\/\\\/fogeka-rdc.org\\\/#\\\/schema\\\/logo\\\/image\\\/\"}},{\"@type\":\"Person\",\"@id\":\"https:\\\/\\\/fogeka-rdc.org\\\/#\\\/schema\\\/person\\\/326652cf3d7bfcbab6d224e17d6992ef\",\"name\":\"Fogeka Fogekardc\",\"image\":{\"@type\":\"ImageObject\",\"inLanguage\":\"fr-FR\",\"@id\":\"https:\\\/\\\/secure.gravatar.com\\\/avatar\\\/7409435eb90dab5dd3e21946e11423d79d4fd27d0d76a9a6883c8f31758a7ecd?s=96&d=mm&r=g\",\"url\":\"https:\\\/\\\/secure.gravatar.com\\\/avatar\\\/7409435eb90dab5dd3e21946e11423d79d4fd27d0d76a9a6883c8f31758a7ecd?s=96&d=mm&r=g\",\"contentUrl\":\"https:\\\/\\\/secure.gravatar.com\\\/avatar\\\/7409435eb90dab5dd3e21946e11423d79d4fd27d0d76a9a6883c8f31758a7ecd?s=96&d=mm&r=g\",\"caption\":\"Fogeka Fogekardc\"},\"url\":\"https:\\\/\\\/fogeka-rdc.org\\\/index.php\\\/author\\\/fogeka-admin\\\/\"}]}<\/script>\n<!-- \/ Yoast SEO plugin. -->","yoast_head_json":{"title":"Kinshasa \u2013 Matadi : L\u2019ONATRA confirme son leadership ferroviaire - fogeka-rdc","robots":{"index":"index","follow":"follow","max-snippet":"max-snippet:-1","max-image-preview":"max-image-preview:large","max-video-preview":"max-video-preview:-1"},"canonical":"https:\/\/fogeka-rdc.org\/index.php\/2026\/08\/04\/kinshasa-matadi-lonatra-confirme-son-leadership-ferroviaire\/","og_locale":"fr_FR","og_type":"article","og_title":"Kinshasa \u2013 Matadi : L\u2019ONATRA confirme son leadership ferroviaire - fogeka-rdc","og_description":"Par: Doudou Mputu Avec un soulagement palpable, Kinshasa et le Kongo Central accueillent la reprise effective du trafic du train&hellip;","og_url":"https:\/\/fogeka-rdc.org\/index.php\/2026\/08\/04\/kinshasa-matadi-lonatra-confirme-son-leadership-ferroviaire\/","og_site_name":"fogeka-rdc","article_published_time":"2026-08-04T15:00:16+00:00","article_modified_time":"2026-08-11T15:07:56+00:00","og_image":[{"width":830,"height":616,"url":"https:\/\/fogeka-rdc.org\/wp-content\/uploads\/2026\/08\/Train_ONATRA.jpg","type":"image\/jpeg"}],"author":"Fogeka Fogekardc","twitter_card":"summary_large_image","twitter_misc":{"\u00c9crit par":"Fogeka Fogekardc","Dur\u00e9e de lecture estim\u00e9e":"2 minutes"},"schema":{"@context":"https:\/\/schema.org","@graph":[{"@type":"Article","@id":"https:\/\/fogeka-rdc.org\/index.php\/2026\/08\/04\/kinshasa-matadi-lonatra-confirme-son-leadership-ferroviaire\/#article","isPartOf":{"@id":"https:\/\/fogeka-rdc.org\/index.php\/2026\/08\/04\/kinshasa-matadi-lonatra-confirme-son-leadership-ferroviaire\/"},"author":{"name":"Fogeka Fogekardc","@id":"https:\/\/fogeka-rdc.org\/#\/schema\/person\/326652cf3d7bfcbab6d224e17d6992ef"},"headline":"Kinshasa \u2013 Matadi : L\u2019ONATRA confirme son leadership ferroviaire","datePublished":"2026-08-04T15:00:16+00:00","dateModified":"2026-08-11T15:07:56+00:00","mainEntityOfPage":{"@id":"https:\/\/fogeka-rdc.org\/index.php\/2026\/08\/04\/kinshasa-matadi-lonatra-confirme-son-leadership-ferroviaire\/"},"wordCount":341,"commentCount":0,"publisher":{"@id":"https:\/\/fogeka-rdc.org\/#organization"},"image":{"@id":"https:\/\/fogeka-rdc.org\/index.php\/2026\/08\/04\/kinshasa-matadi-lonatra-confirme-son-leadership-ferroviaire\/#primaryimage"},"thumbnailUrl":"https:\/\/fogeka-rdc.org\/wp-content\/uploads\/2026\/08\/Train_ONATRA.jpg","articleSection":["Sociale"],"inLanguage":"fr-FR","potentialAction":[{"@type":"CommentAction","name":"Comment","target":["https:\/\/fogeka-rdc.org\/index.php\/2026\/08\/04\/kinshasa-matadi-lonatra-confirme-son-leadership-ferroviaire\/#respond"]}]},{"@type":"WebPage","@id":"https:\/\/fogeka-rdc.org\/index.php\/2026\/08\/04\/kinshasa-matadi-lonatra-confirme-son-leadership-ferroviaire\/","url":"https:\/\/fogeka-rdc.org\/index.php\/2026\/08\/04\/kinshasa-matadi-lonatra-confirme-son-leadership-ferroviaire\/","name":"Kinshasa \u2013 Matadi : L\u2019ONATRA confirme son leadership ferroviaire - fogeka-rdc","isPartOf":{"@id":"https:\/\/fogeka-rdc.org\/#website"},"primaryImageOfPage":{"@id":"https:\/\/fogeka-rdc.org\/index.php\/2026\/08\/04\/kinshasa-matadi-lonatra-confirme-son-leadership-ferroviaire\/#primaryimage"},"image":{"@id":"https:\/\/fogeka-rdc.org\/index.php\/2026\/08\/04\/kinshasa-matadi-lonatra-confirme-son-leadership-ferroviaire\/#primaryimage"},"thumbnailUrl":"https:\/\/fogeka-rdc.org\/wp-content\/uploads\/2026\/08\/Train_ONATRA.jpg","datePublished":"2026-08-04T15:00:16+00:00","dateModified":"2026-08-11T15:07:56+00:00","breadcrumb":{"@id":"https:\/\/fogeka-rdc.org\/index.php\/2026\/08\/04\/kinshasa-matadi-lonatra-confirme-son-leadership-ferroviaire\/#breadcrumb"},"inLanguage":"fr-FR","potentialAction":[{"@type":"ReadAction","target":["https:\/\/fogeka-rdc.org\/index.php\/2026\/08\/04\/kinshasa-matadi-lonatra-confirme-son-leadership-ferroviaire\/"]}]},{"@type":"ImageObject","inLanguage":"fr-FR","@id":"https:\/\/fogeka-rdc.org\/index.php\/2026\/08\/04\/kinshasa-matadi-lonatra-confirme-son-leadership-ferroviaire\/#primaryimage","url":"https:\/\/fogeka-rdc.org\/wp-content\/uploads\/2026\/08\/Train_ONATRA.jpg","contentUrl":"https:\/\/fogeka-rdc.org\/wp-content\/uploads\/2026\/08\/Train_ONATRA.jpg","width":830,"height":616},{"@type":"BreadcrumbList","@id":"https:\/\/fogeka-rdc.org\/index.php\/2026\/08\/04\/kinshasa-matadi-lonatra-confirme-son-leadership-ferroviaire\/#breadcrumb","itemListElement":[{"@type":"ListItem","position":1,"name":"Accueil","item":"https:\/\/fogeka-rdc.org\/"},{"@type":"ListItem","position":2,"name":"Kinshasa \u2013 Matadi : L\u2019ONATRA confirme son leadership ferroviaire"}]},{"@type":"WebSite","@id":"https:\/\/fogeka-rdc.org\/#website","url":"https:\/\/fogeka-rdc.org\/","name":"fogeka-rdc","description":"Agro foresterie, dans la paix, pour le d\u00e9veloppement","publisher":{"@id":"https:\/\/fogeka-rdc.org\/#organization"},"potentialAction":[{"@type":"SearchAction","target":{"@type":"EntryPoint","urlTemplate":"https:\/\/fogeka-rdc.org\/?s={search_term_string}"},"query-input":{"@type":"PropertyValueSpecification","valueRequired":true,"valueName":"search_term_string"}}],"inLanguage":"fr-FR"},{"@type":"Organization","@id":"https:\/\/fogeka-rdc.org\/#organization","name":"fogeka-rdc","url":"https:\/\/fogeka-rdc.org\/","logo":{"@type":"ImageObject","inLanguage":"fr-FR","@id":"https:\/\/fogeka-rdc.org\/#\/schema\/logo\/image\/","url":"https:\/\/fogeka-rdc.org\/wp-content\/uploads\/2025\/09\/cropped-cropped-WhatsApp-Image-2025-09-12-at-23.09.05.jpeg","contentUrl":"https:\/\/fogeka-rdc.org\/wp-content\/uploads\/2025\/09\/cropped-cropped-WhatsApp-Image-2025-09-12-at-23.09.05.jpeg","width":250,"height":134,"caption":"fogeka-rdc"},"image":{"@id":"https:\/\/fogeka-rdc.org\/#\/schema\/logo\/image\/"}},{"@type":"Person","@id":"https:\/\/fogeka-rdc.org\/#\/schema\/person\/326652cf3d7bfcbab6d224e17d6992ef","name":"Fogeka Fogekardc","image":{"@type":"ImageObject","inLanguage":"fr-FR","@id":"https:\/\/secure.gravatar.com\/avatar\/7409435eb90dab5dd3e21946e11423d79d4fd27d0d76a9a6883c8f31758a7ecd?s=96&d=mm&r=g","url":"https:\/\/secure.gravatar.com\/avatar\/7409435eb90dab5dd3e21946e11423d79d4fd27d0d76a9a6883c8f31758a7ecd?s=96&d=mm&r=g","contentUrl":"https:\/\/secure.gravatar.com\/avatar\/7409435eb90dab5dd3e21946e11423d79d4fd27d0d76a9a6883c8f31758a7ecd?s=96&d=mm&r=g","caption":"Fogeka Fogekardc"},"url":"https:\/\/fogeka-rdc.org\/index.php\/author\/fogeka-admin\/"}]}},"_links":{"self":[{"href":"https:\/\/fogeka-rdc.org\/index.php\/wp-json\/wp\/v2\/posts\/593","targetHints":{"allow":["GET"]}}],"collection":[{"href":"https:\/\/fogeka-rdc.org\/index.php\/wp-json\/wp\/v2\/posts"}],"about":[{"href":"https:\/\/fogeka-rdc.org\/index.php\/wp-json\/wp\/v2\/types\/post"}],"author":[{"embeddable":true,"href":"https:\/\/fogeka-rdc.org\/index.php\/wp-json\/wp\/v2\/users\/2"}],"replies":[{"embeddable":true,"href":"https:\/\/fogeka-rdc.org\/index.php\/wp-json\/wp\/v2\/comments?post=593"}],"version-history":[{"count":2,"href":"https:\/\/fogeka-rdc.org\/index.php\/wp-json\/wp\/v2\/posts\/593\/revisions"}],"predecessor-version":[{"id":596,"href":"https:\/\/fogeka-rdc.org\/index.php\/wp-json\/wp\/v2\/posts\/593\/revisions\/596"}],"wp:featuredmedia":[{"embeddable":true,"href":"https:\/\/fogeka-rdc.org\/index.php\/wp-json\/wp\/v2\/media\/594"}],"wp:attachment":[{"href":"https:\/\/fogeka-rdc.org\/index.php\/wp-json\/wp\/v2\/media?parent=593"}],"wp:term":[{"taxonomy":"category","embeddable":true,"href":"https:\/\/fogeka-rdc.org\/index.php\/wp-json\/wp\/v2\/categories?post=593"},{"taxonomy":"post_tag","embeddable":true,"href":"https:\/\/fogeka-rdc.org\/index.php\/wp-json\/wp\/v2\/tags?post=593"}],"curies":[{"name":"wp","href":"https:\/\/api.w.org\/{rel}","templated":true}]}}