{"id":600,"date":"2026-08-03T15:13:30","date_gmt":"2026-08-03T15:13:30","guid":{"rendered":"https:\/\/fogeka-rdc.org\/?p=600"},"modified":"2026-08-11T15:17:02","modified_gmt":"2026-08-11T15:17:02","slug":"rdc-le-double-visage-dune-opposition-en-panne-de-strategie","status":"publish","type":"post","link":"https:\/\/fogeka-rdc.org\/index.php\/2026\/08\/03\/rdc-le-double-visage-dune-opposition-en-panne-de-strategie\/","title":{"rendered":"RDC : Le double visage d\u2019une opposition en panne de strat\u00e9gie"},"content":{"rendered":"<p dir=\"ltr\">Il est temps de nommer les choses. Alors que le Pr\u00e9sident de la R\u00e9publique, F\u00e9lix Antoine Tshisekedi,* *r\u00e9affirme son engagement \u00e0 poursuivre sa vision au sein des institutions et \u00e0 d\u00e9fendre les int\u00e9r\u00eats sup\u00e9rieurs de la Nation, jusque dans le Haut-Katanga, une partie de l\u2019opposition ( ma\u00ef-ma\u00ef ) s\u2019\u00e9vertue \u00e0* *installer le vacarme l\u00e0 o\u00f9 la responsabilit\u00e9 s\u2019impose.<\/p>\n<p>&nbsp;<\/p>\n<p dir=\"ltr\">Lorsque l\u2019on pose des actes contre la Nation, il ne faut pas parler de \u00ab Sauvons la RDC \u00bb. Il faut parler, sans d\u00e9tour, de \u00ab Sacrifions la RDC \u00bb.<\/p>\n<p>&nbsp;<\/p>\n<p dir=\"ltr\">Le mouvement rebelle vient de rendre publiques sept conditions pr\u00e9alables \u00e0 un dialogue national. Sur le papier, l\u2019intention para\u00eet louable. \u00c0 l\u2019\u00e9preuve des faits, le dispositif s\u2019apparente davantage \u00e0 un pi\u00e8ge dict\u00e9 par des int\u00e9r\u00eats \u00e9conomiques. Exiger que les assises se tiennent dans un pays tiers, sous m\u00e9diation exclusivement \u00e9trang\u00e8re, et imposer des r\u00e9solutions contraignantes avant m\u00eame l\u2019ouverture des discussions, c\u2019est dessaisir le peuple congolais de sa souverainet\u00e9.<\/p>\n<p>&nbsp;<\/p>\n<p dir=\"ltr\">\u00a0*Des voix de l\u2019Est en appellent au pouvoir discr\u00e9tionnaire du pr\u00e9sident de la R\u00e9publique pour qu\u2019il* *choisisse, entre Brazzaville et Luanda, le lieu de la tenue du dialogue. Quant \u00e0 Joseph Kabila, redoutant* *d\u2019avoir \u00e0 r\u00e9pondre des actes commis en RDC, il h\u00e9siterait \u00e0 revenir \u00e0 Kinshasa.*<\/p>\n<p>&nbsp;<\/p>\n<p dir=\"ltr\">Exiger l\u2019arr\u00eat du processus constitutionnel, c\u2019est geler le d\u00e9bat d\u00e9mocratique au lieu de l\u2019assumer. C\u2019est surtout porter atteinte \u00e0 l\u2019int\u00e9grit\u00e9 de la RDC dans ses fronti\u00e8res historiques. R\u00e9clamer la lib\u00e9ration g\u00e9n\u00e9ralis\u00e9e des d\u00e9tenus et la dissolution des structures de jeunesse de l\u2019UDPS\/Tshisekedi, demeure un faut d\u00e9bat. Au pr\u00e9texte d\u2019un Congo en perte de rep\u00e8res paralys\u00e9 par des tentatives r\u00e9p\u00e9t\u00e9es. Au moment m\u00eame o\u00f9 des groupes arm\u00e9s endeuillent l\u2019Est, d\u2019un cynisme difficilement soutenable.<\/p>\n<p>&nbsp;<\/p>\n<p dir=\"ltr\">Selon des informations concordantes, huit personnes ont perdu la vie dimanche dernier. Des femmes et des enfants auraient \u00e9t\u00e9 br\u00fbl\u00e9s vifs par les donneurs de le\u00e7ons de l\u2019AFC\/M23, qui sacrifient le Congo au profit du Rwanda. La frange de l\u2019opposition bas\u00e9e \u00e0 Kinshasa ne formule ni condamnation claire des assaillants, ni mot de soutien aux FARDC, ni plan concret pour la paix. Elle se contente d\u2019exigences con\u00e7ues pour paralyser l\u2019\u00c9tat.<\/p>\n<p>&nbsp;<\/p>\n<p dir=\"ltr\">Cette posture illustre l\u2019hypocrisie d\u2019une classe politique qui a \u00e9chou\u00e9 hier et qui tente aujourd\u2019hui de revenir par la fen\u00eatre du chaos. Le PPRD, au c\u0153ur de ce dispositif, peine \u00e0 rompre avec les logiques de milices qui ont gangren\u00e9 la vie publique. \u00c0 Kinshasa, de nombreux jeunes sont instrumentalis\u00e9s jusque dans la rue pour faire taire les voix discordantes. J\u2019en ai moi-m\u00eame fait les frais \u00e0 plusieurs reprises : molest\u00e9 pour avoir donn\u00e9 la parole, dans mes \u00e9missions politique Drapeau Blanc et Veritas, \u00e0 des figures telles que les honorables d\u00e9put\u00e9s d\u00e9funts Muana Nsemi, Christian Badibangi et Mathieu Kalele, et pour avoir dit des v\u00e9rit\u00e9s qui d\u00e9rangent.<\/p>\n<p>&nbsp;<\/p>\n<p dir=\"ltr\">Que peut-on attendre de ceux qui n\u2019ont jamais rendu compte du bilan humain de leurs ann\u00e9es au pouvoir ? Le Congo de Lumumba m\u00e9rite mieux que des le\u00e7ons venues de ceux qui ont laiss\u00e9 l\u2019\u00c9tat se vider de sa substance. \u00c0 Kinshasa, l\u2019inventaire des biens publics d\u00e9tourn\u00e9s \u2014 maisons de l\u2019\u00c9tat, terrains, patrimoines divers \u2014 est d\u00e9sormais document\u00e9. Il parle plus fort que les discours.<\/p>\n<p>&nbsp;<\/p>\n<p dir=\"ltr\">Cette opposition \u00e0 g\u00e9om\u00e9trie variable pr\u00f4ne l\u2019inclusivit\u00e9 tout en excluant le peuple. Elle invoque la neutralit\u00e9 tout en entretenant, directement ou indirectement, des complicit\u00e9s avec ceux qui alimentent l\u2019ins\u00e9curit\u00e9 \u00e0 l\u2019Est. R\u00e9duite \u00e0 la strat\u00e9gie du blocage, elle n\u2019offre plus au pays qu\u2019un agenda de rupture.<\/p>\n<p>&nbsp;<\/p>\n<p dir=\"ltr\">Face \u00e0 cette offensive, une seule voie s\u2019impose : le rassemblement du peuple congolais derri\u00e8re les institutions et le Chef de l\u2019\u00c9tat. F\u00e9lix Antoine Tshisekedi incarne la continuit\u00e9 r\u00e9publicaine, la r\u00e9sistance aux ing\u00e9rences et la volont\u00e9 de refonder la RDC sur ses propres bases.<\/p>\n<p>&nbsp;<\/p>\n<p dir=\"ltr\">Le temps n\u2019est pas au marchandage. Il est \u00e0 la mobilisation g\u00e9n\u00e9rale. Derri\u00e8re le Pr\u00e9sident, derri\u00e8re l\u2019arm\u00e9e, derri\u00e8re le Congo. \u00ab Sacrifions la RDC \u00bb ne passera pas par des ultimatums venus de l\u2019\u00e9tranger, mais par le courage de tenir debout, ensemble, au c\u0153ur de la temp\u00eate.<\/p>\n<p dir=\"ltr\">\n","protected":false},"excerpt":{"rendered":"<p>Il est temps de nommer les choses. Alors que le Pr\u00e9sident de la R\u00e9publique, F\u00e9lix Antoine Tshisekedi,* *r\u00e9affirme son engagement&hellip;<\/p>\n","protected":false},"author":2,"featured_media":601,"comment_status":"open","ping_status":"open","sticky":true,"template":"","format":"standard","meta":{"footnotes":""},"categories":[14],"tags":[],"class_list":["post-600","post","type-post","status-publish","format-standard","has-post-thumbnail","hentry","category-politique"],"yoast_head":"<!-- This site is optimized with the Yoast SEO plugin v28.3 - https:\/\/yoast.com\/product\/yoast-seo-wordpress\/ -->\n<title>RDC : Le double visage d\u2019une opposition en panne de strat\u00e9gie - fogeka-rdc<\/title>\n<meta name=\"robots\" content=\"index, follow, max-snippet:-1, max-image-preview:large, max-video-preview:-1\" \/>\n<link rel=\"canonical\" href=\"https:\/\/fogeka-rdc.org\/index.php\/2026\/08\/03\/rdc-le-double-visage-dune-opposition-en-panne-de-strategie\/\" \/>\n<meta property=\"og:locale\" content=\"fr_FR\" \/>\n<meta property=\"og:type\" content=\"article\" \/>\n<meta property=\"og:title\" content=\"RDC : Le double visage d\u2019une opposition en panne de strat\u00e9gie - fogeka-rdc\" \/>\n<meta property=\"og:description\" content=\"Il est temps de nommer les choses. Alors que le Pr\u00e9sident de la R\u00e9publique, F\u00e9lix Antoine Tshisekedi,* *r\u00e9affirme son engagement&hellip;\" \/>\n<meta property=\"og:url\" content=\"https:\/\/fogeka-rdc.org\/index.php\/2026\/08\/03\/rdc-le-double-visage-dune-opposition-en-panne-de-strategie\/\" \/>\n<meta property=\"og:site_name\" content=\"fogeka-rdc\" \/>\n<meta property=\"article:published_time\" content=\"2026-08-03T15:13:30+00:00\" \/>\n<meta property=\"article:modified_time\" content=\"2026-08-11T15:17:02+00:00\" \/>\n<meta property=\"og:image\" content=\"https:\/\/fogeka-rdc.org\/wp-content\/uploads\/2026\/08\/JKK.jpg\" \/>\n\t<meta property=\"og:image:width\" content=\"1018\" \/>\n\t<meta property=\"og:image:height\" content=\"737\" \/>\n\t<meta property=\"og:image:type\" content=\"image\/jpeg\" \/>\n<meta name=\"author\" content=\"Fogeka Fogekardc\" \/>\n<meta name=\"twitter:card\" content=\"summary_large_image\" \/>\n<meta name=\"twitter:label1\" content=\"\u00c9crit par\" \/>\n\t<meta name=\"twitter:data1\" content=\"Fogeka Fogekardc\" \/>\n\t<meta name=\"twitter:label2\" content=\"Dur\u00e9e de lecture estim\u00e9e\" \/>\n\t<meta name=\"twitter:data2\" content=\"4 minutes\" \/>\n<script type=\"application\/ld+json\" class=\"yoast-schema-graph\">{\"@context\":\"https:\\\/\\\/schema.org\",\"@graph\":[{\"@type\":\"Article\",\"@id\":\"https:\\\/\\\/fogeka-rdc.org\\\/index.php\\\/2026\\\/08\\\/03\\\/rdc-le-double-visage-dune-opposition-en-panne-de-strategie\\\/#article\",\"isPartOf\":{\"@id\":\"https:\\\/\\\/fogeka-rdc.org\\\/index.php\\\/2026\\\/08\\\/03\\\/rdc-le-double-visage-dune-opposition-en-panne-de-strategie\\\/\"},\"author\":{\"name\":\"Fogeka Fogekardc\",\"@id\":\"https:\\\/\\\/fogeka-rdc.org\\\/#\\\/schema\\\/person\\\/326652cf3d7bfcbab6d224e17d6992ef\"},\"headline\":\"RDC : Le double visage d\u2019une opposition en panne de strat\u00e9gie\",\"datePublished\":\"2026-08-03T15:13:30+00:00\",\"dateModified\":\"2026-08-11T15:17:02+00:00\",\"mainEntityOfPage\":{\"@id\":\"https:\\\/\\\/fogeka-rdc.org\\\/index.php\\\/2026\\\/08\\\/03\\\/rdc-le-double-visage-dune-opposition-en-panne-de-strategie\\\/\"},\"wordCount\":772,\"commentCount\":0,\"publisher\":{\"@id\":\"https:\\\/\\\/fogeka-rdc.org\\\/#organization\"},\"image\":{\"@id\":\"https:\\\/\\\/fogeka-rdc.org\\\/index.php\\\/2026\\\/08\\\/03\\\/rdc-le-double-visage-dune-opposition-en-panne-de-strategie\\\/#primaryimage\"},\"thumbnailUrl\":\"https:\\\/\\\/fogeka-rdc.org\\\/wp-content\\\/uploads\\\/2026\\\/08\\\/JKK.jpg\",\"articleSection\":[\"Politique\"],\"inLanguage\":\"fr-FR\",\"potentialAction\":[{\"@type\":\"CommentAction\",\"name\":\"Comment\",\"target\":[\"https:\\\/\\\/fogeka-rdc.org\\\/index.php\\\/2026\\\/08\\\/03\\\/rdc-le-double-visage-dune-opposition-en-panne-de-strategie\\\/#respond\"]}]},{\"@type\":\"WebPage\",\"@id\":\"https:\\\/\\\/fogeka-rdc.org\\\/index.php\\\/2026\\\/08\\\/03\\\/rdc-le-double-visage-dune-opposition-en-panne-de-strategie\\\/\",\"url\":\"https:\\\/\\\/fogeka-rdc.org\\\/index.php\\\/2026\\\/08\\\/03\\\/rdc-le-double-visage-dune-opposition-en-panne-de-strategie\\\/\",\"name\":\"RDC : Le double visage d\u2019une opposition en panne de strat\u00e9gie - fogeka-rdc\",\"isPartOf\":{\"@id\":\"https:\\\/\\\/fogeka-rdc.org\\\/#website\"},\"primaryImageOfPage\":{\"@id\":\"https:\\\/\\\/fogeka-rdc.org\\\/index.php\\\/2026\\\/08\\\/03\\\/rdc-le-double-visage-dune-opposition-en-panne-de-strategie\\\/#primaryimage\"},\"image\":{\"@id\":\"https:\\\/\\\/fogeka-rdc.org\\\/index.php\\\/2026\\\/08\\\/03\\\/rdc-le-double-visage-dune-opposition-en-panne-de-strategie\\\/#primaryimage\"},\"thumbnailUrl\":\"https:\\\/\\\/fogeka-rdc.org\\\/wp-content\\\/uploads\\\/2026\\\/08\\\/JKK.jpg\",\"datePublished\":\"2026-08-03T15:13:30+00:00\",\"dateModified\":\"2026-08-11T15:17:02+00:00\",\"breadcrumb\":{\"@id\":\"https:\\\/\\\/fogeka-rdc.org\\\/index.php\\\/2026\\\/08\\\/03\\\/rdc-le-double-visage-dune-opposition-en-panne-de-strategie\\\/#breadcrumb\"},\"inLanguage\":\"fr-FR\",\"potentialAction\":[{\"@type\":\"ReadAction\",\"target\":[\"https:\\\/\\\/fogeka-rdc.org\\\/index.php\\\/2026\\\/08\\\/03\\\/rdc-le-double-visage-dune-opposition-en-panne-de-strategie\\\/\"]}]},{\"@type\":\"ImageObject\",\"inLanguage\":\"fr-FR\",\"@id\":\"https:\\\/\\\/fogeka-rdc.org\\\/index.php\\\/2026\\\/08\\\/03\\\/rdc-le-double-visage-dune-opposition-en-panne-de-strategie\\\/#primaryimage\",\"url\":\"https:\\\/\\\/fogeka-rdc.org\\\/wp-content\\\/uploads\\\/2026\\\/08\\\/JKK.jpg\",\"contentUrl\":\"https:\\\/\\\/fogeka-rdc.org\\\/wp-content\\\/uploads\\\/2026\\\/08\\\/JKK.jpg\",\"width\":1018,\"height\":737},{\"@type\":\"BreadcrumbList\",\"@id\":\"https:\\\/\\\/fogeka-rdc.org\\\/index.php\\\/2026\\\/08\\\/03\\\/rdc-le-double-visage-dune-opposition-en-panne-de-strategie\\\/#breadcrumb\",\"itemListElement\":[{\"@type\":\"ListItem\",\"position\":1,\"name\":\"Accueil\",\"item\":\"https:\\\/\\\/fogeka-rdc.org\\\/\"},{\"@type\":\"ListItem\",\"position\":2,\"name\":\"RDC : Le double visage d\u2019une opposition en panne de strat\u00e9gie\"}]},{\"@type\":\"WebSite\",\"@id\":\"https:\\\/\\\/fogeka-rdc.org\\\/#website\",\"url\":\"https:\\\/\\\/fogeka-rdc.org\\\/\",\"name\":\"fogeka-rdc\",\"description\":\"Agro foresterie, dans la paix, pour le d\u00e9veloppement\",\"publisher\":{\"@id\":\"https:\\\/\\\/fogeka-rdc.org\\\/#organization\"},\"potentialAction\":[{\"@type\":\"SearchAction\",\"target\":{\"@type\":\"EntryPoint\",\"urlTemplate\":\"https:\\\/\\\/fogeka-rdc.org\\\/?s={search_term_string}\"},\"query-input\":{\"@type\":\"PropertyValueSpecification\",\"valueRequired\":true,\"valueName\":\"search_term_string\"}}],\"inLanguage\":\"fr-FR\"},{\"@type\":\"Organization\",\"@id\":\"https:\\\/\\\/fogeka-rdc.org\\\/#organization\",\"name\":\"fogeka-rdc\",\"url\":\"https:\\\/\\\/fogeka-rdc.org\\\/\",\"logo\":{\"@type\":\"ImageObject\",\"inLanguage\":\"fr-FR\",\"@id\":\"https:\\\/\\\/fogeka-rdc.org\\\/#\\\/schema\\\/logo\\\/image\\\/\",\"url\":\"https:\\\/\\\/fogeka-rdc.org\\\/wp-content\\\/uploads\\\/2025\\\/09\\\/cropped-cropped-WhatsApp-Image-2025-09-12-at-23.09.05.jpeg\",\"contentUrl\":\"https:\\\/\\\/fogeka-rdc.org\\\/wp-content\\\/uploads\\\/2025\\\/09\\\/cropped-cropped-WhatsApp-Image-2025-09-12-at-23.09.05.jpeg\",\"width\":250,\"height\":134,\"caption\":\"fogeka-rdc\"},\"image\":{\"@id\":\"https:\\\/\\\/fogeka-rdc.org\\\/#\\\/schema\\\/logo\\\/image\\\/\"}},{\"@type\":\"Person\",\"@id\":\"https:\\\/\\\/fogeka-rdc.org\\\/#\\\/schema\\\/person\\\/326652cf3d7bfcbab6d224e17d6992ef\",\"name\":\"Fogeka Fogekardc\",\"image\":{\"@type\":\"ImageObject\",\"inLanguage\":\"fr-FR\",\"@id\":\"https:\\\/\\\/secure.gravatar.com\\\/avatar\\\/7409435eb90dab5dd3e21946e11423d79d4fd27d0d76a9a6883c8f31758a7ecd?s=96&d=mm&r=g\",\"url\":\"https:\\\/\\\/secure.gravatar.com\\\/avatar\\\/7409435eb90dab5dd3e21946e11423d79d4fd27d0d76a9a6883c8f31758a7ecd?s=96&d=mm&r=g\",\"contentUrl\":\"https:\\\/\\\/secure.gravatar.com\\\/avatar\\\/7409435eb90dab5dd3e21946e11423d79d4fd27d0d76a9a6883c8f31758a7ecd?s=96&d=mm&r=g\",\"caption\":\"Fogeka Fogekardc\"},\"url\":\"https:\\\/\\\/fogeka-rdc.org\\\/index.php\\\/author\\\/fogeka-admin\\\/\"}]}<\/script>\n<!-- \/ Yoast SEO plugin. -->","yoast_head_json":{"title":"RDC : Le double visage d\u2019une opposition en panne de strat\u00e9gie - fogeka-rdc","robots":{"index":"index","follow":"follow","max-snippet":"max-snippet:-1","max-image-preview":"max-image-preview:large","max-video-preview":"max-video-preview:-1"},"canonical":"https:\/\/fogeka-rdc.org\/index.php\/2026\/08\/03\/rdc-le-double-visage-dune-opposition-en-panne-de-strategie\/","og_locale":"fr_FR","og_type":"article","og_title":"RDC : Le double visage d\u2019une opposition en panne de strat\u00e9gie - fogeka-rdc","og_description":"Il est temps de nommer les choses. Alors que le Pr\u00e9sident de la R\u00e9publique, F\u00e9lix Antoine Tshisekedi,* *r\u00e9affirme son engagement&hellip;","og_url":"https:\/\/fogeka-rdc.org\/index.php\/2026\/08\/03\/rdc-le-double-visage-dune-opposition-en-panne-de-strategie\/","og_site_name":"fogeka-rdc","article_published_time":"2026-08-03T15:13:30+00:00","article_modified_time":"2026-08-11T15:17:02+00:00","og_image":[{"width":1018,"height":737,"url":"https:\/\/fogeka-rdc.org\/wp-content\/uploads\/2026\/08\/JKK.jpg","type":"image\/jpeg"}],"author":"Fogeka Fogekardc","twitter_card":"summary_large_image","twitter_misc":{"\u00c9crit par":"Fogeka Fogekardc","Dur\u00e9e de lecture estim\u00e9e":"4 minutes"},"schema":{"@context":"https:\/\/schema.org","@graph":[{"@type":"Article","@id":"https:\/\/fogeka-rdc.org\/index.php\/2026\/08\/03\/rdc-le-double-visage-dune-opposition-en-panne-de-strategie\/#article","isPartOf":{"@id":"https:\/\/fogeka-rdc.org\/index.php\/2026\/08\/03\/rdc-le-double-visage-dune-opposition-en-panne-de-strategie\/"},"author":{"name":"Fogeka Fogekardc","@id":"https:\/\/fogeka-rdc.org\/#\/schema\/person\/326652cf3d7bfcbab6d224e17d6992ef"},"headline":"RDC : Le double visage d\u2019une opposition en panne de strat\u00e9gie","datePublished":"2026-08-03T15:13:30+00:00","dateModified":"2026-08-11T15:17:02+00:00","mainEntityOfPage":{"@id":"https:\/\/fogeka-rdc.org\/index.php\/2026\/08\/03\/rdc-le-double-visage-dune-opposition-en-panne-de-strategie\/"},"wordCount":772,"commentCount":0,"publisher":{"@id":"https:\/\/fogeka-rdc.org\/#organization"},"image":{"@id":"https:\/\/fogeka-rdc.org\/index.php\/2026\/08\/03\/rdc-le-double-visage-dune-opposition-en-panne-de-strategie\/#primaryimage"},"thumbnailUrl":"https:\/\/fogeka-rdc.org\/wp-content\/uploads\/2026\/08\/JKK.jpg","articleSection":["Politique"],"inLanguage":"fr-FR","potentialAction":[{"@type":"CommentAction","name":"Comment","target":["https:\/\/fogeka-rdc.org\/index.php\/2026\/08\/03\/rdc-le-double-visage-dune-opposition-en-panne-de-strategie\/#respond"]}]},{"@type":"WebPage","@id":"https:\/\/fogeka-rdc.org\/index.php\/2026\/08\/03\/rdc-le-double-visage-dune-opposition-en-panne-de-strategie\/","url":"https:\/\/fogeka-rdc.org\/index.php\/2026\/08\/03\/rdc-le-double-visage-dune-opposition-en-panne-de-strategie\/","name":"RDC : Le double visage d\u2019une opposition en panne de strat\u00e9gie - fogeka-rdc","isPartOf":{"@id":"https:\/\/fogeka-rdc.org\/#website"},"primaryImageOfPage":{"@id":"https:\/\/fogeka-rdc.org\/index.php\/2026\/08\/03\/rdc-le-double-visage-dune-opposition-en-panne-de-strategie\/#primaryimage"},"image":{"@id":"https:\/\/fogeka-rdc.org\/index.php\/2026\/08\/03\/rdc-le-double-visage-dune-opposition-en-panne-de-strategie\/#primaryimage"},"thumbnailUrl":"https:\/\/fogeka-rdc.org\/wp-content\/uploads\/2026\/08\/JKK.jpg","datePublished":"2026-08-03T15:13:30+00:00","dateModified":"2026-08-11T15:17:02+00:00","breadcrumb":{"@id":"https:\/\/fogeka-rdc.org\/index.php\/2026\/08\/03\/rdc-le-double-visage-dune-opposition-en-panne-de-strategie\/#breadcrumb"},"inLanguage":"fr-FR","potentialAction":[{"@type":"ReadAction","target":["https:\/\/fogeka-rdc.org\/index.php\/2026\/08\/03\/rdc-le-double-visage-dune-opposition-en-panne-de-strategie\/"]}]},{"@type":"ImageObject","inLanguage":"fr-FR","@id":"https:\/\/fogeka-rdc.org\/index.php\/2026\/08\/03\/rdc-le-double-visage-dune-opposition-en-panne-de-strategie\/#primaryimage","url":"https:\/\/fogeka-rdc.org\/wp-content\/uploads\/2026\/08\/JKK.jpg","contentUrl":"https:\/\/fogeka-rdc.org\/wp-content\/uploads\/2026\/08\/JKK.jpg","width":1018,"height":737},{"@type":"BreadcrumbList","@id":"https:\/\/fogeka-rdc.org\/index.php\/2026\/08\/03\/rdc-le-double-visage-dune-opposition-en-panne-de-strategie\/#breadcrumb","itemListElement":[{"@type":"ListItem","position":1,"name":"Accueil","item":"https:\/\/fogeka-rdc.org\/"},{"@type":"ListItem","position":2,"name":"RDC : Le double visage d\u2019une opposition en panne de strat\u00e9gie"}]},{"@type":"WebSite","@id":"https:\/\/fogeka-rdc.org\/#website","url":"https:\/\/fogeka-rdc.org\/","name":"fogeka-rdc","description":"Agro foresterie, dans la paix, pour le d\u00e9veloppement","publisher":{"@id":"https:\/\/fogeka-rdc.org\/#organization"},"potentialAction":[{"@type":"SearchAction","target":{"@type":"EntryPoint","urlTemplate":"https:\/\/fogeka-rdc.org\/?s={search_term_string}"},"query-input":{"@type":"PropertyValueSpecification","valueRequired":true,"valueName":"search_term_string"}}],"inLanguage":"fr-FR"},{"@type":"Organization","@id":"https:\/\/fogeka-rdc.org\/#organization","name":"fogeka-rdc","url":"https:\/\/fogeka-rdc.org\/","logo":{"@type":"ImageObject","inLanguage":"fr-FR","@id":"https:\/\/fogeka-rdc.org\/#\/schema\/logo\/image\/","url":"https:\/\/fogeka-rdc.org\/wp-content\/uploads\/2025\/09\/cropped-cropped-WhatsApp-Image-2025-09-12-at-23.09.05.jpeg","contentUrl":"https:\/\/fogeka-rdc.org\/wp-content\/uploads\/2025\/09\/cropped-cropped-WhatsApp-Image-2025-09-12-at-23.09.05.jpeg","width":250,"height":134,"caption":"fogeka-rdc"},"image":{"@id":"https:\/\/fogeka-rdc.org\/#\/schema\/logo\/image\/"}},{"@type":"Person","@id":"https:\/\/fogeka-rdc.org\/#\/schema\/person\/326652cf3d7bfcbab6d224e17d6992ef","name":"Fogeka Fogekardc","image":{"@type":"ImageObject","inLanguage":"fr-FR","@id":"https:\/\/secure.gravatar.com\/avatar\/7409435eb90dab5dd3e21946e11423d79d4fd27d0d76a9a6883c8f31758a7ecd?s=96&d=mm&r=g","url":"https:\/\/secure.gravatar.com\/avatar\/7409435eb90dab5dd3e21946e11423d79d4fd27d0d76a9a6883c8f31758a7ecd?s=96&d=mm&r=g","contentUrl":"https:\/\/secure.gravatar.com\/avatar\/7409435eb90dab5dd3e21946e11423d79d4fd27d0d76a9a6883c8f31758a7ecd?s=96&d=mm&r=g","caption":"Fogeka Fogekardc"},"url":"https:\/\/fogeka-rdc.org\/index.php\/author\/fogeka-admin\/"}]}},"_links":{"self":[{"href":"https:\/\/fogeka-rdc.org\/index.php\/wp-json\/wp\/v2\/posts\/600","targetHints":{"allow":["GET"]}}],"collection":[{"href":"https:\/\/fogeka-rdc.org\/index.php\/wp-json\/wp\/v2\/posts"}],"about":[{"href":"https:\/\/fogeka-rdc.org\/index.php\/wp-json\/wp\/v2\/types\/post"}],"author":[{"embeddable":true,"href":"https:\/\/fogeka-rdc.org\/index.php\/wp-json\/wp\/v2\/users\/2"}],"replies":[{"embeddable":true,"href":"https:\/\/fogeka-rdc.org\/index.php\/wp-json\/wp\/v2\/comments?post=600"}],"version-history":[{"count":1,"href":"https:\/\/fogeka-rdc.org\/index.php\/wp-json\/wp\/v2\/posts\/600\/revisions"}],"predecessor-version":[{"id":602,"href":"https:\/\/fogeka-rdc.org\/index.php\/wp-json\/wp\/v2\/posts\/600\/revisions\/602"}],"wp:featuredmedia":[{"embeddable":true,"href":"https:\/\/fogeka-rdc.org\/index.php\/wp-json\/wp\/v2\/media\/601"}],"wp:attachment":[{"href":"https:\/\/fogeka-rdc.org\/index.php\/wp-json\/wp\/v2\/media?parent=600"}],"wp:term":[{"taxonomy":"category","embeddable":true,"href":"https:\/\/fogeka-rdc.org\/index.php\/wp-json\/wp\/v2\/categories?post=600"},{"taxonomy":"post_tag","embeddable":true,"href":"https:\/\/fogeka-rdc.org\/index.php\/wp-json\/wp\/v2\/tags?post=600"}],"curies":[{"name":"wp","href":"https:\/\/api.w.org\/{rel}","templated":true}]}}