{"id":603,"date":"2026-08-01T15:17:14","date_gmt":"2026-08-01T15:17:14","guid":{"rendered":"https:\/\/fogeka-rdc.org\/?p=603"},"modified":"2026-08-11T15:22:41","modified_gmt":"2026-08-11T15:22:41","slug":"rdc-grand-katanga-felix-tshisekedi-poursuit-son-itinerance-a-lubumbashi","status":"publish","type":"post","link":"https:\/\/fogeka-rdc.org\/index.php\/2026\/08\/01\/rdc-grand-katanga-felix-tshisekedi-poursuit-son-itinerance-a-lubumbashi\/","title":{"rendered":"RDC-GRAND KATANGA : F\u00e9lix Tshisekedi poursuit son itin\u00e9rance \u00e0 Lubumbashi\u00a0\u00a0"},"content":{"rendered":"<p dir=\"ltr\">\n<p dir=\"ltr\"><strong>S\u00e9curit\u00e9, justice et infrastructures au menu du Chef de l\u2019\u00c9tat<\/strong><\/p>\n<p dir=\"ltr\">Apr\u00e8s une \u00e9tape dans la province du Haut-Lomami, le Pr\u00e9sident de la R\u00e9publique, *F\u00e9lix-Antoine Tshisekedi*, est arriv\u00e9 vendredi 31 juillet 2026 \u00e0 Lubumbashi, chef-lieu de la province du Haut-Katanga. Il poursuit ainsi son itin\u00e9rance dans l\u2019espace Grand Katanga.<\/p>\n<p dir=\"ltr\">Dans la ville cuprif\u00e8re, le programme du Chef de l\u2019\u00c9tat est dense et r\u00e9solument tourn\u00e9 vers la gouvernance et les infrastructures.<\/p>\n<p dir=\"ltr\">Sur le plan institutionnel, il pr\u00e9sidera une r\u00e9union du *Conseil de s\u00e9curit\u00e9 \u00e9largi* \u00e0 l\u2019ensemble des responsables des provinces issues du d\u00e9membrement du Grand Katanga. Au c\u0153ur des \u00e9changes : la paix, la s\u00e9curit\u00e9 et la stabilit\u00e9 dans cette r\u00e9gion strat\u00e9gique du pays, frontali\u00e8re et poumon \u00e9conomique de la RDC.<\/p>\n<p dir=\"ltr\">Le Pr\u00e9sident de la R\u00e9publique aura \u00e9galement une s\u00e9rie d\u2019audiences. Il s\u2019entretiendra avec la notabilit\u00e9 locale, les d\u00e9put\u00e9s, les s\u00e9nateurs et les repr\u00e9sentants de la soci\u00e9t\u00e9 civile. L\u2019objectif : faire l\u2019\u00e9tat des lieux des d\u00e9fis de la province et recueillir les attentes des forces vives.<\/p>\n<p dir=\"ltr\">Sur le terrain, deux inaugurations sont inscrites \u00e0 l\u2019agenda pr\u00e9sidentiel. F\u00e9lix Tshisekedi proc\u00e9dera \u00e0 la mise en service du *nouveau Palais de Justice* de Lubumbashi ainsi que d\u2019un *h\u00f4pital moderne*. Deux symboles forts de l\u2019effort de l\u2019\u00c9tat pour rapprocher la justice et les soins de sant\u00e9 des populations.<\/p>\n<p dir=\"ltr\">Avec cette visite, le Chef de l\u2019\u00c9tat entend r\u00e9affirmer l\u2019autorit\u00e9 de l\u2019\u00c9tat et acc\u00e9l\u00e9rer la mise en \u0153uvre des projets de d\u00e9veloppement dans le Grand Katanga.<\/p>\n<p dir=\"ltr\">\n","protected":false},"excerpt":{"rendered":"<p>S\u00e9curit\u00e9, justice et infrastructures au menu du Chef de l\u2019\u00c9tat Apr\u00e8s une \u00e9tape dans la province du Haut-Lomami, le Pr\u00e9sident&hellip;<\/p>\n","protected":false},"author":2,"featured_media":604,"comment_status":"open","ping_status":"open","sticky":true,"template":"","format":"standard","meta":{"footnotes":""},"categories":[14],"tags":[],"class_list":["post-603","post","type-post","status-publish","format-standard","has-post-thumbnail","hentry","category-politique"],"yoast_head":"<!-- This site is optimized with the Yoast SEO plugin v28.4 - https:\/\/yoast.com\/product\/yoast-seo-wordpress\/ -->\n<title>RDC-GRAND KATANGA : F\u00e9lix Tshisekedi poursuit son itin\u00e9rance \u00e0 Lubumbashi\u00a0\u00a0 - fogeka-rdc<\/title>\n<meta name=\"robots\" content=\"index, follow, max-snippet:-1, max-image-preview:large, max-video-preview:-1\" \/>\n<link rel=\"canonical\" href=\"https:\/\/fogeka-rdc.org\/index.php\/2026\/08\/01\/rdc-grand-katanga-felix-tshisekedi-poursuit-son-itinerance-a-lubumbashi\/\" \/>\n<meta property=\"og:locale\" content=\"fr_FR\" \/>\n<meta property=\"og:type\" content=\"article\" \/>\n<meta property=\"og:title\" content=\"RDC-GRAND KATANGA : F\u00e9lix Tshisekedi poursuit son itin\u00e9rance \u00e0 Lubumbashi\u00a0\u00a0 - fogeka-rdc\" \/>\n<meta property=\"og:description\" content=\"S\u00e9curit\u00e9, justice et infrastructures au menu du Chef de l\u2019\u00c9tat Apr\u00e8s une \u00e9tape dans la province du Haut-Lomami, le Pr\u00e9sident&hellip;\" \/>\n<meta property=\"og:url\" content=\"https:\/\/fogeka-rdc.org\/index.php\/2026\/08\/01\/rdc-grand-katanga-felix-tshisekedi-poursuit-son-itinerance-a-lubumbashi\/\" \/>\n<meta property=\"og:site_name\" content=\"fogeka-rdc\" \/>\n<meta property=\"article:published_time\" content=\"2026-08-01T15:17:14+00:00\" \/>\n<meta property=\"article:modified_time\" content=\"2026-08-11T15:22:41+00:00\" \/>\n<meta property=\"og:image\" content=\"https:\/\/fogeka-rdc.org\/wp-content\/uploads\/2026\/08\/Felix_Gd-Kat.jpg\" \/>\n\t<meta property=\"og:image:width\" content=\"795\" \/>\n\t<meta property=\"og:image:height\" content=\"587\" \/>\n\t<meta property=\"og:image:type\" content=\"image\/jpeg\" \/>\n<meta name=\"author\" content=\"Fogeka Fogekardc\" \/>\n<meta name=\"twitter:card\" content=\"summary_large_image\" \/>\n<meta name=\"twitter:label1\" content=\"\u00c9crit par\" \/>\n\t<meta name=\"twitter:data1\" content=\"Fogeka Fogekardc\" \/>\n\t<meta name=\"twitter:label2\" content=\"Dur\u00e9e de lecture estim\u00e9e\" \/>\n\t<meta name=\"twitter:data2\" content=\"2 minutes\" \/>\n<script type=\"application\/ld+json\" class=\"yoast-schema-graph\">{\"@context\":\"https:\\\/\\\/schema.org\",\"@graph\":[{\"@type\":\"Article\",\"@id\":\"https:\\\/\\\/fogeka-rdc.org\\\/index.php\\\/2026\\\/08\\\/01\\\/rdc-grand-katanga-felix-tshisekedi-poursuit-son-itinerance-a-lubumbashi\\\/#article\",\"isPartOf\":{\"@id\":\"https:\\\/\\\/fogeka-rdc.org\\\/index.php\\\/2026\\\/08\\\/01\\\/rdc-grand-katanga-felix-tshisekedi-poursuit-son-itinerance-a-lubumbashi\\\/\"},\"author\":{\"name\":\"Fogeka Fogekardc\",\"@id\":\"https:\\\/\\\/fogeka-rdc.org\\\/#\\\/schema\\\/person\\\/326652cf3d7bfcbab6d224e17d6992ef\"},\"headline\":\"RDC-GRAND KATANGA : F\u00e9lix Tshisekedi poursuit son itin\u00e9rance \u00e0 Lubumbashi\u00a0\u00a0\",\"datePublished\":\"2026-08-01T15:17:14+00:00\",\"dateModified\":\"2026-08-11T15:22:41+00:00\",\"mainEntityOfPage\":{\"@id\":\"https:\\\/\\\/fogeka-rdc.org\\\/index.php\\\/2026\\\/08\\\/01\\\/rdc-grand-katanga-felix-tshisekedi-poursuit-son-itinerance-a-lubumbashi\\\/\"},\"wordCount\":289,\"commentCount\":0,\"publisher\":{\"@id\":\"https:\\\/\\\/fogeka-rdc.org\\\/#organization\"},\"image\":{\"@id\":\"https:\\\/\\\/fogeka-rdc.org\\\/index.php\\\/2026\\\/08\\\/01\\\/rdc-grand-katanga-felix-tshisekedi-poursuit-son-itinerance-a-lubumbashi\\\/#primaryimage\"},\"thumbnailUrl\":\"https:\\\/\\\/fogeka-rdc.org\\\/wp-content\\\/uploads\\\/2026\\\/08\\\/Felix_Gd-Kat.jpg\",\"articleSection\":[\"Politique\"],\"inLanguage\":\"fr-FR\",\"potentialAction\":[{\"@type\":\"CommentAction\",\"name\":\"Comment\",\"target\":[\"https:\\\/\\\/fogeka-rdc.org\\\/index.php\\\/2026\\\/08\\\/01\\\/rdc-grand-katanga-felix-tshisekedi-poursuit-son-itinerance-a-lubumbashi\\\/#respond\"]}]},{\"@type\":\"WebPage\",\"@id\":\"https:\\\/\\\/fogeka-rdc.org\\\/index.php\\\/2026\\\/08\\\/01\\\/rdc-grand-katanga-felix-tshisekedi-poursuit-son-itinerance-a-lubumbashi\\\/\",\"url\":\"https:\\\/\\\/fogeka-rdc.org\\\/index.php\\\/2026\\\/08\\\/01\\\/rdc-grand-katanga-felix-tshisekedi-poursuit-son-itinerance-a-lubumbashi\\\/\",\"name\":\"RDC-GRAND KATANGA : F\u00e9lix Tshisekedi poursuit son itin\u00e9rance \u00e0 Lubumbashi\u00a0\u00a0 - fogeka-rdc\",\"isPartOf\":{\"@id\":\"https:\\\/\\\/fogeka-rdc.org\\\/#website\"},\"primaryImageOfPage\":{\"@id\":\"https:\\\/\\\/fogeka-rdc.org\\\/index.php\\\/2026\\\/08\\\/01\\\/rdc-grand-katanga-felix-tshisekedi-poursuit-son-itinerance-a-lubumbashi\\\/#primaryimage\"},\"image\":{\"@id\":\"https:\\\/\\\/fogeka-rdc.org\\\/index.php\\\/2026\\\/08\\\/01\\\/rdc-grand-katanga-felix-tshisekedi-poursuit-son-itinerance-a-lubumbashi\\\/#primaryimage\"},\"thumbnailUrl\":\"https:\\\/\\\/fogeka-rdc.org\\\/wp-content\\\/uploads\\\/2026\\\/08\\\/Felix_Gd-Kat.jpg\",\"datePublished\":\"2026-08-01T15:17:14+00:00\",\"dateModified\":\"2026-08-11T15:22:41+00:00\",\"breadcrumb\":{\"@id\":\"https:\\\/\\\/fogeka-rdc.org\\\/index.php\\\/2026\\\/08\\\/01\\\/rdc-grand-katanga-felix-tshisekedi-poursuit-son-itinerance-a-lubumbashi\\\/#breadcrumb\"},\"inLanguage\":\"fr-FR\",\"potentialAction\":[{\"@type\":\"ReadAction\",\"target\":[\"https:\\\/\\\/fogeka-rdc.org\\\/index.php\\\/2026\\\/08\\\/01\\\/rdc-grand-katanga-felix-tshisekedi-poursuit-son-itinerance-a-lubumbashi\\\/\"]}]},{\"@type\":\"ImageObject\",\"inLanguage\":\"fr-FR\",\"@id\":\"https:\\\/\\\/fogeka-rdc.org\\\/index.php\\\/2026\\\/08\\\/01\\\/rdc-grand-katanga-felix-tshisekedi-poursuit-son-itinerance-a-lubumbashi\\\/#primaryimage\",\"url\":\"https:\\\/\\\/fogeka-rdc.org\\\/wp-content\\\/uploads\\\/2026\\\/08\\\/Felix_Gd-Kat.jpg\",\"contentUrl\":\"https:\\\/\\\/fogeka-rdc.org\\\/wp-content\\\/uploads\\\/2026\\\/08\\\/Felix_Gd-Kat.jpg\",\"width\":795,\"height\":587},{\"@type\":\"BreadcrumbList\",\"@id\":\"https:\\\/\\\/fogeka-rdc.org\\\/index.php\\\/2026\\\/08\\\/01\\\/rdc-grand-katanga-felix-tshisekedi-poursuit-son-itinerance-a-lubumbashi\\\/#breadcrumb\",\"itemListElement\":[{\"@type\":\"ListItem\",\"position\":1,\"name\":\"Accueil\",\"item\":\"https:\\\/\\\/fogeka-rdc.org\\\/\"},{\"@type\":\"ListItem\",\"position\":2,\"name\":\"RDC-GRAND KATANGA : F\u00e9lix Tshisekedi poursuit son itin\u00e9rance \u00e0 Lubumbashi\u00a0\u00a0\"}]},{\"@type\":\"WebSite\",\"@id\":\"https:\\\/\\\/fogeka-rdc.org\\\/#website\",\"url\":\"https:\\\/\\\/fogeka-rdc.org\\\/\",\"name\":\"fogeka-rdc\",\"description\":\"Agro foresterie, dans la paix, pour le d\u00e9veloppement\",\"publisher\":{\"@id\":\"https:\\\/\\\/fogeka-rdc.org\\\/#organization\"},\"potentialAction\":[{\"@type\":\"SearchAction\",\"target\":{\"@type\":\"EntryPoint\",\"urlTemplate\":\"https:\\\/\\\/fogeka-rdc.org\\\/?s={search_term_string}\"},\"query-input\":{\"@type\":\"PropertyValueSpecification\",\"valueRequired\":true,\"valueName\":\"search_term_string\"}}],\"inLanguage\":\"fr-FR\"},{\"@type\":\"Organization\",\"@id\":\"https:\\\/\\\/fogeka-rdc.org\\\/#organization\",\"name\":\"fogeka-rdc\",\"url\":\"https:\\\/\\\/fogeka-rdc.org\\\/\",\"logo\":{\"@type\":\"ImageObject\",\"inLanguage\":\"fr-FR\",\"@id\":\"https:\\\/\\\/fogeka-rdc.org\\\/#\\\/schema\\\/logo\\\/image\\\/\",\"url\":\"https:\\\/\\\/fogeka-rdc.org\\\/wp-content\\\/uploads\\\/2025\\\/09\\\/cropped-cropped-WhatsApp-Image-2025-09-12-at-23.09.05.jpeg\",\"contentUrl\":\"https:\\\/\\\/fogeka-rdc.org\\\/wp-content\\\/uploads\\\/2025\\\/09\\\/cropped-cropped-WhatsApp-Image-2025-09-12-at-23.09.05.jpeg\",\"width\":250,\"height\":134,\"caption\":\"fogeka-rdc\"},\"image\":{\"@id\":\"https:\\\/\\\/fogeka-rdc.org\\\/#\\\/schema\\\/logo\\\/image\\\/\"}},{\"@type\":\"Person\",\"@id\":\"https:\\\/\\\/fogeka-rdc.org\\\/#\\\/schema\\\/person\\\/326652cf3d7bfcbab6d224e17d6992ef\",\"name\":\"Fogeka Fogekardc\",\"image\":{\"@type\":\"ImageObject\",\"inLanguage\":\"fr-FR\",\"@id\":\"https:\\\/\\\/secure.gravatar.com\\\/avatar\\\/7409435eb90dab5dd3e21946e11423d79d4fd27d0d76a9a6883c8f31758a7ecd?s=96&d=mm&r=g\",\"url\":\"https:\\\/\\\/secure.gravatar.com\\\/avatar\\\/7409435eb90dab5dd3e21946e11423d79d4fd27d0d76a9a6883c8f31758a7ecd?s=96&d=mm&r=g\",\"contentUrl\":\"https:\\\/\\\/secure.gravatar.com\\\/avatar\\\/7409435eb90dab5dd3e21946e11423d79d4fd27d0d76a9a6883c8f31758a7ecd?s=96&d=mm&r=g\",\"caption\":\"Fogeka Fogekardc\"},\"url\":\"https:\\\/\\\/fogeka-rdc.org\\\/index.php\\\/author\\\/fogeka-admin\\\/\"}]}<\/script>\n<!-- \/ Yoast SEO plugin. -->","yoast_head_json":{"title":"RDC-GRAND KATANGA : F\u00e9lix Tshisekedi poursuit son itin\u00e9rance \u00e0 Lubumbashi\u00a0\u00a0 - fogeka-rdc","robots":{"index":"index","follow":"follow","max-snippet":"max-snippet:-1","max-image-preview":"max-image-preview:large","max-video-preview":"max-video-preview:-1"},"canonical":"https:\/\/fogeka-rdc.org\/index.php\/2026\/08\/01\/rdc-grand-katanga-felix-tshisekedi-poursuit-son-itinerance-a-lubumbashi\/","og_locale":"fr_FR","og_type":"article","og_title":"RDC-GRAND KATANGA : F\u00e9lix Tshisekedi poursuit son itin\u00e9rance \u00e0 Lubumbashi\u00a0\u00a0 - fogeka-rdc","og_description":"S\u00e9curit\u00e9, justice et infrastructures au menu du Chef de l\u2019\u00c9tat Apr\u00e8s une \u00e9tape dans la province du Haut-Lomami, le Pr\u00e9sident&hellip;","og_url":"https:\/\/fogeka-rdc.org\/index.php\/2026\/08\/01\/rdc-grand-katanga-felix-tshisekedi-poursuit-son-itinerance-a-lubumbashi\/","og_site_name":"fogeka-rdc","article_published_time":"2026-08-01T15:17:14+00:00","article_modified_time":"2026-08-11T15:22:41+00:00","og_image":[{"width":795,"height":587,"url":"https:\/\/fogeka-rdc.org\/wp-content\/uploads\/2026\/08\/Felix_Gd-Kat.jpg","type":"image\/jpeg"}],"author":"Fogeka Fogekardc","twitter_card":"summary_large_image","twitter_misc":{"\u00c9crit par":"Fogeka Fogekardc","Dur\u00e9e de lecture estim\u00e9e":"2 minutes"},"schema":{"@context":"https:\/\/schema.org","@graph":[{"@type":"Article","@id":"https:\/\/fogeka-rdc.org\/index.php\/2026\/08\/01\/rdc-grand-katanga-felix-tshisekedi-poursuit-son-itinerance-a-lubumbashi\/#article","isPartOf":{"@id":"https:\/\/fogeka-rdc.org\/index.php\/2026\/08\/01\/rdc-grand-katanga-felix-tshisekedi-poursuit-son-itinerance-a-lubumbashi\/"},"author":{"name":"Fogeka Fogekardc","@id":"https:\/\/fogeka-rdc.org\/#\/schema\/person\/326652cf3d7bfcbab6d224e17d6992ef"},"headline":"RDC-GRAND KATANGA : F\u00e9lix Tshisekedi poursuit son itin\u00e9rance \u00e0 Lubumbashi\u00a0\u00a0","datePublished":"2026-08-01T15:17:14+00:00","dateModified":"2026-08-11T15:22:41+00:00","mainEntityOfPage":{"@id":"https:\/\/fogeka-rdc.org\/index.php\/2026\/08\/01\/rdc-grand-katanga-felix-tshisekedi-poursuit-son-itinerance-a-lubumbashi\/"},"wordCount":289,"commentCount":0,"publisher":{"@id":"https:\/\/fogeka-rdc.org\/#organization"},"image":{"@id":"https:\/\/fogeka-rdc.org\/index.php\/2026\/08\/01\/rdc-grand-katanga-felix-tshisekedi-poursuit-son-itinerance-a-lubumbashi\/#primaryimage"},"thumbnailUrl":"https:\/\/fogeka-rdc.org\/wp-content\/uploads\/2026\/08\/Felix_Gd-Kat.jpg","articleSection":["Politique"],"inLanguage":"fr-FR","potentialAction":[{"@type":"CommentAction","name":"Comment","target":["https:\/\/fogeka-rdc.org\/index.php\/2026\/08\/01\/rdc-grand-katanga-felix-tshisekedi-poursuit-son-itinerance-a-lubumbashi\/#respond"]}]},{"@type":"WebPage","@id":"https:\/\/fogeka-rdc.org\/index.php\/2026\/08\/01\/rdc-grand-katanga-felix-tshisekedi-poursuit-son-itinerance-a-lubumbashi\/","url":"https:\/\/fogeka-rdc.org\/index.php\/2026\/08\/01\/rdc-grand-katanga-felix-tshisekedi-poursuit-son-itinerance-a-lubumbashi\/","name":"RDC-GRAND KATANGA : F\u00e9lix Tshisekedi poursuit son itin\u00e9rance \u00e0 Lubumbashi\u00a0\u00a0 - fogeka-rdc","isPartOf":{"@id":"https:\/\/fogeka-rdc.org\/#website"},"primaryImageOfPage":{"@id":"https:\/\/fogeka-rdc.org\/index.php\/2026\/08\/01\/rdc-grand-katanga-felix-tshisekedi-poursuit-son-itinerance-a-lubumbashi\/#primaryimage"},"image":{"@id":"https:\/\/fogeka-rdc.org\/index.php\/2026\/08\/01\/rdc-grand-katanga-felix-tshisekedi-poursuit-son-itinerance-a-lubumbashi\/#primaryimage"},"thumbnailUrl":"https:\/\/fogeka-rdc.org\/wp-content\/uploads\/2026\/08\/Felix_Gd-Kat.jpg","datePublished":"2026-08-01T15:17:14+00:00","dateModified":"2026-08-11T15:22:41+00:00","breadcrumb":{"@id":"https:\/\/fogeka-rdc.org\/index.php\/2026\/08\/01\/rdc-grand-katanga-felix-tshisekedi-poursuit-son-itinerance-a-lubumbashi\/#breadcrumb"},"inLanguage":"fr-FR","potentialAction":[{"@type":"ReadAction","target":["https:\/\/fogeka-rdc.org\/index.php\/2026\/08\/01\/rdc-grand-katanga-felix-tshisekedi-poursuit-son-itinerance-a-lubumbashi\/"]}]},{"@type":"ImageObject","inLanguage":"fr-FR","@id":"https:\/\/fogeka-rdc.org\/index.php\/2026\/08\/01\/rdc-grand-katanga-felix-tshisekedi-poursuit-son-itinerance-a-lubumbashi\/#primaryimage","url":"https:\/\/fogeka-rdc.org\/wp-content\/uploads\/2026\/08\/Felix_Gd-Kat.jpg","contentUrl":"https:\/\/fogeka-rdc.org\/wp-content\/uploads\/2026\/08\/Felix_Gd-Kat.jpg","width":795,"height":587},{"@type":"BreadcrumbList","@id":"https:\/\/fogeka-rdc.org\/index.php\/2026\/08\/01\/rdc-grand-katanga-felix-tshisekedi-poursuit-son-itinerance-a-lubumbashi\/#breadcrumb","itemListElement":[{"@type":"ListItem","position":1,"name":"Accueil","item":"https:\/\/fogeka-rdc.org\/"},{"@type":"ListItem","position":2,"name":"RDC-GRAND KATANGA : F\u00e9lix Tshisekedi poursuit son itin\u00e9rance \u00e0 Lubumbashi\u00a0\u00a0"}]},{"@type":"WebSite","@id":"https:\/\/fogeka-rdc.org\/#website","url":"https:\/\/fogeka-rdc.org\/","name":"fogeka-rdc","description":"Agro foresterie, dans la paix, pour le d\u00e9veloppement","publisher":{"@id":"https:\/\/fogeka-rdc.org\/#organization"},"potentialAction":[{"@type":"SearchAction","target":{"@type":"EntryPoint","urlTemplate":"https:\/\/fogeka-rdc.org\/?s={search_term_string}"},"query-input":{"@type":"PropertyValueSpecification","valueRequired":true,"valueName":"search_term_string"}}],"inLanguage":"fr-FR"},{"@type":"Organization","@id":"https:\/\/fogeka-rdc.org\/#organization","name":"fogeka-rdc","url":"https:\/\/fogeka-rdc.org\/","logo":{"@type":"ImageObject","inLanguage":"fr-FR","@id":"https:\/\/fogeka-rdc.org\/#\/schema\/logo\/image\/","url":"https:\/\/fogeka-rdc.org\/wp-content\/uploads\/2025\/09\/cropped-cropped-WhatsApp-Image-2025-09-12-at-23.09.05.jpeg","contentUrl":"https:\/\/fogeka-rdc.org\/wp-content\/uploads\/2025\/09\/cropped-cropped-WhatsApp-Image-2025-09-12-at-23.09.05.jpeg","width":250,"height":134,"caption":"fogeka-rdc"},"image":{"@id":"https:\/\/fogeka-rdc.org\/#\/schema\/logo\/image\/"}},{"@type":"Person","@id":"https:\/\/fogeka-rdc.org\/#\/schema\/person\/326652cf3d7bfcbab6d224e17d6992ef","name":"Fogeka Fogekardc","image":{"@type":"ImageObject","inLanguage":"fr-FR","@id":"https:\/\/secure.gravatar.com\/avatar\/7409435eb90dab5dd3e21946e11423d79d4fd27d0d76a9a6883c8f31758a7ecd?s=96&d=mm&r=g","url":"https:\/\/secure.gravatar.com\/avatar\/7409435eb90dab5dd3e21946e11423d79d4fd27d0d76a9a6883c8f31758a7ecd?s=96&d=mm&r=g","contentUrl":"https:\/\/secure.gravatar.com\/avatar\/7409435eb90dab5dd3e21946e11423d79d4fd27d0d76a9a6883c8f31758a7ecd?s=96&d=mm&r=g","caption":"Fogeka Fogekardc"},"url":"https:\/\/fogeka-rdc.org\/index.php\/author\/fogeka-admin\/"}]}},"_links":{"self":[{"href":"https:\/\/fogeka-rdc.org\/index.php\/wp-json\/wp\/v2\/posts\/603","targetHints":{"allow":["GET"]}}],"collection":[{"href":"https:\/\/fogeka-rdc.org\/index.php\/wp-json\/wp\/v2\/posts"}],"about":[{"href":"https:\/\/fogeka-rdc.org\/index.php\/wp-json\/wp\/v2\/types\/post"}],"author":[{"embeddable":true,"href":"https:\/\/fogeka-rdc.org\/index.php\/wp-json\/wp\/v2\/users\/2"}],"replies":[{"embeddable":true,"href":"https:\/\/fogeka-rdc.org\/index.php\/wp-json\/wp\/v2\/comments?post=603"}],"version-history":[{"count":1,"href":"https:\/\/fogeka-rdc.org\/index.php\/wp-json\/wp\/v2\/posts\/603\/revisions"}],"predecessor-version":[{"id":605,"href":"https:\/\/fogeka-rdc.org\/index.php\/wp-json\/wp\/v2\/posts\/603\/revisions\/605"}],"wp:featuredmedia":[{"embeddable":true,"href":"https:\/\/fogeka-rdc.org\/index.php\/wp-json\/wp\/v2\/media\/604"}],"wp:attachment":[{"href":"https:\/\/fogeka-rdc.org\/index.php\/wp-json\/wp\/v2\/media?parent=603"}],"wp:term":[{"taxonomy":"category","embeddable":true,"href":"https:\/\/fogeka-rdc.org\/index.php\/wp-json\/wp\/v2\/categories?post=603"},{"taxonomy":"post_tag","embeddable":true,"href":"https:\/\/fogeka-rdc.org\/index.php\/wp-json\/wp\/v2\/tags?post=603"}],"curies":[{"name":"wp","href":"https:\/\/api.w.org\/{rel}","templated":true}]}}