{"id":609,"date":"2026-08-01T15:28:22","date_gmt":"2026-08-01T15:28:22","guid":{"rendered":"https:\/\/fogeka-rdc.org\/?p=609"},"modified":"2026-08-11T15:35:10","modified_gmt":"2026-08-11T15:35:10","slug":"kinshasa-opinion-le-peuple-dabord-fogeka-plaide-pour-des-mesures-sociales-urgentes","status":"publish","type":"post","link":"https:\/\/fogeka-rdc.org\/index.php\/2026\/08\/01\/kinshasa-opinion-le-peuple-dabord-fogeka-plaide-pour-des-mesures-sociales-urgentes\/","title":{"rendered":"KINSHASA OPINION \u2013 \u00ab\u00a0Le peuple d\u2019abord\u00a0\u00bb : Fogeka plaide pour des mesures sociales urgentes\u00a0\u00a0"},"content":{"rendered":"<p dir=\"ltr\">Dans 30 jours, la cloche retentira \u00e0 nouveau. Des millions d\u2019enfants reprendront le chemin de l\u2019\u00e9cole. \u00c0 l\u2019approche de cette \u00e9ch\u00e9ance, Fogeka Agency soumet au Gouverneur de la ville de Kinshasa, *Daniel Bumba*, un train de mesures pour que la rentr\u00e9e 2026-2027 s\u2019ouvre sous le signe de l\u2019apaisement social.<\/p>\n<p dir=\"ltr\">Car la rentr\u00e9e ne se r\u00e9sume pas aux cahiers et aux uniformes. Pour les parents dont les enfants ne b\u00e9n\u00e9ficient pas de la gratuit\u00e9, c\u2019est le paiement de la premi\u00e8re tranche. C\u2019est aussi le loyer, la nourriture, le transport quotidien et la longue liste de charges qui gr\u00e8vent le budget des m\u00e9nages kinois. Dans ce contexte, toute pression suppl\u00e9mentaire risque de fragiliser davantage le pouvoir d\u2019achat.<\/p>\n<p dir=\"ltr\"><strong>Fogeka formule 4 propositions concr\u00e8tes \u00e0 l\u2019autorit\u00e9 urbaine :<\/strong><\/p>\n<p dir=\"ltr\"><strong>1.\u00a0 Anticiper la mobilit\u00e9 urbaine.\u00a0\u00a0<\/strong><\/p>\n<p dir=\"ltr\">\u00a0\u00a0\u00a0\u00a0Quelles dispositions sont pr\u00e9vues pour fluidifier le trafic et \u00e9pargner aux parents les embouteillages du matin ? Fogeka propose de lancer d\u00e8s maintenant le contr\u00f4le technique des v\u00e9hicules de transport en commun, d\u2019encadrer l\u2019organisation des motocyclistes et d\u2019acc\u00e9l\u00e9rer la r\u00e9habilitation, voire le b\u00e9tonnage, des tron\u00e7ons prioritaires. Agir avant la rentr\u00e9e, c\u2019est \u00e9viter le chaos.<\/p>\n<p dir=\"ltr\"><strong>2.\u00a0 Organiser plut\u00f4t que sanctionner.\u00a0<\/strong><\/p>\n<p dir=\"ltr\">\u00a0\u00a0\u00a0\u00a0Au lieu d\u2019attendre le jour J pour multiplier les op\u00e9rations de recouvrement de la DGRK et des autres r\u00e9gies de l\u2019\u00c9tat, Fogeka sugg\u00e8re de publier un calendrier clair et p\u00e9dagogique. La ville gagne en recettes lorsqu\u2019elle gagne d\u2019abord la confiance et la paix sociale.<\/p>\n<p dir=\"ltr\"><strong>3.\u00a0 D\u00e9cr\u00e9ter un moratoire fiscal en septembre.\u00a0\u00a0<\/strong><\/p>\n<p dir=\"ltr\">\u00a0\u00a0\u00a0\u00a0Par souci de justice sociale, Fogeka propose que le mois de septembre soit exempt\u00e9 de toute pression fiscale et parapublique. Le recouvrement pourrait reprendre \u00e0 la mi-octobre, laissant aux parents le temps d\u2019honorer d\u2019abord les frais scolaires. Payer l\u2019imp\u00f4t est un devoir citoyen, mais il suppose des conditions acceptables.<\/p>\n<p dir=\"ltr\"><strong>4.\u00a0 Prot\u00e9ger le m\u00e9nage kinois.\u00a0\u00a0<\/strong><\/p>\n<p dir=\"ltr\">\u00a0\u00a0\u00a0\u00a0Entre le logement, la sant\u00e9 et l\u2019\u00e9ducation, les familles assument l\u2019essentiel. L\u2019autorit\u00e9 publique a donc la responsabilit\u00e9 de ne pas ajouter de charges au moment m\u00eame o\u00f9 l\u2019\u00e9cole reprend.<\/p>\n<p dir=\"ltr\"><strong>Un appel au patriotisme<\/strong><\/p>\n<p dir=\"ltr\">Fogeka s\u2019adresse \u00e9galement aux responsables des \u00e9coles de la RDC. Adh\u00e9rer \u00e0 la vision de la gratuit\u00e9 de l\u2019enseignement, c\u2019est poser un acte de patriotisme au service de la souverainet\u00e9 nationale.<\/p>\n<p dir=\"ltr\">L\u2019\u00e9cole est le premier rempart de l\u2019avenir d\u2019un pays. La gratuit\u00e9 de l\u2019enseignement de base, port\u00e9e comme projet historique, ne peut r\u00e9ussir sans l\u2019adh\u00e9sion de tous.<\/p>\n<p dir=\"ltr\">C\u2019est pourquoi Fogeka lance un appel particulier aux \u00e9coles conventionn\u00e9es. L\u2019ann\u00e9e scolaire 2026-2027 sera un test. La Nation attend de voir votre sens du patriotisme, de l\u2019int\u00e9r\u00eat g\u00e9n\u00e9ral et votre volont\u00e9 de rejoindre pleinement ce chantier r\u00e9publicain. Rejoindre la gratuit\u00e9, c\u2019est choisir de donner \u00e0 chaque enfant congolais, sans distinction, la m\u00eame chance de r\u00e9ussir.<\/p>\n<p dir=\"ltr\">Sans imp\u00f4ts, l\u2019\u00c9tat ne peut rien. Mais un \u00c9tat intelligent sait aussi choisir le bon moment et la bonne m\u00e9thode. Pas de brutalit\u00e9 administrative, mais de l\u2019organisation.<\/p>\n<p dir=\"ltr\">En formulant ces propositions, Fogeka s\u2019inscrit pleinement dans la vision sociale du Pr\u00e9sident de la R\u00e9publique, F\u00e9lix-Antoine Tshisekedi Tshilombo* : une politique qui place d\u2019abord l\u2019humain au centre.<\/p>\n<p dir=\"ltr\">\n","protected":false},"excerpt":{"rendered":"<p>Dans 30 jours, la cloche retentira \u00e0 nouveau. Des millions d\u2019enfants reprendront le chemin de l\u2019\u00e9cole. \u00c0 l\u2019approche de cette&hellip;<\/p>\n","protected":false},"author":2,"featured_media":610,"comment_status":"open","ping_status":"open","sticky":true,"template":"","format":"standard","meta":{"footnotes":""},"categories":[8],"tags":[],"class_list":["post-609","post","type-post","status-publish","format-standard","has-post-thumbnail","hentry","category-sociale"],"yoast_head":"<!-- This site is optimized with the Yoast SEO plugin v28.3 - https:\/\/yoast.com\/product\/yoast-seo-wordpress\/ -->\n<title>KINSHASA OPINION \u2013 &quot;Le peuple d\u2019abord&quot; : Fogeka plaide pour des mesures sociales urgentes\u00a0\u00a0 - fogeka-rdc<\/title>\n<meta name=\"robots\" content=\"index, follow, max-snippet:-1, max-image-preview:large, max-video-preview:-1\" \/>\n<link rel=\"canonical\" href=\"https:\/\/fogeka-rdc.org\/index.php\/2026\/08\/01\/kinshasa-opinion-le-peuple-dabord-fogeka-plaide-pour-des-mesures-sociales-urgentes\/\" \/>\n<meta property=\"og:locale\" content=\"fr_FR\" \/>\n<meta property=\"og:type\" content=\"article\" \/>\n<meta property=\"og:title\" content=\"KINSHASA OPINION \u2013 &quot;Le peuple d\u2019abord&quot; : Fogeka plaide pour des mesures sociales urgentes\u00a0\u00a0 - fogeka-rdc\" \/>\n<meta property=\"og:description\" content=\"Dans 30 jours, la cloche retentira \u00e0 nouveau. Des millions d\u2019enfants reprendront le chemin de l\u2019\u00e9cole. \u00c0 l\u2019approche de cette&hellip;\" \/>\n<meta property=\"og:url\" content=\"https:\/\/fogeka-rdc.org\/index.php\/2026\/08\/01\/kinshasa-opinion-le-peuple-dabord-fogeka-plaide-pour-des-mesures-sociales-urgentes\/\" \/>\n<meta property=\"og:site_name\" content=\"fogeka-rdc\" \/>\n<meta property=\"article:published_time\" content=\"2026-08-01T15:28:22+00:00\" \/>\n<meta property=\"article:modified_time\" content=\"2026-08-11T15:35:10+00:00\" \/>\n<meta property=\"og:image\" content=\"https:\/\/fogeka-rdc.org\/wp-content\/uploads\/2026\/08\/Bumba_Fogeka.jpg\" \/>\n\t<meta property=\"og:image:width\" content=\"1230\" \/>\n\t<meta property=\"og:image:height\" content=\"765\" \/>\n\t<meta property=\"og:image:type\" content=\"image\/jpeg\" \/>\n<meta name=\"author\" content=\"Fogeka Fogekardc\" \/>\n<meta name=\"twitter:card\" content=\"summary_large_image\" \/>\n<meta name=\"twitter:label1\" content=\"\u00c9crit par\" \/>\n\t<meta name=\"twitter:data1\" content=\"Fogeka Fogekardc\" \/>\n\t<meta name=\"twitter:label2\" content=\"Dur\u00e9e de lecture estim\u00e9e\" \/>\n\t<meta name=\"twitter:data2\" content=\"3 minutes\" \/>\n<script type=\"application\/ld+json\" class=\"yoast-schema-graph\">{\"@context\":\"https:\\\/\\\/schema.org\",\"@graph\":[{\"@type\":\"Article\",\"@id\":\"https:\\\/\\\/fogeka-rdc.org\\\/index.php\\\/2026\\\/08\\\/01\\\/kinshasa-opinion-le-peuple-dabord-fogeka-plaide-pour-des-mesures-sociales-urgentes\\\/#article\",\"isPartOf\":{\"@id\":\"https:\\\/\\\/fogeka-rdc.org\\\/index.php\\\/2026\\\/08\\\/01\\\/kinshasa-opinion-le-peuple-dabord-fogeka-plaide-pour-des-mesures-sociales-urgentes\\\/\"},\"author\":{\"name\":\"Fogeka Fogekardc\",\"@id\":\"https:\\\/\\\/fogeka-rdc.org\\\/#\\\/schema\\\/person\\\/326652cf3d7bfcbab6d224e17d6992ef\"},\"headline\":\"KINSHASA OPINION \u2013 \u00ab\u00a0Le peuple d\u2019abord\u00a0\u00bb : Fogeka plaide pour des mesures sociales urgentes\u00a0\u00a0\",\"datePublished\":\"2026-08-01T15:28:22+00:00\",\"dateModified\":\"2026-08-11T15:35:10+00:00\",\"mainEntityOfPage\":{\"@id\":\"https:\\\/\\\/fogeka-rdc.org\\\/index.php\\\/2026\\\/08\\\/01\\\/kinshasa-opinion-le-peuple-dabord-fogeka-plaide-pour-des-mesures-sociales-urgentes\\\/\"},\"wordCount\":582,\"commentCount\":0,\"publisher\":{\"@id\":\"https:\\\/\\\/fogeka-rdc.org\\\/#organization\"},\"image\":{\"@id\":\"https:\\\/\\\/fogeka-rdc.org\\\/index.php\\\/2026\\\/08\\\/01\\\/kinshasa-opinion-le-peuple-dabord-fogeka-plaide-pour-des-mesures-sociales-urgentes\\\/#primaryimage\"},\"thumbnailUrl\":\"https:\\\/\\\/fogeka-rdc.org\\\/wp-content\\\/uploads\\\/2026\\\/08\\\/Bumba_Fogeka.jpg\",\"articleSection\":[\"Sociale\"],\"inLanguage\":\"fr-FR\",\"potentialAction\":[{\"@type\":\"CommentAction\",\"name\":\"Comment\",\"target\":[\"https:\\\/\\\/fogeka-rdc.org\\\/index.php\\\/2026\\\/08\\\/01\\\/kinshasa-opinion-le-peuple-dabord-fogeka-plaide-pour-des-mesures-sociales-urgentes\\\/#respond\"]}]},{\"@type\":\"WebPage\",\"@id\":\"https:\\\/\\\/fogeka-rdc.org\\\/index.php\\\/2026\\\/08\\\/01\\\/kinshasa-opinion-le-peuple-dabord-fogeka-plaide-pour-des-mesures-sociales-urgentes\\\/\",\"url\":\"https:\\\/\\\/fogeka-rdc.org\\\/index.php\\\/2026\\\/08\\\/01\\\/kinshasa-opinion-le-peuple-dabord-fogeka-plaide-pour-des-mesures-sociales-urgentes\\\/\",\"name\":\"KINSHASA OPINION \u2013 \\\"Le peuple d\u2019abord\\\" : Fogeka plaide pour des mesures sociales urgentes\u00a0\u00a0 - fogeka-rdc\",\"isPartOf\":{\"@id\":\"https:\\\/\\\/fogeka-rdc.org\\\/#website\"},\"primaryImageOfPage\":{\"@id\":\"https:\\\/\\\/fogeka-rdc.org\\\/index.php\\\/2026\\\/08\\\/01\\\/kinshasa-opinion-le-peuple-dabord-fogeka-plaide-pour-des-mesures-sociales-urgentes\\\/#primaryimage\"},\"image\":{\"@id\":\"https:\\\/\\\/fogeka-rdc.org\\\/index.php\\\/2026\\\/08\\\/01\\\/kinshasa-opinion-le-peuple-dabord-fogeka-plaide-pour-des-mesures-sociales-urgentes\\\/#primaryimage\"},\"thumbnailUrl\":\"https:\\\/\\\/fogeka-rdc.org\\\/wp-content\\\/uploads\\\/2026\\\/08\\\/Bumba_Fogeka.jpg\",\"datePublished\":\"2026-08-01T15:28:22+00:00\",\"dateModified\":\"2026-08-11T15:35:10+00:00\",\"breadcrumb\":{\"@id\":\"https:\\\/\\\/fogeka-rdc.org\\\/index.php\\\/2026\\\/08\\\/01\\\/kinshasa-opinion-le-peuple-dabord-fogeka-plaide-pour-des-mesures-sociales-urgentes\\\/#breadcrumb\"},\"inLanguage\":\"fr-FR\",\"potentialAction\":[{\"@type\":\"ReadAction\",\"target\":[\"https:\\\/\\\/fogeka-rdc.org\\\/index.php\\\/2026\\\/08\\\/01\\\/kinshasa-opinion-le-peuple-dabord-fogeka-plaide-pour-des-mesures-sociales-urgentes\\\/\"]}]},{\"@type\":\"ImageObject\",\"inLanguage\":\"fr-FR\",\"@id\":\"https:\\\/\\\/fogeka-rdc.org\\\/index.php\\\/2026\\\/08\\\/01\\\/kinshasa-opinion-le-peuple-dabord-fogeka-plaide-pour-des-mesures-sociales-urgentes\\\/#primaryimage\",\"url\":\"https:\\\/\\\/fogeka-rdc.org\\\/wp-content\\\/uploads\\\/2026\\\/08\\\/Bumba_Fogeka.jpg\",\"contentUrl\":\"https:\\\/\\\/fogeka-rdc.org\\\/wp-content\\\/uploads\\\/2026\\\/08\\\/Bumba_Fogeka.jpg\",\"width\":1230,\"height\":765},{\"@type\":\"BreadcrumbList\",\"@id\":\"https:\\\/\\\/fogeka-rdc.org\\\/index.php\\\/2026\\\/08\\\/01\\\/kinshasa-opinion-le-peuple-dabord-fogeka-plaide-pour-des-mesures-sociales-urgentes\\\/#breadcrumb\",\"itemListElement\":[{\"@type\":\"ListItem\",\"position\":1,\"name\":\"Accueil\",\"item\":\"https:\\\/\\\/fogeka-rdc.org\\\/\"},{\"@type\":\"ListItem\",\"position\":2,\"name\":\"KINSHASA OPINION \u2013 \u00ab\u00a0Le peuple d\u2019abord\u00a0\u00bb : Fogeka plaide pour des mesures sociales urgentes\u00a0\u00a0\"}]},{\"@type\":\"WebSite\",\"@id\":\"https:\\\/\\\/fogeka-rdc.org\\\/#website\",\"url\":\"https:\\\/\\\/fogeka-rdc.org\\\/\",\"name\":\"fogeka-rdc\",\"description\":\"Agro foresterie, dans la paix, pour le d\u00e9veloppement\",\"publisher\":{\"@id\":\"https:\\\/\\\/fogeka-rdc.org\\\/#organization\"},\"potentialAction\":[{\"@type\":\"SearchAction\",\"target\":{\"@type\":\"EntryPoint\",\"urlTemplate\":\"https:\\\/\\\/fogeka-rdc.org\\\/?s={search_term_string}\"},\"query-input\":{\"@type\":\"PropertyValueSpecification\",\"valueRequired\":true,\"valueName\":\"search_term_string\"}}],\"inLanguage\":\"fr-FR\"},{\"@type\":\"Organization\",\"@id\":\"https:\\\/\\\/fogeka-rdc.org\\\/#organization\",\"name\":\"fogeka-rdc\",\"url\":\"https:\\\/\\\/fogeka-rdc.org\\\/\",\"logo\":{\"@type\":\"ImageObject\",\"inLanguage\":\"fr-FR\",\"@id\":\"https:\\\/\\\/fogeka-rdc.org\\\/#\\\/schema\\\/logo\\\/image\\\/\",\"url\":\"https:\\\/\\\/fogeka-rdc.org\\\/wp-content\\\/uploads\\\/2025\\\/09\\\/cropped-cropped-WhatsApp-Image-2025-09-12-at-23.09.05.jpeg\",\"contentUrl\":\"https:\\\/\\\/fogeka-rdc.org\\\/wp-content\\\/uploads\\\/2025\\\/09\\\/cropped-cropped-WhatsApp-Image-2025-09-12-at-23.09.05.jpeg\",\"width\":250,\"height\":134,\"caption\":\"fogeka-rdc\"},\"image\":{\"@id\":\"https:\\\/\\\/fogeka-rdc.org\\\/#\\\/schema\\\/logo\\\/image\\\/\"}},{\"@type\":\"Person\",\"@id\":\"https:\\\/\\\/fogeka-rdc.org\\\/#\\\/schema\\\/person\\\/326652cf3d7bfcbab6d224e17d6992ef\",\"name\":\"Fogeka Fogekardc\",\"image\":{\"@type\":\"ImageObject\",\"inLanguage\":\"fr-FR\",\"@id\":\"https:\\\/\\\/secure.gravatar.com\\\/avatar\\\/7409435eb90dab5dd3e21946e11423d79d4fd27d0d76a9a6883c8f31758a7ecd?s=96&d=mm&r=g\",\"url\":\"https:\\\/\\\/secure.gravatar.com\\\/avatar\\\/7409435eb90dab5dd3e21946e11423d79d4fd27d0d76a9a6883c8f31758a7ecd?s=96&d=mm&r=g\",\"contentUrl\":\"https:\\\/\\\/secure.gravatar.com\\\/avatar\\\/7409435eb90dab5dd3e21946e11423d79d4fd27d0d76a9a6883c8f31758a7ecd?s=96&d=mm&r=g\",\"caption\":\"Fogeka Fogekardc\"},\"url\":\"https:\\\/\\\/fogeka-rdc.org\\\/index.php\\\/author\\\/fogeka-admin\\\/\"}]}<\/script>\n<!-- \/ Yoast SEO plugin. -->","yoast_head_json":{"title":"KINSHASA OPINION \u2013 \"Le peuple d\u2019abord\" : Fogeka plaide pour des mesures sociales urgentes\u00a0\u00a0 - fogeka-rdc","robots":{"index":"index","follow":"follow","max-snippet":"max-snippet:-1","max-image-preview":"max-image-preview:large","max-video-preview":"max-video-preview:-1"},"canonical":"https:\/\/fogeka-rdc.org\/index.php\/2026\/08\/01\/kinshasa-opinion-le-peuple-dabord-fogeka-plaide-pour-des-mesures-sociales-urgentes\/","og_locale":"fr_FR","og_type":"article","og_title":"KINSHASA OPINION \u2013 \"Le peuple d\u2019abord\" : Fogeka plaide pour des mesures sociales urgentes\u00a0\u00a0 - fogeka-rdc","og_description":"Dans 30 jours, la cloche retentira \u00e0 nouveau. Des millions d\u2019enfants reprendront le chemin de l\u2019\u00e9cole. \u00c0 l\u2019approche de cette&hellip;","og_url":"https:\/\/fogeka-rdc.org\/index.php\/2026\/08\/01\/kinshasa-opinion-le-peuple-dabord-fogeka-plaide-pour-des-mesures-sociales-urgentes\/","og_site_name":"fogeka-rdc","article_published_time":"2026-08-01T15:28:22+00:00","article_modified_time":"2026-08-11T15:35:10+00:00","og_image":[{"width":1230,"height":765,"url":"https:\/\/fogeka-rdc.org\/wp-content\/uploads\/2026\/08\/Bumba_Fogeka.jpg","type":"image\/jpeg"}],"author":"Fogeka Fogekardc","twitter_card":"summary_large_image","twitter_misc":{"\u00c9crit par":"Fogeka Fogekardc","Dur\u00e9e de lecture estim\u00e9e":"3 minutes"},"schema":{"@context":"https:\/\/schema.org","@graph":[{"@type":"Article","@id":"https:\/\/fogeka-rdc.org\/index.php\/2026\/08\/01\/kinshasa-opinion-le-peuple-dabord-fogeka-plaide-pour-des-mesures-sociales-urgentes\/#article","isPartOf":{"@id":"https:\/\/fogeka-rdc.org\/index.php\/2026\/08\/01\/kinshasa-opinion-le-peuple-dabord-fogeka-plaide-pour-des-mesures-sociales-urgentes\/"},"author":{"name":"Fogeka Fogekardc","@id":"https:\/\/fogeka-rdc.org\/#\/schema\/person\/326652cf3d7bfcbab6d224e17d6992ef"},"headline":"KINSHASA OPINION \u2013 \u00ab\u00a0Le peuple d\u2019abord\u00a0\u00bb : Fogeka plaide pour des mesures sociales urgentes\u00a0\u00a0","datePublished":"2026-08-01T15:28:22+00:00","dateModified":"2026-08-11T15:35:10+00:00","mainEntityOfPage":{"@id":"https:\/\/fogeka-rdc.org\/index.php\/2026\/08\/01\/kinshasa-opinion-le-peuple-dabord-fogeka-plaide-pour-des-mesures-sociales-urgentes\/"},"wordCount":582,"commentCount":0,"publisher":{"@id":"https:\/\/fogeka-rdc.org\/#organization"},"image":{"@id":"https:\/\/fogeka-rdc.org\/index.php\/2026\/08\/01\/kinshasa-opinion-le-peuple-dabord-fogeka-plaide-pour-des-mesures-sociales-urgentes\/#primaryimage"},"thumbnailUrl":"https:\/\/fogeka-rdc.org\/wp-content\/uploads\/2026\/08\/Bumba_Fogeka.jpg","articleSection":["Sociale"],"inLanguage":"fr-FR","potentialAction":[{"@type":"CommentAction","name":"Comment","target":["https:\/\/fogeka-rdc.org\/index.php\/2026\/08\/01\/kinshasa-opinion-le-peuple-dabord-fogeka-plaide-pour-des-mesures-sociales-urgentes\/#respond"]}]},{"@type":"WebPage","@id":"https:\/\/fogeka-rdc.org\/index.php\/2026\/08\/01\/kinshasa-opinion-le-peuple-dabord-fogeka-plaide-pour-des-mesures-sociales-urgentes\/","url":"https:\/\/fogeka-rdc.org\/index.php\/2026\/08\/01\/kinshasa-opinion-le-peuple-dabord-fogeka-plaide-pour-des-mesures-sociales-urgentes\/","name":"KINSHASA OPINION \u2013 \"Le peuple d\u2019abord\" : Fogeka plaide pour des mesures sociales urgentes\u00a0\u00a0 - fogeka-rdc","isPartOf":{"@id":"https:\/\/fogeka-rdc.org\/#website"},"primaryImageOfPage":{"@id":"https:\/\/fogeka-rdc.org\/index.php\/2026\/08\/01\/kinshasa-opinion-le-peuple-dabord-fogeka-plaide-pour-des-mesures-sociales-urgentes\/#primaryimage"},"image":{"@id":"https:\/\/fogeka-rdc.org\/index.php\/2026\/08\/01\/kinshasa-opinion-le-peuple-dabord-fogeka-plaide-pour-des-mesures-sociales-urgentes\/#primaryimage"},"thumbnailUrl":"https:\/\/fogeka-rdc.org\/wp-content\/uploads\/2026\/08\/Bumba_Fogeka.jpg","datePublished":"2026-08-01T15:28:22+00:00","dateModified":"2026-08-11T15:35:10+00:00","breadcrumb":{"@id":"https:\/\/fogeka-rdc.org\/index.php\/2026\/08\/01\/kinshasa-opinion-le-peuple-dabord-fogeka-plaide-pour-des-mesures-sociales-urgentes\/#breadcrumb"},"inLanguage":"fr-FR","potentialAction":[{"@type":"ReadAction","target":["https:\/\/fogeka-rdc.org\/index.php\/2026\/08\/01\/kinshasa-opinion-le-peuple-dabord-fogeka-plaide-pour-des-mesures-sociales-urgentes\/"]}]},{"@type":"ImageObject","inLanguage":"fr-FR","@id":"https:\/\/fogeka-rdc.org\/index.php\/2026\/08\/01\/kinshasa-opinion-le-peuple-dabord-fogeka-plaide-pour-des-mesures-sociales-urgentes\/#primaryimage","url":"https:\/\/fogeka-rdc.org\/wp-content\/uploads\/2026\/08\/Bumba_Fogeka.jpg","contentUrl":"https:\/\/fogeka-rdc.org\/wp-content\/uploads\/2026\/08\/Bumba_Fogeka.jpg","width":1230,"height":765},{"@type":"BreadcrumbList","@id":"https:\/\/fogeka-rdc.org\/index.php\/2026\/08\/01\/kinshasa-opinion-le-peuple-dabord-fogeka-plaide-pour-des-mesures-sociales-urgentes\/#breadcrumb","itemListElement":[{"@type":"ListItem","position":1,"name":"Accueil","item":"https:\/\/fogeka-rdc.org\/"},{"@type":"ListItem","position":2,"name":"KINSHASA OPINION \u2013 \u00ab\u00a0Le peuple d\u2019abord\u00a0\u00bb : Fogeka plaide pour des mesures sociales urgentes\u00a0\u00a0"}]},{"@type":"WebSite","@id":"https:\/\/fogeka-rdc.org\/#website","url":"https:\/\/fogeka-rdc.org\/","name":"fogeka-rdc","description":"Agro foresterie, dans la paix, pour le d\u00e9veloppement","publisher":{"@id":"https:\/\/fogeka-rdc.org\/#organization"},"potentialAction":[{"@type":"SearchAction","target":{"@type":"EntryPoint","urlTemplate":"https:\/\/fogeka-rdc.org\/?s={search_term_string}"},"query-input":{"@type":"PropertyValueSpecification","valueRequired":true,"valueName":"search_term_string"}}],"inLanguage":"fr-FR"},{"@type":"Organization","@id":"https:\/\/fogeka-rdc.org\/#organization","name":"fogeka-rdc","url":"https:\/\/fogeka-rdc.org\/","logo":{"@type":"ImageObject","inLanguage":"fr-FR","@id":"https:\/\/fogeka-rdc.org\/#\/schema\/logo\/image\/","url":"https:\/\/fogeka-rdc.org\/wp-content\/uploads\/2025\/09\/cropped-cropped-WhatsApp-Image-2025-09-12-at-23.09.05.jpeg","contentUrl":"https:\/\/fogeka-rdc.org\/wp-content\/uploads\/2025\/09\/cropped-cropped-WhatsApp-Image-2025-09-12-at-23.09.05.jpeg","width":250,"height":134,"caption":"fogeka-rdc"},"image":{"@id":"https:\/\/fogeka-rdc.org\/#\/schema\/logo\/image\/"}},{"@type":"Person","@id":"https:\/\/fogeka-rdc.org\/#\/schema\/person\/326652cf3d7bfcbab6d224e17d6992ef","name":"Fogeka Fogekardc","image":{"@type":"ImageObject","inLanguage":"fr-FR","@id":"https:\/\/secure.gravatar.com\/avatar\/7409435eb90dab5dd3e21946e11423d79d4fd27d0d76a9a6883c8f31758a7ecd?s=96&d=mm&r=g","url":"https:\/\/secure.gravatar.com\/avatar\/7409435eb90dab5dd3e21946e11423d79d4fd27d0d76a9a6883c8f31758a7ecd?s=96&d=mm&r=g","contentUrl":"https:\/\/secure.gravatar.com\/avatar\/7409435eb90dab5dd3e21946e11423d79d4fd27d0d76a9a6883c8f31758a7ecd?s=96&d=mm&r=g","caption":"Fogeka Fogekardc"},"url":"https:\/\/fogeka-rdc.org\/index.php\/author\/fogeka-admin\/"}]}},"_links":{"self":[{"href":"https:\/\/fogeka-rdc.org\/index.php\/wp-json\/wp\/v2\/posts\/609","targetHints":{"allow":["GET"]}}],"collection":[{"href":"https:\/\/fogeka-rdc.org\/index.php\/wp-json\/wp\/v2\/posts"}],"about":[{"href":"https:\/\/fogeka-rdc.org\/index.php\/wp-json\/wp\/v2\/types\/post"}],"author":[{"embeddable":true,"href":"https:\/\/fogeka-rdc.org\/index.php\/wp-json\/wp\/v2\/users\/2"}],"replies":[{"embeddable":true,"href":"https:\/\/fogeka-rdc.org\/index.php\/wp-json\/wp\/v2\/comments?post=609"}],"version-history":[{"count":1,"href":"https:\/\/fogeka-rdc.org\/index.php\/wp-json\/wp\/v2\/posts\/609\/revisions"}],"predecessor-version":[{"id":611,"href":"https:\/\/fogeka-rdc.org\/index.php\/wp-json\/wp\/v2\/posts\/609\/revisions\/611"}],"wp:featuredmedia":[{"embeddable":true,"href":"https:\/\/fogeka-rdc.org\/index.php\/wp-json\/wp\/v2\/media\/610"}],"wp:attachment":[{"href":"https:\/\/fogeka-rdc.org\/index.php\/wp-json\/wp\/v2\/media?parent=609"}],"wp:term":[{"taxonomy":"category","embeddable":true,"href":"https:\/\/fogeka-rdc.org\/index.php\/wp-json\/wp\/v2\/categories?post=609"},{"taxonomy":"post_tag","embeddable":true,"href":"https:\/\/fogeka-rdc.org\/index.php\/wp-json\/wp\/v2\/tags?post=609"}],"curies":[{"name":"wp","href":"https:\/\/api.w.org\/{rel}","templated":true}]}}