{"id":613,"date":"2026-07-31T15:37:20","date_gmt":"2026-07-31T15:37:20","guid":{"rendered":"https:\/\/fogeka-rdc.org\/?p=613"},"modified":"2026-08-11T15:43:47","modified_gmt":"2026-08-11T15:43:47","slug":"rdc-rentree-scolaire-2026-2027","status":"publish","type":"post","link":"https:\/\/fogeka-rdc.org\/index.php\/2026\/07\/31\/rdc-rentree-scolaire-2026-2027\/","title":{"rendered":"RDC \u2013 RENTR\u00c9E SCOLAIRE 2026-2027"},"content":{"rendered":"<p dir=\"ltr\"><strong>FOGEKA ASBL\u00a0: l\u2019humanisme au service du g\u00e9nie congolais et de la vision Fatshi<\/strong><\/p>\n<p dir=\"ltr\">\u00c0 quelques semaines de la rentr\u00e9e scolaire 2026-2027, la R\u00e9publique d\u00e9mocratique du Congo s\u2019appr\u00eate \u00e0 poser un acte majeur de solidarit\u00e9 nationale.<\/p>\n<p dir=\"ltr\">Le 12 ao\u00fbt 2026, \u00e0 l\u2019occasion de la Journ\u00e9e internationale de la jeunesse, la Force du G\u00e9nie Kongolais pour l\u2019Avenir FOGEKA ASBL lancera officiellement \u00e0 Kinshasa une vaste campagne de distribution de kits scolaires complets.<\/p>\n<p dir=\"ltr\">Cette initiative s\u2019inscrit pleinement dans la vision du Pr\u00e9sident de la R\u00e9publique, Chef de l\u2019\u00c9tat, Son Excellence Monsieur F\u00e9lix-Antoine Tshisekedi Tshilombo.<\/p>\n<p dir=\"ltr\">Engag\u00e9e depuis huit ans dans les domaines du social, de l\u2019humanitaire et de l\u2019environnement, FOGEKA ASBL, sous l\u2019impulsion de son Manager, G\u00e9nie Kande, r\u00e9affirme son adh\u00e9sion totale au projet d\u2019une RDC debout, \u00e9duqu\u00e9e et r\u00e9concili\u00e9e.<\/p>\n<p dir=\"ltr\">Pour l\u2019ann\u00e9e scolaire 2026-2027, plus de 15 000 enfants orphelins et victimes des violences de guerre_ b\u00e9n\u00e9ficieront gratuitement de sacs, cahiers, stylos, uniformes et manuels. Un geste concret en appui \u00e0 la gratuit\u00e9 de l\u2019enseignement, pilier de l\u2019engagement historique du Chef de l\u2019\u00c9tat en faveur de l\u2019avenir de la jeunesse congolaise.<\/p>\n<p dir=\"ltr\">Apr\u00e8s Kinshasa, du 12 ao\u00fbt au 10 septembre, la campagne sera d\u00e9ploy\u00e9e \u00e0 Kisangani, Goma, Bukavu, Beni, Uvira, en Ituri et \u00e0 Dibaya dans le Kasa\u00ef Central.<\/p>\n<p dir=\"ltr\">Elle s\u2019\u00e9tendra \u00e9galement aux communaut\u00e9s congolaises d\u2019Ouganda, de Zambie, du Congo-Brazzaville et du Burundi, o\u00f9 nos compatriotes, \u00e9prouv\u00e9s par l\u2019ins\u00e9curit\u00e9, placent leur espoir dans la dignit\u00e9 que conf\u00e8re l\u2019\u00e9cole.<\/p>\n<p dir=\"ltr\">\u00ab <em><strong>Servir les enfants vuln\u00e9rables, c\u2019est servir la Nation<\/strong><\/em>\u00a0\u00bb, d\u00e9clare G\u00e9nie Kande. Cet engagement patriotique repose sur une conviction : l\u2019\u00e9ducation est le socle de la souverainet\u00e9 et du d\u00e9veloppement.<\/p>\n<p dir=\"ltr\">FOGEKA ASBL lance un appel aux patriotes et aux personnes de bonne volont\u00e9 : _avec 1$ USD, un cahier et un stylo_, chacun peut contribuer \u00e0 soulager la souffrance d\u2019un enfant et \u00e0 construire la RDC de demain.<\/p>\n<p dir=\"ltr\">\n","protected":false},"excerpt":{"rendered":"<p>FOGEKA ASBL\u00a0: l\u2019humanisme au service du g\u00e9nie congolais et de la vision Fatshi \u00c0 quelques semaines de la rentr\u00e9e scolaire&hellip;<\/p>\n","protected":false},"author":2,"featured_media":614,"comment_status":"open","ping_status":"open","sticky":true,"template":"","format":"standard","meta":{"footnotes":""},"categories":[8],"tags":[],"class_list":["post-613","post","type-post","status-publish","format-standard","has-post-thumbnail","hentry","category-sociale"],"yoast_head":"<!-- This site is optimized with the Yoast SEO plugin v28.4 - https:\/\/yoast.com\/product\/yoast-seo-wordpress\/ -->\n<title>RDC \u2013 RENTR\u00c9E SCOLAIRE 2026-2027 - fogeka-rdc<\/title>\n<meta name=\"robots\" content=\"index, follow, max-snippet:-1, max-image-preview:large, max-video-preview:-1\" \/>\n<link rel=\"canonical\" href=\"https:\/\/fogeka-rdc.org\/index.php\/2026\/07\/31\/rdc-rentree-scolaire-2026-2027\/\" \/>\n<meta property=\"og:locale\" content=\"fr_FR\" \/>\n<meta property=\"og:type\" content=\"article\" \/>\n<meta property=\"og:title\" content=\"RDC \u2013 RENTR\u00c9E SCOLAIRE 2026-2027 - fogeka-rdc\" \/>\n<meta property=\"og:description\" content=\"FOGEKA ASBL\u00a0: l\u2019humanisme au service du g\u00e9nie congolais et de la vision Fatshi \u00c0 quelques semaines de la rentr\u00e9e scolaire&hellip;\" \/>\n<meta property=\"og:url\" content=\"https:\/\/fogeka-rdc.org\/index.php\/2026\/07\/31\/rdc-rentree-scolaire-2026-2027\/\" \/>\n<meta property=\"og:site_name\" content=\"fogeka-rdc\" \/>\n<meta property=\"article:published_time\" content=\"2026-07-31T15:37:20+00:00\" \/>\n<meta property=\"article:modified_time\" content=\"2026-08-11T15:43:47+00:00\" \/>\n<meta property=\"og:image\" content=\"https:\/\/fogeka-rdc.org\/wp-content\/uploads\/2026\/08\/Scolarisation_fogeka.jpg\" \/>\n\t<meta property=\"og:image:width\" content=\"1080\" \/>\n\t<meta property=\"og:image:height\" content=\"1080\" \/>\n\t<meta property=\"og:image:type\" content=\"image\/jpeg\" \/>\n<meta name=\"author\" content=\"Fogeka Fogekardc\" \/>\n<meta name=\"twitter:card\" content=\"summary_large_image\" \/>\n<meta name=\"twitter:label1\" content=\"\u00c9crit par\" \/>\n\t<meta name=\"twitter:data1\" content=\"Fogeka Fogekardc\" \/>\n\t<meta name=\"twitter:label2\" content=\"Dur\u00e9e de lecture estim\u00e9e\" \/>\n\t<meta name=\"twitter:data2\" content=\"2 minutes\" \/>\n<script type=\"application\/ld+json\" class=\"yoast-schema-graph\">{\"@context\":\"https:\\\/\\\/schema.org\",\"@graph\":[{\"@type\":\"Article\",\"@id\":\"https:\\\/\\\/fogeka-rdc.org\\\/index.php\\\/2026\\\/07\\\/31\\\/rdc-rentree-scolaire-2026-2027\\\/#article\",\"isPartOf\":{\"@id\":\"https:\\\/\\\/fogeka-rdc.org\\\/index.php\\\/2026\\\/07\\\/31\\\/rdc-rentree-scolaire-2026-2027\\\/\"},\"author\":{\"name\":\"Fogeka Fogekardc\",\"@id\":\"https:\\\/\\\/fogeka-rdc.org\\\/#\\\/schema\\\/person\\\/326652cf3d7bfcbab6d224e17d6992ef\"},\"headline\":\"RDC \u2013 RENTR\u00c9E SCOLAIRE 2026-2027\",\"datePublished\":\"2026-07-31T15:37:20+00:00\",\"dateModified\":\"2026-08-11T15:43:47+00:00\",\"mainEntityOfPage\":{\"@id\":\"https:\\\/\\\/fogeka-rdc.org\\\/index.php\\\/2026\\\/07\\\/31\\\/rdc-rentree-scolaire-2026-2027\\\/\"},\"wordCount\":342,\"commentCount\":0,\"publisher\":{\"@id\":\"https:\\\/\\\/fogeka-rdc.org\\\/#organization\"},\"image\":{\"@id\":\"https:\\\/\\\/fogeka-rdc.org\\\/index.php\\\/2026\\\/07\\\/31\\\/rdc-rentree-scolaire-2026-2027\\\/#primaryimage\"},\"thumbnailUrl\":\"https:\\\/\\\/fogeka-rdc.org\\\/wp-content\\\/uploads\\\/2026\\\/08\\\/Scolarisation_fogeka.jpg\",\"articleSection\":[\"Sociale\"],\"inLanguage\":\"fr-FR\",\"potentialAction\":[{\"@type\":\"CommentAction\",\"name\":\"Comment\",\"target\":[\"https:\\\/\\\/fogeka-rdc.org\\\/index.php\\\/2026\\\/07\\\/31\\\/rdc-rentree-scolaire-2026-2027\\\/#respond\"]}]},{\"@type\":\"WebPage\",\"@id\":\"https:\\\/\\\/fogeka-rdc.org\\\/index.php\\\/2026\\\/07\\\/31\\\/rdc-rentree-scolaire-2026-2027\\\/\",\"url\":\"https:\\\/\\\/fogeka-rdc.org\\\/index.php\\\/2026\\\/07\\\/31\\\/rdc-rentree-scolaire-2026-2027\\\/\",\"name\":\"RDC \u2013 RENTR\u00c9E SCOLAIRE 2026-2027 - fogeka-rdc\",\"isPartOf\":{\"@id\":\"https:\\\/\\\/fogeka-rdc.org\\\/#website\"},\"primaryImageOfPage\":{\"@id\":\"https:\\\/\\\/fogeka-rdc.org\\\/index.php\\\/2026\\\/07\\\/31\\\/rdc-rentree-scolaire-2026-2027\\\/#primaryimage\"},\"image\":{\"@id\":\"https:\\\/\\\/fogeka-rdc.org\\\/index.php\\\/2026\\\/07\\\/31\\\/rdc-rentree-scolaire-2026-2027\\\/#primaryimage\"},\"thumbnailUrl\":\"https:\\\/\\\/fogeka-rdc.org\\\/wp-content\\\/uploads\\\/2026\\\/08\\\/Scolarisation_fogeka.jpg\",\"datePublished\":\"2026-07-31T15:37:20+00:00\",\"dateModified\":\"2026-08-11T15:43:47+00:00\",\"breadcrumb\":{\"@id\":\"https:\\\/\\\/fogeka-rdc.org\\\/index.php\\\/2026\\\/07\\\/31\\\/rdc-rentree-scolaire-2026-2027\\\/#breadcrumb\"},\"inLanguage\":\"fr-FR\",\"potentialAction\":[{\"@type\":\"ReadAction\",\"target\":[\"https:\\\/\\\/fogeka-rdc.org\\\/index.php\\\/2026\\\/07\\\/31\\\/rdc-rentree-scolaire-2026-2027\\\/\"]}]},{\"@type\":\"ImageObject\",\"inLanguage\":\"fr-FR\",\"@id\":\"https:\\\/\\\/fogeka-rdc.org\\\/index.php\\\/2026\\\/07\\\/31\\\/rdc-rentree-scolaire-2026-2027\\\/#primaryimage\",\"url\":\"https:\\\/\\\/fogeka-rdc.org\\\/wp-content\\\/uploads\\\/2026\\\/08\\\/Scolarisation_fogeka.jpg\",\"contentUrl\":\"https:\\\/\\\/fogeka-rdc.org\\\/wp-content\\\/uploads\\\/2026\\\/08\\\/Scolarisation_fogeka.jpg\",\"width\":1080,\"height\":1080},{\"@type\":\"BreadcrumbList\",\"@id\":\"https:\\\/\\\/fogeka-rdc.org\\\/index.php\\\/2026\\\/07\\\/31\\\/rdc-rentree-scolaire-2026-2027\\\/#breadcrumb\",\"itemListElement\":[{\"@type\":\"ListItem\",\"position\":1,\"name\":\"Accueil\",\"item\":\"https:\\\/\\\/fogeka-rdc.org\\\/\"},{\"@type\":\"ListItem\",\"position\":2,\"name\":\"RDC \u2013 RENTR\u00c9E SCOLAIRE 2026-2027\"}]},{\"@type\":\"WebSite\",\"@id\":\"https:\\\/\\\/fogeka-rdc.org\\\/#website\",\"url\":\"https:\\\/\\\/fogeka-rdc.org\\\/\",\"name\":\"fogeka-rdc\",\"description\":\"Agro foresterie, dans la paix, pour le d\u00e9veloppement\",\"publisher\":{\"@id\":\"https:\\\/\\\/fogeka-rdc.org\\\/#organization\"},\"potentialAction\":[{\"@type\":\"SearchAction\",\"target\":{\"@type\":\"EntryPoint\",\"urlTemplate\":\"https:\\\/\\\/fogeka-rdc.org\\\/?s={search_term_string}\"},\"query-input\":{\"@type\":\"PropertyValueSpecification\",\"valueRequired\":true,\"valueName\":\"search_term_string\"}}],\"inLanguage\":\"fr-FR\"},{\"@type\":\"Organization\",\"@id\":\"https:\\\/\\\/fogeka-rdc.org\\\/#organization\",\"name\":\"fogeka-rdc\",\"url\":\"https:\\\/\\\/fogeka-rdc.org\\\/\",\"logo\":{\"@type\":\"ImageObject\",\"inLanguage\":\"fr-FR\",\"@id\":\"https:\\\/\\\/fogeka-rdc.org\\\/#\\\/schema\\\/logo\\\/image\\\/\",\"url\":\"https:\\\/\\\/fogeka-rdc.org\\\/wp-content\\\/uploads\\\/2025\\\/09\\\/cropped-cropped-WhatsApp-Image-2025-09-12-at-23.09.05.jpeg\",\"contentUrl\":\"https:\\\/\\\/fogeka-rdc.org\\\/wp-content\\\/uploads\\\/2025\\\/09\\\/cropped-cropped-WhatsApp-Image-2025-09-12-at-23.09.05.jpeg\",\"width\":250,\"height\":134,\"caption\":\"fogeka-rdc\"},\"image\":{\"@id\":\"https:\\\/\\\/fogeka-rdc.org\\\/#\\\/schema\\\/logo\\\/image\\\/\"}},{\"@type\":\"Person\",\"@id\":\"https:\\\/\\\/fogeka-rdc.org\\\/#\\\/schema\\\/person\\\/326652cf3d7bfcbab6d224e17d6992ef\",\"name\":\"Fogeka Fogekardc\",\"image\":{\"@type\":\"ImageObject\",\"inLanguage\":\"fr-FR\",\"@id\":\"https:\\\/\\\/secure.gravatar.com\\\/avatar\\\/7409435eb90dab5dd3e21946e11423d79d4fd27d0d76a9a6883c8f31758a7ecd?s=96&d=mm&r=g\",\"url\":\"https:\\\/\\\/secure.gravatar.com\\\/avatar\\\/7409435eb90dab5dd3e21946e11423d79d4fd27d0d76a9a6883c8f31758a7ecd?s=96&d=mm&r=g\",\"contentUrl\":\"https:\\\/\\\/secure.gravatar.com\\\/avatar\\\/7409435eb90dab5dd3e21946e11423d79d4fd27d0d76a9a6883c8f31758a7ecd?s=96&d=mm&r=g\",\"caption\":\"Fogeka Fogekardc\"},\"url\":\"https:\\\/\\\/fogeka-rdc.org\\\/index.php\\\/author\\\/fogeka-admin\\\/\"}]}<\/script>\n<!-- \/ Yoast SEO plugin. -->","yoast_head_json":{"title":"RDC \u2013 RENTR\u00c9E SCOLAIRE 2026-2027 - fogeka-rdc","robots":{"index":"index","follow":"follow","max-snippet":"max-snippet:-1","max-image-preview":"max-image-preview:large","max-video-preview":"max-video-preview:-1"},"canonical":"https:\/\/fogeka-rdc.org\/index.php\/2026\/07\/31\/rdc-rentree-scolaire-2026-2027\/","og_locale":"fr_FR","og_type":"article","og_title":"RDC \u2013 RENTR\u00c9E SCOLAIRE 2026-2027 - fogeka-rdc","og_description":"FOGEKA ASBL\u00a0: l\u2019humanisme au service du g\u00e9nie congolais et de la vision Fatshi \u00c0 quelques semaines de la rentr\u00e9e scolaire&hellip;","og_url":"https:\/\/fogeka-rdc.org\/index.php\/2026\/07\/31\/rdc-rentree-scolaire-2026-2027\/","og_site_name":"fogeka-rdc","article_published_time":"2026-07-31T15:37:20+00:00","article_modified_time":"2026-08-11T15:43:47+00:00","og_image":[{"width":1080,"height":1080,"url":"https:\/\/fogeka-rdc.org\/wp-content\/uploads\/2026\/08\/Scolarisation_fogeka.jpg","type":"image\/jpeg"}],"author":"Fogeka Fogekardc","twitter_card":"summary_large_image","twitter_misc":{"\u00c9crit par":"Fogeka Fogekardc","Dur\u00e9e de lecture estim\u00e9e":"2 minutes"},"schema":{"@context":"https:\/\/schema.org","@graph":[{"@type":"Article","@id":"https:\/\/fogeka-rdc.org\/index.php\/2026\/07\/31\/rdc-rentree-scolaire-2026-2027\/#article","isPartOf":{"@id":"https:\/\/fogeka-rdc.org\/index.php\/2026\/07\/31\/rdc-rentree-scolaire-2026-2027\/"},"author":{"name":"Fogeka Fogekardc","@id":"https:\/\/fogeka-rdc.org\/#\/schema\/person\/326652cf3d7bfcbab6d224e17d6992ef"},"headline":"RDC \u2013 RENTR\u00c9E SCOLAIRE 2026-2027","datePublished":"2026-07-31T15:37:20+00:00","dateModified":"2026-08-11T15:43:47+00:00","mainEntityOfPage":{"@id":"https:\/\/fogeka-rdc.org\/index.php\/2026\/07\/31\/rdc-rentree-scolaire-2026-2027\/"},"wordCount":342,"commentCount":0,"publisher":{"@id":"https:\/\/fogeka-rdc.org\/#organization"},"image":{"@id":"https:\/\/fogeka-rdc.org\/index.php\/2026\/07\/31\/rdc-rentree-scolaire-2026-2027\/#primaryimage"},"thumbnailUrl":"https:\/\/fogeka-rdc.org\/wp-content\/uploads\/2026\/08\/Scolarisation_fogeka.jpg","articleSection":["Sociale"],"inLanguage":"fr-FR","potentialAction":[{"@type":"CommentAction","name":"Comment","target":["https:\/\/fogeka-rdc.org\/index.php\/2026\/07\/31\/rdc-rentree-scolaire-2026-2027\/#respond"]}]},{"@type":"WebPage","@id":"https:\/\/fogeka-rdc.org\/index.php\/2026\/07\/31\/rdc-rentree-scolaire-2026-2027\/","url":"https:\/\/fogeka-rdc.org\/index.php\/2026\/07\/31\/rdc-rentree-scolaire-2026-2027\/","name":"RDC \u2013 RENTR\u00c9E SCOLAIRE 2026-2027 - fogeka-rdc","isPartOf":{"@id":"https:\/\/fogeka-rdc.org\/#website"},"primaryImageOfPage":{"@id":"https:\/\/fogeka-rdc.org\/index.php\/2026\/07\/31\/rdc-rentree-scolaire-2026-2027\/#primaryimage"},"image":{"@id":"https:\/\/fogeka-rdc.org\/index.php\/2026\/07\/31\/rdc-rentree-scolaire-2026-2027\/#primaryimage"},"thumbnailUrl":"https:\/\/fogeka-rdc.org\/wp-content\/uploads\/2026\/08\/Scolarisation_fogeka.jpg","datePublished":"2026-07-31T15:37:20+00:00","dateModified":"2026-08-11T15:43:47+00:00","breadcrumb":{"@id":"https:\/\/fogeka-rdc.org\/index.php\/2026\/07\/31\/rdc-rentree-scolaire-2026-2027\/#breadcrumb"},"inLanguage":"fr-FR","potentialAction":[{"@type":"ReadAction","target":["https:\/\/fogeka-rdc.org\/index.php\/2026\/07\/31\/rdc-rentree-scolaire-2026-2027\/"]}]},{"@type":"ImageObject","inLanguage":"fr-FR","@id":"https:\/\/fogeka-rdc.org\/index.php\/2026\/07\/31\/rdc-rentree-scolaire-2026-2027\/#primaryimage","url":"https:\/\/fogeka-rdc.org\/wp-content\/uploads\/2026\/08\/Scolarisation_fogeka.jpg","contentUrl":"https:\/\/fogeka-rdc.org\/wp-content\/uploads\/2026\/08\/Scolarisation_fogeka.jpg","width":1080,"height":1080},{"@type":"BreadcrumbList","@id":"https:\/\/fogeka-rdc.org\/index.php\/2026\/07\/31\/rdc-rentree-scolaire-2026-2027\/#breadcrumb","itemListElement":[{"@type":"ListItem","position":1,"name":"Accueil","item":"https:\/\/fogeka-rdc.org\/"},{"@type":"ListItem","position":2,"name":"RDC \u2013 RENTR\u00c9E SCOLAIRE 2026-2027"}]},{"@type":"WebSite","@id":"https:\/\/fogeka-rdc.org\/#website","url":"https:\/\/fogeka-rdc.org\/","name":"fogeka-rdc","description":"Agro foresterie, dans la paix, pour le d\u00e9veloppement","publisher":{"@id":"https:\/\/fogeka-rdc.org\/#organization"},"potentialAction":[{"@type":"SearchAction","target":{"@type":"EntryPoint","urlTemplate":"https:\/\/fogeka-rdc.org\/?s={search_term_string}"},"query-input":{"@type":"PropertyValueSpecification","valueRequired":true,"valueName":"search_term_string"}}],"inLanguage":"fr-FR"},{"@type":"Organization","@id":"https:\/\/fogeka-rdc.org\/#organization","name":"fogeka-rdc","url":"https:\/\/fogeka-rdc.org\/","logo":{"@type":"ImageObject","inLanguage":"fr-FR","@id":"https:\/\/fogeka-rdc.org\/#\/schema\/logo\/image\/","url":"https:\/\/fogeka-rdc.org\/wp-content\/uploads\/2025\/09\/cropped-cropped-WhatsApp-Image-2025-09-12-at-23.09.05.jpeg","contentUrl":"https:\/\/fogeka-rdc.org\/wp-content\/uploads\/2025\/09\/cropped-cropped-WhatsApp-Image-2025-09-12-at-23.09.05.jpeg","width":250,"height":134,"caption":"fogeka-rdc"},"image":{"@id":"https:\/\/fogeka-rdc.org\/#\/schema\/logo\/image\/"}},{"@type":"Person","@id":"https:\/\/fogeka-rdc.org\/#\/schema\/person\/326652cf3d7bfcbab6d224e17d6992ef","name":"Fogeka Fogekardc","image":{"@type":"ImageObject","inLanguage":"fr-FR","@id":"https:\/\/secure.gravatar.com\/avatar\/7409435eb90dab5dd3e21946e11423d79d4fd27d0d76a9a6883c8f31758a7ecd?s=96&d=mm&r=g","url":"https:\/\/secure.gravatar.com\/avatar\/7409435eb90dab5dd3e21946e11423d79d4fd27d0d76a9a6883c8f31758a7ecd?s=96&d=mm&r=g","contentUrl":"https:\/\/secure.gravatar.com\/avatar\/7409435eb90dab5dd3e21946e11423d79d4fd27d0d76a9a6883c8f31758a7ecd?s=96&d=mm&r=g","caption":"Fogeka Fogekardc"},"url":"https:\/\/fogeka-rdc.org\/index.php\/author\/fogeka-admin\/"}]}},"_links":{"self":[{"href":"https:\/\/fogeka-rdc.org\/index.php\/wp-json\/wp\/v2\/posts\/613","targetHints":{"allow":["GET"]}}],"collection":[{"href":"https:\/\/fogeka-rdc.org\/index.php\/wp-json\/wp\/v2\/posts"}],"about":[{"href":"https:\/\/fogeka-rdc.org\/index.php\/wp-json\/wp\/v2\/types\/post"}],"author":[{"embeddable":true,"href":"https:\/\/fogeka-rdc.org\/index.php\/wp-json\/wp\/v2\/users\/2"}],"replies":[{"embeddable":true,"href":"https:\/\/fogeka-rdc.org\/index.php\/wp-json\/wp\/v2\/comments?post=613"}],"version-history":[{"count":2,"href":"https:\/\/fogeka-rdc.org\/index.php\/wp-json\/wp\/v2\/posts\/613\/revisions"}],"predecessor-version":[{"id":616,"href":"https:\/\/fogeka-rdc.org\/index.php\/wp-json\/wp\/v2\/posts\/613\/revisions\/616"}],"wp:featuredmedia":[{"embeddable":true,"href":"https:\/\/fogeka-rdc.org\/index.php\/wp-json\/wp\/v2\/media\/614"}],"wp:attachment":[{"href":"https:\/\/fogeka-rdc.org\/index.php\/wp-json\/wp\/v2\/media?parent=613"}],"wp:term":[{"taxonomy":"category","embeddable":true,"href":"https:\/\/fogeka-rdc.org\/index.php\/wp-json\/wp\/v2\/categories?post=613"},{"taxonomy":"post_tag","embeddable":true,"href":"https:\/\/fogeka-rdc.org\/index.php\/wp-json\/wp\/v2\/tags?post=613"}],"curies":[{"name":"wp","href":"https:\/\/api.w.org\/{rel}","templated":true}]}}