{"id":617,"date":"2026-08-11T15:56:25","date_gmt":"2026-08-11T15:56:25","guid":{"rendered":"https:\/\/fogeka-rdc.org\/?p=617"},"modified":"2026-08-11T15:56:25","modified_gmt":"2026-08-11T15:56:25","slug":"rdc-ituri-le-general-gaby-kasongo-mulumba-lance-sa-premiere-itinerance-dans-le-djugu","status":"publish","type":"post","link":"https:\/\/fogeka-rdc.org\/index.php\/2026\/08\/11\/rdc-ituri-le-general-gaby-kasongo-mulumba-lance-sa-premiere-itinerance-dans-le-djugu\/","title":{"rendered":"RDC \u2013 ITURI : LE G\u00c9N\u00c9RAL GABY KASONGO MULUMBA LANCE SA PREMI\u00c8RE ITIN\u00c9RANCE DANS LE DJUGU"},"content":{"rendered":"<p dir=\"ltr\">\n<p dir=\"ltr\">Par G\u00e9nie Kande<\/p>\n<p dir=\"ltr\">Dans la droite ligne de la vision du Commandant supr\u00eame, le Pr\u00e9sident F\u00e9lix-Antoine Tshisekedi Tshilombo, le gouverneur militaire de l\u2019Ituri, le g\u00e9n\u00e9ral-major Gaby Kasongo Mulumba, a effectu\u00e9 lundi 10 ao\u00fbt sa premi\u00e8re mission d\u2019itin\u00e9rance dans le territoire de Djugu.<\/p>\n<p>&nbsp;<\/p>\n<p dir=\"ltr\">Le chef de l\u2019ex\u00e9cutif provincial s\u2019est rendu notamment \u00e0 Fataki et \u00e0 Bule. Objectif : s\u2019impr\u00e9gner directement de la situation s\u00e9curitaire dans cette partie de la province, en proie aux violences depuis plusieurs ann\u00e9es.<\/p>\n<p>&nbsp;<\/p>\n<p dir=\"ltr\">Cette descente intervient dans un contexte tendu. Plusieurs localit\u00e9s de Djugu restent sous la menace de groupes arm\u00e9s, dont la CODECO et la CRP. Affrontements, d\u00e9placements massifs de populations, ins\u00e9curit\u00e9 persistante : le tableau est toujours sombre.<\/p>\n<p>&nbsp;<\/p>\n<p dir=\"ltr\">\u00a0La pr\u00e9sence de l\u2019autorit\u00e9 provinciale \u00e0 Fataki et dans les zones voisines constitue un signal politique fort. Elle doit permettre aux autorit\u00e9s de faire l\u2019\u00e9tat des lieux, d\u2019\u00e9changer avec les forces de d\u00e9fense et de s\u00e9curit\u00e9, mais aussi avec les populations, et de d\u00e9finir des mesures urgentes pour restaurer l\u2019autorit\u00e9 de l\u2019\u00c9tat.<\/p>\n<p>&nbsp;<\/p>\n<p dir=\"ltr\">Pour les habitants de Djugu, cette visite ne suffit pas. Ils attendent d\u00e9sormais des actes concrets : s\u00e9curisation durable des villages, protection des civils, retour des d\u00e9plac\u00e9s et r\u00e9tablissement effectif de l\u2019\u00c9tat dans les zones encore contr\u00f4l\u00e9es par les groupes arm\u00e9s.<\/p>\n<p>&nbsp;<\/p>\n<p dir=\"ltr\">Au terme de cette premi\u00e8re itin\u00e9rance, la population attend la mise en \u0153uvre de la volont\u00e9 du Commandant supr\u00eame. L\u2019enjeu est clair : traduire sur le terrain les orientations du Pr\u00e9sident Tshisekedi pour ramener la paix et redonner \u00e0 l\u2019\u00c9tat toute sa place en Ituri.<\/p>\n<p dir=\"ltr\">\n","protected":false},"excerpt":{"rendered":"<p>Par G\u00e9nie Kande Dans la droite ligne de la vision du Commandant supr\u00eame, le Pr\u00e9sident F\u00e9lix-Antoine Tshisekedi Tshilombo, le gouverneur&hellip;<\/p>\n","protected":false},"author":2,"featured_media":618,"comment_status":"open","ping_status":"open","sticky":false,"template":"","format":"standard","meta":{"footnotes":""},"categories":[15],"tags":[],"class_list":["post-617","post","type-post","status-publish","format-standard","has-post-thumbnail","hentry","category-securite"],"yoast_head":"<!-- This site is optimized with the Yoast SEO plugin v28.3 - https:\/\/yoast.com\/product\/yoast-seo-wordpress\/ -->\n<title>RDC \u2013 ITURI : LE G\u00c9N\u00c9RAL GABY KASONGO MULUMBA LANCE SA PREMI\u00c8RE ITIN\u00c9RANCE DANS LE DJUGU - fogeka-rdc<\/title>\n<meta name=\"robots\" content=\"index, follow, max-snippet:-1, max-image-preview:large, max-video-preview:-1\" \/>\n<link rel=\"canonical\" href=\"https:\/\/fogeka-rdc.org\/index.php\/2026\/08\/11\/rdc-ituri-le-general-gaby-kasongo-mulumba-lance-sa-premiere-itinerance-dans-le-djugu\/\" \/>\n<meta property=\"og:locale\" content=\"fr_FR\" \/>\n<meta property=\"og:type\" content=\"article\" \/>\n<meta property=\"og:title\" content=\"RDC \u2013 ITURI : LE G\u00c9N\u00c9RAL GABY KASONGO MULUMBA LANCE SA PREMI\u00c8RE ITIN\u00c9RANCE DANS LE DJUGU - fogeka-rdc\" \/>\n<meta property=\"og:description\" content=\"Par G\u00e9nie Kande Dans la droite ligne de la vision du Commandant supr\u00eame, le Pr\u00e9sident F\u00e9lix-Antoine Tshisekedi Tshilombo, le gouverneur&hellip;\" \/>\n<meta property=\"og:url\" content=\"https:\/\/fogeka-rdc.org\/index.php\/2026\/08\/11\/rdc-ituri-le-general-gaby-kasongo-mulumba-lance-sa-premiere-itinerance-dans-le-djugu\/\" \/>\n<meta property=\"og:site_name\" content=\"fogeka-rdc\" \/>\n<meta property=\"article:published_time\" content=\"2026-08-11T15:56:25+00:00\" \/>\n<meta property=\"og:image\" content=\"https:\/\/fogeka-rdc.org\/wp-content\/uploads\/2026\/08\/Gn-Gaby-Kasongo.jpg\" \/>\n\t<meta property=\"og:image:width\" content=\"1080\" \/>\n\t<meta property=\"og:image:height\" content=\"720\" \/>\n\t<meta property=\"og:image:type\" content=\"image\/jpeg\" \/>\n<meta name=\"author\" content=\"Fogeka Fogekardc\" \/>\n<meta name=\"twitter:card\" content=\"summary_large_image\" \/>\n<meta name=\"twitter:label1\" content=\"\u00c9crit par\" \/>\n\t<meta name=\"twitter:data1\" content=\"Fogeka Fogekardc\" \/>\n\t<meta name=\"twitter:label2\" content=\"Dur\u00e9e de lecture estim\u00e9e\" \/>\n\t<meta name=\"twitter:data2\" content=\"2 minutes\" \/>\n<script type=\"application\/ld+json\" class=\"yoast-schema-graph\">{\"@context\":\"https:\\\/\\\/schema.org\",\"@graph\":[{\"@type\":\"Article\",\"@id\":\"https:\\\/\\\/fogeka-rdc.org\\\/index.php\\\/2026\\\/08\\\/11\\\/rdc-ituri-le-general-gaby-kasongo-mulumba-lance-sa-premiere-itinerance-dans-le-djugu\\\/#article\",\"isPartOf\":{\"@id\":\"https:\\\/\\\/fogeka-rdc.org\\\/index.php\\\/2026\\\/08\\\/11\\\/rdc-ituri-le-general-gaby-kasongo-mulumba-lance-sa-premiere-itinerance-dans-le-djugu\\\/\"},\"author\":{\"name\":\"Fogeka Fogekardc\",\"@id\":\"https:\\\/\\\/fogeka-rdc.org\\\/#\\\/schema\\\/person\\\/326652cf3d7bfcbab6d224e17d6992ef\"},\"headline\":\"RDC \u2013 ITURI : LE G\u00c9N\u00c9RAL GABY KASONGO MULUMBA LANCE SA PREMI\u00c8RE ITIN\u00c9RANCE DANS LE DJUGU\",\"datePublished\":\"2026-08-11T15:56:25+00:00\",\"mainEntityOfPage\":{\"@id\":\"https:\\\/\\\/fogeka-rdc.org\\\/index.php\\\/2026\\\/08\\\/11\\\/rdc-ituri-le-general-gaby-kasongo-mulumba-lance-sa-premiere-itinerance-dans-le-djugu\\\/\"},\"wordCount\":312,\"commentCount\":0,\"publisher\":{\"@id\":\"https:\\\/\\\/fogeka-rdc.org\\\/#organization\"},\"image\":{\"@id\":\"https:\\\/\\\/fogeka-rdc.org\\\/index.php\\\/2026\\\/08\\\/11\\\/rdc-ituri-le-general-gaby-kasongo-mulumba-lance-sa-premiere-itinerance-dans-le-djugu\\\/#primaryimage\"},\"thumbnailUrl\":\"https:\\\/\\\/fogeka-rdc.org\\\/wp-content\\\/uploads\\\/2026\\\/08\\\/Gn-Gaby-Kasongo.jpg\",\"articleSection\":[\"Securite\"],\"inLanguage\":\"fr-FR\",\"potentialAction\":[{\"@type\":\"CommentAction\",\"name\":\"Comment\",\"target\":[\"https:\\\/\\\/fogeka-rdc.org\\\/index.php\\\/2026\\\/08\\\/11\\\/rdc-ituri-le-general-gaby-kasongo-mulumba-lance-sa-premiere-itinerance-dans-le-djugu\\\/#respond\"]}]},{\"@type\":\"WebPage\",\"@id\":\"https:\\\/\\\/fogeka-rdc.org\\\/index.php\\\/2026\\\/08\\\/11\\\/rdc-ituri-le-general-gaby-kasongo-mulumba-lance-sa-premiere-itinerance-dans-le-djugu\\\/\",\"url\":\"https:\\\/\\\/fogeka-rdc.org\\\/index.php\\\/2026\\\/08\\\/11\\\/rdc-ituri-le-general-gaby-kasongo-mulumba-lance-sa-premiere-itinerance-dans-le-djugu\\\/\",\"name\":\"RDC \u2013 ITURI : LE G\u00c9N\u00c9RAL GABY KASONGO MULUMBA LANCE SA PREMI\u00c8RE ITIN\u00c9RANCE DANS LE DJUGU - fogeka-rdc\",\"isPartOf\":{\"@id\":\"https:\\\/\\\/fogeka-rdc.org\\\/#website\"},\"primaryImageOfPage\":{\"@id\":\"https:\\\/\\\/fogeka-rdc.org\\\/index.php\\\/2026\\\/08\\\/11\\\/rdc-ituri-le-general-gaby-kasongo-mulumba-lance-sa-premiere-itinerance-dans-le-djugu\\\/#primaryimage\"},\"image\":{\"@id\":\"https:\\\/\\\/fogeka-rdc.org\\\/index.php\\\/2026\\\/08\\\/11\\\/rdc-ituri-le-general-gaby-kasongo-mulumba-lance-sa-premiere-itinerance-dans-le-djugu\\\/#primaryimage\"},\"thumbnailUrl\":\"https:\\\/\\\/fogeka-rdc.org\\\/wp-content\\\/uploads\\\/2026\\\/08\\\/Gn-Gaby-Kasongo.jpg\",\"datePublished\":\"2026-08-11T15:56:25+00:00\",\"breadcrumb\":{\"@id\":\"https:\\\/\\\/fogeka-rdc.org\\\/index.php\\\/2026\\\/08\\\/11\\\/rdc-ituri-le-general-gaby-kasongo-mulumba-lance-sa-premiere-itinerance-dans-le-djugu\\\/#breadcrumb\"},\"inLanguage\":\"fr-FR\",\"potentialAction\":[{\"@type\":\"ReadAction\",\"target\":[\"https:\\\/\\\/fogeka-rdc.org\\\/index.php\\\/2026\\\/08\\\/11\\\/rdc-ituri-le-general-gaby-kasongo-mulumba-lance-sa-premiere-itinerance-dans-le-djugu\\\/\"]}]},{\"@type\":\"ImageObject\",\"inLanguage\":\"fr-FR\",\"@id\":\"https:\\\/\\\/fogeka-rdc.org\\\/index.php\\\/2026\\\/08\\\/11\\\/rdc-ituri-le-general-gaby-kasongo-mulumba-lance-sa-premiere-itinerance-dans-le-djugu\\\/#primaryimage\",\"url\":\"https:\\\/\\\/fogeka-rdc.org\\\/wp-content\\\/uploads\\\/2026\\\/08\\\/Gn-Gaby-Kasongo.jpg\",\"contentUrl\":\"https:\\\/\\\/fogeka-rdc.org\\\/wp-content\\\/uploads\\\/2026\\\/08\\\/Gn-Gaby-Kasongo.jpg\",\"width\":1080,\"height\":720},{\"@type\":\"BreadcrumbList\",\"@id\":\"https:\\\/\\\/fogeka-rdc.org\\\/index.php\\\/2026\\\/08\\\/11\\\/rdc-ituri-le-general-gaby-kasongo-mulumba-lance-sa-premiere-itinerance-dans-le-djugu\\\/#breadcrumb\",\"itemListElement\":[{\"@type\":\"ListItem\",\"position\":1,\"name\":\"Accueil\",\"item\":\"https:\\\/\\\/fogeka-rdc.org\\\/\"},{\"@type\":\"ListItem\",\"position\":2,\"name\":\"RDC \u2013 ITURI : LE G\u00c9N\u00c9RAL GABY KASONGO MULUMBA LANCE SA PREMI\u00c8RE ITIN\u00c9RANCE DANS LE DJUGU\"}]},{\"@type\":\"WebSite\",\"@id\":\"https:\\\/\\\/fogeka-rdc.org\\\/#website\",\"url\":\"https:\\\/\\\/fogeka-rdc.org\\\/\",\"name\":\"fogeka-rdc\",\"description\":\"Agro foresterie, dans la paix, pour le d\u00e9veloppement\",\"publisher\":{\"@id\":\"https:\\\/\\\/fogeka-rdc.org\\\/#organization\"},\"potentialAction\":[{\"@type\":\"SearchAction\",\"target\":{\"@type\":\"EntryPoint\",\"urlTemplate\":\"https:\\\/\\\/fogeka-rdc.org\\\/?s={search_term_string}\"},\"query-input\":{\"@type\":\"PropertyValueSpecification\",\"valueRequired\":true,\"valueName\":\"search_term_string\"}}],\"inLanguage\":\"fr-FR\"},{\"@type\":\"Organization\",\"@id\":\"https:\\\/\\\/fogeka-rdc.org\\\/#organization\",\"name\":\"fogeka-rdc\",\"url\":\"https:\\\/\\\/fogeka-rdc.org\\\/\",\"logo\":{\"@type\":\"ImageObject\",\"inLanguage\":\"fr-FR\",\"@id\":\"https:\\\/\\\/fogeka-rdc.org\\\/#\\\/schema\\\/logo\\\/image\\\/\",\"url\":\"https:\\\/\\\/fogeka-rdc.org\\\/wp-content\\\/uploads\\\/2025\\\/09\\\/cropped-cropped-WhatsApp-Image-2025-09-12-at-23.09.05.jpeg\",\"contentUrl\":\"https:\\\/\\\/fogeka-rdc.org\\\/wp-content\\\/uploads\\\/2025\\\/09\\\/cropped-cropped-WhatsApp-Image-2025-09-12-at-23.09.05.jpeg\",\"width\":250,\"height\":134,\"caption\":\"fogeka-rdc\"},\"image\":{\"@id\":\"https:\\\/\\\/fogeka-rdc.org\\\/#\\\/schema\\\/logo\\\/image\\\/\"}},{\"@type\":\"Person\",\"@id\":\"https:\\\/\\\/fogeka-rdc.org\\\/#\\\/schema\\\/person\\\/326652cf3d7bfcbab6d224e17d6992ef\",\"name\":\"Fogeka Fogekardc\",\"image\":{\"@type\":\"ImageObject\",\"inLanguage\":\"fr-FR\",\"@id\":\"https:\\\/\\\/secure.gravatar.com\\\/avatar\\\/7409435eb90dab5dd3e21946e11423d79d4fd27d0d76a9a6883c8f31758a7ecd?s=96&d=mm&r=g\",\"url\":\"https:\\\/\\\/secure.gravatar.com\\\/avatar\\\/7409435eb90dab5dd3e21946e11423d79d4fd27d0d76a9a6883c8f31758a7ecd?s=96&d=mm&r=g\",\"contentUrl\":\"https:\\\/\\\/secure.gravatar.com\\\/avatar\\\/7409435eb90dab5dd3e21946e11423d79d4fd27d0d76a9a6883c8f31758a7ecd?s=96&d=mm&r=g\",\"caption\":\"Fogeka Fogekardc\"},\"url\":\"https:\\\/\\\/fogeka-rdc.org\\\/index.php\\\/author\\\/fogeka-admin\\\/\"}]}<\/script>\n<!-- \/ Yoast SEO plugin. -->","yoast_head_json":{"title":"RDC \u2013 ITURI : LE G\u00c9N\u00c9RAL GABY KASONGO MULUMBA LANCE SA PREMI\u00c8RE ITIN\u00c9RANCE DANS LE DJUGU - fogeka-rdc","robots":{"index":"index","follow":"follow","max-snippet":"max-snippet:-1","max-image-preview":"max-image-preview:large","max-video-preview":"max-video-preview:-1"},"canonical":"https:\/\/fogeka-rdc.org\/index.php\/2026\/08\/11\/rdc-ituri-le-general-gaby-kasongo-mulumba-lance-sa-premiere-itinerance-dans-le-djugu\/","og_locale":"fr_FR","og_type":"article","og_title":"RDC \u2013 ITURI : LE G\u00c9N\u00c9RAL GABY KASONGO MULUMBA LANCE SA PREMI\u00c8RE ITIN\u00c9RANCE DANS LE DJUGU - fogeka-rdc","og_description":"Par G\u00e9nie Kande Dans la droite ligne de la vision du Commandant supr\u00eame, le Pr\u00e9sident F\u00e9lix-Antoine Tshisekedi Tshilombo, le gouverneur&hellip;","og_url":"https:\/\/fogeka-rdc.org\/index.php\/2026\/08\/11\/rdc-ituri-le-general-gaby-kasongo-mulumba-lance-sa-premiere-itinerance-dans-le-djugu\/","og_site_name":"fogeka-rdc","article_published_time":"2026-08-11T15:56:25+00:00","og_image":[{"width":1080,"height":720,"url":"https:\/\/fogeka-rdc.org\/wp-content\/uploads\/2026\/08\/Gn-Gaby-Kasongo.jpg","type":"image\/jpeg"}],"author":"Fogeka Fogekardc","twitter_card":"summary_large_image","twitter_misc":{"\u00c9crit par":"Fogeka Fogekardc","Dur\u00e9e de lecture estim\u00e9e":"2 minutes"},"schema":{"@context":"https:\/\/schema.org","@graph":[{"@type":"Article","@id":"https:\/\/fogeka-rdc.org\/index.php\/2026\/08\/11\/rdc-ituri-le-general-gaby-kasongo-mulumba-lance-sa-premiere-itinerance-dans-le-djugu\/#article","isPartOf":{"@id":"https:\/\/fogeka-rdc.org\/index.php\/2026\/08\/11\/rdc-ituri-le-general-gaby-kasongo-mulumba-lance-sa-premiere-itinerance-dans-le-djugu\/"},"author":{"name":"Fogeka Fogekardc","@id":"https:\/\/fogeka-rdc.org\/#\/schema\/person\/326652cf3d7bfcbab6d224e17d6992ef"},"headline":"RDC \u2013 ITURI : LE G\u00c9N\u00c9RAL GABY KASONGO MULUMBA LANCE SA PREMI\u00c8RE ITIN\u00c9RANCE DANS LE DJUGU","datePublished":"2026-08-11T15:56:25+00:00","mainEntityOfPage":{"@id":"https:\/\/fogeka-rdc.org\/index.php\/2026\/08\/11\/rdc-ituri-le-general-gaby-kasongo-mulumba-lance-sa-premiere-itinerance-dans-le-djugu\/"},"wordCount":312,"commentCount":0,"publisher":{"@id":"https:\/\/fogeka-rdc.org\/#organization"},"image":{"@id":"https:\/\/fogeka-rdc.org\/index.php\/2026\/08\/11\/rdc-ituri-le-general-gaby-kasongo-mulumba-lance-sa-premiere-itinerance-dans-le-djugu\/#primaryimage"},"thumbnailUrl":"https:\/\/fogeka-rdc.org\/wp-content\/uploads\/2026\/08\/Gn-Gaby-Kasongo.jpg","articleSection":["Securite"],"inLanguage":"fr-FR","potentialAction":[{"@type":"CommentAction","name":"Comment","target":["https:\/\/fogeka-rdc.org\/index.php\/2026\/08\/11\/rdc-ituri-le-general-gaby-kasongo-mulumba-lance-sa-premiere-itinerance-dans-le-djugu\/#respond"]}]},{"@type":"WebPage","@id":"https:\/\/fogeka-rdc.org\/index.php\/2026\/08\/11\/rdc-ituri-le-general-gaby-kasongo-mulumba-lance-sa-premiere-itinerance-dans-le-djugu\/","url":"https:\/\/fogeka-rdc.org\/index.php\/2026\/08\/11\/rdc-ituri-le-general-gaby-kasongo-mulumba-lance-sa-premiere-itinerance-dans-le-djugu\/","name":"RDC \u2013 ITURI : LE G\u00c9N\u00c9RAL GABY KASONGO MULUMBA LANCE SA PREMI\u00c8RE ITIN\u00c9RANCE DANS LE DJUGU - fogeka-rdc","isPartOf":{"@id":"https:\/\/fogeka-rdc.org\/#website"},"primaryImageOfPage":{"@id":"https:\/\/fogeka-rdc.org\/index.php\/2026\/08\/11\/rdc-ituri-le-general-gaby-kasongo-mulumba-lance-sa-premiere-itinerance-dans-le-djugu\/#primaryimage"},"image":{"@id":"https:\/\/fogeka-rdc.org\/index.php\/2026\/08\/11\/rdc-ituri-le-general-gaby-kasongo-mulumba-lance-sa-premiere-itinerance-dans-le-djugu\/#primaryimage"},"thumbnailUrl":"https:\/\/fogeka-rdc.org\/wp-content\/uploads\/2026\/08\/Gn-Gaby-Kasongo.jpg","datePublished":"2026-08-11T15:56:25+00:00","breadcrumb":{"@id":"https:\/\/fogeka-rdc.org\/index.php\/2026\/08\/11\/rdc-ituri-le-general-gaby-kasongo-mulumba-lance-sa-premiere-itinerance-dans-le-djugu\/#breadcrumb"},"inLanguage":"fr-FR","potentialAction":[{"@type":"ReadAction","target":["https:\/\/fogeka-rdc.org\/index.php\/2026\/08\/11\/rdc-ituri-le-general-gaby-kasongo-mulumba-lance-sa-premiere-itinerance-dans-le-djugu\/"]}]},{"@type":"ImageObject","inLanguage":"fr-FR","@id":"https:\/\/fogeka-rdc.org\/index.php\/2026\/08\/11\/rdc-ituri-le-general-gaby-kasongo-mulumba-lance-sa-premiere-itinerance-dans-le-djugu\/#primaryimage","url":"https:\/\/fogeka-rdc.org\/wp-content\/uploads\/2026\/08\/Gn-Gaby-Kasongo.jpg","contentUrl":"https:\/\/fogeka-rdc.org\/wp-content\/uploads\/2026\/08\/Gn-Gaby-Kasongo.jpg","width":1080,"height":720},{"@type":"BreadcrumbList","@id":"https:\/\/fogeka-rdc.org\/index.php\/2026\/08\/11\/rdc-ituri-le-general-gaby-kasongo-mulumba-lance-sa-premiere-itinerance-dans-le-djugu\/#breadcrumb","itemListElement":[{"@type":"ListItem","position":1,"name":"Accueil","item":"https:\/\/fogeka-rdc.org\/"},{"@type":"ListItem","position":2,"name":"RDC \u2013 ITURI : LE G\u00c9N\u00c9RAL GABY KASONGO MULUMBA LANCE SA PREMI\u00c8RE ITIN\u00c9RANCE DANS LE DJUGU"}]},{"@type":"WebSite","@id":"https:\/\/fogeka-rdc.org\/#website","url":"https:\/\/fogeka-rdc.org\/","name":"fogeka-rdc","description":"Agro foresterie, dans la paix, pour le d\u00e9veloppement","publisher":{"@id":"https:\/\/fogeka-rdc.org\/#organization"},"potentialAction":[{"@type":"SearchAction","target":{"@type":"EntryPoint","urlTemplate":"https:\/\/fogeka-rdc.org\/?s={search_term_string}"},"query-input":{"@type":"PropertyValueSpecification","valueRequired":true,"valueName":"search_term_string"}}],"inLanguage":"fr-FR"},{"@type":"Organization","@id":"https:\/\/fogeka-rdc.org\/#organization","name":"fogeka-rdc","url":"https:\/\/fogeka-rdc.org\/","logo":{"@type":"ImageObject","inLanguage":"fr-FR","@id":"https:\/\/fogeka-rdc.org\/#\/schema\/logo\/image\/","url":"https:\/\/fogeka-rdc.org\/wp-content\/uploads\/2025\/09\/cropped-cropped-WhatsApp-Image-2025-09-12-at-23.09.05.jpeg","contentUrl":"https:\/\/fogeka-rdc.org\/wp-content\/uploads\/2025\/09\/cropped-cropped-WhatsApp-Image-2025-09-12-at-23.09.05.jpeg","width":250,"height":134,"caption":"fogeka-rdc"},"image":{"@id":"https:\/\/fogeka-rdc.org\/#\/schema\/logo\/image\/"}},{"@type":"Person","@id":"https:\/\/fogeka-rdc.org\/#\/schema\/person\/326652cf3d7bfcbab6d224e17d6992ef","name":"Fogeka Fogekardc","image":{"@type":"ImageObject","inLanguage":"fr-FR","@id":"https:\/\/secure.gravatar.com\/avatar\/7409435eb90dab5dd3e21946e11423d79d4fd27d0d76a9a6883c8f31758a7ecd?s=96&d=mm&r=g","url":"https:\/\/secure.gravatar.com\/avatar\/7409435eb90dab5dd3e21946e11423d79d4fd27d0d76a9a6883c8f31758a7ecd?s=96&d=mm&r=g","contentUrl":"https:\/\/secure.gravatar.com\/avatar\/7409435eb90dab5dd3e21946e11423d79d4fd27d0d76a9a6883c8f31758a7ecd?s=96&d=mm&r=g","caption":"Fogeka Fogekardc"},"url":"https:\/\/fogeka-rdc.org\/index.php\/author\/fogeka-admin\/"}]}},"_links":{"self":[{"href":"https:\/\/fogeka-rdc.org\/index.php\/wp-json\/wp\/v2\/posts\/617","targetHints":{"allow":["GET"]}}],"collection":[{"href":"https:\/\/fogeka-rdc.org\/index.php\/wp-json\/wp\/v2\/posts"}],"about":[{"href":"https:\/\/fogeka-rdc.org\/index.php\/wp-json\/wp\/v2\/types\/post"}],"author":[{"embeddable":true,"href":"https:\/\/fogeka-rdc.org\/index.php\/wp-json\/wp\/v2\/users\/2"}],"replies":[{"embeddable":true,"href":"https:\/\/fogeka-rdc.org\/index.php\/wp-json\/wp\/v2\/comments?post=617"}],"version-history":[{"count":1,"href":"https:\/\/fogeka-rdc.org\/index.php\/wp-json\/wp\/v2\/posts\/617\/revisions"}],"predecessor-version":[{"id":619,"href":"https:\/\/fogeka-rdc.org\/index.php\/wp-json\/wp\/v2\/posts\/617\/revisions\/619"}],"wp:featuredmedia":[{"embeddable":true,"href":"https:\/\/fogeka-rdc.org\/index.php\/wp-json\/wp\/v2\/media\/618"}],"wp:attachment":[{"href":"https:\/\/fogeka-rdc.org\/index.php\/wp-json\/wp\/v2\/media?parent=617"}],"wp:term":[{"taxonomy":"category","embeddable":true,"href":"https:\/\/fogeka-rdc.org\/index.php\/wp-json\/wp\/v2\/categories?post=617"},{"taxonomy":"post_tag","embeddable":true,"href":"https:\/\/fogeka-rdc.org\/index.php\/wp-json\/wp\/v2\/tags?post=617"}],"curies":[{"name":"wp","href":"https:\/\/api.w.org\/{rel}","templated":true}]}}