{"id":620,"date":"2026-08-11T15:59:23","date_gmt":"2026-08-11T15:59:23","guid":{"rendered":"https:\/\/fogeka-rdc.org\/?p=620"},"modified":"2026-08-11T15:59:23","modified_gmt":"2026-08-11T15:59:23","slug":"rdc-reaction-de-genie-kande-a-jean-claude-katende","status":"publish","type":"post","link":"https:\/\/fogeka-rdc.org\/index.php\/2026\/08\/11\/rdc-reaction-de-genie-kande-a-jean-claude-katende\/","title":{"rendered":"RDC : R\u00c9ACTION DE G\u00c9NIE KANDE \u00c0 JEAN-CLAUDE KATENDE"},"content":{"rendered":"<p dir=\"ltr\">Monsieur Jean-Claude Katende, nulle autorit\u00e9 ne vous conf\u00e8re mandat sur le peuple souverain.<\/p>\n<p dir=\"ltr\">Le peuple congolais a fait son choix : il r\u00e9affirme sa confiance au *Pr\u00e9sident F\u00e9lix-Antoine Tshisekedi Tshilombo*, garant de la stabilit\u00e9 et de la souverainet\u00e9 nationale.<\/p>\n<p dir=\"ltr\"><strong>Arr\u00eatez de distraire<\/strong>.<\/p>\n<p dir=\"ltr\">Vos sorties m\u00e9diatiques r\u00e9currentes sur la vie nationale s\u2019apparentent \u00e0 un jeu de r\u00f4le. Vous faites \u00e9cho au narratif de *Paul Kagame* *Joseph Kabila et de Corneille Nangaa*. Objectif : semer la confusion, bloquer le d\u00e9bat et torpiller l\u2019\u00e9lan de la Nation.<\/p>\n<p dir=\"ltr\">La Constitution actuelle a trahi le d\u00e9veloppement, paralys\u00e9 les institutions et fragilis\u00e9 l\u2019int\u00e9grit\u00e9 du territoire. Elle est devenue l\u2019arme du statu quo et du recul.<\/p>\n<p dir=\"ltr\"><strong>Non<\/strong>. Le Congo ne reviendra pas en arri\u00e8re.<\/p>\n<p dir=\"ltr\"><strong>Oui.<\/strong> Le Congo dit <strong>OUI<\/strong> au changement constitutionnel* pour b\u00e2tir un \u00c9tat fort, juste et tourn\u00e9 vers l\u2019avenir.<\/p>\n<p dir=\"ltr\">La promulgation de la loi r\u00e9f\u00e9rendaire par le Chef de l\u2019\u00c9tat est imminente. Le peuple tranchera. Et l\u2019histoire retiendra.<\/p>\n<p dir=\"ltr\">\n","protected":false},"excerpt":{"rendered":"<p>Monsieur Jean-Claude Katende, nulle autorit\u00e9 ne vous conf\u00e8re mandat sur le peuple souverain. Le peuple congolais a fait son choix&hellip;<\/p>\n","protected":false},"author":2,"featured_media":217,"comment_status":"open","ping_status":"open","sticky":true,"template":"","format":"standard","meta":{"footnotes":""},"categories":[2,14],"tags":[],"class_list":["post-620","post","type-post","status-publish","format-standard","has-post-thumbnail","hentry","category-actualite","category-politique"],"yoast_head":"<!-- This site is optimized with the Yoast SEO plugin v28.4 - https:\/\/yoast.com\/product\/yoast-seo-wordpress\/ -->\n<title>RDC : R\u00c9ACTION DE G\u00c9NIE KANDE \u00c0 JEAN-CLAUDE KATENDE - fogeka-rdc<\/title>\n<meta name=\"robots\" content=\"index, follow, max-snippet:-1, max-image-preview:large, max-video-preview:-1\" \/>\n<link rel=\"canonical\" href=\"https:\/\/fogeka-rdc.org\/index.php\/2026\/08\/11\/rdc-reaction-de-genie-kande-a-jean-claude-katende\/\" \/>\n<meta property=\"og:locale\" content=\"fr_FR\" \/>\n<meta property=\"og:type\" content=\"article\" \/>\n<meta property=\"og:title\" content=\"RDC : R\u00c9ACTION DE G\u00c9NIE KANDE \u00c0 JEAN-CLAUDE KATENDE - fogeka-rdc\" \/>\n<meta property=\"og:description\" content=\"Monsieur Jean-Claude Katende, nulle autorit\u00e9 ne vous conf\u00e8re mandat sur le peuple souverain. Le peuple congolais a fait son choix&hellip;\" \/>\n<meta property=\"og:url\" content=\"https:\/\/fogeka-rdc.org\/index.php\/2026\/08\/11\/rdc-reaction-de-genie-kande-a-jean-claude-katende\/\" \/>\n<meta property=\"og:site_name\" content=\"fogeka-rdc\" \/>\n<meta property=\"article:published_time\" content=\"2026-08-11T15:59:23+00:00\" \/>\n<meta property=\"og:image\" content=\"https:\/\/fogeka-rdc.org\/wp-content\/uploads\/2025\/09\/4e1104da544e3998a95b9dd9f87e8d.jpg\" \/>\n\t<meta property=\"og:image:width\" content=\"612\" \/>\n\t<meta property=\"og:image:height\" content=\"612\" \/>\n\t<meta property=\"og:image:type\" content=\"image\/jpeg\" \/>\n<meta name=\"author\" content=\"Fogeka Fogekardc\" \/>\n<meta name=\"twitter:card\" content=\"summary_large_image\" \/>\n<meta name=\"twitter:label1\" content=\"\u00c9crit par\" \/>\n\t<meta name=\"twitter:data1\" content=\"Fogeka Fogekardc\" \/>\n\t<meta name=\"twitter:label2\" content=\"Dur\u00e9e de lecture estim\u00e9e\" \/>\n\t<meta name=\"twitter:data2\" content=\"1 minute\" \/>\n<script type=\"application\/ld+json\" class=\"yoast-schema-graph\">{\"@context\":\"https:\\\/\\\/schema.org\",\"@graph\":[{\"@type\":\"Article\",\"@id\":\"https:\\\/\\\/fogeka-rdc.org\\\/index.php\\\/2026\\\/08\\\/11\\\/rdc-reaction-de-genie-kande-a-jean-claude-katende\\\/#article\",\"isPartOf\":{\"@id\":\"https:\\\/\\\/fogeka-rdc.org\\\/index.php\\\/2026\\\/08\\\/11\\\/rdc-reaction-de-genie-kande-a-jean-claude-katende\\\/\"},\"author\":{\"name\":\"Fogeka Fogekardc\",\"@id\":\"https:\\\/\\\/fogeka-rdc.org\\\/#\\\/schema\\\/person\\\/326652cf3d7bfcbab6d224e17d6992ef\"},\"headline\":\"RDC : R\u00c9ACTION DE G\u00c9NIE KANDE \u00c0 JEAN-CLAUDE KATENDE\",\"datePublished\":\"2026-08-11T15:59:23+00:00\",\"mainEntityOfPage\":{\"@id\":\"https:\\\/\\\/fogeka-rdc.org\\\/index.php\\\/2026\\\/08\\\/11\\\/rdc-reaction-de-genie-kande-a-jean-claude-katende\\\/\"},\"wordCount\":182,\"commentCount\":0,\"publisher\":{\"@id\":\"https:\\\/\\\/fogeka-rdc.org\\\/#organization\"},\"image\":{\"@id\":\"https:\\\/\\\/fogeka-rdc.org\\\/index.php\\\/2026\\\/08\\\/11\\\/rdc-reaction-de-genie-kande-a-jean-claude-katende\\\/#primaryimage\"},\"thumbnailUrl\":\"https:\\\/\\\/fogeka-rdc.org\\\/wp-content\\\/uploads\\\/2025\\\/09\\\/4e1104da544e3998a95b9dd9f87e8d.jpg\",\"articleSection\":[\"Actualit\u00e9\",\"Politique\"],\"inLanguage\":\"fr-FR\",\"potentialAction\":[{\"@type\":\"CommentAction\",\"name\":\"Comment\",\"target\":[\"https:\\\/\\\/fogeka-rdc.org\\\/index.php\\\/2026\\\/08\\\/11\\\/rdc-reaction-de-genie-kande-a-jean-claude-katende\\\/#respond\"]}]},{\"@type\":\"WebPage\",\"@id\":\"https:\\\/\\\/fogeka-rdc.org\\\/index.php\\\/2026\\\/08\\\/11\\\/rdc-reaction-de-genie-kande-a-jean-claude-katende\\\/\",\"url\":\"https:\\\/\\\/fogeka-rdc.org\\\/index.php\\\/2026\\\/08\\\/11\\\/rdc-reaction-de-genie-kande-a-jean-claude-katende\\\/\",\"name\":\"RDC : R\u00c9ACTION DE G\u00c9NIE KANDE \u00c0 JEAN-CLAUDE KATENDE - fogeka-rdc\",\"isPartOf\":{\"@id\":\"https:\\\/\\\/fogeka-rdc.org\\\/#website\"},\"primaryImageOfPage\":{\"@id\":\"https:\\\/\\\/fogeka-rdc.org\\\/index.php\\\/2026\\\/08\\\/11\\\/rdc-reaction-de-genie-kande-a-jean-claude-katende\\\/#primaryimage\"},\"image\":{\"@id\":\"https:\\\/\\\/fogeka-rdc.org\\\/index.php\\\/2026\\\/08\\\/11\\\/rdc-reaction-de-genie-kande-a-jean-claude-katende\\\/#primaryimage\"},\"thumbnailUrl\":\"https:\\\/\\\/fogeka-rdc.org\\\/wp-content\\\/uploads\\\/2025\\\/09\\\/4e1104da544e3998a95b9dd9f87e8d.jpg\",\"datePublished\":\"2026-08-11T15:59:23+00:00\",\"breadcrumb\":{\"@id\":\"https:\\\/\\\/fogeka-rdc.org\\\/index.php\\\/2026\\\/08\\\/11\\\/rdc-reaction-de-genie-kande-a-jean-claude-katende\\\/#breadcrumb\"},\"inLanguage\":\"fr-FR\",\"potentialAction\":[{\"@type\":\"ReadAction\",\"target\":[\"https:\\\/\\\/fogeka-rdc.org\\\/index.php\\\/2026\\\/08\\\/11\\\/rdc-reaction-de-genie-kande-a-jean-claude-katende\\\/\"]}]},{\"@type\":\"ImageObject\",\"inLanguage\":\"fr-FR\",\"@id\":\"https:\\\/\\\/fogeka-rdc.org\\\/index.php\\\/2026\\\/08\\\/11\\\/rdc-reaction-de-genie-kande-a-jean-claude-katende\\\/#primaryimage\",\"url\":\"https:\\\/\\\/fogeka-rdc.org\\\/wp-content\\\/uploads\\\/2025\\\/09\\\/4e1104da544e3998a95b9dd9f87e8d.jpg\",\"contentUrl\":\"https:\\\/\\\/fogeka-rdc.org\\\/wp-content\\\/uploads\\\/2025\\\/09\\\/4e1104da544e3998a95b9dd9f87e8d.jpg\",\"width\":612,\"height\":612},{\"@type\":\"BreadcrumbList\",\"@id\":\"https:\\\/\\\/fogeka-rdc.org\\\/index.php\\\/2026\\\/08\\\/11\\\/rdc-reaction-de-genie-kande-a-jean-claude-katende\\\/#breadcrumb\",\"itemListElement\":[{\"@type\":\"ListItem\",\"position\":1,\"name\":\"Accueil\",\"item\":\"https:\\\/\\\/fogeka-rdc.org\\\/\"},{\"@type\":\"ListItem\",\"position\":2,\"name\":\"RDC : R\u00c9ACTION DE G\u00c9NIE KANDE \u00c0 JEAN-CLAUDE KATENDE\"}]},{\"@type\":\"WebSite\",\"@id\":\"https:\\\/\\\/fogeka-rdc.org\\\/#website\",\"url\":\"https:\\\/\\\/fogeka-rdc.org\\\/\",\"name\":\"fogeka-rdc\",\"description\":\"Agro foresterie, dans la paix, pour le d\u00e9veloppement\",\"publisher\":{\"@id\":\"https:\\\/\\\/fogeka-rdc.org\\\/#organization\"},\"potentialAction\":[{\"@type\":\"SearchAction\",\"target\":{\"@type\":\"EntryPoint\",\"urlTemplate\":\"https:\\\/\\\/fogeka-rdc.org\\\/?s={search_term_string}\"},\"query-input\":{\"@type\":\"PropertyValueSpecification\",\"valueRequired\":true,\"valueName\":\"search_term_string\"}}],\"inLanguage\":\"fr-FR\"},{\"@type\":\"Organization\",\"@id\":\"https:\\\/\\\/fogeka-rdc.org\\\/#organization\",\"name\":\"fogeka-rdc\",\"url\":\"https:\\\/\\\/fogeka-rdc.org\\\/\",\"logo\":{\"@type\":\"ImageObject\",\"inLanguage\":\"fr-FR\",\"@id\":\"https:\\\/\\\/fogeka-rdc.org\\\/#\\\/schema\\\/logo\\\/image\\\/\",\"url\":\"https:\\\/\\\/fogeka-rdc.org\\\/wp-content\\\/uploads\\\/2025\\\/09\\\/cropped-cropped-WhatsApp-Image-2025-09-12-at-23.09.05.jpeg\",\"contentUrl\":\"https:\\\/\\\/fogeka-rdc.org\\\/wp-content\\\/uploads\\\/2025\\\/09\\\/cropped-cropped-WhatsApp-Image-2025-09-12-at-23.09.05.jpeg\",\"width\":250,\"height\":134,\"caption\":\"fogeka-rdc\"},\"image\":{\"@id\":\"https:\\\/\\\/fogeka-rdc.org\\\/#\\\/schema\\\/logo\\\/image\\\/\"}},{\"@type\":\"Person\",\"@id\":\"https:\\\/\\\/fogeka-rdc.org\\\/#\\\/schema\\\/person\\\/326652cf3d7bfcbab6d224e17d6992ef\",\"name\":\"Fogeka Fogekardc\",\"image\":{\"@type\":\"ImageObject\",\"inLanguage\":\"fr-FR\",\"@id\":\"https:\\\/\\\/secure.gravatar.com\\\/avatar\\\/7409435eb90dab5dd3e21946e11423d79d4fd27d0d76a9a6883c8f31758a7ecd?s=96&d=mm&r=g\",\"url\":\"https:\\\/\\\/secure.gravatar.com\\\/avatar\\\/7409435eb90dab5dd3e21946e11423d79d4fd27d0d76a9a6883c8f31758a7ecd?s=96&d=mm&r=g\",\"contentUrl\":\"https:\\\/\\\/secure.gravatar.com\\\/avatar\\\/7409435eb90dab5dd3e21946e11423d79d4fd27d0d76a9a6883c8f31758a7ecd?s=96&d=mm&r=g\",\"caption\":\"Fogeka Fogekardc\"},\"url\":\"https:\\\/\\\/fogeka-rdc.org\\\/index.php\\\/author\\\/fogeka-admin\\\/\"}]}<\/script>\n<!-- \/ Yoast SEO plugin. -->","yoast_head_json":{"title":"RDC : R\u00c9ACTION DE G\u00c9NIE KANDE \u00c0 JEAN-CLAUDE KATENDE - fogeka-rdc","robots":{"index":"index","follow":"follow","max-snippet":"max-snippet:-1","max-image-preview":"max-image-preview:large","max-video-preview":"max-video-preview:-1"},"canonical":"https:\/\/fogeka-rdc.org\/index.php\/2026\/08\/11\/rdc-reaction-de-genie-kande-a-jean-claude-katende\/","og_locale":"fr_FR","og_type":"article","og_title":"RDC : R\u00c9ACTION DE G\u00c9NIE KANDE \u00c0 JEAN-CLAUDE KATENDE - fogeka-rdc","og_description":"Monsieur Jean-Claude Katende, nulle autorit\u00e9 ne vous conf\u00e8re mandat sur le peuple souverain. Le peuple congolais a fait son choix&hellip;","og_url":"https:\/\/fogeka-rdc.org\/index.php\/2026\/08\/11\/rdc-reaction-de-genie-kande-a-jean-claude-katende\/","og_site_name":"fogeka-rdc","article_published_time":"2026-08-11T15:59:23+00:00","og_image":[{"width":612,"height":612,"url":"https:\/\/fogeka-rdc.org\/wp-content\/uploads\/2025\/09\/4e1104da544e3998a95b9dd9f87e8d.jpg","type":"image\/jpeg"}],"author":"Fogeka Fogekardc","twitter_card":"summary_large_image","twitter_misc":{"\u00c9crit par":"Fogeka Fogekardc","Dur\u00e9e de lecture estim\u00e9e":"1 minute"},"schema":{"@context":"https:\/\/schema.org","@graph":[{"@type":"Article","@id":"https:\/\/fogeka-rdc.org\/index.php\/2026\/08\/11\/rdc-reaction-de-genie-kande-a-jean-claude-katende\/#article","isPartOf":{"@id":"https:\/\/fogeka-rdc.org\/index.php\/2026\/08\/11\/rdc-reaction-de-genie-kande-a-jean-claude-katende\/"},"author":{"name":"Fogeka Fogekardc","@id":"https:\/\/fogeka-rdc.org\/#\/schema\/person\/326652cf3d7bfcbab6d224e17d6992ef"},"headline":"RDC : R\u00c9ACTION DE G\u00c9NIE KANDE \u00c0 JEAN-CLAUDE KATENDE","datePublished":"2026-08-11T15:59:23+00:00","mainEntityOfPage":{"@id":"https:\/\/fogeka-rdc.org\/index.php\/2026\/08\/11\/rdc-reaction-de-genie-kande-a-jean-claude-katende\/"},"wordCount":182,"commentCount":0,"publisher":{"@id":"https:\/\/fogeka-rdc.org\/#organization"},"image":{"@id":"https:\/\/fogeka-rdc.org\/index.php\/2026\/08\/11\/rdc-reaction-de-genie-kande-a-jean-claude-katende\/#primaryimage"},"thumbnailUrl":"https:\/\/fogeka-rdc.org\/wp-content\/uploads\/2025\/09\/4e1104da544e3998a95b9dd9f87e8d.jpg","articleSection":["Actualit\u00e9","Politique"],"inLanguage":"fr-FR","potentialAction":[{"@type":"CommentAction","name":"Comment","target":["https:\/\/fogeka-rdc.org\/index.php\/2026\/08\/11\/rdc-reaction-de-genie-kande-a-jean-claude-katende\/#respond"]}]},{"@type":"WebPage","@id":"https:\/\/fogeka-rdc.org\/index.php\/2026\/08\/11\/rdc-reaction-de-genie-kande-a-jean-claude-katende\/","url":"https:\/\/fogeka-rdc.org\/index.php\/2026\/08\/11\/rdc-reaction-de-genie-kande-a-jean-claude-katende\/","name":"RDC : R\u00c9ACTION DE G\u00c9NIE KANDE \u00c0 JEAN-CLAUDE KATENDE - fogeka-rdc","isPartOf":{"@id":"https:\/\/fogeka-rdc.org\/#website"},"primaryImageOfPage":{"@id":"https:\/\/fogeka-rdc.org\/index.php\/2026\/08\/11\/rdc-reaction-de-genie-kande-a-jean-claude-katende\/#primaryimage"},"image":{"@id":"https:\/\/fogeka-rdc.org\/index.php\/2026\/08\/11\/rdc-reaction-de-genie-kande-a-jean-claude-katende\/#primaryimage"},"thumbnailUrl":"https:\/\/fogeka-rdc.org\/wp-content\/uploads\/2025\/09\/4e1104da544e3998a95b9dd9f87e8d.jpg","datePublished":"2026-08-11T15:59:23+00:00","breadcrumb":{"@id":"https:\/\/fogeka-rdc.org\/index.php\/2026\/08\/11\/rdc-reaction-de-genie-kande-a-jean-claude-katende\/#breadcrumb"},"inLanguage":"fr-FR","potentialAction":[{"@type":"ReadAction","target":["https:\/\/fogeka-rdc.org\/index.php\/2026\/08\/11\/rdc-reaction-de-genie-kande-a-jean-claude-katende\/"]}]},{"@type":"ImageObject","inLanguage":"fr-FR","@id":"https:\/\/fogeka-rdc.org\/index.php\/2026\/08\/11\/rdc-reaction-de-genie-kande-a-jean-claude-katende\/#primaryimage","url":"https:\/\/fogeka-rdc.org\/wp-content\/uploads\/2025\/09\/4e1104da544e3998a95b9dd9f87e8d.jpg","contentUrl":"https:\/\/fogeka-rdc.org\/wp-content\/uploads\/2025\/09\/4e1104da544e3998a95b9dd9f87e8d.jpg","width":612,"height":612},{"@type":"BreadcrumbList","@id":"https:\/\/fogeka-rdc.org\/index.php\/2026\/08\/11\/rdc-reaction-de-genie-kande-a-jean-claude-katende\/#breadcrumb","itemListElement":[{"@type":"ListItem","position":1,"name":"Accueil","item":"https:\/\/fogeka-rdc.org\/"},{"@type":"ListItem","position":2,"name":"RDC : R\u00c9ACTION DE G\u00c9NIE KANDE \u00c0 JEAN-CLAUDE KATENDE"}]},{"@type":"WebSite","@id":"https:\/\/fogeka-rdc.org\/#website","url":"https:\/\/fogeka-rdc.org\/","name":"fogeka-rdc","description":"Agro foresterie, dans la paix, pour le d\u00e9veloppement","publisher":{"@id":"https:\/\/fogeka-rdc.org\/#organization"},"potentialAction":[{"@type":"SearchAction","target":{"@type":"EntryPoint","urlTemplate":"https:\/\/fogeka-rdc.org\/?s={search_term_string}"},"query-input":{"@type":"PropertyValueSpecification","valueRequired":true,"valueName":"search_term_string"}}],"inLanguage":"fr-FR"},{"@type":"Organization","@id":"https:\/\/fogeka-rdc.org\/#organization","name":"fogeka-rdc","url":"https:\/\/fogeka-rdc.org\/","logo":{"@type":"ImageObject","inLanguage":"fr-FR","@id":"https:\/\/fogeka-rdc.org\/#\/schema\/logo\/image\/","url":"https:\/\/fogeka-rdc.org\/wp-content\/uploads\/2025\/09\/cropped-cropped-WhatsApp-Image-2025-09-12-at-23.09.05.jpeg","contentUrl":"https:\/\/fogeka-rdc.org\/wp-content\/uploads\/2025\/09\/cropped-cropped-WhatsApp-Image-2025-09-12-at-23.09.05.jpeg","width":250,"height":134,"caption":"fogeka-rdc"},"image":{"@id":"https:\/\/fogeka-rdc.org\/#\/schema\/logo\/image\/"}},{"@type":"Person","@id":"https:\/\/fogeka-rdc.org\/#\/schema\/person\/326652cf3d7bfcbab6d224e17d6992ef","name":"Fogeka Fogekardc","image":{"@type":"ImageObject","inLanguage":"fr-FR","@id":"https:\/\/secure.gravatar.com\/avatar\/7409435eb90dab5dd3e21946e11423d79d4fd27d0d76a9a6883c8f31758a7ecd?s=96&d=mm&r=g","url":"https:\/\/secure.gravatar.com\/avatar\/7409435eb90dab5dd3e21946e11423d79d4fd27d0d76a9a6883c8f31758a7ecd?s=96&d=mm&r=g","contentUrl":"https:\/\/secure.gravatar.com\/avatar\/7409435eb90dab5dd3e21946e11423d79d4fd27d0d76a9a6883c8f31758a7ecd?s=96&d=mm&r=g","caption":"Fogeka Fogekardc"},"url":"https:\/\/fogeka-rdc.org\/index.php\/author\/fogeka-admin\/"}]}},"_links":{"self":[{"href":"https:\/\/fogeka-rdc.org\/index.php\/wp-json\/wp\/v2\/posts\/620","targetHints":{"allow":["GET"]}}],"collection":[{"href":"https:\/\/fogeka-rdc.org\/index.php\/wp-json\/wp\/v2\/posts"}],"about":[{"href":"https:\/\/fogeka-rdc.org\/index.php\/wp-json\/wp\/v2\/types\/post"}],"author":[{"embeddable":true,"href":"https:\/\/fogeka-rdc.org\/index.php\/wp-json\/wp\/v2\/users\/2"}],"replies":[{"embeddable":true,"href":"https:\/\/fogeka-rdc.org\/index.php\/wp-json\/wp\/v2\/comments?post=620"}],"version-history":[{"count":1,"href":"https:\/\/fogeka-rdc.org\/index.php\/wp-json\/wp\/v2\/posts\/620\/revisions"}],"predecessor-version":[{"id":621,"href":"https:\/\/fogeka-rdc.org\/index.php\/wp-json\/wp\/v2\/posts\/620\/revisions\/621"}],"wp:featuredmedia":[{"embeddable":true,"href":"https:\/\/fogeka-rdc.org\/index.php\/wp-json\/wp\/v2\/media\/217"}],"wp:attachment":[{"href":"https:\/\/fogeka-rdc.org\/index.php\/wp-json\/wp\/v2\/media?parent=620"}],"wp:term":[{"taxonomy":"category","embeddable":true,"href":"https:\/\/fogeka-rdc.org\/index.php\/wp-json\/wp\/v2\/categories?post=620"},{"taxonomy":"post_tag","embeddable":true,"href":"https:\/\/fogeka-rdc.org\/index.php\/wp-json\/wp\/v2\/tags?post=620"}],"curies":[{"name":"wp","href":"https:\/\/api.w.org\/{rel}","templated":true}]}}