{"id":626,"date":"2026-07-30T12:57:36","date_gmt":"2026-07-30T12:57:36","guid":{"rendered":"https:\/\/fogeka-rdc.org\/?p=626"},"modified":"2026-08-12T13:04:09","modified_gmt":"2026-08-12T13:04:09","slug":"rdc-meritocratie-martin-lukusa-imprime-sa-marque-a-lonatra-et-relance-la-mobilite-nationale","status":"publish","type":"post","link":"https:\/\/fogeka-rdc.org\/index.php\/2026\/07\/30\/rdc-meritocratie-martin-lukusa-imprime-sa-marque-a-lonatra-et-relance-la-mobilite-nationale\/","title":{"rendered":"RDC &#8211; M\u00e9ritocratie : Martin Lukusa imprime sa marque \u00e0 l\u2019ONATRA et relance la mobilit\u00e9 nationale"},"content":{"rendered":"<p dir=\"ltr\">\u00a0Dans la droite ligne de la vision du Pr\u00e9sident de la R\u00e9publique, F\u00e9lix-Antoine Tshisekedi, qui fait de la modernisation des infrastructures un levier de stabilit\u00e9 \u00e9conomique, l\u2019Office national des transports, ONATRA, op\u00e8re une mue. Sous l\u2019impulsion de son Directeur g\u00e9n\u00e9ral, Martin Lukusa, l\u2019entreprise publique mise sur l\u2019intermodalit\u00e9 pour d\u00e9senclaver le pays et d\u00e9sengorger Kinshasa.<\/p>\n<p>&nbsp;<\/p>\n<p dir=\"ltr\">\u00c0 la capitale, le chantier le plus visible est celui du train interurbain. La liaison Gare Centrale \u2013 A\u00e9roport international de N\u2019djili doit offrir aux Kinois une alternative cr\u00e9dible \u00e0 la route, satur\u00e9e et sujette aux embouteillages chroniques. Parall\u00e8lement, la desserte Kinshasa \u2013 Matadi, fret et voyageurs, est remise sur les rails. Objectif : fluidifier l\u2019acheminement des marchandises depuis le port en eau profonde vers l\u2019arri\u00e8re-pays et r\u00e9duire le co\u00fbt du transport, facteur cl\u00e9 de la relance \u00e9conomique.<\/p>\n<p>&nbsp;<\/p>\n<p dir=\"ltr\">\u00a0Mais le pari le plus ambitieux de Martin Lukusa se joue sur le fleuve. Conscient que la voie fluviale reste l\u2019\u00e9pine dorsale du d\u00e9senclavement congolais, le DG relance la navigation int\u00e9rieure avec le bateau _Panu_. Fruit d\u2019une ing\u00e9nierie congolaise, ce navire doit assurer la r\u00e9gularit\u00e9 sur l\u2019axe strat\u00e9gique Kinshasa \u2013 Mbandaka \u2013 Ilebo \u2013 Kisangani. Au-del\u00e0 du symbole, c\u2019est une r\u00e9ponse concr\u00e8te \u00e0 l\u2019isolement de plusieurs provinces, \u00e0 la chert\u00e9 du fret routier et \u00e0 l\u2019ins\u00e9curit\u00e9 sur certains tron\u00e7ons.<\/p>\n<p>&nbsp;<\/p>\n<p dir=\"ltr\">Cette offensive s\u2019inscrit dans une logique de m\u00e9ritocratie et de redressement de la gouvernance. L\u2019ONATRA, longtemps enclav\u00e9e dans les d\u00e9ficits, se voit confier une mission de service public r\u00e9nov\u00e9e : moderniser, rentabiliser, connecter. La feuille de route pr\u00e9voit aussi la r\u00e9habilitation des gares, la digitalisation de la billetterie et le renforcement de la s\u00e9curit\u00e9 des usagers.<\/p>\n<p>&nbsp;<\/p>\n<p dir=\"ltr\">\u00a0Pour Martin Lukusa, il ne s\u2019agit pas seulement de faire rouler des trains ou naviguer des bateaux. Il s\u2019agit de rendre au fleuve Congo et au rail leur fonction de poumons \u00e9conomiques. Dans un pays-continent, la mobilit\u00e9 est une question de souverainet\u00e9. Et c\u2019est \u00e0 ce prix que la RDC peut esp\u00e9rer transformer ses potentialit\u00e9s en croissance durable.<\/p>\n<p>&nbsp;<\/p>\n<p dir=\"ltr\">Fogeka Agency Communication<\/p>\n<p dir=\"ltr\">\n","protected":false},"excerpt":{"rendered":"<p>\u00a0Dans la droite ligne de la vision du Pr\u00e9sident de la R\u00e9publique, F\u00e9lix-Antoine Tshisekedi, qui fait de la modernisation des&hellip;<\/p>\n","protected":false},"author":2,"featured_media":607,"comment_status":"open","ping_status":"open","sticky":false,"template":"","format":"standard","meta":{"footnotes":""},"categories":[8],"tags":[],"class_list":["post-626","post","type-post","status-publish","format-standard","has-post-thumbnail","hentry","category-sociale"],"yoast_head":"<!-- This site is optimized with the Yoast SEO plugin v28.3 - https:\/\/yoast.com\/product\/yoast-seo-wordpress\/ -->\n<title>RDC - M\u00e9ritocratie : Martin Lukusa imprime sa marque \u00e0 l\u2019ONATRA et relance la mobilit\u00e9 nationale - fogeka-rdc<\/title>\n<meta name=\"robots\" content=\"index, follow, max-snippet:-1, max-image-preview:large, max-video-preview:-1\" \/>\n<link rel=\"canonical\" href=\"https:\/\/fogeka-rdc.org\/index.php\/2026\/07\/30\/rdc-meritocratie-martin-lukusa-imprime-sa-marque-a-lonatra-et-relance-la-mobilite-nationale\/\" \/>\n<meta property=\"og:locale\" content=\"fr_FR\" \/>\n<meta property=\"og:type\" content=\"article\" \/>\n<meta property=\"og:title\" content=\"RDC - M\u00e9ritocratie : Martin Lukusa imprime sa marque \u00e0 l\u2019ONATRA et relance la mobilit\u00e9 nationale - fogeka-rdc\" \/>\n<meta property=\"og:description\" content=\"\u00a0Dans la droite ligne de la vision du Pr\u00e9sident de la R\u00e9publique, F\u00e9lix-Antoine Tshisekedi, qui fait de la modernisation des&hellip;\" \/>\n<meta property=\"og:url\" content=\"https:\/\/fogeka-rdc.org\/index.php\/2026\/07\/30\/rdc-meritocratie-martin-lukusa-imprime-sa-marque-a-lonatra-et-relance-la-mobilite-nationale\/\" \/>\n<meta property=\"og:site_name\" content=\"fogeka-rdc\" \/>\n<meta property=\"article:published_time\" content=\"2026-07-30T12:57:36+00:00\" \/>\n<meta property=\"article:modified_time\" content=\"2026-08-12T13:04:09+00:00\" \/>\n<meta property=\"og:image\" content=\"https:\/\/fogeka-rdc.org\/wp-content\/uploads\/2026\/08\/Onatra-fleuve.jpg\" \/>\n\t<meta property=\"og:image:width\" content=\"600\" \/>\n\t<meta property=\"og:image:height\" content=\"400\" \/>\n\t<meta property=\"og:image:type\" content=\"image\/jpeg\" \/>\n<meta name=\"author\" content=\"Fogeka Fogekardc\" \/>\n<meta name=\"twitter:card\" content=\"summary_large_image\" \/>\n<meta name=\"twitter:label1\" content=\"\u00c9crit par\" \/>\n\t<meta name=\"twitter:data1\" content=\"Fogeka Fogekardc\" \/>\n\t<meta name=\"twitter:label2\" content=\"Dur\u00e9e de lecture estim\u00e9e\" \/>\n\t<meta name=\"twitter:data2\" content=\"2 minutes\" \/>\n<script type=\"application\/ld+json\" class=\"yoast-schema-graph\">{\"@context\":\"https:\\\/\\\/schema.org\",\"@graph\":[{\"@type\":\"Article\",\"@id\":\"https:\\\/\\\/fogeka-rdc.org\\\/index.php\\\/2026\\\/07\\\/30\\\/rdc-meritocratie-martin-lukusa-imprime-sa-marque-a-lonatra-et-relance-la-mobilite-nationale\\\/#article\",\"isPartOf\":{\"@id\":\"https:\\\/\\\/fogeka-rdc.org\\\/index.php\\\/2026\\\/07\\\/30\\\/rdc-meritocratie-martin-lukusa-imprime-sa-marque-a-lonatra-et-relance-la-mobilite-nationale\\\/\"},\"author\":{\"name\":\"Fogeka Fogekardc\",\"@id\":\"https:\\\/\\\/fogeka-rdc.org\\\/#\\\/schema\\\/person\\\/326652cf3d7bfcbab6d224e17d6992ef\"},\"headline\":\"RDC &#8211; M\u00e9ritocratie : Martin Lukusa imprime sa marque \u00e0 l\u2019ONATRA et relance la mobilit\u00e9 nationale\",\"datePublished\":\"2026-07-30T12:57:36+00:00\",\"dateModified\":\"2026-08-12T13:04:09+00:00\",\"mainEntityOfPage\":{\"@id\":\"https:\\\/\\\/fogeka-rdc.org\\\/index.php\\\/2026\\\/07\\\/30\\\/rdc-meritocratie-martin-lukusa-imprime-sa-marque-a-lonatra-et-relance-la-mobilite-nationale\\\/\"},\"wordCount\":388,\"commentCount\":0,\"publisher\":{\"@id\":\"https:\\\/\\\/fogeka-rdc.org\\\/#organization\"},\"image\":{\"@id\":\"https:\\\/\\\/fogeka-rdc.org\\\/index.php\\\/2026\\\/07\\\/30\\\/rdc-meritocratie-martin-lukusa-imprime-sa-marque-a-lonatra-et-relance-la-mobilite-nationale\\\/#primaryimage\"},\"thumbnailUrl\":\"https:\\\/\\\/fogeka-rdc.org\\\/wp-content\\\/uploads\\\/2026\\\/08\\\/Onatra-fleuve.jpg\",\"articleSection\":[\"Sociale\"],\"inLanguage\":\"fr-FR\",\"potentialAction\":[{\"@type\":\"CommentAction\",\"name\":\"Comment\",\"target\":[\"https:\\\/\\\/fogeka-rdc.org\\\/index.php\\\/2026\\\/07\\\/30\\\/rdc-meritocratie-martin-lukusa-imprime-sa-marque-a-lonatra-et-relance-la-mobilite-nationale\\\/#respond\"]}]},{\"@type\":\"WebPage\",\"@id\":\"https:\\\/\\\/fogeka-rdc.org\\\/index.php\\\/2026\\\/07\\\/30\\\/rdc-meritocratie-martin-lukusa-imprime-sa-marque-a-lonatra-et-relance-la-mobilite-nationale\\\/\",\"url\":\"https:\\\/\\\/fogeka-rdc.org\\\/index.php\\\/2026\\\/07\\\/30\\\/rdc-meritocratie-martin-lukusa-imprime-sa-marque-a-lonatra-et-relance-la-mobilite-nationale\\\/\",\"name\":\"RDC - M\u00e9ritocratie : Martin Lukusa imprime sa marque \u00e0 l\u2019ONATRA et relance la mobilit\u00e9 nationale - fogeka-rdc\",\"isPartOf\":{\"@id\":\"https:\\\/\\\/fogeka-rdc.org\\\/#website\"},\"primaryImageOfPage\":{\"@id\":\"https:\\\/\\\/fogeka-rdc.org\\\/index.php\\\/2026\\\/07\\\/30\\\/rdc-meritocratie-martin-lukusa-imprime-sa-marque-a-lonatra-et-relance-la-mobilite-nationale\\\/#primaryimage\"},\"image\":{\"@id\":\"https:\\\/\\\/fogeka-rdc.org\\\/index.php\\\/2026\\\/07\\\/30\\\/rdc-meritocratie-martin-lukusa-imprime-sa-marque-a-lonatra-et-relance-la-mobilite-nationale\\\/#primaryimage\"},\"thumbnailUrl\":\"https:\\\/\\\/fogeka-rdc.org\\\/wp-content\\\/uploads\\\/2026\\\/08\\\/Onatra-fleuve.jpg\",\"datePublished\":\"2026-07-30T12:57:36+00:00\",\"dateModified\":\"2026-08-12T13:04:09+00:00\",\"breadcrumb\":{\"@id\":\"https:\\\/\\\/fogeka-rdc.org\\\/index.php\\\/2026\\\/07\\\/30\\\/rdc-meritocratie-martin-lukusa-imprime-sa-marque-a-lonatra-et-relance-la-mobilite-nationale\\\/#breadcrumb\"},\"inLanguage\":\"fr-FR\",\"potentialAction\":[{\"@type\":\"ReadAction\",\"target\":[\"https:\\\/\\\/fogeka-rdc.org\\\/index.php\\\/2026\\\/07\\\/30\\\/rdc-meritocratie-martin-lukusa-imprime-sa-marque-a-lonatra-et-relance-la-mobilite-nationale\\\/\"]}]},{\"@type\":\"ImageObject\",\"inLanguage\":\"fr-FR\",\"@id\":\"https:\\\/\\\/fogeka-rdc.org\\\/index.php\\\/2026\\\/07\\\/30\\\/rdc-meritocratie-martin-lukusa-imprime-sa-marque-a-lonatra-et-relance-la-mobilite-nationale\\\/#primaryimage\",\"url\":\"https:\\\/\\\/fogeka-rdc.org\\\/wp-content\\\/uploads\\\/2026\\\/08\\\/Onatra-fleuve.jpg\",\"contentUrl\":\"https:\\\/\\\/fogeka-rdc.org\\\/wp-content\\\/uploads\\\/2026\\\/08\\\/Onatra-fleuve.jpg\",\"width\":600,\"height\":400},{\"@type\":\"BreadcrumbList\",\"@id\":\"https:\\\/\\\/fogeka-rdc.org\\\/index.php\\\/2026\\\/07\\\/30\\\/rdc-meritocratie-martin-lukusa-imprime-sa-marque-a-lonatra-et-relance-la-mobilite-nationale\\\/#breadcrumb\",\"itemListElement\":[{\"@type\":\"ListItem\",\"position\":1,\"name\":\"Accueil\",\"item\":\"https:\\\/\\\/fogeka-rdc.org\\\/\"},{\"@type\":\"ListItem\",\"position\":2,\"name\":\"RDC &#8211; M\u00e9ritocratie : Martin Lukusa imprime sa marque \u00e0 l\u2019ONATRA et relance la mobilit\u00e9 nationale\"}]},{\"@type\":\"WebSite\",\"@id\":\"https:\\\/\\\/fogeka-rdc.org\\\/#website\",\"url\":\"https:\\\/\\\/fogeka-rdc.org\\\/\",\"name\":\"fogeka-rdc\",\"description\":\"Agro foresterie, dans la paix, pour le d\u00e9veloppement\",\"publisher\":{\"@id\":\"https:\\\/\\\/fogeka-rdc.org\\\/#organization\"},\"potentialAction\":[{\"@type\":\"SearchAction\",\"target\":{\"@type\":\"EntryPoint\",\"urlTemplate\":\"https:\\\/\\\/fogeka-rdc.org\\\/?s={search_term_string}\"},\"query-input\":{\"@type\":\"PropertyValueSpecification\",\"valueRequired\":true,\"valueName\":\"search_term_string\"}}],\"inLanguage\":\"fr-FR\"},{\"@type\":\"Organization\",\"@id\":\"https:\\\/\\\/fogeka-rdc.org\\\/#organization\",\"name\":\"fogeka-rdc\",\"url\":\"https:\\\/\\\/fogeka-rdc.org\\\/\",\"logo\":{\"@type\":\"ImageObject\",\"inLanguage\":\"fr-FR\",\"@id\":\"https:\\\/\\\/fogeka-rdc.org\\\/#\\\/schema\\\/logo\\\/image\\\/\",\"url\":\"https:\\\/\\\/fogeka-rdc.org\\\/wp-content\\\/uploads\\\/2025\\\/09\\\/cropped-cropped-WhatsApp-Image-2025-09-12-at-23.09.05.jpeg\",\"contentUrl\":\"https:\\\/\\\/fogeka-rdc.org\\\/wp-content\\\/uploads\\\/2025\\\/09\\\/cropped-cropped-WhatsApp-Image-2025-09-12-at-23.09.05.jpeg\",\"width\":250,\"height\":134,\"caption\":\"fogeka-rdc\"},\"image\":{\"@id\":\"https:\\\/\\\/fogeka-rdc.org\\\/#\\\/schema\\\/logo\\\/image\\\/\"}},{\"@type\":\"Person\",\"@id\":\"https:\\\/\\\/fogeka-rdc.org\\\/#\\\/schema\\\/person\\\/326652cf3d7bfcbab6d224e17d6992ef\",\"name\":\"Fogeka Fogekardc\",\"image\":{\"@type\":\"ImageObject\",\"inLanguage\":\"fr-FR\",\"@id\":\"https:\\\/\\\/secure.gravatar.com\\\/avatar\\\/7409435eb90dab5dd3e21946e11423d79d4fd27d0d76a9a6883c8f31758a7ecd?s=96&d=mm&r=g\",\"url\":\"https:\\\/\\\/secure.gravatar.com\\\/avatar\\\/7409435eb90dab5dd3e21946e11423d79d4fd27d0d76a9a6883c8f31758a7ecd?s=96&d=mm&r=g\",\"contentUrl\":\"https:\\\/\\\/secure.gravatar.com\\\/avatar\\\/7409435eb90dab5dd3e21946e11423d79d4fd27d0d76a9a6883c8f31758a7ecd?s=96&d=mm&r=g\",\"caption\":\"Fogeka Fogekardc\"},\"url\":\"https:\\\/\\\/fogeka-rdc.org\\\/index.php\\\/author\\\/fogeka-admin\\\/\"}]}<\/script>\n<!-- \/ Yoast SEO plugin. -->","yoast_head_json":{"title":"RDC - M\u00e9ritocratie : Martin Lukusa imprime sa marque \u00e0 l\u2019ONATRA et relance la mobilit\u00e9 nationale - fogeka-rdc","robots":{"index":"index","follow":"follow","max-snippet":"max-snippet:-1","max-image-preview":"max-image-preview:large","max-video-preview":"max-video-preview:-1"},"canonical":"https:\/\/fogeka-rdc.org\/index.php\/2026\/07\/30\/rdc-meritocratie-martin-lukusa-imprime-sa-marque-a-lonatra-et-relance-la-mobilite-nationale\/","og_locale":"fr_FR","og_type":"article","og_title":"RDC - M\u00e9ritocratie : Martin Lukusa imprime sa marque \u00e0 l\u2019ONATRA et relance la mobilit\u00e9 nationale - fogeka-rdc","og_description":"\u00a0Dans la droite ligne de la vision du Pr\u00e9sident de la R\u00e9publique, F\u00e9lix-Antoine Tshisekedi, qui fait de la modernisation des&hellip;","og_url":"https:\/\/fogeka-rdc.org\/index.php\/2026\/07\/30\/rdc-meritocratie-martin-lukusa-imprime-sa-marque-a-lonatra-et-relance-la-mobilite-nationale\/","og_site_name":"fogeka-rdc","article_published_time":"2026-07-30T12:57:36+00:00","article_modified_time":"2026-08-12T13:04:09+00:00","og_image":[{"width":600,"height":400,"url":"https:\/\/fogeka-rdc.org\/wp-content\/uploads\/2026\/08\/Onatra-fleuve.jpg","type":"image\/jpeg"}],"author":"Fogeka Fogekardc","twitter_card":"summary_large_image","twitter_misc":{"\u00c9crit par":"Fogeka Fogekardc","Dur\u00e9e de lecture estim\u00e9e":"2 minutes"},"schema":{"@context":"https:\/\/schema.org","@graph":[{"@type":"Article","@id":"https:\/\/fogeka-rdc.org\/index.php\/2026\/07\/30\/rdc-meritocratie-martin-lukusa-imprime-sa-marque-a-lonatra-et-relance-la-mobilite-nationale\/#article","isPartOf":{"@id":"https:\/\/fogeka-rdc.org\/index.php\/2026\/07\/30\/rdc-meritocratie-martin-lukusa-imprime-sa-marque-a-lonatra-et-relance-la-mobilite-nationale\/"},"author":{"name":"Fogeka Fogekardc","@id":"https:\/\/fogeka-rdc.org\/#\/schema\/person\/326652cf3d7bfcbab6d224e17d6992ef"},"headline":"RDC &#8211; M\u00e9ritocratie : Martin Lukusa imprime sa marque \u00e0 l\u2019ONATRA et relance la mobilit\u00e9 nationale","datePublished":"2026-07-30T12:57:36+00:00","dateModified":"2026-08-12T13:04:09+00:00","mainEntityOfPage":{"@id":"https:\/\/fogeka-rdc.org\/index.php\/2026\/07\/30\/rdc-meritocratie-martin-lukusa-imprime-sa-marque-a-lonatra-et-relance-la-mobilite-nationale\/"},"wordCount":388,"commentCount":0,"publisher":{"@id":"https:\/\/fogeka-rdc.org\/#organization"},"image":{"@id":"https:\/\/fogeka-rdc.org\/index.php\/2026\/07\/30\/rdc-meritocratie-martin-lukusa-imprime-sa-marque-a-lonatra-et-relance-la-mobilite-nationale\/#primaryimage"},"thumbnailUrl":"https:\/\/fogeka-rdc.org\/wp-content\/uploads\/2026\/08\/Onatra-fleuve.jpg","articleSection":["Sociale"],"inLanguage":"fr-FR","potentialAction":[{"@type":"CommentAction","name":"Comment","target":["https:\/\/fogeka-rdc.org\/index.php\/2026\/07\/30\/rdc-meritocratie-martin-lukusa-imprime-sa-marque-a-lonatra-et-relance-la-mobilite-nationale\/#respond"]}]},{"@type":"WebPage","@id":"https:\/\/fogeka-rdc.org\/index.php\/2026\/07\/30\/rdc-meritocratie-martin-lukusa-imprime-sa-marque-a-lonatra-et-relance-la-mobilite-nationale\/","url":"https:\/\/fogeka-rdc.org\/index.php\/2026\/07\/30\/rdc-meritocratie-martin-lukusa-imprime-sa-marque-a-lonatra-et-relance-la-mobilite-nationale\/","name":"RDC - M\u00e9ritocratie : Martin Lukusa imprime sa marque \u00e0 l\u2019ONATRA et relance la mobilit\u00e9 nationale - fogeka-rdc","isPartOf":{"@id":"https:\/\/fogeka-rdc.org\/#website"},"primaryImageOfPage":{"@id":"https:\/\/fogeka-rdc.org\/index.php\/2026\/07\/30\/rdc-meritocratie-martin-lukusa-imprime-sa-marque-a-lonatra-et-relance-la-mobilite-nationale\/#primaryimage"},"image":{"@id":"https:\/\/fogeka-rdc.org\/index.php\/2026\/07\/30\/rdc-meritocratie-martin-lukusa-imprime-sa-marque-a-lonatra-et-relance-la-mobilite-nationale\/#primaryimage"},"thumbnailUrl":"https:\/\/fogeka-rdc.org\/wp-content\/uploads\/2026\/08\/Onatra-fleuve.jpg","datePublished":"2026-07-30T12:57:36+00:00","dateModified":"2026-08-12T13:04:09+00:00","breadcrumb":{"@id":"https:\/\/fogeka-rdc.org\/index.php\/2026\/07\/30\/rdc-meritocratie-martin-lukusa-imprime-sa-marque-a-lonatra-et-relance-la-mobilite-nationale\/#breadcrumb"},"inLanguage":"fr-FR","potentialAction":[{"@type":"ReadAction","target":["https:\/\/fogeka-rdc.org\/index.php\/2026\/07\/30\/rdc-meritocratie-martin-lukusa-imprime-sa-marque-a-lonatra-et-relance-la-mobilite-nationale\/"]}]},{"@type":"ImageObject","inLanguage":"fr-FR","@id":"https:\/\/fogeka-rdc.org\/index.php\/2026\/07\/30\/rdc-meritocratie-martin-lukusa-imprime-sa-marque-a-lonatra-et-relance-la-mobilite-nationale\/#primaryimage","url":"https:\/\/fogeka-rdc.org\/wp-content\/uploads\/2026\/08\/Onatra-fleuve.jpg","contentUrl":"https:\/\/fogeka-rdc.org\/wp-content\/uploads\/2026\/08\/Onatra-fleuve.jpg","width":600,"height":400},{"@type":"BreadcrumbList","@id":"https:\/\/fogeka-rdc.org\/index.php\/2026\/07\/30\/rdc-meritocratie-martin-lukusa-imprime-sa-marque-a-lonatra-et-relance-la-mobilite-nationale\/#breadcrumb","itemListElement":[{"@type":"ListItem","position":1,"name":"Accueil","item":"https:\/\/fogeka-rdc.org\/"},{"@type":"ListItem","position":2,"name":"RDC &#8211; M\u00e9ritocratie : Martin Lukusa imprime sa marque \u00e0 l\u2019ONATRA et relance la mobilit\u00e9 nationale"}]},{"@type":"WebSite","@id":"https:\/\/fogeka-rdc.org\/#website","url":"https:\/\/fogeka-rdc.org\/","name":"fogeka-rdc","description":"Agro foresterie, dans la paix, pour le d\u00e9veloppement","publisher":{"@id":"https:\/\/fogeka-rdc.org\/#organization"},"potentialAction":[{"@type":"SearchAction","target":{"@type":"EntryPoint","urlTemplate":"https:\/\/fogeka-rdc.org\/?s={search_term_string}"},"query-input":{"@type":"PropertyValueSpecification","valueRequired":true,"valueName":"search_term_string"}}],"inLanguage":"fr-FR"},{"@type":"Organization","@id":"https:\/\/fogeka-rdc.org\/#organization","name":"fogeka-rdc","url":"https:\/\/fogeka-rdc.org\/","logo":{"@type":"ImageObject","inLanguage":"fr-FR","@id":"https:\/\/fogeka-rdc.org\/#\/schema\/logo\/image\/","url":"https:\/\/fogeka-rdc.org\/wp-content\/uploads\/2025\/09\/cropped-cropped-WhatsApp-Image-2025-09-12-at-23.09.05.jpeg","contentUrl":"https:\/\/fogeka-rdc.org\/wp-content\/uploads\/2025\/09\/cropped-cropped-WhatsApp-Image-2025-09-12-at-23.09.05.jpeg","width":250,"height":134,"caption":"fogeka-rdc"},"image":{"@id":"https:\/\/fogeka-rdc.org\/#\/schema\/logo\/image\/"}},{"@type":"Person","@id":"https:\/\/fogeka-rdc.org\/#\/schema\/person\/326652cf3d7bfcbab6d224e17d6992ef","name":"Fogeka Fogekardc","image":{"@type":"ImageObject","inLanguage":"fr-FR","@id":"https:\/\/secure.gravatar.com\/avatar\/7409435eb90dab5dd3e21946e11423d79d4fd27d0d76a9a6883c8f31758a7ecd?s=96&d=mm&r=g","url":"https:\/\/secure.gravatar.com\/avatar\/7409435eb90dab5dd3e21946e11423d79d4fd27d0d76a9a6883c8f31758a7ecd?s=96&d=mm&r=g","contentUrl":"https:\/\/secure.gravatar.com\/avatar\/7409435eb90dab5dd3e21946e11423d79d4fd27d0d76a9a6883c8f31758a7ecd?s=96&d=mm&r=g","caption":"Fogeka Fogekardc"},"url":"https:\/\/fogeka-rdc.org\/index.php\/author\/fogeka-admin\/"}]}},"_links":{"self":[{"href":"https:\/\/fogeka-rdc.org\/index.php\/wp-json\/wp\/v2\/posts\/626","targetHints":{"allow":["GET"]}}],"collection":[{"href":"https:\/\/fogeka-rdc.org\/index.php\/wp-json\/wp\/v2\/posts"}],"about":[{"href":"https:\/\/fogeka-rdc.org\/index.php\/wp-json\/wp\/v2\/types\/post"}],"author":[{"embeddable":true,"href":"https:\/\/fogeka-rdc.org\/index.php\/wp-json\/wp\/v2\/users\/2"}],"replies":[{"embeddable":true,"href":"https:\/\/fogeka-rdc.org\/index.php\/wp-json\/wp\/v2\/comments?post=626"}],"version-history":[{"count":1,"href":"https:\/\/fogeka-rdc.org\/index.php\/wp-json\/wp\/v2\/posts\/626\/revisions"}],"predecessor-version":[{"id":627,"href":"https:\/\/fogeka-rdc.org\/index.php\/wp-json\/wp\/v2\/posts\/626\/revisions\/627"}],"wp:featuredmedia":[{"embeddable":true,"href":"https:\/\/fogeka-rdc.org\/index.php\/wp-json\/wp\/v2\/media\/607"}],"wp:attachment":[{"href":"https:\/\/fogeka-rdc.org\/index.php\/wp-json\/wp\/v2\/media?parent=626"}],"wp:term":[{"taxonomy":"category","embeddable":true,"href":"https:\/\/fogeka-rdc.org\/index.php\/wp-json\/wp\/v2\/categories?post=626"},{"taxonomy":"post_tag","embeddable":true,"href":"https:\/\/fogeka-rdc.org\/index.php\/wp-json\/wp\/v2\/tags?post=626"}],"curies":[{"name":"wp","href":"https:\/\/api.w.org\/{rel}","templated":true}]}}