{"id":629,"date":"2026-07-29T13:10:43","date_gmt":"2026-07-29T13:10:43","guid":{"rendered":"https:\/\/fogeka-rdc.org\/?p=629"},"modified":"2026-08-12T13:13:38","modified_gmt":"2026-08-12T13:13:38","slug":"rdc-kamina-felix-tshisekedi-inaugure-lusine-de-traitement-deau-de-lovoy-et-met-fin-a-50-ans-de-penurie","status":"publish","type":"post","link":"https:\/\/fogeka-rdc.org\/index.php\/2026\/07\/29\/rdc-kamina-felix-tshisekedi-inaugure-lusine-de-traitement-deau-de-lovoy-et-met-fin-a-50-ans-de-penurie\/","title":{"rendered":"RDC-Kamina : F\u00e9lix Tshisekedi inaugure l\u2019usine de traitement d\u2019eau de Lovoy et met fin \u00e0 50 ans de p\u00e9nurie"},"content":{"rendered":"<p dir=\"ltr\" style=\"text-align: left;\">Par : G\u00e9nie Kande<\/p>\n<p dir=\"ltr\">Un tournant pour le Haut-Lomami. *Le Pr\u00e9sient de la R\u00e9publique, F\u00e9lix-Antoine Tshisekedi Tshilombo* , a inaugur\u00e9 ce mercredi \u00e0 Kamina l\u2019usine de captage et de traitement d\u2019eau potable de Lovoy. Un projet structurant r\u00e9alis\u00e9 dans le cadre du programme sino-congolais et qui vient clore plus d\u2019un demi-si\u00e8cle de p\u00e9nurie d\u2019eau potable dans la ville ferroviaire.<\/p>\n<p>&nbsp;<\/p>\n<p dir=\"ltr\">Construite sur les berges de la rivi\u00e8re Lovoy, r\u00e9put\u00e9e pour sa forte teneur en fer, l\u2019infrastructure a une capacit\u00e9 de production de 7 000 m\u00b3 d\u2019eau par jour. Apr\u00e8s un processus de traitement rigoureux conforme aux normes de l\u2019OMS, cette eau sera distribu\u00e9e \u00e0 pr\u00e8s de 230 000 habitants de Kamina et des quartiers p\u00e9riph\u00e9riques.<\/p>\n<p>&nbsp;<\/p>\n<p dir=\"ltr\">\u00ab _Aujourd\u2019hui, nous tournons une page douloureuse. L\u2019acc\u00e8s \u00e0 l\u2019eau potable n\u2019est plus une promesse, c\u2019est une r\u00e9alit\u00e9_ \u00bb, a d\u00e9clar\u00e9 le Chef de l\u2019\u00c9tat, visiblement satisfait. Pour lui, cette usine s\u2019inscrit dans sa vision de d\u00e9senclaver les provinces et de garantir l\u2019acc\u00e8s aux besoins sociaux de base : eau, sant\u00e9, \u00e9lectricit\u00e9 et routes.<\/p>\n<p>&nbsp;<\/p>\n<p dir=\"ltr\">L\u2019impact est imm\u00e9diat sur le terrain. Fini les longues files d\u2019attente aux bornes-fontaines et les maladies hydriques qui frappaient particuli\u00e8rement les enfants. Le r\u00e9seau comprend 15 km de conduites principales, 3 ch\u00e2teaux d\u2019eau et 20 bornes-fontaines publiques pour desservir les zones encore non raccord\u00e9es.<\/p>\n<p>&nbsp;<\/p>\n<p dir=\"ltr\">\u00c9mu, le Gouverneur du Haut-Lomami, Myriam Mukungubila, a salu\u00e9 \u00ab _un acte fort qui restaure la dignit\u00e9 des populations_ \u00bb.<\/p>\n<p dir=\"ltr\">\u00ab _Cette eau qui coulera d\u00e9sormais de nos robinets sera le t\u00e9moignage concret de votre engagement en faveur de la population du Haut-Lomami_ \u00bb, a-t-elle affirm\u00e9 devant les autorit\u00e9s provinciales, les chefs coutumiers et les partenaires chinois pr\u00e9sents.<\/p>\n<p>&nbsp;<\/p>\n<p dir=\"ltr\">Au-del\u00e0 de l\u2019aspect social, le projet a g\u00e9n\u00e9r\u00e9 plus de 400 emplois directs et indirects pendant la phase de construction et en assurera une centaine pour l\u2019exploitation et la maintenance. La REGIDESO, qui en assure la gestion, pr\u00e9voit une extension vers Bukama et Kabongo d\u2019ici 2027.<\/p>\n<p>&nbsp;<\/p>\n<p dir=\"ltr\">Avec cette inauguration, le Pr\u00e9sident Tshisekedi poursuit sa tourn\u00e9e dans le Grand Katanga, marqu\u00e9e par la relance des infrastructures de base.<\/p>\n<p>&nbsp;<\/p>\n<p dir=\"ltr\">Fogeka Agency\u00a0 Communication<\/p>\n<p dir=\"ltr\">\n","protected":false},"excerpt":{"rendered":"<p>Par : G\u00e9nie Kande Un tournant pour le Haut-Lomami. *Le Pr\u00e9sient de la R\u00e9publique, F\u00e9lix-Antoine Tshisekedi Tshilombo* , a inaugur\u00e9&hellip;<\/p>\n","protected":false},"author":2,"featured_media":630,"comment_status":"open","ping_status":"open","sticky":false,"template":"","format":"standard","meta":{"footnotes":""},"categories":[8],"tags":[],"class_list":["post-629","post","type-post","status-publish","format-standard","has-post-thumbnail","hentry","category-sociale"],"yoast_head":"<!-- This site is optimized with the Yoast SEO plugin v28.3 - https:\/\/yoast.com\/product\/yoast-seo-wordpress\/ -->\n<title>RDC-Kamina : F\u00e9lix Tshisekedi inaugure l\u2019usine de traitement d\u2019eau de Lovoy et met fin \u00e0 50 ans de p\u00e9nurie - fogeka-rdc<\/title>\n<meta name=\"robots\" content=\"index, follow, max-snippet:-1, max-image-preview:large, max-video-preview:-1\" \/>\n<link rel=\"canonical\" href=\"https:\/\/fogeka-rdc.org\/index.php\/2026\/07\/29\/rdc-kamina-felix-tshisekedi-inaugure-lusine-de-traitement-deau-de-lovoy-et-met-fin-a-50-ans-de-penurie\/\" \/>\n<meta property=\"og:locale\" content=\"fr_FR\" \/>\n<meta property=\"og:type\" content=\"article\" \/>\n<meta property=\"og:title\" content=\"RDC-Kamina : F\u00e9lix Tshisekedi inaugure l\u2019usine de traitement d\u2019eau de Lovoy et met fin \u00e0 50 ans de p\u00e9nurie - fogeka-rdc\" \/>\n<meta property=\"og:description\" content=\"Par : G\u00e9nie Kande Un tournant pour le Haut-Lomami. *Le Pr\u00e9sient de la R\u00e9publique, F\u00e9lix-Antoine Tshisekedi Tshilombo* , a inaugur\u00e9&hellip;\" \/>\n<meta property=\"og:url\" content=\"https:\/\/fogeka-rdc.org\/index.php\/2026\/07\/29\/rdc-kamina-felix-tshisekedi-inaugure-lusine-de-traitement-deau-de-lovoy-et-met-fin-a-50-ans-de-penurie\/\" \/>\n<meta property=\"og:site_name\" content=\"fogeka-rdc\" \/>\n<meta property=\"article:published_time\" content=\"2026-07-29T13:10:43+00:00\" \/>\n<meta property=\"article:modified_time\" content=\"2026-08-12T13:13:38+00:00\" \/>\n<meta property=\"og:image\" content=\"https:\/\/fogeka-rdc.org\/wp-content\/uploads\/2026\/08\/Inauguration-point-deau_Felix.jpg\" \/>\n\t<meta property=\"og:image:width\" content=\"720\" \/>\n\t<meta property=\"og:image:height\" content=\"480\" \/>\n\t<meta property=\"og:image:type\" content=\"image\/jpeg\" \/>\n<meta name=\"author\" content=\"Fogeka Fogekardc\" \/>\n<meta name=\"twitter:card\" content=\"summary_large_image\" \/>\n<meta name=\"twitter:label1\" content=\"\u00c9crit par\" \/>\n\t<meta name=\"twitter:data1\" content=\"Fogeka Fogekardc\" \/>\n\t<meta name=\"twitter:label2\" content=\"Dur\u00e9e de lecture estim\u00e9e\" \/>\n\t<meta name=\"twitter:data2\" content=\"2 minutes\" \/>\n<script type=\"application\/ld+json\" class=\"yoast-schema-graph\">{\"@context\":\"https:\\\/\\\/schema.org\",\"@graph\":[{\"@type\":\"Article\",\"@id\":\"https:\\\/\\\/fogeka-rdc.org\\\/index.php\\\/2026\\\/07\\\/29\\\/rdc-kamina-felix-tshisekedi-inaugure-lusine-de-traitement-deau-de-lovoy-et-met-fin-a-50-ans-de-penurie\\\/#article\",\"isPartOf\":{\"@id\":\"https:\\\/\\\/fogeka-rdc.org\\\/index.php\\\/2026\\\/07\\\/29\\\/rdc-kamina-felix-tshisekedi-inaugure-lusine-de-traitement-deau-de-lovoy-et-met-fin-a-50-ans-de-penurie\\\/\"},\"author\":{\"name\":\"Fogeka Fogekardc\",\"@id\":\"https:\\\/\\\/fogeka-rdc.org\\\/#\\\/schema\\\/person\\\/326652cf3d7bfcbab6d224e17d6992ef\"},\"headline\":\"RDC-Kamina : F\u00e9lix Tshisekedi inaugure l\u2019usine de traitement d\u2019eau de Lovoy et met fin \u00e0 50 ans de p\u00e9nurie\",\"datePublished\":\"2026-07-29T13:10:43+00:00\",\"dateModified\":\"2026-08-12T13:13:38+00:00\",\"mainEntityOfPage\":{\"@id\":\"https:\\\/\\\/fogeka-rdc.org\\\/index.php\\\/2026\\\/07\\\/29\\\/rdc-kamina-felix-tshisekedi-inaugure-lusine-de-traitement-deau-de-lovoy-et-met-fin-a-50-ans-de-penurie\\\/\"},\"wordCount\":402,\"commentCount\":0,\"publisher\":{\"@id\":\"https:\\\/\\\/fogeka-rdc.org\\\/#organization\"},\"image\":{\"@id\":\"https:\\\/\\\/fogeka-rdc.org\\\/index.php\\\/2026\\\/07\\\/29\\\/rdc-kamina-felix-tshisekedi-inaugure-lusine-de-traitement-deau-de-lovoy-et-met-fin-a-50-ans-de-penurie\\\/#primaryimage\"},\"thumbnailUrl\":\"https:\\\/\\\/fogeka-rdc.org\\\/wp-content\\\/uploads\\\/2026\\\/08\\\/Inauguration-point-deau_Felix.jpg\",\"articleSection\":[\"Sociale\"],\"inLanguage\":\"fr-FR\",\"potentialAction\":[{\"@type\":\"CommentAction\",\"name\":\"Comment\",\"target\":[\"https:\\\/\\\/fogeka-rdc.org\\\/index.php\\\/2026\\\/07\\\/29\\\/rdc-kamina-felix-tshisekedi-inaugure-lusine-de-traitement-deau-de-lovoy-et-met-fin-a-50-ans-de-penurie\\\/#respond\"]}]},{\"@type\":\"WebPage\",\"@id\":\"https:\\\/\\\/fogeka-rdc.org\\\/index.php\\\/2026\\\/07\\\/29\\\/rdc-kamina-felix-tshisekedi-inaugure-lusine-de-traitement-deau-de-lovoy-et-met-fin-a-50-ans-de-penurie\\\/\",\"url\":\"https:\\\/\\\/fogeka-rdc.org\\\/index.php\\\/2026\\\/07\\\/29\\\/rdc-kamina-felix-tshisekedi-inaugure-lusine-de-traitement-deau-de-lovoy-et-met-fin-a-50-ans-de-penurie\\\/\",\"name\":\"RDC-Kamina : F\u00e9lix Tshisekedi inaugure l\u2019usine de traitement d\u2019eau de Lovoy et met fin \u00e0 50 ans de p\u00e9nurie - fogeka-rdc\",\"isPartOf\":{\"@id\":\"https:\\\/\\\/fogeka-rdc.org\\\/#website\"},\"primaryImageOfPage\":{\"@id\":\"https:\\\/\\\/fogeka-rdc.org\\\/index.php\\\/2026\\\/07\\\/29\\\/rdc-kamina-felix-tshisekedi-inaugure-lusine-de-traitement-deau-de-lovoy-et-met-fin-a-50-ans-de-penurie\\\/#primaryimage\"},\"image\":{\"@id\":\"https:\\\/\\\/fogeka-rdc.org\\\/index.php\\\/2026\\\/07\\\/29\\\/rdc-kamina-felix-tshisekedi-inaugure-lusine-de-traitement-deau-de-lovoy-et-met-fin-a-50-ans-de-penurie\\\/#primaryimage\"},\"thumbnailUrl\":\"https:\\\/\\\/fogeka-rdc.org\\\/wp-content\\\/uploads\\\/2026\\\/08\\\/Inauguration-point-deau_Felix.jpg\",\"datePublished\":\"2026-07-29T13:10:43+00:00\",\"dateModified\":\"2026-08-12T13:13:38+00:00\",\"breadcrumb\":{\"@id\":\"https:\\\/\\\/fogeka-rdc.org\\\/index.php\\\/2026\\\/07\\\/29\\\/rdc-kamina-felix-tshisekedi-inaugure-lusine-de-traitement-deau-de-lovoy-et-met-fin-a-50-ans-de-penurie\\\/#breadcrumb\"},\"inLanguage\":\"fr-FR\",\"potentialAction\":[{\"@type\":\"ReadAction\",\"target\":[\"https:\\\/\\\/fogeka-rdc.org\\\/index.php\\\/2026\\\/07\\\/29\\\/rdc-kamina-felix-tshisekedi-inaugure-lusine-de-traitement-deau-de-lovoy-et-met-fin-a-50-ans-de-penurie\\\/\"]}]},{\"@type\":\"ImageObject\",\"inLanguage\":\"fr-FR\",\"@id\":\"https:\\\/\\\/fogeka-rdc.org\\\/index.php\\\/2026\\\/07\\\/29\\\/rdc-kamina-felix-tshisekedi-inaugure-lusine-de-traitement-deau-de-lovoy-et-met-fin-a-50-ans-de-penurie\\\/#primaryimage\",\"url\":\"https:\\\/\\\/fogeka-rdc.org\\\/wp-content\\\/uploads\\\/2026\\\/08\\\/Inauguration-point-deau_Felix.jpg\",\"contentUrl\":\"https:\\\/\\\/fogeka-rdc.org\\\/wp-content\\\/uploads\\\/2026\\\/08\\\/Inauguration-point-deau_Felix.jpg\",\"width\":720,\"height\":480},{\"@type\":\"BreadcrumbList\",\"@id\":\"https:\\\/\\\/fogeka-rdc.org\\\/index.php\\\/2026\\\/07\\\/29\\\/rdc-kamina-felix-tshisekedi-inaugure-lusine-de-traitement-deau-de-lovoy-et-met-fin-a-50-ans-de-penurie\\\/#breadcrumb\",\"itemListElement\":[{\"@type\":\"ListItem\",\"position\":1,\"name\":\"Accueil\",\"item\":\"https:\\\/\\\/fogeka-rdc.org\\\/\"},{\"@type\":\"ListItem\",\"position\":2,\"name\":\"RDC-Kamina : F\u00e9lix Tshisekedi inaugure l\u2019usine de traitement d\u2019eau de Lovoy et met fin \u00e0 50 ans de p\u00e9nurie\"}]},{\"@type\":\"WebSite\",\"@id\":\"https:\\\/\\\/fogeka-rdc.org\\\/#website\",\"url\":\"https:\\\/\\\/fogeka-rdc.org\\\/\",\"name\":\"fogeka-rdc\",\"description\":\"Agro foresterie, dans la paix, pour le d\u00e9veloppement\",\"publisher\":{\"@id\":\"https:\\\/\\\/fogeka-rdc.org\\\/#organization\"},\"potentialAction\":[{\"@type\":\"SearchAction\",\"target\":{\"@type\":\"EntryPoint\",\"urlTemplate\":\"https:\\\/\\\/fogeka-rdc.org\\\/?s={search_term_string}\"},\"query-input\":{\"@type\":\"PropertyValueSpecification\",\"valueRequired\":true,\"valueName\":\"search_term_string\"}}],\"inLanguage\":\"fr-FR\"},{\"@type\":\"Organization\",\"@id\":\"https:\\\/\\\/fogeka-rdc.org\\\/#organization\",\"name\":\"fogeka-rdc\",\"url\":\"https:\\\/\\\/fogeka-rdc.org\\\/\",\"logo\":{\"@type\":\"ImageObject\",\"inLanguage\":\"fr-FR\",\"@id\":\"https:\\\/\\\/fogeka-rdc.org\\\/#\\\/schema\\\/logo\\\/image\\\/\",\"url\":\"https:\\\/\\\/fogeka-rdc.org\\\/wp-content\\\/uploads\\\/2025\\\/09\\\/cropped-cropped-WhatsApp-Image-2025-09-12-at-23.09.05.jpeg\",\"contentUrl\":\"https:\\\/\\\/fogeka-rdc.org\\\/wp-content\\\/uploads\\\/2025\\\/09\\\/cropped-cropped-WhatsApp-Image-2025-09-12-at-23.09.05.jpeg\",\"width\":250,\"height\":134,\"caption\":\"fogeka-rdc\"},\"image\":{\"@id\":\"https:\\\/\\\/fogeka-rdc.org\\\/#\\\/schema\\\/logo\\\/image\\\/\"}},{\"@type\":\"Person\",\"@id\":\"https:\\\/\\\/fogeka-rdc.org\\\/#\\\/schema\\\/person\\\/326652cf3d7bfcbab6d224e17d6992ef\",\"name\":\"Fogeka Fogekardc\",\"image\":{\"@type\":\"ImageObject\",\"inLanguage\":\"fr-FR\",\"@id\":\"https:\\\/\\\/secure.gravatar.com\\\/avatar\\\/7409435eb90dab5dd3e21946e11423d79d4fd27d0d76a9a6883c8f31758a7ecd?s=96&d=mm&r=g\",\"url\":\"https:\\\/\\\/secure.gravatar.com\\\/avatar\\\/7409435eb90dab5dd3e21946e11423d79d4fd27d0d76a9a6883c8f31758a7ecd?s=96&d=mm&r=g\",\"contentUrl\":\"https:\\\/\\\/secure.gravatar.com\\\/avatar\\\/7409435eb90dab5dd3e21946e11423d79d4fd27d0d76a9a6883c8f31758a7ecd?s=96&d=mm&r=g\",\"caption\":\"Fogeka Fogekardc\"},\"url\":\"https:\\\/\\\/fogeka-rdc.org\\\/index.php\\\/author\\\/fogeka-admin\\\/\"}]}<\/script>\n<!-- \/ Yoast SEO plugin. -->","yoast_head_json":{"title":"RDC-Kamina : F\u00e9lix Tshisekedi inaugure l\u2019usine de traitement d\u2019eau de Lovoy et met fin \u00e0 50 ans de p\u00e9nurie - fogeka-rdc","robots":{"index":"index","follow":"follow","max-snippet":"max-snippet:-1","max-image-preview":"max-image-preview:large","max-video-preview":"max-video-preview:-1"},"canonical":"https:\/\/fogeka-rdc.org\/index.php\/2026\/07\/29\/rdc-kamina-felix-tshisekedi-inaugure-lusine-de-traitement-deau-de-lovoy-et-met-fin-a-50-ans-de-penurie\/","og_locale":"fr_FR","og_type":"article","og_title":"RDC-Kamina : F\u00e9lix Tshisekedi inaugure l\u2019usine de traitement d\u2019eau de Lovoy et met fin \u00e0 50 ans de p\u00e9nurie - fogeka-rdc","og_description":"Par : G\u00e9nie Kande Un tournant pour le Haut-Lomami. *Le Pr\u00e9sient de la R\u00e9publique, F\u00e9lix-Antoine Tshisekedi Tshilombo* , a inaugur\u00e9&hellip;","og_url":"https:\/\/fogeka-rdc.org\/index.php\/2026\/07\/29\/rdc-kamina-felix-tshisekedi-inaugure-lusine-de-traitement-deau-de-lovoy-et-met-fin-a-50-ans-de-penurie\/","og_site_name":"fogeka-rdc","article_published_time":"2026-07-29T13:10:43+00:00","article_modified_time":"2026-08-12T13:13:38+00:00","og_image":[{"width":720,"height":480,"url":"https:\/\/fogeka-rdc.org\/wp-content\/uploads\/2026\/08\/Inauguration-point-deau_Felix.jpg","type":"image\/jpeg"}],"author":"Fogeka Fogekardc","twitter_card":"summary_large_image","twitter_misc":{"\u00c9crit par":"Fogeka Fogekardc","Dur\u00e9e de lecture estim\u00e9e":"2 minutes"},"schema":{"@context":"https:\/\/schema.org","@graph":[{"@type":"Article","@id":"https:\/\/fogeka-rdc.org\/index.php\/2026\/07\/29\/rdc-kamina-felix-tshisekedi-inaugure-lusine-de-traitement-deau-de-lovoy-et-met-fin-a-50-ans-de-penurie\/#article","isPartOf":{"@id":"https:\/\/fogeka-rdc.org\/index.php\/2026\/07\/29\/rdc-kamina-felix-tshisekedi-inaugure-lusine-de-traitement-deau-de-lovoy-et-met-fin-a-50-ans-de-penurie\/"},"author":{"name":"Fogeka Fogekardc","@id":"https:\/\/fogeka-rdc.org\/#\/schema\/person\/326652cf3d7bfcbab6d224e17d6992ef"},"headline":"RDC-Kamina : F\u00e9lix Tshisekedi inaugure l\u2019usine de traitement d\u2019eau de Lovoy et met fin \u00e0 50 ans de p\u00e9nurie","datePublished":"2026-07-29T13:10:43+00:00","dateModified":"2026-08-12T13:13:38+00:00","mainEntityOfPage":{"@id":"https:\/\/fogeka-rdc.org\/index.php\/2026\/07\/29\/rdc-kamina-felix-tshisekedi-inaugure-lusine-de-traitement-deau-de-lovoy-et-met-fin-a-50-ans-de-penurie\/"},"wordCount":402,"commentCount":0,"publisher":{"@id":"https:\/\/fogeka-rdc.org\/#organization"},"image":{"@id":"https:\/\/fogeka-rdc.org\/index.php\/2026\/07\/29\/rdc-kamina-felix-tshisekedi-inaugure-lusine-de-traitement-deau-de-lovoy-et-met-fin-a-50-ans-de-penurie\/#primaryimage"},"thumbnailUrl":"https:\/\/fogeka-rdc.org\/wp-content\/uploads\/2026\/08\/Inauguration-point-deau_Felix.jpg","articleSection":["Sociale"],"inLanguage":"fr-FR","potentialAction":[{"@type":"CommentAction","name":"Comment","target":["https:\/\/fogeka-rdc.org\/index.php\/2026\/07\/29\/rdc-kamina-felix-tshisekedi-inaugure-lusine-de-traitement-deau-de-lovoy-et-met-fin-a-50-ans-de-penurie\/#respond"]}]},{"@type":"WebPage","@id":"https:\/\/fogeka-rdc.org\/index.php\/2026\/07\/29\/rdc-kamina-felix-tshisekedi-inaugure-lusine-de-traitement-deau-de-lovoy-et-met-fin-a-50-ans-de-penurie\/","url":"https:\/\/fogeka-rdc.org\/index.php\/2026\/07\/29\/rdc-kamina-felix-tshisekedi-inaugure-lusine-de-traitement-deau-de-lovoy-et-met-fin-a-50-ans-de-penurie\/","name":"RDC-Kamina : F\u00e9lix Tshisekedi inaugure l\u2019usine de traitement d\u2019eau de Lovoy et met fin \u00e0 50 ans de p\u00e9nurie - fogeka-rdc","isPartOf":{"@id":"https:\/\/fogeka-rdc.org\/#website"},"primaryImageOfPage":{"@id":"https:\/\/fogeka-rdc.org\/index.php\/2026\/07\/29\/rdc-kamina-felix-tshisekedi-inaugure-lusine-de-traitement-deau-de-lovoy-et-met-fin-a-50-ans-de-penurie\/#primaryimage"},"image":{"@id":"https:\/\/fogeka-rdc.org\/index.php\/2026\/07\/29\/rdc-kamina-felix-tshisekedi-inaugure-lusine-de-traitement-deau-de-lovoy-et-met-fin-a-50-ans-de-penurie\/#primaryimage"},"thumbnailUrl":"https:\/\/fogeka-rdc.org\/wp-content\/uploads\/2026\/08\/Inauguration-point-deau_Felix.jpg","datePublished":"2026-07-29T13:10:43+00:00","dateModified":"2026-08-12T13:13:38+00:00","breadcrumb":{"@id":"https:\/\/fogeka-rdc.org\/index.php\/2026\/07\/29\/rdc-kamina-felix-tshisekedi-inaugure-lusine-de-traitement-deau-de-lovoy-et-met-fin-a-50-ans-de-penurie\/#breadcrumb"},"inLanguage":"fr-FR","potentialAction":[{"@type":"ReadAction","target":["https:\/\/fogeka-rdc.org\/index.php\/2026\/07\/29\/rdc-kamina-felix-tshisekedi-inaugure-lusine-de-traitement-deau-de-lovoy-et-met-fin-a-50-ans-de-penurie\/"]}]},{"@type":"ImageObject","inLanguage":"fr-FR","@id":"https:\/\/fogeka-rdc.org\/index.php\/2026\/07\/29\/rdc-kamina-felix-tshisekedi-inaugure-lusine-de-traitement-deau-de-lovoy-et-met-fin-a-50-ans-de-penurie\/#primaryimage","url":"https:\/\/fogeka-rdc.org\/wp-content\/uploads\/2026\/08\/Inauguration-point-deau_Felix.jpg","contentUrl":"https:\/\/fogeka-rdc.org\/wp-content\/uploads\/2026\/08\/Inauguration-point-deau_Felix.jpg","width":720,"height":480},{"@type":"BreadcrumbList","@id":"https:\/\/fogeka-rdc.org\/index.php\/2026\/07\/29\/rdc-kamina-felix-tshisekedi-inaugure-lusine-de-traitement-deau-de-lovoy-et-met-fin-a-50-ans-de-penurie\/#breadcrumb","itemListElement":[{"@type":"ListItem","position":1,"name":"Accueil","item":"https:\/\/fogeka-rdc.org\/"},{"@type":"ListItem","position":2,"name":"RDC-Kamina : F\u00e9lix Tshisekedi inaugure l\u2019usine de traitement d\u2019eau de Lovoy et met fin \u00e0 50 ans de p\u00e9nurie"}]},{"@type":"WebSite","@id":"https:\/\/fogeka-rdc.org\/#website","url":"https:\/\/fogeka-rdc.org\/","name":"fogeka-rdc","description":"Agro foresterie, dans la paix, pour le d\u00e9veloppement","publisher":{"@id":"https:\/\/fogeka-rdc.org\/#organization"},"potentialAction":[{"@type":"SearchAction","target":{"@type":"EntryPoint","urlTemplate":"https:\/\/fogeka-rdc.org\/?s={search_term_string}"},"query-input":{"@type":"PropertyValueSpecification","valueRequired":true,"valueName":"search_term_string"}}],"inLanguage":"fr-FR"},{"@type":"Organization","@id":"https:\/\/fogeka-rdc.org\/#organization","name":"fogeka-rdc","url":"https:\/\/fogeka-rdc.org\/","logo":{"@type":"ImageObject","inLanguage":"fr-FR","@id":"https:\/\/fogeka-rdc.org\/#\/schema\/logo\/image\/","url":"https:\/\/fogeka-rdc.org\/wp-content\/uploads\/2025\/09\/cropped-cropped-WhatsApp-Image-2025-09-12-at-23.09.05.jpeg","contentUrl":"https:\/\/fogeka-rdc.org\/wp-content\/uploads\/2025\/09\/cropped-cropped-WhatsApp-Image-2025-09-12-at-23.09.05.jpeg","width":250,"height":134,"caption":"fogeka-rdc"},"image":{"@id":"https:\/\/fogeka-rdc.org\/#\/schema\/logo\/image\/"}},{"@type":"Person","@id":"https:\/\/fogeka-rdc.org\/#\/schema\/person\/326652cf3d7bfcbab6d224e17d6992ef","name":"Fogeka Fogekardc","image":{"@type":"ImageObject","inLanguage":"fr-FR","@id":"https:\/\/secure.gravatar.com\/avatar\/7409435eb90dab5dd3e21946e11423d79d4fd27d0d76a9a6883c8f31758a7ecd?s=96&d=mm&r=g","url":"https:\/\/secure.gravatar.com\/avatar\/7409435eb90dab5dd3e21946e11423d79d4fd27d0d76a9a6883c8f31758a7ecd?s=96&d=mm&r=g","contentUrl":"https:\/\/secure.gravatar.com\/avatar\/7409435eb90dab5dd3e21946e11423d79d4fd27d0d76a9a6883c8f31758a7ecd?s=96&d=mm&r=g","caption":"Fogeka Fogekardc"},"url":"https:\/\/fogeka-rdc.org\/index.php\/author\/fogeka-admin\/"}]}},"_links":{"self":[{"href":"https:\/\/fogeka-rdc.org\/index.php\/wp-json\/wp\/v2\/posts\/629","targetHints":{"allow":["GET"]}}],"collection":[{"href":"https:\/\/fogeka-rdc.org\/index.php\/wp-json\/wp\/v2\/posts"}],"about":[{"href":"https:\/\/fogeka-rdc.org\/index.php\/wp-json\/wp\/v2\/types\/post"}],"author":[{"embeddable":true,"href":"https:\/\/fogeka-rdc.org\/index.php\/wp-json\/wp\/v2\/users\/2"}],"replies":[{"embeddable":true,"href":"https:\/\/fogeka-rdc.org\/index.php\/wp-json\/wp\/v2\/comments?post=629"}],"version-history":[{"count":1,"href":"https:\/\/fogeka-rdc.org\/index.php\/wp-json\/wp\/v2\/posts\/629\/revisions"}],"predecessor-version":[{"id":631,"href":"https:\/\/fogeka-rdc.org\/index.php\/wp-json\/wp\/v2\/posts\/629\/revisions\/631"}],"wp:featuredmedia":[{"embeddable":true,"href":"https:\/\/fogeka-rdc.org\/index.php\/wp-json\/wp\/v2\/media\/630"}],"wp:attachment":[{"href":"https:\/\/fogeka-rdc.org\/index.php\/wp-json\/wp\/v2\/media?parent=629"}],"wp:term":[{"taxonomy":"category","embeddable":true,"href":"https:\/\/fogeka-rdc.org\/index.php\/wp-json\/wp\/v2\/categories?post=629"},{"taxonomy":"post_tag","embeddable":true,"href":"https:\/\/fogeka-rdc.org\/index.php\/wp-json\/wp\/v2\/tags?post=629"}],"curies":[{"name":"wp","href":"https:\/\/api.w.org\/{rel}","templated":true}]}}