{"id":639,"date":"2026-07-28T13:45:18","date_gmt":"2026-07-28T13:45:18","guid":{"rendered":"https:\/\/fogeka-rdc.org\/?p=639"},"modified":"2026-08-12T13:59:09","modified_gmt":"2026-08-12T13:59:09","slug":"rdc-changement-de-la-constitution-feu-vert-de-la-cour-constitutionnelle-pour-le-referendum","status":"publish","type":"post","link":"https:\/\/fogeka-rdc.org\/index.php\/2026\/07\/28\/rdc-changement-de-la-constitution-feu-vert-de-la-cour-constitutionnelle-pour-le-referendum\/","title":{"rendered":"RDC- Changement de la constitution : feu vert de la Cour constitutionnelle pour le r\u00e9f\u00e9rendum"},"content":{"rendered":"<p dir=\"ltr\">Par: G\u00e9nie Kande<\/p>\n<p dir=\"ltr\">La Cour constitutionnelle a d\u00e9clar\u00e9 recevable et conforme \u00e0 la Constitution la loi r\u00e9f\u00e9rendaire. Le texte sera publi\u00e9 au Journal officiel puis promulgu\u00e9 dans les prochains jours par le Pr\u00e9sident de la R\u00e9publique F\u00e9lix Antoine Tshisekedi.<\/p>\n<p dir=\"ltr\">Une bonne nouvelle pour le parti pr\u00e9sidentiel, qui y voit la concr\u00e9tisation de la volont\u00e9 du peuple congolais.<\/p>\n<p dir=\"ltr\">Le Secr\u00e9taire g\u00e9n\u00e9ral et Pr\u00e9sident int\u00e9rimaire de l\u2019UDPS\/Tshisekedi, l\u2019Honorable Augustin Kabuya Tshilumba*,\u00a0 confirm\u00e9 la mobilisation du parti \u00e0 travers le pays pour le changement de la Constitution.<\/p>\n<p dir=\"ltr\">D\u00e8s promulgation, les Congolais seront appel\u00e9s \u00e0 se prononcer par \u00ab OUI \u00bb ou \u00ab NON \u00bb. Le temps des d\u00e9bats est clos. Place \u00e0 l\u2019application de la loi.<\/p>\n<p dir=\"ltr\">\n","protected":false},"excerpt":{"rendered":"<p>Par: G\u00e9nie Kande La Cour constitutionnelle a d\u00e9clar\u00e9 recevable et conforme \u00e0 la Constitution la loi r\u00e9f\u00e9rendaire. Le texte sera&hellip;<\/p>\n","protected":false},"author":2,"featured_media":640,"comment_status":"open","ping_status":"open","sticky":false,"template":"","format":"standard","meta":{"footnotes":""},"categories":[14],"tags":[],"class_list":["post-639","post","type-post","status-publish","format-standard","has-post-thumbnail","hentry","category-politique"],"yoast_head":"<!-- This site is optimized with the Yoast SEO plugin v28.4 - https:\/\/yoast.com\/product\/yoast-seo-wordpress\/ -->\n<title>RDC- Changement de la constitution : feu vert de la Cour constitutionnelle pour le r\u00e9f\u00e9rendum - fogeka-rdc<\/title>\n<meta name=\"robots\" content=\"index, follow, max-snippet:-1, max-image-preview:large, max-video-preview:-1\" \/>\n<link rel=\"canonical\" href=\"https:\/\/fogeka-rdc.org\/index.php\/2026\/07\/28\/rdc-changement-de-la-constitution-feu-vert-de-la-cour-constitutionnelle-pour-le-referendum\/\" \/>\n<meta property=\"og:locale\" content=\"fr_FR\" \/>\n<meta property=\"og:type\" content=\"article\" \/>\n<meta property=\"og:title\" content=\"RDC- Changement de la constitution : feu vert de la Cour constitutionnelle pour le r\u00e9f\u00e9rendum - fogeka-rdc\" \/>\n<meta property=\"og:description\" content=\"Par: G\u00e9nie Kande La Cour constitutionnelle a d\u00e9clar\u00e9 recevable et conforme \u00e0 la Constitution la loi r\u00e9f\u00e9rendaire. Le texte sera&hellip;\" \/>\n<meta property=\"og:url\" content=\"https:\/\/fogeka-rdc.org\/index.php\/2026\/07\/28\/rdc-changement-de-la-constitution-feu-vert-de-la-cour-constitutionnelle-pour-le-referendum\/\" \/>\n<meta property=\"og:site_name\" content=\"fogeka-rdc\" \/>\n<meta property=\"article:published_time\" content=\"2026-07-28T13:45:18+00:00\" \/>\n<meta property=\"article:modified_time\" content=\"2026-08-12T13:59:09+00:00\" \/>\n<meta property=\"og:image\" content=\"https:\/\/fogeka-rdc.org\/wp-content\/uploads\/2026\/08\/Etienne-T_cours-consti.jpg\" \/>\n\t<meta property=\"og:image:width\" content=\"1032\" \/>\n\t<meta property=\"og:image:height\" content=\"711\" \/>\n\t<meta property=\"og:image:type\" content=\"image\/jpeg\" \/>\n<meta name=\"author\" content=\"Fogeka Fogekardc\" \/>\n<meta name=\"twitter:card\" content=\"summary_large_image\" \/>\n<meta name=\"twitter:label1\" content=\"\u00c9crit par\" \/>\n\t<meta name=\"twitter:data1\" content=\"Fogeka Fogekardc\" \/>\n\t<meta name=\"twitter:label2\" content=\"Dur\u00e9e de lecture estim\u00e9e\" \/>\n\t<meta name=\"twitter:data2\" content=\"1 minute\" \/>\n<script type=\"application\/ld+json\" class=\"yoast-schema-graph\">{\"@context\":\"https:\\\/\\\/schema.org\",\"@graph\":[{\"@type\":\"Article\",\"@id\":\"https:\\\/\\\/fogeka-rdc.org\\\/index.php\\\/2026\\\/07\\\/28\\\/rdc-changement-de-la-constitution-feu-vert-de-la-cour-constitutionnelle-pour-le-referendum\\\/#article\",\"isPartOf\":{\"@id\":\"https:\\\/\\\/fogeka-rdc.org\\\/index.php\\\/2026\\\/07\\\/28\\\/rdc-changement-de-la-constitution-feu-vert-de-la-cour-constitutionnelle-pour-le-referendum\\\/\"},\"author\":{\"name\":\"Fogeka Fogekardc\",\"@id\":\"https:\\\/\\\/fogeka-rdc.org\\\/#\\\/schema\\\/person\\\/326652cf3d7bfcbab6d224e17d6992ef\"},\"headline\":\"RDC- Changement de la constitution : feu vert de la Cour constitutionnelle pour le r\u00e9f\u00e9rendum\",\"datePublished\":\"2026-07-28T13:45:18+00:00\",\"dateModified\":\"2026-08-12T13:59:09+00:00\",\"mainEntityOfPage\":{\"@id\":\"https:\\\/\\\/fogeka-rdc.org\\\/index.php\\\/2026\\\/07\\\/28\\\/rdc-changement-de-la-constitution-feu-vert-de-la-cour-constitutionnelle-pour-le-referendum\\\/\"},\"wordCount\":142,\"commentCount\":0,\"publisher\":{\"@id\":\"https:\\\/\\\/fogeka-rdc.org\\\/#organization\"},\"image\":{\"@id\":\"https:\\\/\\\/fogeka-rdc.org\\\/index.php\\\/2026\\\/07\\\/28\\\/rdc-changement-de-la-constitution-feu-vert-de-la-cour-constitutionnelle-pour-le-referendum\\\/#primaryimage\"},\"thumbnailUrl\":\"https:\\\/\\\/fogeka-rdc.org\\\/wp-content\\\/uploads\\\/2026\\\/08\\\/Etienne-T_cours-consti.jpg\",\"articleSection\":[\"Politique\"],\"inLanguage\":\"fr-FR\",\"potentialAction\":[{\"@type\":\"CommentAction\",\"name\":\"Comment\",\"target\":[\"https:\\\/\\\/fogeka-rdc.org\\\/index.php\\\/2026\\\/07\\\/28\\\/rdc-changement-de-la-constitution-feu-vert-de-la-cour-constitutionnelle-pour-le-referendum\\\/#respond\"]}]},{\"@type\":\"WebPage\",\"@id\":\"https:\\\/\\\/fogeka-rdc.org\\\/index.php\\\/2026\\\/07\\\/28\\\/rdc-changement-de-la-constitution-feu-vert-de-la-cour-constitutionnelle-pour-le-referendum\\\/\",\"url\":\"https:\\\/\\\/fogeka-rdc.org\\\/index.php\\\/2026\\\/07\\\/28\\\/rdc-changement-de-la-constitution-feu-vert-de-la-cour-constitutionnelle-pour-le-referendum\\\/\",\"name\":\"RDC- Changement de la constitution : feu vert de la Cour constitutionnelle pour le r\u00e9f\u00e9rendum - fogeka-rdc\",\"isPartOf\":{\"@id\":\"https:\\\/\\\/fogeka-rdc.org\\\/#website\"},\"primaryImageOfPage\":{\"@id\":\"https:\\\/\\\/fogeka-rdc.org\\\/index.php\\\/2026\\\/07\\\/28\\\/rdc-changement-de-la-constitution-feu-vert-de-la-cour-constitutionnelle-pour-le-referendum\\\/#primaryimage\"},\"image\":{\"@id\":\"https:\\\/\\\/fogeka-rdc.org\\\/index.php\\\/2026\\\/07\\\/28\\\/rdc-changement-de-la-constitution-feu-vert-de-la-cour-constitutionnelle-pour-le-referendum\\\/#primaryimage\"},\"thumbnailUrl\":\"https:\\\/\\\/fogeka-rdc.org\\\/wp-content\\\/uploads\\\/2026\\\/08\\\/Etienne-T_cours-consti.jpg\",\"datePublished\":\"2026-07-28T13:45:18+00:00\",\"dateModified\":\"2026-08-12T13:59:09+00:00\",\"breadcrumb\":{\"@id\":\"https:\\\/\\\/fogeka-rdc.org\\\/index.php\\\/2026\\\/07\\\/28\\\/rdc-changement-de-la-constitution-feu-vert-de-la-cour-constitutionnelle-pour-le-referendum\\\/#breadcrumb\"},\"inLanguage\":\"fr-FR\",\"potentialAction\":[{\"@type\":\"ReadAction\",\"target\":[\"https:\\\/\\\/fogeka-rdc.org\\\/index.php\\\/2026\\\/07\\\/28\\\/rdc-changement-de-la-constitution-feu-vert-de-la-cour-constitutionnelle-pour-le-referendum\\\/\"]}]},{\"@type\":\"ImageObject\",\"inLanguage\":\"fr-FR\",\"@id\":\"https:\\\/\\\/fogeka-rdc.org\\\/index.php\\\/2026\\\/07\\\/28\\\/rdc-changement-de-la-constitution-feu-vert-de-la-cour-constitutionnelle-pour-le-referendum\\\/#primaryimage\",\"url\":\"https:\\\/\\\/fogeka-rdc.org\\\/wp-content\\\/uploads\\\/2026\\\/08\\\/Etienne-T_cours-consti.jpg\",\"contentUrl\":\"https:\\\/\\\/fogeka-rdc.org\\\/wp-content\\\/uploads\\\/2026\\\/08\\\/Etienne-T_cours-consti.jpg\",\"width\":1032,\"height\":711},{\"@type\":\"BreadcrumbList\",\"@id\":\"https:\\\/\\\/fogeka-rdc.org\\\/index.php\\\/2026\\\/07\\\/28\\\/rdc-changement-de-la-constitution-feu-vert-de-la-cour-constitutionnelle-pour-le-referendum\\\/#breadcrumb\",\"itemListElement\":[{\"@type\":\"ListItem\",\"position\":1,\"name\":\"Accueil\",\"item\":\"https:\\\/\\\/fogeka-rdc.org\\\/\"},{\"@type\":\"ListItem\",\"position\":2,\"name\":\"RDC- Changement de la constitution : feu vert de la Cour constitutionnelle pour le r\u00e9f\u00e9rendum\"}]},{\"@type\":\"WebSite\",\"@id\":\"https:\\\/\\\/fogeka-rdc.org\\\/#website\",\"url\":\"https:\\\/\\\/fogeka-rdc.org\\\/\",\"name\":\"fogeka-rdc\",\"description\":\"Agro foresterie, dans la paix, pour le d\u00e9veloppement\",\"publisher\":{\"@id\":\"https:\\\/\\\/fogeka-rdc.org\\\/#organization\"},\"potentialAction\":[{\"@type\":\"SearchAction\",\"target\":{\"@type\":\"EntryPoint\",\"urlTemplate\":\"https:\\\/\\\/fogeka-rdc.org\\\/?s={search_term_string}\"},\"query-input\":{\"@type\":\"PropertyValueSpecification\",\"valueRequired\":true,\"valueName\":\"search_term_string\"}}],\"inLanguage\":\"fr-FR\"},{\"@type\":\"Organization\",\"@id\":\"https:\\\/\\\/fogeka-rdc.org\\\/#organization\",\"name\":\"fogeka-rdc\",\"url\":\"https:\\\/\\\/fogeka-rdc.org\\\/\",\"logo\":{\"@type\":\"ImageObject\",\"inLanguage\":\"fr-FR\",\"@id\":\"https:\\\/\\\/fogeka-rdc.org\\\/#\\\/schema\\\/logo\\\/image\\\/\",\"url\":\"https:\\\/\\\/fogeka-rdc.org\\\/wp-content\\\/uploads\\\/2025\\\/09\\\/cropped-cropped-WhatsApp-Image-2025-09-12-at-23.09.05.jpeg\",\"contentUrl\":\"https:\\\/\\\/fogeka-rdc.org\\\/wp-content\\\/uploads\\\/2025\\\/09\\\/cropped-cropped-WhatsApp-Image-2025-09-12-at-23.09.05.jpeg\",\"width\":250,\"height\":134,\"caption\":\"fogeka-rdc\"},\"image\":{\"@id\":\"https:\\\/\\\/fogeka-rdc.org\\\/#\\\/schema\\\/logo\\\/image\\\/\"}},{\"@type\":\"Person\",\"@id\":\"https:\\\/\\\/fogeka-rdc.org\\\/#\\\/schema\\\/person\\\/326652cf3d7bfcbab6d224e17d6992ef\",\"name\":\"Fogeka Fogekardc\",\"image\":{\"@type\":\"ImageObject\",\"inLanguage\":\"fr-FR\",\"@id\":\"https:\\\/\\\/secure.gravatar.com\\\/avatar\\\/7409435eb90dab5dd3e21946e11423d79d4fd27d0d76a9a6883c8f31758a7ecd?s=96&d=mm&r=g\",\"url\":\"https:\\\/\\\/secure.gravatar.com\\\/avatar\\\/7409435eb90dab5dd3e21946e11423d79d4fd27d0d76a9a6883c8f31758a7ecd?s=96&d=mm&r=g\",\"contentUrl\":\"https:\\\/\\\/secure.gravatar.com\\\/avatar\\\/7409435eb90dab5dd3e21946e11423d79d4fd27d0d76a9a6883c8f31758a7ecd?s=96&d=mm&r=g\",\"caption\":\"Fogeka Fogekardc\"},\"url\":\"https:\\\/\\\/fogeka-rdc.org\\\/index.php\\\/author\\\/fogeka-admin\\\/\"}]}<\/script>\n<!-- \/ Yoast SEO plugin. -->","yoast_head_json":{"title":"RDC- Changement de la constitution : feu vert de la Cour constitutionnelle pour le r\u00e9f\u00e9rendum - fogeka-rdc","robots":{"index":"index","follow":"follow","max-snippet":"max-snippet:-1","max-image-preview":"max-image-preview:large","max-video-preview":"max-video-preview:-1"},"canonical":"https:\/\/fogeka-rdc.org\/index.php\/2026\/07\/28\/rdc-changement-de-la-constitution-feu-vert-de-la-cour-constitutionnelle-pour-le-referendum\/","og_locale":"fr_FR","og_type":"article","og_title":"RDC- Changement de la constitution : feu vert de la Cour constitutionnelle pour le r\u00e9f\u00e9rendum - fogeka-rdc","og_description":"Par: G\u00e9nie Kande La Cour constitutionnelle a d\u00e9clar\u00e9 recevable et conforme \u00e0 la Constitution la loi r\u00e9f\u00e9rendaire. Le texte sera&hellip;","og_url":"https:\/\/fogeka-rdc.org\/index.php\/2026\/07\/28\/rdc-changement-de-la-constitution-feu-vert-de-la-cour-constitutionnelle-pour-le-referendum\/","og_site_name":"fogeka-rdc","article_published_time":"2026-07-28T13:45:18+00:00","article_modified_time":"2026-08-12T13:59:09+00:00","og_image":[{"width":1032,"height":711,"url":"https:\/\/fogeka-rdc.org\/wp-content\/uploads\/2026\/08\/Etienne-T_cours-consti.jpg","type":"image\/jpeg"}],"author":"Fogeka Fogekardc","twitter_card":"summary_large_image","twitter_misc":{"\u00c9crit par":"Fogeka Fogekardc","Dur\u00e9e de lecture estim\u00e9e":"1 minute"},"schema":{"@context":"https:\/\/schema.org","@graph":[{"@type":"Article","@id":"https:\/\/fogeka-rdc.org\/index.php\/2026\/07\/28\/rdc-changement-de-la-constitution-feu-vert-de-la-cour-constitutionnelle-pour-le-referendum\/#article","isPartOf":{"@id":"https:\/\/fogeka-rdc.org\/index.php\/2026\/07\/28\/rdc-changement-de-la-constitution-feu-vert-de-la-cour-constitutionnelle-pour-le-referendum\/"},"author":{"name":"Fogeka Fogekardc","@id":"https:\/\/fogeka-rdc.org\/#\/schema\/person\/326652cf3d7bfcbab6d224e17d6992ef"},"headline":"RDC- Changement de la constitution : feu vert de la Cour constitutionnelle pour le r\u00e9f\u00e9rendum","datePublished":"2026-07-28T13:45:18+00:00","dateModified":"2026-08-12T13:59:09+00:00","mainEntityOfPage":{"@id":"https:\/\/fogeka-rdc.org\/index.php\/2026\/07\/28\/rdc-changement-de-la-constitution-feu-vert-de-la-cour-constitutionnelle-pour-le-referendum\/"},"wordCount":142,"commentCount":0,"publisher":{"@id":"https:\/\/fogeka-rdc.org\/#organization"},"image":{"@id":"https:\/\/fogeka-rdc.org\/index.php\/2026\/07\/28\/rdc-changement-de-la-constitution-feu-vert-de-la-cour-constitutionnelle-pour-le-referendum\/#primaryimage"},"thumbnailUrl":"https:\/\/fogeka-rdc.org\/wp-content\/uploads\/2026\/08\/Etienne-T_cours-consti.jpg","articleSection":["Politique"],"inLanguage":"fr-FR","potentialAction":[{"@type":"CommentAction","name":"Comment","target":["https:\/\/fogeka-rdc.org\/index.php\/2026\/07\/28\/rdc-changement-de-la-constitution-feu-vert-de-la-cour-constitutionnelle-pour-le-referendum\/#respond"]}]},{"@type":"WebPage","@id":"https:\/\/fogeka-rdc.org\/index.php\/2026\/07\/28\/rdc-changement-de-la-constitution-feu-vert-de-la-cour-constitutionnelle-pour-le-referendum\/","url":"https:\/\/fogeka-rdc.org\/index.php\/2026\/07\/28\/rdc-changement-de-la-constitution-feu-vert-de-la-cour-constitutionnelle-pour-le-referendum\/","name":"RDC- Changement de la constitution : feu vert de la Cour constitutionnelle pour le r\u00e9f\u00e9rendum - fogeka-rdc","isPartOf":{"@id":"https:\/\/fogeka-rdc.org\/#website"},"primaryImageOfPage":{"@id":"https:\/\/fogeka-rdc.org\/index.php\/2026\/07\/28\/rdc-changement-de-la-constitution-feu-vert-de-la-cour-constitutionnelle-pour-le-referendum\/#primaryimage"},"image":{"@id":"https:\/\/fogeka-rdc.org\/index.php\/2026\/07\/28\/rdc-changement-de-la-constitution-feu-vert-de-la-cour-constitutionnelle-pour-le-referendum\/#primaryimage"},"thumbnailUrl":"https:\/\/fogeka-rdc.org\/wp-content\/uploads\/2026\/08\/Etienne-T_cours-consti.jpg","datePublished":"2026-07-28T13:45:18+00:00","dateModified":"2026-08-12T13:59:09+00:00","breadcrumb":{"@id":"https:\/\/fogeka-rdc.org\/index.php\/2026\/07\/28\/rdc-changement-de-la-constitution-feu-vert-de-la-cour-constitutionnelle-pour-le-referendum\/#breadcrumb"},"inLanguage":"fr-FR","potentialAction":[{"@type":"ReadAction","target":["https:\/\/fogeka-rdc.org\/index.php\/2026\/07\/28\/rdc-changement-de-la-constitution-feu-vert-de-la-cour-constitutionnelle-pour-le-referendum\/"]}]},{"@type":"ImageObject","inLanguage":"fr-FR","@id":"https:\/\/fogeka-rdc.org\/index.php\/2026\/07\/28\/rdc-changement-de-la-constitution-feu-vert-de-la-cour-constitutionnelle-pour-le-referendum\/#primaryimage","url":"https:\/\/fogeka-rdc.org\/wp-content\/uploads\/2026\/08\/Etienne-T_cours-consti.jpg","contentUrl":"https:\/\/fogeka-rdc.org\/wp-content\/uploads\/2026\/08\/Etienne-T_cours-consti.jpg","width":1032,"height":711},{"@type":"BreadcrumbList","@id":"https:\/\/fogeka-rdc.org\/index.php\/2026\/07\/28\/rdc-changement-de-la-constitution-feu-vert-de-la-cour-constitutionnelle-pour-le-referendum\/#breadcrumb","itemListElement":[{"@type":"ListItem","position":1,"name":"Accueil","item":"https:\/\/fogeka-rdc.org\/"},{"@type":"ListItem","position":2,"name":"RDC- Changement de la constitution : feu vert de la Cour constitutionnelle pour le r\u00e9f\u00e9rendum"}]},{"@type":"WebSite","@id":"https:\/\/fogeka-rdc.org\/#website","url":"https:\/\/fogeka-rdc.org\/","name":"fogeka-rdc","description":"Agro foresterie, dans la paix, pour le d\u00e9veloppement","publisher":{"@id":"https:\/\/fogeka-rdc.org\/#organization"},"potentialAction":[{"@type":"SearchAction","target":{"@type":"EntryPoint","urlTemplate":"https:\/\/fogeka-rdc.org\/?s={search_term_string}"},"query-input":{"@type":"PropertyValueSpecification","valueRequired":true,"valueName":"search_term_string"}}],"inLanguage":"fr-FR"},{"@type":"Organization","@id":"https:\/\/fogeka-rdc.org\/#organization","name":"fogeka-rdc","url":"https:\/\/fogeka-rdc.org\/","logo":{"@type":"ImageObject","inLanguage":"fr-FR","@id":"https:\/\/fogeka-rdc.org\/#\/schema\/logo\/image\/","url":"https:\/\/fogeka-rdc.org\/wp-content\/uploads\/2025\/09\/cropped-cropped-WhatsApp-Image-2025-09-12-at-23.09.05.jpeg","contentUrl":"https:\/\/fogeka-rdc.org\/wp-content\/uploads\/2025\/09\/cropped-cropped-WhatsApp-Image-2025-09-12-at-23.09.05.jpeg","width":250,"height":134,"caption":"fogeka-rdc"},"image":{"@id":"https:\/\/fogeka-rdc.org\/#\/schema\/logo\/image\/"}},{"@type":"Person","@id":"https:\/\/fogeka-rdc.org\/#\/schema\/person\/326652cf3d7bfcbab6d224e17d6992ef","name":"Fogeka Fogekardc","image":{"@type":"ImageObject","inLanguage":"fr-FR","@id":"https:\/\/secure.gravatar.com\/avatar\/7409435eb90dab5dd3e21946e11423d79d4fd27d0d76a9a6883c8f31758a7ecd?s=96&d=mm&r=g","url":"https:\/\/secure.gravatar.com\/avatar\/7409435eb90dab5dd3e21946e11423d79d4fd27d0d76a9a6883c8f31758a7ecd?s=96&d=mm&r=g","contentUrl":"https:\/\/secure.gravatar.com\/avatar\/7409435eb90dab5dd3e21946e11423d79d4fd27d0d76a9a6883c8f31758a7ecd?s=96&d=mm&r=g","caption":"Fogeka Fogekardc"},"url":"https:\/\/fogeka-rdc.org\/index.php\/author\/fogeka-admin\/"}]}},"_links":{"self":[{"href":"https:\/\/fogeka-rdc.org\/index.php\/wp-json\/wp\/v2\/posts\/639","targetHints":{"allow":["GET"]}}],"collection":[{"href":"https:\/\/fogeka-rdc.org\/index.php\/wp-json\/wp\/v2\/posts"}],"about":[{"href":"https:\/\/fogeka-rdc.org\/index.php\/wp-json\/wp\/v2\/types\/post"}],"author":[{"embeddable":true,"href":"https:\/\/fogeka-rdc.org\/index.php\/wp-json\/wp\/v2\/users\/2"}],"replies":[{"embeddable":true,"href":"https:\/\/fogeka-rdc.org\/index.php\/wp-json\/wp\/v2\/comments?post=639"}],"version-history":[{"count":1,"href":"https:\/\/fogeka-rdc.org\/index.php\/wp-json\/wp\/v2\/posts\/639\/revisions"}],"predecessor-version":[{"id":641,"href":"https:\/\/fogeka-rdc.org\/index.php\/wp-json\/wp\/v2\/posts\/639\/revisions\/641"}],"wp:featuredmedia":[{"embeddable":true,"href":"https:\/\/fogeka-rdc.org\/index.php\/wp-json\/wp\/v2\/media\/640"}],"wp:attachment":[{"href":"https:\/\/fogeka-rdc.org\/index.php\/wp-json\/wp\/v2\/media?parent=639"}],"wp:term":[{"taxonomy":"category","embeddable":true,"href":"https:\/\/fogeka-rdc.org\/index.php\/wp-json\/wp\/v2\/categories?post=639"},{"taxonomy":"post_tag","embeddable":true,"href":"https:\/\/fogeka-rdc.org\/index.php\/wp-json\/wp\/v2\/tags?post=639"}],"curies":[{"name":"wp","href":"https:\/\/api.w.org\/{rel}","templated":true}]}}