{"id":642,"date":"2026-07-27T14:02:53","date_gmt":"2026-07-27T14:02:53","guid":{"rendered":"https:\/\/fogeka-rdc.org\/?p=642"},"modified":"2026-08-12T14:08:07","modified_gmt":"2026-08-12T14:08:07","slug":"rdc-politique-la-stabilite-politique-de-ludps-tshisekedi-confirmee","status":"publish","type":"post","link":"https:\/\/fogeka-rdc.org\/index.php\/2026\/07\/27\/rdc-politique-la-stabilite-politique-de-ludps-tshisekedi-confirmee\/","title":{"rendered":"RDC-Politique : la stabilit\u00e9 politique de l\u2019UDPS\/Tshisekedi confirm\u00e9e"},"content":{"rendered":"<p dir=\"ltr\">Par: G\u00e9nie Kande<\/p>\n<p dir=\"ltr\">Tel un arbre plant\u00e9 au bord de la rivi\u00e8re, le parti pr\u00e9sidentiel s\u2019enracine pour porter des fruits au pays.<\/p>\n<p dir=\"ltr\">Fid\u00e8le \u00e0 l\u2019id\u00e9ologie du Dr \u00c9tienne Tshisekedi wa Mulumba, Augustin Kabuya Tshilumba conforte son leadership \u00e0 la t\u00eate de l\u2019UDPS par des r\u00e9sultats concrets sur le terrain.<\/p>\n<p dir=\"ltr\">Apr\u00e8s examen des rapports de terrain, le Secr\u00e9taire g\u00e9n\u00e9ral et pr\u00e9sident int\u00e9rimaire de l\u2019UDPS\/Tshisekedi a proc\u00e9d\u00e9 \u00e0 une nouvelle nomination dans la province de l\u2019\u00c9quateur.<\/p>\n<p dir=\"ltr\">Sur proposition du Secr\u00e9taire national en charge de l\u2019Organisation et de l\u2019Implantation, Augustin Kabuya Tshilumba a confirm\u00e9, par d\u00e9cision du 22 juillet 2026, la d\u00e9signation de M. Nkunji Mboloko Fiston au poste de pr\u00e9sident f\u00e9d\u00e9ral ad interim de la F\u00e9d\u00e9ration de l\u2019\u00c9quateur, dont le si\u00e8ge est fix\u00e9 \u00e0 Mbandaka.<\/p>\n<p dir=\"ltr\">Cette d\u00e9cision fait suite au rapport de la mission officielle du parti, effectu\u00e9e le 10 juillet 2026 par des membres de l\u2019Ex\u00e9cutif national. La mission avait pour objectif d\u2019\u00e9valuer le fonctionnement des structures de base et de proposer des ajustements, conform\u00e9ment aux orientations de la Haute Autorit\u00e9 politique de r\u00e9f\u00e9rence, Son Excellence F\u00e9lix-Antoine Tshisekedi Tshilombo.<\/p>\n<p dir=\"ltr\">La mise en \u0153uvre de ces recommandations s\u2019appuie sur les circulaires n\u00b0 002 et n\u00b0 003 sign\u00e9es par le Secr\u00e9taire g\u00e9n\u00e9ral.<\/p>\n<p dir=\"ltr\">Dans un communiqu\u00e9 adress\u00e9 aux militantes et aux militants, la direction du parti les invite \u00e0 \u00ab prendre acte de cette d\u00e9signation et \u00e0 r\u00e9server un accueil r\u00e9publicain au nouveau responsable, dans l\u2019unit\u00e9 et la discipline\u00bb.<\/p>\n<p dir=\"ltr\">Pour l\u2019UDPS, l\u2019objectif demeure de consolider l\u2019implantation du parti et d\u2019assurer la continuit\u00e9 de son id\u00e9ologie \u00e0 travers toutes les f\u00e9d\u00e9rations du pays.<\/p>\n<p dir=\"ltr\">\n","protected":false},"excerpt":{"rendered":"<p>Par: G\u00e9nie Kande Tel un arbre plant\u00e9 au bord de la rivi\u00e8re, le parti pr\u00e9sidentiel s\u2019enracine pour porter des fruits&hellip;<\/p>\n","protected":false},"author":2,"featured_media":643,"comment_status":"open","ping_status":"open","sticky":true,"template":"","format":"standard","meta":{"footnotes":""},"categories":[14],"tags":[],"class_list":["post-642","post","type-post","status-publish","format-standard","has-post-thumbnail","hentry","category-politique"],"yoast_head":"<!-- This site is optimized with the Yoast SEO plugin v28.3 - https:\/\/yoast.com\/product\/yoast-seo-wordpress\/ -->\n<title>RDC-Politique : la stabilit\u00e9 politique de l\u2019UDPS\/Tshisekedi confirm\u00e9e - fogeka-rdc<\/title>\n<meta name=\"robots\" content=\"index, follow, max-snippet:-1, max-image-preview:large, max-video-preview:-1\" \/>\n<link rel=\"canonical\" href=\"https:\/\/fogeka-rdc.org\/index.php\/2026\/07\/27\/rdc-politique-la-stabilite-politique-de-ludps-tshisekedi-confirmee\/\" \/>\n<meta property=\"og:locale\" content=\"fr_FR\" \/>\n<meta property=\"og:type\" content=\"article\" \/>\n<meta property=\"og:title\" content=\"RDC-Politique : la stabilit\u00e9 politique de l\u2019UDPS\/Tshisekedi confirm\u00e9e - fogeka-rdc\" \/>\n<meta property=\"og:description\" content=\"Par: G\u00e9nie Kande Tel un arbre plant\u00e9 au bord de la rivi\u00e8re, le parti pr\u00e9sidentiel s\u2019enracine pour porter des fruits&hellip;\" \/>\n<meta property=\"og:url\" content=\"https:\/\/fogeka-rdc.org\/index.php\/2026\/07\/27\/rdc-politique-la-stabilite-politique-de-ludps-tshisekedi-confirmee\/\" \/>\n<meta property=\"og:site_name\" content=\"fogeka-rdc\" \/>\n<meta property=\"article:published_time\" content=\"2026-07-27T14:02:53+00:00\" \/>\n<meta property=\"article:modified_time\" content=\"2026-08-12T14:08:07+00:00\" \/>\n<meta property=\"og:image\" content=\"https:\/\/fogeka-rdc.org\/wp-content\/uploads\/2026\/08\/Augustin-Kab_UDPS.jpg\" \/>\n\t<meta property=\"og:image:width\" content=\"1041\" \/>\n\t<meta property=\"og:image:height\" content=\"751\" \/>\n\t<meta property=\"og:image:type\" content=\"image\/jpeg\" \/>\n<meta name=\"author\" content=\"Fogeka Fogekardc\" \/>\n<meta name=\"twitter:card\" content=\"summary_large_image\" \/>\n<meta name=\"twitter:label1\" content=\"\u00c9crit par\" \/>\n\t<meta name=\"twitter:data1\" content=\"Fogeka Fogekardc\" \/>\n\t<meta name=\"twitter:label2\" content=\"Dur\u00e9e de lecture estim\u00e9e\" \/>\n\t<meta name=\"twitter:data2\" content=\"2 minutes\" \/>\n<script type=\"application\/ld+json\" class=\"yoast-schema-graph\">{\"@context\":\"https:\\\/\\\/schema.org\",\"@graph\":[{\"@type\":\"Article\",\"@id\":\"https:\\\/\\\/fogeka-rdc.org\\\/index.php\\\/2026\\\/07\\\/27\\\/rdc-politique-la-stabilite-politique-de-ludps-tshisekedi-confirmee\\\/#article\",\"isPartOf\":{\"@id\":\"https:\\\/\\\/fogeka-rdc.org\\\/index.php\\\/2026\\\/07\\\/27\\\/rdc-politique-la-stabilite-politique-de-ludps-tshisekedi-confirmee\\\/\"},\"author\":{\"name\":\"Fogeka Fogekardc\",\"@id\":\"https:\\\/\\\/fogeka-rdc.org\\\/#\\\/schema\\\/person\\\/326652cf3d7bfcbab6d224e17d6992ef\"},\"headline\":\"RDC-Politique : la stabilit\u00e9 politique de l\u2019UDPS\\\/Tshisekedi confirm\u00e9e\",\"datePublished\":\"2026-07-27T14:02:53+00:00\",\"dateModified\":\"2026-08-12T14:08:07+00:00\",\"mainEntityOfPage\":{\"@id\":\"https:\\\/\\\/fogeka-rdc.org\\\/index.php\\\/2026\\\/07\\\/27\\\/rdc-politique-la-stabilite-politique-de-ludps-tshisekedi-confirmee\\\/\"},\"wordCount\":311,\"commentCount\":0,\"publisher\":{\"@id\":\"https:\\\/\\\/fogeka-rdc.org\\\/#organization\"},\"image\":{\"@id\":\"https:\\\/\\\/fogeka-rdc.org\\\/index.php\\\/2026\\\/07\\\/27\\\/rdc-politique-la-stabilite-politique-de-ludps-tshisekedi-confirmee\\\/#primaryimage\"},\"thumbnailUrl\":\"https:\\\/\\\/fogeka-rdc.org\\\/wp-content\\\/uploads\\\/2026\\\/08\\\/Augustin-Kab_UDPS.jpg\",\"articleSection\":[\"Politique\"],\"inLanguage\":\"fr-FR\",\"potentialAction\":[{\"@type\":\"CommentAction\",\"name\":\"Comment\",\"target\":[\"https:\\\/\\\/fogeka-rdc.org\\\/index.php\\\/2026\\\/07\\\/27\\\/rdc-politique-la-stabilite-politique-de-ludps-tshisekedi-confirmee\\\/#respond\"]}]},{\"@type\":\"WebPage\",\"@id\":\"https:\\\/\\\/fogeka-rdc.org\\\/index.php\\\/2026\\\/07\\\/27\\\/rdc-politique-la-stabilite-politique-de-ludps-tshisekedi-confirmee\\\/\",\"url\":\"https:\\\/\\\/fogeka-rdc.org\\\/index.php\\\/2026\\\/07\\\/27\\\/rdc-politique-la-stabilite-politique-de-ludps-tshisekedi-confirmee\\\/\",\"name\":\"RDC-Politique : la stabilit\u00e9 politique de l\u2019UDPS\\\/Tshisekedi confirm\u00e9e - fogeka-rdc\",\"isPartOf\":{\"@id\":\"https:\\\/\\\/fogeka-rdc.org\\\/#website\"},\"primaryImageOfPage\":{\"@id\":\"https:\\\/\\\/fogeka-rdc.org\\\/index.php\\\/2026\\\/07\\\/27\\\/rdc-politique-la-stabilite-politique-de-ludps-tshisekedi-confirmee\\\/#primaryimage\"},\"image\":{\"@id\":\"https:\\\/\\\/fogeka-rdc.org\\\/index.php\\\/2026\\\/07\\\/27\\\/rdc-politique-la-stabilite-politique-de-ludps-tshisekedi-confirmee\\\/#primaryimage\"},\"thumbnailUrl\":\"https:\\\/\\\/fogeka-rdc.org\\\/wp-content\\\/uploads\\\/2026\\\/08\\\/Augustin-Kab_UDPS.jpg\",\"datePublished\":\"2026-07-27T14:02:53+00:00\",\"dateModified\":\"2026-08-12T14:08:07+00:00\",\"breadcrumb\":{\"@id\":\"https:\\\/\\\/fogeka-rdc.org\\\/index.php\\\/2026\\\/07\\\/27\\\/rdc-politique-la-stabilite-politique-de-ludps-tshisekedi-confirmee\\\/#breadcrumb\"},\"inLanguage\":\"fr-FR\",\"potentialAction\":[{\"@type\":\"ReadAction\",\"target\":[\"https:\\\/\\\/fogeka-rdc.org\\\/index.php\\\/2026\\\/07\\\/27\\\/rdc-politique-la-stabilite-politique-de-ludps-tshisekedi-confirmee\\\/\"]}]},{\"@type\":\"ImageObject\",\"inLanguage\":\"fr-FR\",\"@id\":\"https:\\\/\\\/fogeka-rdc.org\\\/index.php\\\/2026\\\/07\\\/27\\\/rdc-politique-la-stabilite-politique-de-ludps-tshisekedi-confirmee\\\/#primaryimage\",\"url\":\"https:\\\/\\\/fogeka-rdc.org\\\/wp-content\\\/uploads\\\/2026\\\/08\\\/Augustin-Kab_UDPS.jpg\",\"contentUrl\":\"https:\\\/\\\/fogeka-rdc.org\\\/wp-content\\\/uploads\\\/2026\\\/08\\\/Augustin-Kab_UDPS.jpg\",\"width\":1041,\"height\":751},{\"@type\":\"BreadcrumbList\",\"@id\":\"https:\\\/\\\/fogeka-rdc.org\\\/index.php\\\/2026\\\/07\\\/27\\\/rdc-politique-la-stabilite-politique-de-ludps-tshisekedi-confirmee\\\/#breadcrumb\",\"itemListElement\":[{\"@type\":\"ListItem\",\"position\":1,\"name\":\"Accueil\",\"item\":\"https:\\\/\\\/fogeka-rdc.org\\\/\"},{\"@type\":\"ListItem\",\"position\":2,\"name\":\"RDC-Politique : la stabilit\u00e9 politique de l\u2019UDPS\\\/Tshisekedi confirm\u00e9e\"}]},{\"@type\":\"WebSite\",\"@id\":\"https:\\\/\\\/fogeka-rdc.org\\\/#website\",\"url\":\"https:\\\/\\\/fogeka-rdc.org\\\/\",\"name\":\"fogeka-rdc\",\"description\":\"Agro foresterie, dans la paix, pour le d\u00e9veloppement\",\"publisher\":{\"@id\":\"https:\\\/\\\/fogeka-rdc.org\\\/#organization\"},\"potentialAction\":[{\"@type\":\"SearchAction\",\"target\":{\"@type\":\"EntryPoint\",\"urlTemplate\":\"https:\\\/\\\/fogeka-rdc.org\\\/?s={search_term_string}\"},\"query-input\":{\"@type\":\"PropertyValueSpecification\",\"valueRequired\":true,\"valueName\":\"search_term_string\"}}],\"inLanguage\":\"fr-FR\"},{\"@type\":\"Organization\",\"@id\":\"https:\\\/\\\/fogeka-rdc.org\\\/#organization\",\"name\":\"fogeka-rdc\",\"url\":\"https:\\\/\\\/fogeka-rdc.org\\\/\",\"logo\":{\"@type\":\"ImageObject\",\"inLanguage\":\"fr-FR\",\"@id\":\"https:\\\/\\\/fogeka-rdc.org\\\/#\\\/schema\\\/logo\\\/image\\\/\",\"url\":\"https:\\\/\\\/fogeka-rdc.org\\\/wp-content\\\/uploads\\\/2025\\\/09\\\/cropped-cropped-WhatsApp-Image-2025-09-12-at-23.09.05.jpeg\",\"contentUrl\":\"https:\\\/\\\/fogeka-rdc.org\\\/wp-content\\\/uploads\\\/2025\\\/09\\\/cropped-cropped-WhatsApp-Image-2025-09-12-at-23.09.05.jpeg\",\"width\":250,\"height\":134,\"caption\":\"fogeka-rdc\"},\"image\":{\"@id\":\"https:\\\/\\\/fogeka-rdc.org\\\/#\\\/schema\\\/logo\\\/image\\\/\"}},{\"@type\":\"Person\",\"@id\":\"https:\\\/\\\/fogeka-rdc.org\\\/#\\\/schema\\\/person\\\/326652cf3d7bfcbab6d224e17d6992ef\",\"name\":\"Fogeka Fogekardc\",\"image\":{\"@type\":\"ImageObject\",\"inLanguage\":\"fr-FR\",\"@id\":\"https:\\\/\\\/secure.gravatar.com\\\/avatar\\\/7409435eb90dab5dd3e21946e11423d79d4fd27d0d76a9a6883c8f31758a7ecd?s=96&d=mm&r=g\",\"url\":\"https:\\\/\\\/secure.gravatar.com\\\/avatar\\\/7409435eb90dab5dd3e21946e11423d79d4fd27d0d76a9a6883c8f31758a7ecd?s=96&d=mm&r=g\",\"contentUrl\":\"https:\\\/\\\/secure.gravatar.com\\\/avatar\\\/7409435eb90dab5dd3e21946e11423d79d4fd27d0d76a9a6883c8f31758a7ecd?s=96&d=mm&r=g\",\"caption\":\"Fogeka Fogekardc\"},\"url\":\"https:\\\/\\\/fogeka-rdc.org\\\/index.php\\\/author\\\/fogeka-admin\\\/\"}]}<\/script>\n<!-- \/ Yoast SEO plugin. -->","yoast_head_json":{"title":"RDC-Politique : la stabilit\u00e9 politique de l\u2019UDPS\/Tshisekedi confirm\u00e9e - fogeka-rdc","robots":{"index":"index","follow":"follow","max-snippet":"max-snippet:-1","max-image-preview":"max-image-preview:large","max-video-preview":"max-video-preview:-1"},"canonical":"https:\/\/fogeka-rdc.org\/index.php\/2026\/07\/27\/rdc-politique-la-stabilite-politique-de-ludps-tshisekedi-confirmee\/","og_locale":"fr_FR","og_type":"article","og_title":"RDC-Politique : la stabilit\u00e9 politique de l\u2019UDPS\/Tshisekedi confirm\u00e9e - fogeka-rdc","og_description":"Par: G\u00e9nie Kande Tel un arbre plant\u00e9 au bord de la rivi\u00e8re, le parti pr\u00e9sidentiel s\u2019enracine pour porter des fruits&hellip;","og_url":"https:\/\/fogeka-rdc.org\/index.php\/2026\/07\/27\/rdc-politique-la-stabilite-politique-de-ludps-tshisekedi-confirmee\/","og_site_name":"fogeka-rdc","article_published_time":"2026-07-27T14:02:53+00:00","article_modified_time":"2026-08-12T14:08:07+00:00","og_image":[{"width":1041,"height":751,"url":"https:\/\/fogeka-rdc.org\/wp-content\/uploads\/2026\/08\/Augustin-Kab_UDPS.jpg","type":"image\/jpeg"}],"author":"Fogeka Fogekardc","twitter_card":"summary_large_image","twitter_misc":{"\u00c9crit par":"Fogeka Fogekardc","Dur\u00e9e de lecture estim\u00e9e":"2 minutes"},"schema":{"@context":"https:\/\/schema.org","@graph":[{"@type":"Article","@id":"https:\/\/fogeka-rdc.org\/index.php\/2026\/07\/27\/rdc-politique-la-stabilite-politique-de-ludps-tshisekedi-confirmee\/#article","isPartOf":{"@id":"https:\/\/fogeka-rdc.org\/index.php\/2026\/07\/27\/rdc-politique-la-stabilite-politique-de-ludps-tshisekedi-confirmee\/"},"author":{"name":"Fogeka Fogekardc","@id":"https:\/\/fogeka-rdc.org\/#\/schema\/person\/326652cf3d7bfcbab6d224e17d6992ef"},"headline":"RDC-Politique : la stabilit\u00e9 politique de l\u2019UDPS\/Tshisekedi confirm\u00e9e","datePublished":"2026-07-27T14:02:53+00:00","dateModified":"2026-08-12T14:08:07+00:00","mainEntityOfPage":{"@id":"https:\/\/fogeka-rdc.org\/index.php\/2026\/07\/27\/rdc-politique-la-stabilite-politique-de-ludps-tshisekedi-confirmee\/"},"wordCount":311,"commentCount":0,"publisher":{"@id":"https:\/\/fogeka-rdc.org\/#organization"},"image":{"@id":"https:\/\/fogeka-rdc.org\/index.php\/2026\/07\/27\/rdc-politique-la-stabilite-politique-de-ludps-tshisekedi-confirmee\/#primaryimage"},"thumbnailUrl":"https:\/\/fogeka-rdc.org\/wp-content\/uploads\/2026\/08\/Augustin-Kab_UDPS.jpg","articleSection":["Politique"],"inLanguage":"fr-FR","potentialAction":[{"@type":"CommentAction","name":"Comment","target":["https:\/\/fogeka-rdc.org\/index.php\/2026\/07\/27\/rdc-politique-la-stabilite-politique-de-ludps-tshisekedi-confirmee\/#respond"]}]},{"@type":"WebPage","@id":"https:\/\/fogeka-rdc.org\/index.php\/2026\/07\/27\/rdc-politique-la-stabilite-politique-de-ludps-tshisekedi-confirmee\/","url":"https:\/\/fogeka-rdc.org\/index.php\/2026\/07\/27\/rdc-politique-la-stabilite-politique-de-ludps-tshisekedi-confirmee\/","name":"RDC-Politique : la stabilit\u00e9 politique de l\u2019UDPS\/Tshisekedi confirm\u00e9e - fogeka-rdc","isPartOf":{"@id":"https:\/\/fogeka-rdc.org\/#website"},"primaryImageOfPage":{"@id":"https:\/\/fogeka-rdc.org\/index.php\/2026\/07\/27\/rdc-politique-la-stabilite-politique-de-ludps-tshisekedi-confirmee\/#primaryimage"},"image":{"@id":"https:\/\/fogeka-rdc.org\/index.php\/2026\/07\/27\/rdc-politique-la-stabilite-politique-de-ludps-tshisekedi-confirmee\/#primaryimage"},"thumbnailUrl":"https:\/\/fogeka-rdc.org\/wp-content\/uploads\/2026\/08\/Augustin-Kab_UDPS.jpg","datePublished":"2026-07-27T14:02:53+00:00","dateModified":"2026-08-12T14:08:07+00:00","breadcrumb":{"@id":"https:\/\/fogeka-rdc.org\/index.php\/2026\/07\/27\/rdc-politique-la-stabilite-politique-de-ludps-tshisekedi-confirmee\/#breadcrumb"},"inLanguage":"fr-FR","potentialAction":[{"@type":"ReadAction","target":["https:\/\/fogeka-rdc.org\/index.php\/2026\/07\/27\/rdc-politique-la-stabilite-politique-de-ludps-tshisekedi-confirmee\/"]}]},{"@type":"ImageObject","inLanguage":"fr-FR","@id":"https:\/\/fogeka-rdc.org\/index.php\/2026\/07\/27\/rdc-politique-la-stabilite-politique-de-ludps-tshisekedi-confirmee\/#primaryimage","url":"https:\/\/fogeka-rdc.org\/wp-content\/uploads\/2026\/08\/Augustin-Kab_UDPS.jpg","contentUrl":"https:\/\/fogeka-rdc.org\/wp-content\/uploads\/2026\/08\/Augustin-Kab_UDPS.jpg","width":1041,"height":751},{"@type":"BreadcrumbList","@id":"https:\/\/fogeka-rdc.org\/index.php\/2026\/07\/27\/rdc-politique-la-stabilite-politique-de-ludps-tshisekedi-confirmee\/#breadcrumb","itemListElement":[{"@type":"ListItem","position":1,"name":"Accueil","item":"https:\/\/fogeka-rdc.org\/"},{"@type":"ListItem","position":2,"name":"RDC-Politique : la stabilit\u00e9 politique de l\u2019UDPS\/Tshisekedi confirm\u00e9e"}]},{"@type":"WebSite","@id":"https:\/\/fogeka-rdc.org\/#website","url":"https:\/\/fogeka-rdc.org\/","name":"fogeka-rdc","description":"Agro foresterie, dans la paix, pour le d\u00e9veloppement","publisher":{"@id":"https:\/\/fogeka-rdc.org\/#organization"},"potentialAction":[{"@type":"SearchAction","target":{"@type":"EntryPoint","urlTemplate":"https:\/\/fogeka-rdc.org\/?s={search_term_string}"},"query-input":{"@type":"PropertyValueSpecification","valueRequired":true,"valueName":"search_term_string"}}],"inLanguage":"fr-FR"},{"@type":"Organization","@id":"https:\/\/fogeka-rdc.org\/#organization","name":"fogeka-rdc","url":"https:\/\/fogeka-rdc.org\/","logo":{"@type":"ImageObject","inLanguage":"fr-FR","@id":"https:\/\/fogeka-rdc.org\/#\/schema\/logo\/image\/","url":"https:\/\/fogeka-rdc.org\/wp-content\/uploads\/2025\/09\/cropped-cropped-WhatsApp-Image-2025-09-12-at-23.09.05.jpeg","contentUrl":"https:\/\/fogeka-rdc.org\/wp-content\/uploads\/2025\/09\/cropped-cropped-WhatsApp-Image-2025-09-12-at-23.09.05.jpeg","width":250,"height":134,"caption":"fogeka-rdc"},"image":{"@id":"https:\/\/fogeka-rdc.org\/#\/schema\/logo\/image\/"}},{"@type":"Person","@id":"https:\/\/fogeka-rdc.org\/#\/schema\/person\/326652cf3d7bfcbab6d224e17d6992ef","name":"Fogeka Fogekardc","image":{"@type":"ImageObject","inLanguage":"fr-FR","@id":"https:\/\/secure.gravatar.com\/avatar\/7409435eb90dab5dd3e21946e11423d79d4fd27d0d76a9a6883c8f31758a7ecd?s=96&d=mm&r=g","url":"https:\/\/secure.gravatar.com\/avatar\/7409435eb90dab5dd3e21946e11423d79d4fd27d0d76a9a6883c8f31758a7ecd?s=96&d=mm&r=g","contentUrl":"https:\/\/secure.gravatar.com\/avatar\/7409435eb90dab5dd3e21946e11423d79d4fd27d0d76a9a6883c8f31758a7ecd?s=96&d=mm&r=g","caption":"Fogeka Fogekardc"},"url":"https:\/\/fogeka-rdc.org\/index.php\/author\/fogeka-admin\/"}]}},"_links":{"self":[{"href":"https:\/\/fogeka-rdc.org\/index.php\/wp-json\/wp\/v2\/posts\/642","targetHints":{"allow":["GET"]}}],"collection":[{"href":"https:\/\/fogeka-rdc.org\/index.php\/wp-json\/wp\/v2\/posts"}],"about":[{"href":"https:\/\/fogeka-rdc.org\/index.php\/wp-json\/wp\/v2\/types\/post"}],"author":[{"embeddable":true,"href":"https:\/\/fogeka-rdc.org\/index.php\/wp-json\/wp\/v2\/users\/2"}],"replies":[{"embeddable":true,"href":"https:\/\/fogeka-rdc.org\/index.php\/wp-json\/wp\/v2\/comments?post=642"}],"version-history":[{"count":1,"href":"https:\/\/fogeka-rdc.org\/index.php\/wp-json\/wp\/v2\/posts\/642\/revisions"}],"predecessor-version":[{"id":644,"href":"https:\/\/fogeka-rdc.org\/index.php\/wp-json\/wp\/v2\/posts\/642\/revisions\/644"}],"wp:featuredmedia":[{"embeddable":true,"href":"https:\/\/fogeka-rdc.org\/index.php\/wp-json\/wp\/v2\/media\/643"}],"wp:attachment":[{"href":"https:\/\/fogeka-rdc.org\/index.php\/wp-json\/wp\/v2\/media?parent=642"}],"wp:term":[{"taxonomy":"category","embeddable":true,"href":"https:\/\/fogeka-rdc.org\/index.php\/wp-json\/wp\/v2\/categories?post=642"},{"taxonomy":"post_tag","embeddable":true,"href":"https:\/\/fogeka-rdc.org\/index.php\/wp-json\/wp\/v2\/tags?post=642"}],"curies":[{"name":"wp","href":"https:\/\/api.w.org\/{rel}","templated":true}]}}