{"id":645,"date":"2026-07-26T14:08:34","date_gmt":"2026-07-26T14:08:34","guid":{"rendered":"https:\/\/fogeka-rdc.org\/?p=645"},"modified":"2026-08-12T14:15:21","modified_gmt":"2026-08-12T14:15:21","slug":"rdc-opinion-les-traitres-du-pays-de-lumumba-mangent-et-dorment-avec-nous-qui-sont-ils","status":"publish","type":"post","link":"https:\/\/fogeka-rdc.org\/index.php\/2026\/07\/26\/rdc-opinion-les-traitres-du-pays-de-lumumba-mangent-et-dorment-avec-nous-qui-sont-ils\/","title":{"rendered":"RDC &#8211; OPINION : LES TRA\u00ceTRES DU PAYS DE LUMUMBA MANGENT ET DORMENT AVEC NOUS. QUI SONT-ILS ?\u00a0\u00a0"},"content":{"rendered":"<p dir=\"ltr\">\n<p dir=\"ltr\">Par: G\u00e9nie Kande<\/p>\n<p dir=\"ltr\">Le mensonge et l\u2019hypocrisie enfantent la trahison.<\/p>\n<p dir=\"ltr\">D\u2019o\u00f9 viennent le RDF, l\u2019AFC, le M23 et tant d\u2019autres groupes arm\u00e9s qui s\u00e8ment la d\u00e9solation \u00e0 l\u2019Est du pays ? Plus de 30 ans de souffrance, de trahison, de mis\u00e8re, de pillage et de guerres sans raison. Pendant que la crise s\u00e9curitaire s\u2019aggrave et que l\u2019\u00e9conomie des provinces de l\u2019Est s\u2019effondre, les Congolais scrutent l\u2019environnement politique pour comprendre les ressorts de l\u2019agression rwandaise sur le sol congolais.<\/p>\n<p>&nbsp;<\/p>\n<p dir=\"ltr\"><strong>\u00a0D\u2019O\u00d9 VIENT LA TRAHISON CONTRE LA RDC ?<\/strong><\/p>\n<p>&nbsp;<\/p>\n<p dir=\"ltr\">De la convoitise, de l\u2019envie et de la jalousie des pays voisins, et de millionnaires occidentaux qui financent les groupes arm\u00e9s sur le sol congolais. Leur objectif est clair : organiser le pillage en passant par le massacre, le viol des femmes et des enfants, la violence et le pillage des biens des populations. Cela dure depuis plus de 30 ans, sous les yeux de tous.<\/p>\n<p>&nbsp;<\/p>\n<p dir=\"ltr\">L\u2019arriv\u00e9e de F\u00e9lix TSHISEKEDI* au pouvoir n\u2019a pas donn\u00e9 le sommeil \u00e0 Paul KAGAME et \u00e0 ses poulains criminels. La politique du Pr\u00e9sident de la R\u00e9publique, F\u00e9lix-Antoine TSHISEKEDI TSHILOMBO, privil\u00e9gie la voie diplomatique pour consolider la paix et rechercher des solutions durables entre voisins.<\/p>\n<p>&nbsp;<\/p>\n<p dir=\"ltr\">Gr\u00e2ce \u00e0 la diplomatie, des accords de paix ont \u00e9t\u00e9 obtenus \u00e0 Washington et \u00e0 Doha, aux yeux du monde entier.<\/p>\n<p dir=\"ltr\">Devenu premier producteur de coltan, Paul KAGAME trouve un soutien aupr\u00e8s des Am\u00e9ricains et des Europ\u00e9ens. Il finance et organise des troupes arm\u00e9es : ADF, AFC, M23, au service d\u2019int\u00e9r\u00eats \u00e9conomiques.<\/p>\n<p>&nbsp;<\/p>\n<p dir=\"ltr\">Apr\u00e8s l\u2019annonce de sanctions contre des officiers militaires rwandais, des chefs rebelles et des criminels, le peuple congolais les consid\u00e8re comme de la poudre aux yeux. La CPI s\u2019est annonc\u00e9e sur le terrain avec beaucoup d\u2019engagement, puis a disparu sans suite ni communiqu\u00e9.<\/p>\n<p>&nbsp;<\/p>\n<p dir=\"ltr\">\u00a0<strong>QUE CACHE L\u2019INS\u00c9CURIT\u00c9 \u00c0 L\u2019EST DEPUIS PLUS DE 30 ANS ?\u00a0<\/strong><\/p>\n<p>&nbsp;<\/p>\n<p dir=\"ltr\">Les enqu\u00eates et les rapports des Nations Unies s\u2019accumulent, mais aucune action ne suit. Le *Pr\u00e9sident F\u00e9lix TSHISEKEDI* mobilise le monde \u00e0 regarder la RDC. Aujourd\u2019hui, la communaut\u00e9 internationale est consid\u00e9r\u00e9e comme complice de l\u2019agression.<\/p>\n<p dir=\"ltr\">Paul KAGAME brise le silence et d\u00e9clare : _\u00ab Faire dispara\u00eetre le M23, c\u2019est faire dispara\u00eetre le Rwanda \u00bb_.<\/p>\n<p dir=\"ltr\">\u00c0 Kinshasa, l\u2019opposition dite \u00ab partenaires du Rwanda \u00bb : Delly SESANGA, Martin FAYULU, Jean-Marc KABUND, Matata PONYO et Mo\u00efse KATUMBI posent des pr\u00e9alables \u00e0 leur participation au dialogue national inclusif. Ils imposent notamment la pr\u00e9sence des troupes arm\u00e9es de l\u2019AFC\/M23-RDF \u00e0 la table des discussions.<\/p>\n<p dir=\"ltr\">De son c\u00f4t\u00e9, *Corneille NANGAA appelle Joseph KABILA \u00e0 prendre le commandement de l\u2019AFC\/M23-RDF. Par m\u00e9dias interpos\u00e9s, Kabila laisse entendre qu\u2019ils sont _\u00ab en route pour le dialogue \u00bb_.<\/p>\n<p>&nbsp;<\/p>\n<p dir=\"ltr\">Face \u00e0 cette d\u00e9rive, les cardinaux AMBONGO et TSHOLE lancent un appel : _\u00ab Nous devons parler ensemble pour mettre Kagame hors des fronti\u00e8res de la RDC \u00bb_.<\/p>\n<p dir=\"ltr\">Le Pr\u00e9sident F\u00e9lix TSHISEKEDI \u00e9coute la population, en particulier celle de l\u2019Est, qui lui demande de tout mettre en \u0153uvre pour r\u00e9cup\u00e9rer les territoires occup\u00e9s par le Rwanda. Fid\u00e8le \u00e0 cette exigence populaire, il convoque le dialogue national inclusif.<\/p>\n<p>&nbsp;<\/p>\n<p dir=\"ltr\">Pendant ce temps, \u00e0 Kinshasa, la marche de l\u2019opposition annonc\u00e9e pour le 22 juillet et le 15 ao\u00fbt 2026 perd toute pertinence. Prince EPENGE s\u2019envole pour Bruxelles via Air Congo. Mo\u00efse KATUMBI relance ses activit\u00e9s dans le secteur des ressources naturelles de la RDC, mais sans les passe-droits dont b\u00e9n\u00e9ficiaient les convois \u00e0 l\u2019\u00e9poque de Kabila via la Zambie. Delly SESANGA, quant \u00e0 lui, chercherait \u00e0 se refaire une sant\u00e9 financi\u00e8re dans l\u2019orbite de Kabila.<\/p>\n<p dir=\"ltr\">En voyage priv\u00e9 au Gabon, le Pr\u00e9sident *F\u00e9lix-Antoine TSHISEKEDI* r\u00e9affirme son engagement pour le dialogue et d\u00e9p\u00eache un \u00e9missaire aupr\u00e8s du Pr\u00e9sident Louren\u00e7o de l\u2019Angola avec une note confidentielle.<\/p>\n<p dir=\"ltr\"><strong>QUESTION POUR UN CHAMPION : QUI A TORT ? QUI A RAISON ? QUI AIME R\u00c9ELLEMENT LE CONGO ?<\/strong><\/p>\n<p dir=\"ltr\">Telles sont les analyses, men\u00e9es avec patriotisme et engagement, pour la d\u00e9fense de la souverainet\u00e9 de la RDC. Car les ennemis ne viennent pas toujours de loin. Certains mangent et dorment avec nous.<\/p>\n<p dir=\"ltr\">\n","protected":false},"excerpt":{"rendered":"<p>Par: G\u00e9nie Kande Le mensonge et l\u2019hypocrisie enfantent la trahison. D\u2019o\u00f9 viennent le RDF, l\u2019AFC, le M23 et tant d\u2019autres&hellip;<\/p>\n","protected":false},"author":2,"featured_media":646,"comment_status":"open","ping_status":"open","sticky":true,"template":"","format":"standard","meta":{"footnotes":""},"categories":[2],"tags":[],"class_list":["post-645","post","type-post","status-publish","format-standard","has-post-thumbnail","hentry","category-actualite"],"yoast_head":"<!-- This site is optimized with the Yoast SEO plugin v28.3 - https:\/\/yoast.com\/product\/yoast-seo-wordpress\/ -->\n<title>RDC - OPINION : LES TRA\u00ceTRES DU PAYS DE LUMUMBA MANGENT ET DORMENT AVEC NOUS. QUI SONT-ILS ?\u00a0\u00a0 - fogeka-rdc<\/title>\n<meta name=\"robots\" content=\"index, follow, max-snippet:-1, max-image-preview:large, max-video-preview:-1\" \/>\n<link rel=\"canonical\" href=\"https:\/\/fogeka-rdc.org\/index.php\/2026\/07\/26\/rdc-opinion-les-traitres-du-pays-de-lumumba-mangent-et-dorment-avec-nous-qui-sont-ils\/\" \/>\n<meta property=\"og:locale\" content=\"fr_FR\" \/>\n<meta property=\"og:type\" content=\"article\" \/>\n<meta property=\"og:title\" content=\"RDC - OPINION : LES TRA\u00ceTRES DU PAYS DE LUMUMBA MANGENT ET DORMENT AVEC NOUS. QUI SONT-ILS ?\u00a0\u00a0 - fogeka-rdc\" \/>\n<meta property=\"og:description\" content=\"Par: G\u00e9nie Kande Le mensonge et l\u2019hypocrisie enfantent la trahison. D\u2019o\u00f9 viennent le RDF, l\u2019AFC, le M23 et tant d\u2019autres&hellip;\" \/>\n<meta property=\"og:url\" content=\"https:\/\/fogeka-rdc.org\/index.php\/2026\/07\/26\/rdc-opinion-les-traitres-du-pays-de-lumumba-mangent-et-dorment-avec-nous-qui-sont-ils\/\" \/>\n<meta property=\"og:site_name\" content=\"fogeka-rdc\" \/>\n<meta property=\"article:published_time\" content=\"2026-07-26T14:08:34+00:00\" \/>\n<meta property=\"article:modified_time\" content=\"2026-08-12T14:15:21+00:00\" \/>\n<meta property=\"og:image\" content=\"https:\/\/fogeka-rdc.org\/wp-content\/uploads\/2026\/08\/Genie-_portrait.jpg\" \/>\n\t<meta property=\"og:image:width\" content=\"715\" \/>\n\t<meta property=\"og:image:height\" content=\"715\" \/>\n\t<meta property=\"og:image:type\" content=\"image\/jpeg\" \/>\n<meta name=\"author\" content=\"Fogeka Fogekardc\" \/>\n<meta name=\"twitter:card\" content=\"summary_large_image\" \/>\n<meta name=\"twitter:label1\" content=\"\u00c9crit par\" \/>\n\t<meta name=\"twitter:data1\" content=\"Fogeka Fogekardc\" \/>\n\t<meta name=\"twitter:label2\" content=\"Dur\u00e9e de lecture estim\u00e9e\" \/>\n\t<meta name=\"twitter:data2\" content=\"4 minutes\" \/>\n<script type=\"application\/ld+json\" class=\"yoast-schema-graph\">{\"@context\":\"https:\\\/\\\/schema.org\",\"@graph\":[{\"@type\":\"Article\",\"@id\":\"https:\\\/\\\/fogeka-rdc.org\\\/index.php\\\/2026\\\/07\\\/26\\\/rdc-opinion-les-traitres-du-pays-de-lumumba-mangent-et-dorment-avec-nous-qui-sont-ils\\\/#article\",\"isPartOf\":{\"@id\":\"https:\\\/\\\/fogeka-rdc.org\\\/index.php\\\/2026\\\/07\\\/26\\\/rdc-opinion-les-traitres-du-pays-de-lumumba-mangent-et-dorment-avec-nous-qui-sont-ils\\\/\"},\"author\":{\"name\":\"Fogeka Fogekardc\",\"@id\":\"https:\\\/\\\/fogeka-rdc.org\\\/#\\\/schema\\\/person\\\/326652cf3d7bfcbab6d224e17d6992ef\"},\"headline\":\"RDC &#8211; OPINION : LES TRA\u00ceTRES DU PAYS DE LUMUMBA MANGENT ET DORMENT AVEC NOUS. QUI SONT-ILS ?\u00a0\u00a0\",\"datePublished\":\"2026-07-26T14:08:34+00:00\",\"dateModified\":\"2026-08-12T14:15:21+00:00\",\"mainEntityOfPage\":{\"@id\":\"https:\\\/\\\/fogeka-rdc.org\\\/index.php\\\/2026\\\/07\\\/26\\\/rdc-opinion-les-traitres-du-pays-de-lumumba-mangent-et-dorment-avec-nous-qui-sont-ils\\\/\"},\"wordCount\":740,\"commentCount\":0,\"publisher\":{\"@id\":\"https:\\\/\\\/fogeka-rdc.org\\\/#organization\"},\"image\":{\"@id\":\"https:\\\/\\\/fogeka-rdc.org\\\/index.php\\\/2026\\\/07\\\/26\\\/rdc-opinion-les-traitres-du-pays-de-lumumba-mangent-et-dorment-avec-nous-qui-sont-ils\\\/#primaryimage\"},\"thumbnailUrl\":\"https:\\\/\\\/fogeka-rdc.org\\\/wp-content\\\/uploads\\\/2026\\\/08\\\/Genie-_portrait.jpg\",\"articleSection\":[\"Actualit\u00e9\"],\"inLanguage\":\"fr-FR\",\"potentialAction\":[{\"@type\":\"CommentAction\",\"name\":\"Comment\",\"target\":[\"https:\\\/\\\/fogeka-rdc.org\\\/index.php\\\/2026\\\/07\\\/26\\\/rdc-opinion-les-traitres-du-pays-de-lumumba-mangent-et-dorment-avec-nous-qui-sont-ils\\\/#respond\"]}]},{\"@type\":\"WebPage\",\"@id\":\"https:\\\/\\\/fogeka-rdc.org\\\/index.php\\\/2026\\\/07\\\/26\\\/rdc-opinion-les-traitres-du-pays-de-lumumba-mangent-et-dorment-avec-nous-qui-sont-ils\\\/\",\"url\":\"https:\\\/\\\/fogeka-rdc.org\\\/index.php\\\/2026\\\/07\\\/26\\\/rdc-opinion-les-traitres-du-pays-de-lumumba-mangent-et-dorment-avec-nous-qui-sont-ils\\\/\",\"name\":\"RDC - OPINION : LES TRA\u00ceTRES DU PAYS DE LUMUMBA MANGENT ET DORMENT AVEC NOUS. QUI SONT-ILS ?\u00a0\u00a0 - fogeka-rdc\",\"isPartOf\":{\"@id\":\"https:\\\/\\\/fogeka-rdc.org\\\/#website\"},\"primaryImageOfPage\":{\"@id\":\"https:\\\/\\\/fogeka-rdc.org\\\/index.php\\\/2026\\\/07\\\/26\\\/rdc-opinion-les-traitres-du-pays-de-lumumba-mangent-et-dorment-avec-nous-qui-sont-ils\\\/#primaryimage\"},\"image\":{\"@id\":\"https:\\\/\\\/fogeka-rdc.org\\\/index.php\\\/2026\\\/07\\\/26\\\/rdc-opinion-les-traitres-du-pays-de-lumumba-mangent-et-dorment-avec-nous-qui-sont-ils\\\/#primaryimage\"},\"thumbnailUrl\":\"https:\\\/\\\/fogeka-rdc.org\\\/wp-content\\\/uploads\\\/2026\\\/08\\\/Genie-_portrait.jpg\",\"datePublished\":\"2026-07-26T14:08:34+00:00\",\"dateModified\":\"2026-08-12T14:15:21+00:00\",\"breadcrumb\":{\"@id\":\"https:\\\/\\\/fogeka-rdc.org\\\/index.php\\\/2026\\\/07\\\/26\\\/rdc-opinion-les-traitres-du-pays-de-lumumba-mangent-et-dorment-avec-nous-qui-sont-ils\\\/#breadcrumb\"},\"inLanguage\":\"fr-FR\",\"potentialAction\":[{\"@type\":\"ReadAction\",\"target\":[\"https:\\\/\\\/fogeka-rdc.org\\\/index.php\\\/2026\\\/07\\\/26\\\/rdc-opinion-les-traitres-du-pays-de-lumumba-mangent-et-dorment-avec-nous-qui-sont-ils\\\/\"]}]},{\"@type\":\"ImageObject\",\"inLanguage\":\"fr-FR\",\"@id\":\"https:\\\/\\\/fogeka-rdc.org\\\/index.php\\\/2026\\\/07\\\/26\\\/rdc-opinion-les-traitres-du-pays-de-lumumba-mangent-et-dorment-avec-nous-qui-sont-ils\\\/#primaryimage\",\"url\":\"https:\\\/\\\/fogeka-rdc.org\\\/wp-content\\\/uploads\\\/2026\\\/08\\\/Genie-_portrait.jpg\",\"contentUrl\":\"https:\\\/\\\/fogeka-rdc.org\\\/wp-content\\\/uploads\\\/2026\\\/08\\\/Genie-_portrait.jpg\",\"width\":715,\"height\":715},{\"@type\":\"BreadcrumbList\",\"@id\":\"https:\\\/\\\/fogeka-rdc.org\\\/index.php\\\/2026\\\/07\\\/26\\\/rdc-opinion-les-traitres-du-pays-de-lumumba-mangent-et-dorment-avec-nous-qui-sont-ils\\\/#breadcrumb\",\"itemListElement\":[{\"@type\":\"ListItem\",\"position\":1,\"name\":\"Accueil\",\"item\":\"https:\\\/\\\/fogeka-rdc.org\\\/\"},{\"@type\":\"ListItem\",\"position\":2,\"name\":\"RDC &#8211; OPINION : LES TRA\u00ceTRES DU PAYS DE LUMUMBA MANGENT ET DORMENT AVEC NOUS. QUI SONT-ILS ?\u00a0\u00a0\"}]},{\"@type\":\"WebSite\",\"@id\":\"https:\\\/\\\/fogeka-rdc.org\\\/#website\",\"url\":\"https:\\\/\\\/fogeka-rdc.org\\\/\",\"name\":\"fogeka-rdc\",\"description\":\"Agro foresterie, dans la paix, pour le d\u00e9veloppement\",\"publisher\":{\"@id\":\"https:\\\/\\\/fogeka-rdc.org\\\/#organization\"},\"potentialAction\":[{\"@type\":\"SearchAction\",\"target\":{\"@type\":\"EntryPoint\",\"urlTemplate\":\"https:\\\/\\\/fogeka-rdc.org\\\/?s={search_term_string}\"},\"query-input\":{\"@type\":\"PropertyValueSpecification\",\"valueRequired\":true,\"valueName\":\"search_term_string\"}}],\"inLanguage\":\"fr-FR\"},{\"@type\":\"Organization\",\"@id\":\"https:\\\/\\\/fogeka-rdc.org\\\/#organization\",\"name\":\"fogeka-rdc\",\"url\":\"https:\\\/\\\/fogeka-rdc.org\\\/\",\"logo\":{\"@type\":\"ImageObject\",\"inLanguage\":\"fr-FR\",\"@id\":\"https:\\\/\\\/fogeka-rdc.org\\\/#\\\/schema\\\/logo\\\/image\\\/\",\"url\":\"https:\\\/\\\/fogeka-rdc.org\\\/wp-content\\\/uploads\\\/2025\\\/09\\\/cropped-cropped-WhatsApp-Image-2025-09-12-at-23.09.05.jpeg\",\"contentUrl\":\"https:\\\/\\\/fogeka-rdc.org\\\/wp-content\\\/uploads\\\/2025\\\/09\\\/cropped-cropped-WhatsApp-Image-2025-09-12-at-23.09.05.jpeg\",\"width\":250,\"height\":134,\"caption\":\"fogeka-rdc\"},\"image\":{\"@id\":\"https:\\\/\\\/fogeka-rdc.org\\\/#\\\/schema\\\/logo\\\/image\\\/\"}},{\"@type\":\"Person\",\"@id\":\"https:\\\/\\\/fogeka-rdc.org\\\/#\\\/schema\\\/person\\\/326652cf3d7bfcbab6d224e17d6992ef\",\"name\":\"Fogeka Fogekardc\",\"image\":{\"@type\":\"ImageObject\",\"inLanguage\":\"fr-FR\",\"@id\":\"https:\\\/\\\/secure.gravatar.com\\\/avatar\\\/7409435eb90dab5dd3e21946e11423d79d4fd27d0d76a9a6883c8f31758a7ecd?s=96&d=mm&r=g\",\"url\":\"https:\\\/\\\/secure.gravatar.com\\\/avatar\\\/7409435eb90dab5dd3e21946e11423d79d4fd27d0d76a9a6883c8f31758a7ecd?s=96&d=mm&r=g\",\"contentUrl\":\"https:\\\/\\\/secure.gravatar.com\\\/avatar\\\/7409435eb90dab5dd3e21946e11423d79d4fd27d0d76a9a6883c8f31758a7ecd?s=96&d=mm&r=g\",\"caption\":\"Fogeka Fogekardc\"},\"url\":\"https:\\\/\\\/fogeka-rdc.org\\\/index.php\\\/author\\\/fogeka-admin\\\/\"}]}<\/script>\n<!-- \/ Yoast SEO plugin. -->","yoast_head_json":{"title":"RDC - OPINION : LES TRA\u00ceTRES DU PAYS DE LUMUMBA MANGENT ET DORMENT AVEC NOUS. QUI SONT-ILS ?\u00a0\u00a0 - fogeka-rdc","robots":{"index":"index","follow":"follow","max-snippet":"max-snippet:-1","max-image-preview":"max-image-preview:large","max-video-preview":"max-video-preview:-1"},"canonical":"https:\/\/fogeka-rdc.org\/index.php\/2026\/07\/26\/rdc-opinion-les-traitres-du-pays-de-lumumba-mangent-et-dorment-avec-nous-qui-sont-ils\/","og_locale":"fr_FR","og_type":"article","og_title":"RDC - OPINION : LES TRA\u00ceTRES DU PAYS DE LUMUMBA MANGENT ET DORMENT AVEC NOUS. QUI SONT-ILS ?\u00a0\u00a0 - fogeka-rdc","og_description":"Par: G\u00e9nie Kande Le mensonge et l\u2019hypocrisie enfantent la trahison. D\u2019o\u00f9 viennent le RDF, l\u2019AFC, le M23 et tant d\u2019autres&hellip;","og_url":"https:\/\/fogeka-rdc.org\/index.php\/2026\/07\/26\/rdc-opinion-les-traitres-du-pays-de-lumumba-mangent-et-dorment-avec-nous-qui-sont-ils\/","og_site_name":"fogeka-rdc","article_published_time":"2026-07-26T14:08:34+00:00","article_modified_time":"2026-08-12T14:15:21+00:00","og_image":[{"width":715,"height":715,"url":"https:\/\/fogeka-rdc.org\/wp-content\/uploads\/2026\/08\/Genie-_portrait.jpg","type":"image\/jpeg"}],"author":"Fogeka Fogekardc","twitter_card":"summary_large_image","twitter_misc":{"\u00c9crit par":"Fogeka Fogekardc","Dur\u00e9e de lecture estim\u00e9e":"4 minutes"},"schema":{"@context":"https:\/\/schema.org","@graph":[{"@type":"Article","@id":"https:\/\/fogeka-rdc.org\/index.php\/2026\/07\/26\/rdc-opinion-les-traitres-du-pays-de-lumumba-mangent-et-dorment-avec-nous-qui-sont-ils\/#article","isPartOf":{"@id":"https:\/\/fogeka-rdc.org\/index.php\/2026\/07\/26\/rdc-opinion-les-traitres-du-pays-de-lumumba-mangent-et-dorment-avec-nous-qui-sont-ils\/"},"author":{"name":"Fogeka Fogekardc","@id":"https:\/\/fogeka-rdc.org\/#\/schema\/person\/326652cf3d7bfcbab6d224e17d6992ef"},"headline":"RDC &#8211; OPINION : LES TRA\u00ceTRES DU PAYS DE LUMUMBA MANGENT ET DORMENT AVEC NOUS. QUI SONT-ILS ?\u00a0\u00a0","datePublished":"2026-07-26T14:08:34+00:00","dateModified":"2026-08-12T14:15:21+00:00","mainEntityOfPage":{"@id":"https:\/\/fogeka-rdc.org\/index.php\/2026\/07\/26\/rdc-opinion-les-traitres-du-pays-de-lumumba-mangent-et-dorment-avec-nous-qui-sont-ils\/"},"wordCount":740,"commentCount":0,"publisher":{"@id":"https:\/\/fogeka-rdc.org\/#organization"},"image":{"@id":"https:\/\/fogeka-rdc.org\/index.php\/2026\/07\/26\/rdc-opinion-les-traitres-du-pays-de-lumumba-mangent-et-dorment-avec-nous-qui-sont-ils\/#primaryimage"},"thumbnailUrl":"https:\/\/fogeka-rdc.org\/wp-content\/uploads\/2026\/08\/Genie-_portrait.jpg","articleSection":["Actualit\u00e9"],"inLanguage":"fr-FR","potentialAction":[{"@type":"CommentAction","name":"Comment","target":["https:\/\/fogeka-rdc.org\/index.php\/2026\/07\/26\/rdc-opinion-les-traitres-du-pays-de-lumumba-mangent-et-dorment-avec-nous-qui-sont-ils\/#respond"]}]},{"@type":"WebPage","@id":"https:\/\/fogeka-rdc.org\/index.php\/2026\/07\/26\/rdc-opinion-les-traitres-du-pays-de-lumumba-mangent-et-dorment-avec-nous-qui-sont-ils\/","url":"https:\/\/fogeka-rdc.org\/index.php\/2026\/07\/26\/rdc-opinion-les-traitres-du-pays-de-lumumba-mangent-et-dorment-avec-nous-qui-sont-ils\/","name":"RDC - OPINION : LES TRA\u00ceTRES DU PAYS DE LUMUMBA MANGENT ET DORMENT AVEC NOUS. QUI SONT-ILS ?\u00a0\u00a0 - fogeka-rdc","isPartOf":{"@id":"https:\/\/fogeka-rdc.org\/#website"},"primaryImageOfPage":{"@id":"https:\/\/fogeka-rdc.org\/index.php\/2026\/07\/26\/rdc-opinion-les-traitres-du-pays-de-lumumba-mangent-et-dorment-avec-nous-qui-sont-ils\/#primaryimage"},"image":{"@id":"https:\/\/fogeka-rdc.org\/index.php\/2026\/07\/26\/rdc-opinion-les-traitres-du-pays-de-lumumba-mangent-et-dorment-avec-nous-qui-sont-ils\/#primaryimage"},"thumbnailUrl":"https:\/\/fogeka-rdc.org\/wp-content\/uploads\/2026\/08\/Genie-_portrait.jpg","datePublished":"2026-07-26T14:08:34+00:00","dateModified":"2026-08-12T14:15:21+00:00","breadcrumb":{"@id":"https:\/\/fogeka-rdc.org\/index.php\/2026\/07\/26\/rdc-opinion-les-traitres-du-pays-de-lumumba-mangent-et-dorment-avec-nous-qui-sont-ils\/#breadcrumb"},"inLanguage":"fr-FR","potentialAction":[{"@type":"ReadAction","target":["https:\/\/fogeka-rdc.org\/index.php\/2026\/07\/26\/rdc-opinion-les-traitres-du-pays-de-lumumba-mangent-et-dorment-avec-nous-qui-sont-ils\/"]}]},{"@type":"ImageObject","inLanguage":"fr-FR","@id":"https:\/\/fogeka-rdc.org\/index.php\/2026\/07\/26\/rdc-opinion-les-traitres-du-pays-de-lumumba-mangent-et-dorment-avec-nous-qui-sont-ils\/#primaryimage","url":"https:\/\/fogeka-rdc.org\/wp-content\/uploads\/2026\/08\/Genie-_portrait.jpg","contentUrl":"https:\/\/fogeka-rdc.org\/wp-content\/uploads\/2026\/08\/Genie-_portrait.jpg","width":715,"height":715},{"@type":"BreadcrumbList","@id":"https:\/\/fogeka-rdc.org\/index.php\/2026\/07\/26\/rdc-opinion-les-traitres-du-pays-de-lumumba-mangent-et-dorment-avec-nous-qui-sont-ils\/#breadcrumb","itemListElement":[{"@type":"ListItem","position":1,"name":"Accueil","item":"https:\/\/fogeka-rdc.org\/"},{"@type":"ListItem","position":2,"name":"RDC &#8211; OPINION : LES TRA\u00ceTRES DU PAYS DE LUMUMBA MANGENT ET DORMENT AVEC NOUS. QUI SONT-ILS ?\u00a0\u00a0"}]},{"@type":"WebSite","@id":"https:\/\/fogeka-rdc.org\/#website","url":"https:\/\/fogeka-rdc.org\/","name":"fogeka-rdc","description":"Agro foresterie, dans la paix, pour le d\u00e9veloppement","publisher":{"@id":"https:\/\/fogeka-rdc.org\/#organization"},"potentialAction":[{"@type":"SearchAction","target":{"@type":"EntryPoint","urlTemplate":"https:\/\/fogeka-rdc.org\/?s={search_term_string}"},"query-input":{"@type":"PropertyValueSpecification","valueRequired":true,"valueName":"search_term_string"}}],"inLanguage":"fr-FR"},{"@type":"Organization","@id":"https:\/\/fogeka-rdc.org\/#organization","name":"fogeka-rdc","url":"https:\/\/fogeka-rdc.org\/","logo":{"@type":"ImageObject","inLanguage":"fr-FR","@id":"https:\/\/fogeka-rdc.org\/#\/schema\/logo\/image\/","url":"https:\/\/fogeka-rdc.org\/wp-content\/uploads\/2025\/09\/cropped-cropped-WhatsApp-Image-2025-09-12-at-23.09.05.jpeg","contentUrl":"https:\/\/fogeka-rdc.org\/wp-content\/uploads\/2025\/09\/cropped-cropped-WhatsApp-Image-2025-09-12-at-23.09.05.jpeg","width":250,"height":134,"caption":"fogeka-rdc"},"image":{"@id":"https:\/\/fogeka-rdc.org\/#\/schema\/logo\/image\/"}},{"@type":"Person","@id":"https:\/\/fogeka-rdc.org\/#\/schema\/person\/326652cf3d7bfcbab6d224e17d6992ef","name":"Fogeka Fogekardc","image":{"@type":"ImageObject","inLanguage":"fr-FR","@id":"https:\/\/secure.gravatar.com\/avatar\/7409435eb90dab5dd3e21946e11423d79d4fd27d0d76a9a6883c8f31758a7ecd?s=96&d=mm&r=g","url":"https:\/\/secure.gravatar.com\/avatar\/7409435eb90dab5dd3e21946e11423d79d4fd27d0d76a9a6883c8f31758a7ecd?s=96&d=mm&r=g","contentUrl":"https:\/\/secure.gravatar.com\/avatar\/7409435eb90dab5dd3e21946e11423d79d4fd27d0d76a9a6883c8f31758a7ecd?s=96&d=mm&r=g","caption":"Fogeka Fogekardc"},"url":"https:\/\/fogeka-rdc.org\/index.php\/author\/fogeka-admin\/"}]}},"_links":{"self":[{"href":"https:\/\/fogeka-rdc.org\/index.php\/wp-json\/wp\/v2\/posts\/645","targetHints":{"allow":["GET"]}}],"collection":[{"href":"https:\/\/fogeka-rdc.org\/index.php\/wp-json\/wp\/v2\/posts"}],"about":[{"href":"https:\/\/fogeka-rdc.org\/index.php\/wp-json\/wp\/v2\/types\/post"}],"author":[{"embeddable":true,"href":"https:\/\/fogeka-rdc.org\/index.php\/wp-json\/wp\/v2\/users\/2"}],"replies":[{"embeddable":true,"href":"https:\/\/fogeka-rdc.org\/index.php\/wp-json\/wp\/v2\/comments?post=645"}],"version-history":[{"count":1,"href":"https:\/\/fogeka-rdc.org\/index.php\/wp-json\/wp\/v2\/posts\/645\/revisions"}],"predecessor-version":[{"id":647,"href":"https:\/\/fogeka-rdc.org\/index.php\/wp-json\/wp\/v2\/posts\/645\/revisions\/647"}],"wp:featuredmedia":[{"embeddable":true,"href":"https:\/\/fogeka-rdc.org\/index.php\/wp-json\/wp\/v2\/media\/646"}],"wp:attachment":[{"href":"https:\/\/fogeka-rdc.org\/index.php\/wp-json\/wp\/v2\/media?parent=645"}],"wp:term":[{"taxonomy":"category","embeddable":true,"href":"https:\/\/fogeka-rdc.org\/index.php\/wp-json\/wp\/v2\/categories?post=645"},{"taxonomy":"post_tag","embeddable":true,"href":"https:\/\/fogeka-rdc.org\/index.php\/wp-json\/wp\/v2\/tags?post=645"}],"curies":[{"name":"wp","href":"https:\/\/api.w.org\/{rel}","templated":true}]}}