{"id":650,"date":"2026-07-24T14:21:44","date_gmt":"2026-07-24T14:21:44","guid":{"rendered":"https:\/\/fogeka-rdc.org\/?p=650"},"modified":"2026-08-12T14:26:10","modified_gmt":"2026-08-12T14:26:10","slug":"fogeka-samedi-environment-climat-urgence-a-batir-la-resilience-ecologique","status":"publish","type":"post","link":"https:\/\/fogeka-rdc.org\/index.php\/2026\/07\/24\/fogeka-samedi-environment-climat-urgence-a-batir-la-resilience-ecologique\/","title":{"rendered":"FOGEKA &#8211; SAMEDI ENVIRONMENT :\u00a0 CLIMAT \/\u00a0 URGENCE \u00c0 B\u00c2TIR LA R\u00c9SILIENCE \u00c9COLOGIQUE"},"content":{"rendered":"<p dir=\"ltr\">Par: Genie Kande<\/p>\n<p dir=\"ltr\">Alors que la saison des pluies entre dans sa phase la plus intense, Fogeka Agency tire la sonnette d\u2019alarme. D\u2019apr\u00e8s le croisement des donn\u00e9es de nos experts et des agences m\u00e9t\u00e9orologiques internationales, la RDC, et en particulier Kinshasa, le Bandundu et l\u2019Est du pays, sont expos\u00e9s \u00e0 un risque \u00e9lev\u00e9 de pr\u00e9cipitations violentes et torrentielles d\u2019ici la fin de l\u2019ann\u00e9e 2026.<\/p>\n<p dir=\"ltr\">\n<p dir=\"ltr\">\u00c0 Kinshasa, les temp\u00e9ratures oscillent actuellement entre 22\u00b0C la nuit et 30\u00b0C \u00e0 32\u00b0C le jour. Le taux d\u2019humidit\u00e9 demeure \u00e9lev\u00e9, autour de 77%. Les mod\u00e8les saisonniers annoncent une poursuite de la chaleur, avec des \u00e9pisodes orageux de plus en plus fr\u00e9quents.<\/p>\n<p>&nbsp;<\/p>\n<p dir=\"ltr\">*Septembre et ao\u00fbt sous haute surveillance*<\/p>\n<p dir=\"ltr\">Pour septembre 2026, les pr\u00e9visions font \u00e9tat de 18 jours de pluie sur le mois, avec des maximales comprises entre 34\u00b0C et 37\u00b0C. Des averses mod\u00e9r\u00e9es \u00e0 fortes sont attendues, avec des cumuls pouvant atteindre 7,1 mm en 24h et des pics \u00e0 3,6 mm.<\/p>\n<p dir=\"ltr\">D\u00e8s ao\u00fbt, des \u00e9pisodes de 1,9 mm \u00e0 2,4 mm sont d\u00e9j\u00e0 mod\u00e9lis\u00e9s.<\/p>\n<p>&nbsp;<\/p>\n<p dir=\"ltr\">Le bulletin de vigilance de la Protection Civile du 8 au 9 juin 2026 soulignait d\u00e9j\u00e0 ce contraste : fortes chaleurs au centre du pays et pluies localis\u00e9es \u00e0 l\u2019ouest, avec des risques d\u2019inondations et de glissements de terrain au Kwilu. \u00c0 Kinshasa, le mercure affichait 27\u00b0C sous un ciel nuageux.<\/p>\n<p>&nbsp;<\/p>\n<p dir=\"ltr\"><strong>Les trois dangers identifi\u00e9s par Fogeka Agency<\/strong><\/p>\n<p dir=\"ltr\">Les \u00e9tudes comparatives \u00ab\u00a0saison s\u00e8che \/ saison des pluies\u00a0\u00bb men\u00e9es par Fogeka Agency confirment un danger majeur :<\/p>\n<p dir=\"ltr\">&#8211; Inondations et crues soudaines : Les rivi\u00e8res Kalamu, Ndjili, Gombe, Bitshakutshiaku et Makelele sont particuli\u00e8rement vuln\u00e9rables. Leur d\u00e9bit peut d\u00e9border en quelques heures lors d\u2019orages violents.<\/p>\n<p dir=\"ltr\">&#8211; \u00c9croulement des habitations : De nombreuses maisons, construites en d\u00e9sordre \u00e0 moins de 100 m\u00e8tres des berges, ne disposent d\u2019aucune marge de s\u00e9curit\u00e9. Saturation des sols + pluies torrentielles = glissements et effondrements.<\/p>\n<p dir=\"ltr\">&#8211; Assainissement satur\u00e9 : Caniveaux et collecteurs bouch\u00e9s par les d\u00e9chets bloquent l\u2019\u00e9coulement naturel. R\u00e9sultat : eaux stagnantes, prolif\u00e9ration de maladies et paralysie du transport pour les Kinoises et Kinois.<\/p>\n<p>&nbsp;<\/p>\n<p dir=\"ltr\">5 mesures urgentes pour passer de la r\u00e9action \u00e0 la pr\u00e9vention*<\/p>\n<p dir=\"ltr\">Fogeka Agency appelle les autorit\u00e9s comp\u00e9tentes \u00e0 agir avant octobre :<\/p>\n<p>&nbsp;<\/p>\n<p dir=\"ltr\">1. Curage massif des rivi\u00e8res et des principaux caniveaux.<\/p>\n<p dir=\"ltr\">2. D\u00e9molition des constructions anarchiques dans les zones \u00e0 risque, notamment sous la cote des 100 m des cours d\u2019eau.<\/p>\n<p dir=\"ltr\">3. \u00c9vacuation des d\u00e9chets pour lib\u00e9rer les voies d\u2019eau.<\/p>\n<p dir=\"ltr\">4. Reboisement urbain et p\u00e9riurbain* : les arbres jouent un r\u00f4le d\u2019att\u00e9nuation face aux m\u00e9faits des combustibles fossiles et au r\u00e9chauffement climatique.<\/p>\n<p dir=\"ltr\">5. Cr\u00e9ation d\u2019une unit\u00e9 d\u2019intervention d\u2019urgence catastrophe* \u00e0 l\u2019H\u00f4tel de Ville de Kinshasa, dot\u00e9e d\u2019un plan de transport adapt\u00e9 pour la population.<\/p>\n<p>&nbsp;<\/p>\n<p dir=\"ltr\">\u00c0 cela s\u2019ajoute une *sensibilisation de masse* : ne pas construire sur les collecteurs d\u2019eaux, ne rien jeter dans les caniveaux, et respecter strictement les consignes en cas d\u2019alerte pluie.<\/p>\n<p dir=\"ltr\"><strong>Anticiper plut\u00f4t que subir\u00a0<\/strong><\/p>\n<p dir=\"ltr\">Le climat ne n\u00e9gocie pas. Les mod\u00e8les montrent une tendance \u00e0 la chaleur durable et \u00e0 l\u2019accentuation des ph\u00e9nom\u00e8nes extr\u00eames. Pour Kinshasa, l\u2019heure est \u00e0 l\u2019anticipation.<\/p>\n<p>&nbsp;<\/p>\n<p dir=\"ltr\">\n","protected":false},"excerpt":{"rendered":"<p>Par: Genie Kande Alors que la saison des pluies entre dans sa phase la plus intense, Fogeka Agency tire la&hellip;<\/p>\n","protected":false},"author":2,"featured_media":495,"comment_status":"open","ping_status":"open","sticky":true,"template":"","format":"standard","meta":{"footnotes":""},"categories":[6],"tags":[],"class_list":["post-650","post","type-post","status-publish","format-standard","has-post-thumbnail","hentry","category-environnement"],"yoast_head":"<!-- This site is optimized with the Yoast SEO plugin v28.3 - https:\/\/yoast.com\/product\/yoast-seo-wordpress\/ -->\n<title>FOGEKA - SAMEDI ENVIRONMENT :\u00a0 CLIMAT \/\u00a0 URGENCE \u00c0 B\u00c2TIR LA R\u00c9SILIENCE \u00c9COLOGIQUE - fogeka-rdc<\/title>\n<meta name=\"robots\" content=\"index, follow, max-snippet:-1, max-image-preview:large, max-video-preview:-1\" \/>\n<link rel=\"canonical\" href=\"https:\/\/fogeka-rdc.org\/index.php\/2026\/07\/24\/fogeka-samedi-environment-climat-urgence-a-batir-la-resilience-ecologique\/\" \/>\n<meta property=\"og:locale\" content=\"fr_FR\" \/>\n<meta property=\"og:type\" content=\"article\" \/>\n<meta property=\"og:title\" content=\"FOGEKA - SAMEDI ENVIRONMENT :\u00a0 CLIMAT \/\u00a0 URGENCE \u00c0 B\u00c2TIR LA R\u00c9SILIENCE \u00c9COLOGIQUE - fogeka-rdc\" \/>\n<meta property=\"og:description\" content=\"Par: Genie Kande Alors que la saison des pluies entre dans sa phase la plus intense, Fogeka Agency tire la&hellip;\" \/>\n<meta property=\"og:url\" content=\"https:\/\/fogeka-rdc.org\/index.php\/2026\/07\/24\/fogeka-samedi-environment-climat-urgence-a-batir-la-resilience-ecologique\/\" \/>\n<meta property=\"og:site_name\" content=\"fogeka-rdc\" \/>\n<meta property=\"article:published_time\" content=\"2026-07-24T14:21:44+00:00\" \/>\n<meta property=\"article:modified_time\" content=\"2026-08-12T14:26:10+00:00\" \/>\n<meta property=\"og:image\" content=\"https:\/\/fogeka-rdc.org\/wp-content\/uploads\/2026\/05\/Fogeka_envi-1.jpg\" \/>\n\t<meta property=\"og:image:width\" content=\"1065\" \/>\n\t<meta property=\"og:image:height\" content=\"772\" \/>\n\t<meta property=\"og:image:type\" content=\"image\/jpeg\" \/>\n<meta name=\"author\" content=\"Fogeka Fogekardc\" \/>\n<meta name=\"twitter:card\" content=\"summary_large_image\" \/>\n<meta name=\"twitter:label1\" content=\"\u00c9crit par\" \/>\n\t<meta name=\"twitter:data1\" content=\"Fogeka Fogekardc\" \/>\n\t<meta name=\"twitter:label2\" content=\"Dur\u00e9e de lecture estim\u00e9e\" \/>\n\t<meta name=\"twitter:data2\" content=\"3 minutes\" \/>\n<script type=\"application\/ld+json\" class=\"yoast-schema-graph\">{\"@context\":\"https:\\\/\\\/schema.org\",\"@graph\":[{\"@type\":\"Article\",\"@id\":\"https:\\\/\\\/fogeka-rdc.org\\\/index.php\\\/2026\\\/07\\\/24\\\/fogeka-samedi-environment-climat-urgence-a-batir-la-resilience-ecologique\\\/#article\",\"isPartOf\":{\"@id\":\"https:\\\/\\\/fogeka-rdc.org\\\/index.php\\\/2026\\\/07\\\/24\\\/fogeka-samedi-environment-climat-urgence-a-batir-la-resilience-ecologique\\\/\"},\"author\":{\"name\":\"Fogeka Fogekardc\",\"@id\":\"https:\\\/\\\/fogeka-rdc.org\\\/#\\\/schema\\\/person\\\/326652cf3d7bfcbab6d224e17d6992ef\"},\"headline\":\"FOGEKA &#8211; SAMEDI ENVIRONMENT :\u00a0 CLIMAT \\\/\u00a0 URGENCE \u00c0 B\u00c2TIR LA R\u00c9SILIENCE \u00c9COLOGIQUE\",\"datePublished\":\"2026-07-24T14:21:44+00:00\",\"dateModified\":\"2026-08-12T14:26:10+00:00\",\"mainEntityOfPage\":{\"@id\":\"https:\\\/\\\/fogeka-rdc.org\\\/index.php\\\/2026\\\/07\\\/24\\\/fogeka-samedi-environment-climat-urgence-a-batir-la-resilience-ecologique\\\/\"},\"wordCount\":555,\"commentCount\":0,\"publisher\":{\"@id\":\"https:\\\/\\\/fogeka-rdc.org\\\/#organization\"},\"image\":{\"@id\":\"https:\\\/\\\/fogeka-rdc.org\\\/index.php\\\/2026\\\/07\\\/24\\\/fogeka-samedi-environment-climat-urgence-a-batir-la-resilience-ecologique\\\/#primaryimage\"},\"thumbnailUrl\":\"https:\\\/\\\/fogeka-rdc.org\\\/wp-content\\\/uploads\\\/2026\\\/05\\\/Fogeka_envi-1.jpg\",\"articleSection\":[\"Environnement\"],\"inLanguage\":\"fr-FR\",\"potentialAction\":[{\"@type\":\"CommentAction\",\"name\":\"Comment\",\"target\":[\"https:\\\/\\\/fogeka-rdc.org\\\/index.php\\\/2026\\\/07\\\/24\\\/fogeka-samedi-environment-climat-urgence-a-batir-la-resilience-ecologique\\\/#respond\"]}]},{\"@type\":\"WebPage\",\"@id\":\"https:\\\/\\\/fogeka-rdc.org\\\/index.php\\\/2026\\\/07\\\/24\\\/fogeka-samedi-environment-climat-urgence-a-batir-la-resilience-ecologique\\\/\",\"url\":\"https:\\\/\\\/fogeka-rdc.org\\\/index.php\\\/2026\\\/07\\\/24\\\/fogeka-samedi-environment-climat-urgence-a-batir-la-resilience-ecologique\\\/\",\"name\":\"FOGEKA - SAMEDI ENVIRONMENT :\u00a0 CLIMAT \\\/\u00a0 URGENCE \u00c0 B\u00c2TIR LA R\u00c9SILIENCE \u00c9COLOGIQUE - fogeka-rdc\",\"isPartOf\":{\"@id\":\"https:\\\/\\\/fogeka-rdc.org\\\/#website\"},\"primaryImageOfPage\":{\"@id\":\"https:\\\/\\\/fogeka-rdc.org\\\/index.php\\\/2026\\\/07\\\/24\\\/fogeka-samedi-environment-climat-urgence-a-batir-la-resilience-ecologique\\\/#primaryimage\"},\"image\":{\"@id\":\"https:\\\/\\\/fogeka-rdc.org\\\/index.php\\\/2026\\\/07\\\/24\\\/fogeka-samedi-environment-climat-urgence-a-batir-la-resilience-ecologique\\\/#primaryimage\"},\"thumbnailUrl\":\"https:\\\/\\\/fogeka-rdc.org\\\/wp-content\\\/uploads\\\/2026\\\/05\\\/Fogeka_envi-1.jpg\",\"datePublished\":\"2026-07-24T14:21:44+00:00\",\"dateModified\":\"2026-08-12T14:26:10+00:00\",\"breadcrumb\":{\"@id\":\"https:\\\/\\\/fogeka-rdc.org\\\/index.php\\\/2026\\\/07\\\/24\\\/fogeka-samedi-environment-climat-urgence-a-batir-la-resilience-ecologique\\\/#breadcrumb\"},\"inLanguage\":\"fr-FR\",\"potentialAction\":[{\"@type\":\"ReadAction\",\"target\":[\"https:\\\/\\\/fogeka-rdc.org\\\/index.php\\\/2026\\\/07\\\/24\\\/fogeka-samedi-environment-climat-urgence-a-batir-la-resilience-ecologique\\\/\"]}]},{\"@type\":\"ImageObject\",\"inLanguage\":\"fr-FR\",\"@id\":\"https:\\\/\\\/fogeka-rdc.org\\\/index.php\\\/2026\\\/07\\\/24\\\/fogeka-samedi-environment-climat-urgence-a-batir-la-resilience-ecologique\\\/#primaryimage\",\"url\":\"https:\\\/\\\/fogeka-rdc.org\\\/wp-content\\\/uploads\\\/2026\\\/05\\\/Fogeka_envi-1.jpg\",\"contentUrl\":\"https:\\\/\\\/fogeka-rdc.org\\\/wp-content\\\/uploads\\\/2026\\\/05\\\/Fogeka_envi-1.jpg\",\"width\":1065,\"height\":772},{\"@type\":\"BreadcrumbList\",\"@id\":\"https:\\\/\\\/fogeka-rdc.org\\\/index.php\\\/2026\\\/07\\\/24\\\/fogeka-samedi-environment-climat-urgence-a-batir-la-resilience-ecologique\\\/#breadcrumb\",\"itemListElement\":[{\"@type\":\"ListItem\",\"position\":1,\"name\":\"Accueil\",\"item\":\"https:\\\/\\\/fogeka-rdc.org\\\/\"},{\"@type\":\"ListItem\",\"position\":2,\"name\":\"FOGEKA &#8211; SAMEDI ENVIRONMENT :\u00a0 CLIMAT \\\/\u00a0 URGENCE \u00c0 B\u00c2TIR LA R\u00c9SILIENCE \u00c9COLOGIQUE\"}]},{\"@type\":\"WebSite\",\"@id\":\"https:\\\/\\\/fogeka-rdc.org\\\/#website\",\"url\":\"https:\\\/\\\/fogeka-rdc.org\\\/\",\"name\":\"fogeka-rdc\",\"description\":\"Agro foresterie, dans la paix, pour le d\u00e9veloppement\",\"publisher\":{\"@id\":\"https:\\\/\\\/fogeka-rdc.org\\\/#organization\"},\"potentialAction\":[{\"@type\":\"SearchAction\",\"target\":{\"@type\":\"EntryPoint\",\"urlTemplate\":\"https:\\\/\\\/fogeka-rdc.org\\\/?s={search_term_string}\"},\"query-input\":{\"@type\":\"PropertyValueSpecification\",\"valueRequired\":true,\"valueName\":\"search_term_string\"}}],\"inLanguage\":\"fr-FR\"},{\"@type\":\"Organization\",\"@id\":\"https:\\\/\\\/fogeka-rdc.org\\\/#organization\",\"name\":\"fogeka-rdc\",\"url\":\"https:\\\/\\\/fogeka-rdc.org\\\/\",\"logo\":{\"@type\":\"ImageObject\",\"inLanguage\":\"fr-FR\",\"@id\":\"https:\\\/\\\/fogeka-rdc.org\\\/#\\\/schema\\\/logo\\\/image\\\/\",\"url\":\"https:\\\/\\\/fogeka-rdc.org\\\/wp-content\\\/uploads\\\/2025\\\/09\\\/cropped-cropped-WhatsApp-Image-2025-09-12-at-23.09.05.jpeg\",\"contentUrl\":\"https:\\\/\\\/fogeka-rdc.org\\\/wp-content\\\/uploads\\\/2025\\\/09\\\/cropped-cropped-WhatsApp-Image-2025-09-12-at-23.09.05.jpeg\",\"width\":250,\"height\":134,\"caption\":\"fogeka-rdc\"},\"image\":{\"@id\":\"https:\\\/\\\/fogeka-rdc.org\\\/#\\\/schema\\\/logo\\\/image\\\/\"}},{\"@type\":\"Person\",\"@id\":\"https:\\\/\\\/fogeka-rdc.org\\\/#\\\/schema\\\/person\\\/326652cf3d7bfcbab6d224e17d6992ef\",\"name\":\"Fogeka Fogekardc\",\"image\":{\"@type\":\"ImageObject\",\"inLanguage\":\"fr-FR\",\"@id\":\"https:\\\/\\\/secure.gravatar.com\\\/avatar\\\/7409435eb90dab5dd3e21946e11423d79d4fd27d0d76a9a6883c8f31758a7ecd?s=96&d=mm&r=g\",\"url\":\"https:\\\/\\\/secure.gravatar.com\\\/avatar\\\/7409435eb90dab5dd3e21946e11423d79d4fd27d0d76a9a6883c8f31758a7ecd?s=96&d=mm&r=g\",\"contentUrl\":\"https:\\\/\\\/secure.gravatar.com\\\/avatar\\\/7409435eb90dab5dd3e21946e11423d79d4fd27d0d76a9a6883c8f31758a7ecd?s=96&d=mm&r=g\",\"caption\":\"Fogeka Fogekardc\"},\"url\":\"https:\\\/\\\/fogeka-rdc.org\\\/index.php\\\/author\\\/fogeka-admin\\\/\"}]}<\/script>\n<!-- \/ Yoast SEO plugin. -->","yoast_head_json":{"title":"FOGEKA - SAMEDI ENVIRONMENT :\u00a0 CLIMAT \/\u00a0 URGENCE \u00c0 B\u00c2TIR LA R\u00c9SILIENCE \u00c9COLOGIQUE - fogeka-rdc","robots":{"index":"index","follow":"follow","max-snippet":"max-snippet:-1","max-image-preview":"max-image-preview:large","max-video-preview":"max-video-preview:-1"},"canonical":"https:\/\/fogeka-rdc.org\/index.php\/2026\/07\/24\/fogeka-samedi-environment-climat-urgence-a-batir-la-resilience-ecologique\/","og_locale":"fr_FR","og_type":"article","og_title":"FOGEKA - SAMEDI ENVIRONMENT :\u00a0 CLIMAT \/\u00a0 URGENCE \u00c0 B\u00c2TIR LA R\u00c9SILIENCE \u00c9COLOGIQUE - fogeka-rdc","og_description":"Par: Genie Kande Alors que la saison des pluies entre dans sa phase la plus intense, Fogeka Agency tire la&hellip;","og_url":"https:\/\/fogeka-rdc.org\/index.php\/2026\/07\/24\/fogeka-samedi-environment-climat-urgence-a-batir-la-resilience-ecologique\/","og_site_name":"fogeka-rdc","article_published_time":"2026-07-24T14:21:44+00:00","article_modified_time":"2026-08-12T14:26:10+00:00","og_image":[{"width":1065,"height":772,"url":"https:\/\/fogeka-rdc.org\/wp-content\/uploads\/2026\/05\/Fogeka_envi-1.jpg","type":"image\/jpeg"}],"author":"Fogeka Fogekardc","twitter_card":"summary_large_image","twitter_misc":{"\u00c9crit par":"Fogeka Fogekardc","Dur\u00e9e de lecture estim\u00e9e":"3 minutes"},"schema":{"@context":"https:\/\/schema.org","@graph":[{"@type":"Article","@id":"https:\/\/fogeka-rdc.org\/index.php\/2026\/07\/24\/fogeka-samedi-environment-climat-urgence-a-batir-la-resilience-ecologique\/#article","isPartOf":{"@id":"https:\/\/fogeka-rdc.org\/index.php\/2026\/07\/24\/fogeka-samedi-environment-climat-urgence-a-batir-la-resilience-ecologique\/"},"author":{"name":"Fogeka Fogekardc","@id":"https:\/\/fogeka-rdc.org\/#\/schema\/person\/326652cf3d7bfcbab6d224e17d6992ef"},"headline":"FOGEKA &#8211; SAMEDI ENVIRONMENT :\u00a0 CLIMAT \/\u00a0 URGENCE \u00c0 B\u00c2TIR LA R\u00c9SILIENCE \u00c9COLOGIQUE","datePublished":"2026-07-24T14:21:44+00:00","dateModified":"2026-08-12T14:26:10+00:00","mainEntityOfPage":{"@id":"https:\/\/fogeka-rdc.org\/index.php\/2026\/07\/24\/fogeka-samedi-environment-climat-urgence-a-batir-la-resilience-ecologique\/"},"wordCount":555,"commentCount":0,"publisher":{"@id":"https:\/\/fogeka-rdc.org\/#organization"},"image":{"@id":"https:\/\/fogeka-rdc.org\/index.php\/2026\/07\/24\/fogeka-samedi-environment-climat-urgence-a-batir-la-resilience-ecologique\/#primaryimage"},"thumbnailUrl":"https:\/\/fogeka-rdc.org\/wp-content\/uploads\/2026\/05\/Fogeka_envi-1.jpg","articleSection":["Environnement"],"inLanguage":"fr-FR","potentialAction":[{"@type":"CommentAction","name":"Comment","target":["https:\/\/fogeka-rdc.org\/index.php\/2026\/07\/24\/fogeka-samedi-environment-climat-urgence-a-batir-la-resilience-ecologique\/#respond"]}]},{"@type":"WebPage","@id":"https:\/\/fogeka-rdc.org\/index.php\/2026\/07\/24\/fogeka-samedi-environment-climat-urgence-a-batir-la-resilience-ecologique\/","url":"https:\/\/fogeka-rdc.org\/index.php\/2026\/07\/24\/fogeka-samedi-environment-climat-urgence-a-batir-la-resilience-ecologique\/","name":"FOGEKA - SAMEDI ENVIRONMENT :\u00a0 CLIMAT \/\u00a0 URGENCE \u00c0 B\u00c2TIR LA R\u00c9SILIENCE \u00c9COLOGIQUE - fogeka-rdc","isPartOf":{"@id":"https:\/\/fogeka-rdc.org\/#website"},"primaryImageOfPage":{"@id":"https:\/\/fogeka-rdc.org\/index.php\/2026\/07\/24\/fogeka-samedi-environment-climat-urgence-a-batir-la-resilience-ecologique\/#primaryimage"},"image":{"@id":"https:\/\/fogeka-rdc.org\/index.php\/2026\/07\/24\/fogeka-samedi-environment-climat-urgence-a-batir-la-resilience-ecologique\/#primaryimage"},"thumbnailUrl":"https:\/\/fogeka-rdc.org\/wp-content\/uploads\/2026\/05\/Fogeka_envi-1.jpg","datePublished":"2026-07-24T14:21:44+00:00","dateModified":"2026-08-12T14:26:10+00:00","breadcrumb":{"@id":"https:\/\/fogeka-rdc.org\/index.php\/2026\/07\/24\/fogeka-samedi-environment-climat-urgence-a-batir-la-resilience-ecologique\/#breadcrumb"},"inLanguage":"fr-FR","potentialAction":[{"@type":"ReadAction","target":["https:\/\/fogeka-rdc.org\/index.php\/2026\/07\/24\/fogeka-samedi-environment-climat-urgence-a-batir-la-resilience-ecologique\/"]}]},{"@type":"ImageObject","inLanguage":"fr-FR","@id":"https:\/\/fogeka-rdc.org\/index.php\/2026\/07\/24\/fogeka-samedi-environment-climat-urgence-a-batir-la-resilience-ecologique\/#primaryimage","url":"https:\/\/fogeka-rdc.org\/wp-content\/uploads\/2026\/05\/Fogeka_envi-1.jpg","contentUrl":"https:\/\/fogeka-rdc.org\/wp-content\/uploads\/2026\/05\/Fogeka_envi-1.jpg","width":1065,"height":772},{"@type":"BreadcrumbList","@id":"https:\/\/fogeka-rdc.org\/index.php\/2026\/07\/24\/fogeka-samedi-environment-climat-urgence-a-batir-la-resilience-ecologique\/#breadcrumb","itemListElement":[{"@type":"ListItem","position":1,"name":"Accueil","item":"https:\/\/fogeka-rdc.org\/"},{"@type":"ListItem","position":2,"name":"FOGEKA &#8211; SAMEDI ENVIRONMENT :\u00a0 CLIMAT \/\u00a0 URGENCE \u00c0 B\u00c2TIR LA R\u00c9SILIENCE \u00c9COLOGIQUE"}]},{"@type":"WebSite","@id":"https:\/\/fogeka-rdc.org\/#website","url":"https:\/\/fogeka-rdc.org\/","name":"fogeka-rdc","description":"Agro foresterie, dans la paix, pour le d\u00e9veloppement","publisher":{"@id":"https:\/\/fogeka-rdc.org\/#organization"},"potentialAction":[{"@type":"SearchAction","target":{"@type":"EntryPoint","urlTemplate":"https:\/\/fogeka-rdc.org\/?s={search_term_string}"},"query-input":{"@type":"PropertyValueSpecification","valueRequired":true,"valueName":"search_term_string"}}],"inLanguage":"fr-FR"},{"@type":"Organization","@id":"https:\/\/fogeka-rdc.org\/#organization","name":"fogeka-rdc","url":"https:\/\/fogeka-rdc.org\/","logo":{"@type":"ImageObject","inLanguage":"fr-FR","@id":"https:\/\/fogeka-rdc.org\/#\/schema\/logo\/image\/","url":"https:\/\/fogeka-rdc.org\/wp-content\/uploads\/2025\/09\/cropped-cropped-WhatsApp-Image-2025-09-12-at-23.09.05.jpeg","contentUrl":"https:\/\/fogeka-rdc.org\/wp-content\/uploads\/2025\/09\/cropped-cropped-WhatsApp-Image-2025-09-12-at-23.09.05.jpeg","width":250,"height":134,"caption":"fogeka-rdc"},"image":{"@id":"https:\/\/fogeka-rdc.org\/#\/schema\/logo\/image\/"}},{"@type":"Person","@id":"https:\/\/fogeka-rdc.org\/#\/schema\/person\/326652cf3d7bfcbab6d224e17d6992ef","name":"Fogeka Fogekardc","image":{"@type":"ImageObject","inLanguage":"fr-FR","@id":"https:\/\/secure.gravatar.com\/avatar\/7409435eb90dab5dd3e21946e11423d79d4fd27d0d76a9a6883c8f31758a7ecd?s=96&d=mm&r=g","url":"https:\/\/secure.gravatar.com\/avatar\/7409435eb90dab5dd3e21946e11423d79d4fd27d0d76a9a6883c8f31758a7ecd?s=96&d=mm&r=g","contentUrl":"https:\/\/secure.gravatar.com\/avatar\/7409435eb90dab5dd3e21946e11423d79d4fd27d0d76a9a6883c8f31758a7ecd?s=96&d=mm&r=g","caption":"Fogeka Fogekardc"},"url":"https:\/\/fogeka-rdc.org\/index.php\/author\/fogeka-admin\/"}]}},"_links":{"self":[{"href":"https:\/\/fogeka-rdc.org\/index.php\/wp-json\/wp\/v2\/posts\/650","targetHints":{"allow":["GET"]}}],"collection":[{"href":"https:\/\/fogeka-rdc.org\/index.php\/wp-json\/wp\/v2\/posts"}],"about":[{"href":"https:\/\/fogeka-rdc.org\/index.php\/wp-json\/wp\/v2\/types\/post"}],"author":[{"embeddable":true,"href":"https:\/\/fogeka-rdc.org\/index.php\/wp-json\/wp\/v2\/users\/2"}],"replies":[{"embeddable":true,"href":"https:\/\/fogeka-rdc.org\/index.php\/wp-json\/wp\/v2\/comments?post=650"}],"version-history":[{"count":1,"href":"https:\/\/fogeka-rdc.org\/index.php\/wp-json\/wp\/v2\/posts\/650\/revisions"}],"predecessor-version":[{"id":651,"href":"https:\/\/fogeka-rdc.org\/index.php\/wp-json\/wp\/v2\/posts\/650\/revisions\/651"}],"wp:featuredmedia":[{"embeddable":true,"href":"https:\/\/fogeka-rdc.org\/index.php\/wp-json\/wp\/v2\/media\/495"}],"wp:attachment":[{"href":"https:\/\/fogeka-rdc.org\/index.php\/wp-json\/wp\/v2\/media?parent=650"}],"wp:term":[{"taxonomy":"category","embeddable":true,"href":"https:\/\/fogeka-rdc.org\/index.php\/wp-json\/wp\/v2\/categories?post=650"},{"taxonomy":"post_tag","embeddable":true,"href":"https:\/\/fogeka-rdc.org\/index.php\/wp-json\/wp\/v2\/tags?post=650"}],"curies":[{"name":"wp","href":"https:\/\/api.w.org\/{rel}","templated":true}]}}