{"id":652,"date":"2026-07-24T14:26:19","date_gmt":"2026-07-24T14:26:19","guid":{"rendered":"https:\/\/fogeka-rdc.org\/?p=652"},"modified":"2026-08-12T14:31:22","modified_gmt":"2026-08-12T14:31:22","slug":"rdc-actualite-politique-ludps-reaffirme-la-ligne-de-la-haute-autorite-de-reference","status":"publish","type":"post","link":"https:\/\/fogeka-rdc.org\/index.php\/2026\/07\/24\/rdc-actualite-politique-ludps-reaffirme-la-ligne-de-la-haute-autorite-de-reference\/","title":{"rendered":"RDC &#8211; ACTUALIT\u00c9 POLITIQUE : L\u2019UDPS R\u00c9AFFIRME LA LIGNE DE LA HAUTE AUTORIT\u00c9 DE R\u00c9F\u00c9RENCE"},"content":{"rendered":"<p dir=\"ltr\">Par : G\u00e9nie KANDE<\/p>\n<p>&nbsp;<\/p>\n<p dir=\"ltr\">Quelques jours apr\u00e8s sa communication de v\u00e9rit\u00e9, l\u2019UDPS\/Tshisekedi resserre les rangs. Fid\u00e8le aux orientations de la Haute Autorit\u00e9 de R\u00e9f\u00e9rence, F\u00e9lix Antoine Tshisekedi, le\u00a0 parti pr\u00e9sidentiel clarifie sa position sur l\u2019actualit\u00e9 nationale et r\u00e9affirme sa discipline.<\/p>\n<p>&nbsp;<\/p>\n<p dir=\"ltr\">Dimanche 19 juillet, au si\u00e8ge du Parti \u00e0 Limete, 11\u00e8me Rue R\u00e9sidentielle, *l\u2019Honorable Augustin KABUYA TSHILUMBA*, Secr\u00e9taire G\u00e9n\u00e9ral et Pr\u00e9sident par int\u00e9rim, s\u2019est adress\u00e9 aux militants. Il a dress\u00e9 l\u2019\u00e9tat des lieux de la marche du pays, de la crise s\u00e9curitaire \u00e0 l\u2019Est et de la situation sanitaire dans cinq provinces. Un contexte qui justifie, selon lui, le temps mort observ\u00e9 dans la communication du Parti.<\/p>\n<p>&nbsp;<\/p>\n<p dir=\"ltr\">Sur la question de l\u2019Union Sacr\u00e9e, le SG a \u00e9t\u00e9 cat\u00e9gorique : il n\u2019y a jamais eu de d\u00e9bat ni de discussion entre lui, membre du Pr\u00e9sidium de l\u2019Union Sacr\u00e9e, et le Secr\u00e9tariat Permanent \u00e0 ce sujet.<\/p>\n<p dir=\"ltr\">_\u00ab L\u2019UDPS n\u2019est pas dans l\u2019obligation de dire oui \u00e0 toute organisation de marche initi\u00e9e par l\u2019Union Sacr\u00e9e. Le silence de l\u2019UDPS\/Tshisekedi face \u00e0 la marche convoqu\u00e9e et renonc\u00e9e par Andr\u00e9 MBATA, Secr\u00e9taire Permanent de l\u2019US, en dit long \u00bb_, a-t-il tranch\u00e9.<\/p>\n<p>&nbsp;<\/p>\n<p dir=\"ltr\">\u00c9voquant la question du dialogue national inclusif, le Secr\u00e9taire G\u00e9n\u00e9ral a d\u00e9nonc\u00e9 _\u00ab une d\u00e9marche d\u00e9pourvue de sinc\u00e9rit\u00e9, port\u00e9e par certains acteurs politiques congolais en complicit\u00e9 avec les ennemis de la RDC \u00bb_.<\/p>\n<p dir=\"ltr\">_\u00ab Tant que l\u2019opposition jouera la carte de la trahison, toute d\u00e9marche ou engagement restera class\u00e9 dans les archives du non-important \u00bb_, a-t-il martel\u00e9.<\/p>\n<p>&nbsp;<\/p>\n<p dir=\"ltr\">Bon \u00e9l\u00e8ve des principes et de l\u2019id\u00e9ologie du Parti d\u2019\u00c9tienne TSHISEKEDI wa Mulumba, le Secr\u00e9taire G\u00e9n\u00e9ral a r\u00e9uni, jeudi 23 juillet 2026 au si\u00e8ge national \u00e0 Limete, les membres du Directoire politique.<\/p>\n<p dir=\"ltr\">Deux points \u00e9taient \u00e0 l\u2019ordre du jour :<\/p>\n<p dir=\"ltr\">1.\u00a0 Le rapport de la mission \u00e0 l\u2019\u00c9quateur visant \u00e0 faire respecter la volont\u00e9 de la Haute Autorit\u00e9 de R\u00e9f\u00e9rence qui appelle chaque militante et militant au _\u00ab retour \u00e0 la base \u00bb_ pour l\u2019identification et la r\u00e9organisation a la base.<\/p>\n<p dir=\"ltr\">2.\u00a0 La convocation du dialogue national inclusif par le Pr\u00e9sident de la R\u00e9publique, Son Excellence F\u00e9lix-Antoine TSHISEKEDI TSHILOMBO.<\/p>\n<p>&nbsp;<\/p>\n<p dir=\"ltr\">L\u2019UDPS\/Tshisekedi salue cet engagement en faveur de la paix. _\u00ab La diplomatie joue sa partition, les institutions r\u00e9gionales et internationales la leur. Il revient maintenant aux Congolais de se parler d\u2019une seule voix, pour dire non \u00e0 Paul KAGAME, \u00e0 Joseph KABILA et \u00e0 Corneille NANGAA. Une paix durable sur l\u2019ensemble du territoire national reste possible avec F\u00e9lix Antoine TSHISEKEDI.<\/p>\n<p dir=\"ltr\">\n","protected":false},"excerpt":{"rendered":"<p>Par : G\u00e9nie KANDE &nbsp; Quelques jours apr\u00e8s sa communication de v\u00e9rit\u00e9, l\u2019UDPS\/Tshisekedi resserre les rangs. Fid\u00e8le aux orientations de&hellip;<\/p>\n","protected":false},"author":2,"featured_media":653,"comment_status":"open","ping_status":"open","sticky":true,"template":"","format":"standard","meta":{"footnotes":""},"categories":[14],"tags":[],"class_list":["post-652","post","type-post","status-publish","format-standard","has-post-thumbnail","hentry","category-politique"],"yoast_head":"<!-- This site is optimized with the Yoast SEO plugin v28.3 - https:\/\/yoast.com\/product\/yoast-seo-wordpress\/ -->\n<title>RDC - ACTUALIT\u00c9 POLITIQUE : L\u2019UDPS R\u00c9AFFIRME LA LIGNE DE LA HAUTE AUTORIT\u00c9 DE R\u00c9F\u00c9RENCE - fogeka-rdc<\/title>\n<meta name=\"robots\" content=\"index, follow, max-snippet:-1, max-image-preview:large, max-video-preview:-1\" \/>\n<link rel=\"canonical\" href=\"https:\/\/fogeka-rdc.org\/index.php\/2026\/07\/24\/rdc-actualite-politique-ludps-reaffirme-la-ligne-de-la-haute-autorite-de-reference\/\" \/>\n<meta property=\"og:locale\" content=\"fr_FR\" \/>\n<meta property=\"og:type\" content=\"article\" \/>\n<meta property=\"og:title\" content=\"RDC - ACTUALIT\u00c9 POLITIQUE : L\u2019UDPS R\u00c9AFFIRME LA LIGNE DE LA HAUTE AUTORIT\u00c9 DE R\u00c9F\u00c9RENCE - fogeka-rdc\" \/>\n<meta property=\"og:description\" content=\"Par : G\u00e9nie KANDE &nbsp; Quelques jours apr\u00e8s sa communication de v\u00e9rit\u00e9, l\u2019UDPS\/Tshisekedi resserre les rangs. Fid\u00e8le aux orientations de&hellip;\" \/>\n<meta property=\"og:url\" content=\"https:\/\/fogeka-rdc.org\/index.php\/2026\/07\/24\/rdc-actualite-politique-ludps-reaffirme-la-ligne-de-la-haute-autorite-de-reference\/\" \/>\n<meta property=\"og:site_name\" content=\"fogeka-rdc\" \/>\n<meta property=\"article:published_time\" content=\"2026-07-24T14:26:19+00:00\" \/>\n<meta property=\"article:modified_time\" content=\"2026-08-12T14:31:22+00:00\" \/>\n<meta property=\"og:image\" content=\"https:\/\/fogeka-rdc.org\/wp-content\/uploads\/2026\/08\/UDPS_Directoire.jpg\" \/>\n\t<meta property=\"og:image:width\" content=\"1229\" \/>\n\t<meta property=\"og:image:height\" content=\"814\" \/>\n\t<meta property=\"og:image:type\" content=\"image\/jpeg\" \/>\n<meta name=\"author\" content=\"Fogeka Fogekardc\" \/>\n<meta name=\"twitter:card\" content=\"summary_large_image\" \/>\n<meta name=\"twitter:label1\" content=\"\u00c9crit par\" \/>\n\t<meta name=\"twitter:data1\" content=\"Fogeka Fogekardc\" \/>\n\t<meta name=\"twitter:label2\" content=\"Dur\u00e9e de lecture estim\u00e9e\" \/>\n\t<meta name=\"twitter:data2\" content=\"3 minutes\" \/>\n<script type=\"application\/ld+json\" class=\"yoast-schema-graph\">{\"@context\":\"https:\\\/\\\/schema.org\",\"@graph\":[{\"@type\":\"Article\",\"@id\":\"https:\\\/\\\/fogeka-rdc.org\\\/index.php\\\/2026\\\/07\\\/24\\\/rdc-actualite-politique-ludps-reaffirme-la-ligne-de-la-haute-autorite-de-reference\\\/#article\",\"isPartOf\":{\"@id\":\"https:\\\/\\\/fogeka-rdc.org\\\/index.php\\\/2026\\\/07\\\/24\\\/rdc-actualite-politique-ludps-reaffirme-la-ligne-de-la-haute-autorite-de-reference\\\/\"},\"author\":{\"name\":\"Fogeka Fogekardc\",\"@id\":\"https:\\\/\\\/fogeka-rdc.org\\\/#\\\/schema\\\/person\\\/326652cf3d7bfcbab6d224e17d6992ef\"},\"headline\":\"RDC &#8211; ACTUALIT\u00c9 POLITIQUE : L\u2019UDPS R\u00c9AFFIRME LA LIGNE DE LA HAUTE AUTORIT\u00c9 DE R\u00c9F\u00c9RENCE\",\"datePublished\":\"2026-07-24T14:26:19+00:00\",\"dateModified\":\"2026-08-12T14:31:22+00:00\",\"mainEntityOfPage\":{\"@id\":\"https:\\\/\\\/fogeka-rdc.org\\\/index.php\\\/2026\\\/07\\\/24\\\/rdc-actualite-politique-ludps-reaffirme-la-ligne-de-la-haute-autorite-de-reference\\\/\"},\"wordCount\":474,\"commentCount\":0,\"publisher\":{\"@id\":\"https:\\\/\\\/fogeka-rdc.org\\\/#organization\"},\"image\":{\"@id\":\"https:\\\/\\\/fogeka-rdc.org\\\/index.php\\\/2026\\\/07\\\/24\\\/rdc-actualite-politique-ludps-reaffirme-la-ligne-de-la-haute-autorite-de-reference\\\/#primaryimage\"},\"thumbnailUrl\":\"https:\\\/\\\/fogeka-rdc.org\\\/wp-content\\\/uploads\\\/2026\\\/08\\\/UDPS_Directoire.jpg\",\"articleSection\":[\"Politique\"],\"inLanguage\":\"fr-FR\",\"potentialAction\":[{\"@type\":\"CommentAction\",\"name\":\"Comment\",\"target\":[\"https:\\\/\\\/fogeka-rdc.org\\\/index.php\\\/2026\\\/07\\\/24\\\/rdc-actualite-politique-ludps-reaffirme-la-ligne-de-la-haute-autorite-de-reference\\\/#respond\"]}]},{\"@type\":\"WebPage\",\"@id\":\"https:\\\/\\\/fogeka-rdc.org\\\/index.php\\\/2026\\\/07\\\/24\\\/rdc-actualite-politique-ludps-reaffirme-la-ligne-de-la-haute-autorite-de-reference\\\/\",\"url\":\"https:\\\/\\\/fogeka-rdc.org\\\/index.php\\\/2026\\\/07\\\/24\\\/rdc-actualite-politique-ludps-reaffirme-la-ligne-de-la-haute-autorite-de-reference\\\/\",\"name\":\"RDC - ACTUALIT\u00c9 POLITIQUE : L\u2019UDPS R\u00c9AFFIRME LA LIGNE DE LA HAUTE AUTORIT\u00c9 DE R\u00c9F\u00c9RENCE - fogeka-rdc\",\"isPartOf\":{\"@id\":\"https:\\\/\\\/fogeka-rdc.org\\\/#website\"},\"primaryImageOfPage\":{\"@id\":\"https:\\\/\\\/fogeka-rdc.org\\\/index.php\\\/2026\\\/07\\\/24\\\/rdc-actualite-politique-ludps-reaffirme-la-ligne-de-la-haute-autorite-de-reference\\\/#primaryimage\"},\"image\":{\"@id\":\"https:\\\/\\\/fogeka-rdc.org\\\/index.php\\\/2026\\\/07\\\/24\\\/rdc-actualite-politique-ludps-reaffirme-la-ligne-de-la-haute-autorite-de-reference\\\/#primaryimage\"},\"thumbnailUrl\":\"https:\\\/\\\/fogeka-rdc.org\\\/wp-content\\\/uploads\\\/2026\\\/08\\\/UDPS_Directoire.jpg\",\"datePublished\":\"2026-07-24T14:26:19+00:00\",\"dateModified\":\"2026-08-12T14:31:22+00:00\",\"breadcrumb\":{\"@id\":\"https:\\\/\\\/fogeka-rdc.org\\\/index.php\\\/2026\\\/07\\\/24\\\/rdc-actualite-politique-ludps-reaffirme-la-ligne-de-la-haute-autorite-de-reference\\\/#breadcrumb\"},\"inLanguage\":\"fr-FR\",\"potentialAction\":[{\"@type\":\"ReadAction\",\"target\":[\"https:\\\/\\\/fogeka-rdc.org\\\/index.php\\\/2026\\\/07\\\/24\\\/rdc-actualite-politique-ludps-reaffirme-la-ligne-de-la-haute-autorite-de-reference\\\/\"]}]},{\"@type\":\"ImageObject\",\"inLanguage\":\"fr-FR\",\"@id\":\"https:\\\/\\\/fogeka-rdc.org\\\/index.php\\\/2026\\\/07\\\/24\\\/rdc-actualite-politique-ludps-reaffirme-la-ligne-de-la-haute-autorite-de-reference\\\/#primaryimage\",\"url\":\"https:\\\/\\\/fogeka-rdc.org\\\/wp-content\\\/uploads\\\/2026\\\/08\\\/UDPS_Directoire.jpg\",\"contentUrl\":\"https:\\\/\\\/fogeka-rdc.org\\\/wp-content\\\/uploads\\\/2026\\\/08\\\/UDPS_Directoire.jpg\",\"width\":1229,\"height\":814},{\"@type\":\"BreadcrumbList\",\"@id\":\"https:\\\/\\\/fogeka-rdc.org\\\/index.php\\\/2026\\\/07\\\/24\\\/rdc-actualite-politique-ludps-reaffirme-la-ligne-de-la-haute-autorite-de-reference\\\/#breadcrumb\",\"itemListElement\":[{\"@type\":\"ListItem\",\"position\":1,\"name\":\"Accueil\",\"item\":\"https:\\\/\\\/fogeka-rdc.org\\\/\"},{\"@type\":\"ListItem\",\"position\":2,\"name\":\"RDC &#8211; ACTUALIT\u00c9 POLITIQUE : L\u2019UDPS R\u00c9AFFIRME LA LIGNE DE LA HAUTE AUTORIT\u00c9 DE R\u00c9F\u00c9RENCE\"}]},{\"@type\":\"WebSite\",\"@id\":\"https:\\\/\\\/fogeka-rdc.org\\\/#website\",\"url\":\"https:\\\/\\\/fogeka-rdc.org\\\/\",\"name\":\"fogeka-rdc\",\"description\":\"Agro foresterie, dans la paix, pour le d\u00e9veloppement\",\"publisher\":{\"@id\":\"https:\\\/\\\/fogeka-rdc.org\\\/#organization\"},\"potentialAction\":[{\"@type\":\"SearchAction\",\"target\":{\"@type\":\"EntryPoint\",\"urlTemplate\":\"https:\\\/\\\/fogeka-rdc.org\\\/?s={search_term_string}\"},\"query-input\":{\"@type\":\"PropertyValueSpecification\",\"valueRequired\":true,\"valueName\":\"search_term_string\"}}],\"inLanguage\":\"fr-FR\"},{\"@type\":\"Organization\",\"@id\":\"https:\\\/\\\/fogeka-rdc.org\\\/#organization\",\"name\":\"fogeka-rdc\",\"url\":\"https:\\\/\\\/fogeka-rdc.org\\\/\",\"logo\":{\"@type\":\"ImageObject\",\"inLanguage\":\"fr-FR\",\"@id\":\"https:\\\/\\\/fogeka-rdc.org\\\/#\\\/schema\\\/logo\\\/image\\\/\",\"url\":\"https:\\\/\\\/fogeka-rdc.org\\\/wp-content\\\/uploads\\\/2025\\\/09\\\/cropped-cropped-WhatsApp-Image-2025-09-12-at-23.09.05.jpeg\",\"contentUrl\":\"https:\\\/\\\/fogeka-rdc.org\\\/wp-content\\\/uploads\\\/2025\\\/09\\\/cropped-cropped-WhatsApp-Image-2025-09-12-at-23.09.05.jpeg\",\"width\":250,\"height\":134,\"caption\":\"fogeka-rdc\"},\"image\":{\"@id\":\"https:\\\/\\\/fogeka-rdc.org\\\/#\\\/schema\\\/logo\\\/image\\\/\"}},{\"@type\":\"Person\",\"@id\":\"https:\\\/\\\/fogeka-rdc.org\\\/#\\\/schema\\\/person\\\/326652cf3d7bfcbab6d224e17d6992ef\",\"name\":\"Fogeka Fogekardc\",\"image\":{\"@type\":\"ImageObject\",\"inLanguage\":\"fr-FR\",\"@id\":\"https:\\\/\\\/secure.gravatar.com\\\/avatar\\\/7409435eb90dab5dd3e21946e11423d79d4fd27d0d76a9a6883c8f31758a7ecd?s=96&d=mm&r=g\",\"url\":\"https:\\\/\\\/secure.gravatar.com\\\/avatar\\\/7409435eb90dab5dd3e21946e11423d79d4fd27d0d76a9a6883c8f31758a7ecd?s=96&d=mm&r=g\",\"contentUrl\":\"https:\\\/\\\/secure.gravatar.com\\\/avatar\\\/7409435eb90dab5dd3e21946e11423d79d4fd27d0d76a9a6883c8f31758a7ecd?s=96&d=mm&r=g\",\"caption\":\"Fogeka Fogekardc\"},\"url\":\"https:\\\/\\\/fogeka-rdc.org\\\/index.php\\\/author\\\/fogeka-admin\\\/\"}]}<\/script>\n<!-- \/ Yoast SEO plugin. -->","yoast_head_json":{"title":"RDC - ACTUALIT\u00c9 POLITIQUE : L\u2019UDPS R\u00c9AFFIRME LA LIGNE DE LA HAUTE AUTORIT\u00c9 DE R\u00c9F\u00c9RENCE - fogeka-rdc","robots":{"index":"index","follow":"follow","max-snippet":"max-snippet:-1","max-image-preview":"max-image-preview:large","max-video-preview":"max-video-preview:-1"},"canonical":"https:\/\/fogeka-rdc.org\/index.php\/2026\/07\/24\/rdc-actualite-politique-ludps-reaffirme-la-ligne-de-la-haute-autorite-de-reference\/","og_locale":"fr_FR","og_type":"article","og_title":"RDC - ACTUALIT\u00c9 POLITIQUE : L\u2019UDPS R\u00c9AFFIRME LA LIGNE DE LA HAUTE AUTORIT\u00c9 DE R\u00c9F\u00c9RENCE - fogeka-rdc","og_description":"Par : G\u00e9nie KANDE &nbsp; Quelques jours apr\u00e8s sa communication de v\u00e9rit\u00e9, l\u2019UDPS\/Tshisekedi resserre les rangs. Fid\u00e8le aux orientations de&hellip;","og_url":"https:\/\/fogeka-rdc.org\/index.php\/2026\/07\/24\/rdc-actualite-politique-ludps-reaffirme-la-ligne-de-la-haute-autorite-de-reference\/","og_site_name":"fogeka-rdc","article_published_time":"2026-07-24T14:26:19+00:00","article_modified_time":"2026-08-12T14:31:22+00:00","og_image":[{"width":1229,"height":814,"url":"https:\/\/fogeka-rdc.org\/wp-content\/uploads\/2026\/08\/UDPS_Directoire.jpg","type":"image\/jpeg"}],"author":"Fogeka Fogekardc","twitter_card":"summary_large_image","twitter_misc":{"\u00c9crit par":"Fogeka Fogekardc","Dur\u00e9e de lecture estim\u00e9e":"3 minutes"},"schema":{"@context":"https:\/\/schema.org","@graph":[{"@type":"Article","@id":"https:\/\/fogeka-rdc.org\/index.php\/2026\/07\/24\/rdc-actualite-politique-ludps-reaffirme-la-ligne-de-la-haute-autorite-de-reference\/#article","isPartOf":{"@id":"https:\/\/fogeka-rdc.org\/index.php\/2026\/07\/24\/rdc-actualite-politique-ludps-reaffirme-la-ligne-de-la-haute-autorite-de-reference\/"},"author":{"name":"Fogeka Fogekardc","@id":"https:\/\/fogeka-rdc.org\/#\/schema\/person\/326652cf3d7bfcbab6d224e17d6992ef"},"headline":"RDC &#8211; ACTUALIT\u00c9 POLITIQUE : L\u2019UDPS R\u00c9AFFIRME LA LIGNE DE LA HAUTE AUTORIT\u00c9 DE R\u00c9F\u00c9RENCE","datePublished":"2026-07-24T14:26:19+00:00","dateModified":"2026-08-12T14:31:22+00:00","mainEntityOfPage":{"@id":"https:\/\/fogeka-rdc.org\/index.php\/2026\/07\/24\/rdc-actualite-politique-ludps-reaffirme-la-ligne-de-la-haute-autorite-de-reference\/"},"wordCount":474,"commentCount":0,"publisher":{"@id":"https:\/\/fogeka-rdc.org\/#organization"},"image":{"@id":"https:\/\/fogeka-rdc.org\/index.php\/2026\/07\/24\/rdc-actualite-politique-ludps-reaffirme-la-ligne-de-la-haute-autorite-de-reference\/#primaryimage"},"thumbnailUrl":"https:\/\/fogeka-rdc.org\/wp-content\/uploads\/2026\/08\/UDPS_Directoire.jpg","articleSection":["Politique"],"inLanguage":"fr-FR","potentialAction":[{"@type":"CommentAction","name":"Comment","target":["https:\/\/fogeka-rdc.org\/index.php\/2026\/07\/24\/rdc-actualite-politique-ludps-reaffirme-la-ligne-de-la-haute-autorite-de-reference\/#respond"]}]},{"@type":"WebPage","@id":"https:\/\/fogeka-rdc.org\/index.php\/2026\/07\/24\/rdc-actualite-politique-ludps-reaffirme-la-ligne-de-la-haute-autorite-de-reference\/","url":"https:\/\/fogeka-rdc.org\/index.php\/2026\/07\/24\/rdc-actualite-politique-ludps-reaffirme-la-ligne-de-la-haute-autorite-de-reference\/","name":"RDC - ACTUALIT\u00c9 POLITIQUE : L\u2019UDPS R\u00c9AFFIRME LA LIGNE DE LA HAUTE AUTORIT\u00c9 DE R\u00c9F\u00c9RENCE - fogeka-rdc","isPartOf":{"@id":"https:\/\/fogeka-rdc.org\/#website"},"primaryImageOfPage":{"@id":"https:\/\/fogeka-rdc.org\/index.php\/2026\/07\/24\/rdc-actualite-politique-ludps-reaffirme-la-ligne-de-la-haute-autorite-de-reference\/#primaryimage"},"image":{"@id":"https:\/\/fogeka-rdc.org\/index.php\/2026\/07\/24\/rdc-actualite-politique-ludps-reaffirme-la-ligne-de-la-haute-autorite-de-reference\/#primaryimage"},"thumbnailUrl":"https:\/\/fogeka-rdc.org\/wp-content\/uploads\/2026\/08\/UDPS_Directoire.jpg","datePublished":"2026-07-24T14:26:19+00:00","dateModified":"2026-08-12T14:31:22+00:00","breadcrumb":{"@id":"https:\/\/fogeka-rdc.org\/index.php\/2026\/07\/24\/rdc-actualite-politique-ludps-reaffirme-la-ligne-de-la-haute-autorite-de-reference\/#breadcrumb"},"inLanguage":"fr-FR","potentialAction":[{"@type":"ReadAction","target":["https:\/\/fogeka-rdc.org\/index.php\/2026\/07\/24\/rdc-actualite-politique-ludps-reaffirme-la-ligne-de-la-haute-autorite-de-reference\/"]}]},{"@type":"ImageObject","inLanguage":"fr-FR","@id":"https:\/\/fogeka-rdc.org\/index.php\/2026\/07\/24\/rdc-actualite-politique-ludps-reaffirme-la-ligne-de-la-haute-autorite-de-reference\/#primaryimage","url":"https:\/\/fogeka-rdc.org\/wp-content\/uploads\/2026\/08\/UDPS_Directoire.jpg","contentUrl":"https:\/\/fogeka-rdc.org\/wp-content\/uploads\/2026\/08\/UDPS_Directoire.jpg","width":1229,"height":814},{"@type":"BreadcrumbList","@id":"https:\/\/fogeka-rdc.org\/index.php\/2026\/07\/24\/rdc-actualite-politique-ludps-reaffirme-la-ligne-de-la-haute-autorite-de-reference\/#breadcrumb","itemListElement":[{"@type":"ListItem","position":1,"name":"Accueil","item":"https:\/\/fogeka-rdc.org\/"},{"@type":"ListItem","position":2,"name":"RDC &#8211; ACTUALIT\u00c9 POLITIQUE : L\u2019UDPS R\u00c9AFFIRME LA LIGNE DE LA HAUTE AUTORIT\u00c9 DE R\u00c9F\u00c9RENCE"}]},{"@type":"WebSite","@id":"https:\/\/fogeka-rdc.org\/#website","url":"https:\/\/fogeka-rdc.org\/","name":"fogeka-rdc","description":"Agro foresterie, dans la paix, pour le d\u00e9veloppement","publisher":{"@id":"https:\/\/fogeka-rdc.org\/#organization"},"potentialAction":[{"@type":"SearchAction","target":{"@type":"EntryPoint","urlTemplate":"https:\/\/fogeka-rdc.org\/?s={search_term_string}"},"query-input":{"@type":"PropertyValueSpecification","valueRequired":true,"valueName":"search_term_string"}}],"inLanguage":"fr-FR"},{"@type":"Organization","@id":"https:\/\/fogeka-rdc.org\/#organization","name":"fogeka-rdc","url":"https:\/\/fogeka-rdc.org\/","logo":{"@type":"ImageObject","inLanguage":"fr-FR","@id":"https:\/\/fogeka-rdc.org\/#\/schema\/logo\/image\/","url":"https:\/\/fogeka-rdc.org\/wp-content\/uploads\/2025\/09\/cropped-cropped-WhatsApp-Image-2025-09-12-at-23.09.05.jpeg","contentUrl":"https:\/\/fogeka-rdc.org\/wp-content\/uploads\/2025\/09\/cropped-cropped-WhatsApp-Image-2025-09-12-at-23.09.05.jpeg","width":250,"height":134,"caption":"fogeka-rdc"},"image":{"@id":"https:\/\/fogeka-rdc.org\/#\/schema\/logo\/image\/"}},{"@type":"Person","@id":"https:\/\/fogeka-rdc.org\/#\/schema\/person\/326652cf3d7bfcbab6d224e17d6992ef","name":"Fogeka Fogekardc","image":{"@type":"ImageObject","inLanguage":"fr-FR","@id":"https:\/\/secure.gravatar.com\/avatar\/7409435eb90dab5dd3e21946e11423d79d4fd27d0d76a9a6883c8f31758a7ecd?s=96&d=mm&r=g","url":"https:\/\/secure.gravatar.com\/avatar\/7409435eb90dab5dd3e21946e11423d79d4fd27d0d76a9a6883c8f31758a7ecd?s=96&d=mm&r=g","contentUrl":"https:\/\/secure.gravatar.com\/avatar\/7409435eb90dab5dd3e21946e11423d79d4fd27d0d76a9a6883c8f31758a7ecd?s=96&d=mm&r=g","caption":"Fogeka Fogekardc"},"url":"https:\/\/fogeka-rdc.org\/index.php\/author\/fogeka-admin\/"}]}},"_links":{"self":[{"href":"https:\/\/fogeka-rdc.org\/index.php\/wp-json\/wp\/v2\/posts\/652","targetHints":{"allow":["GET"]}}],"collection":[{"href":"https:\/\/fogeka-rdc.org\/index.php\/wp-json\/wp\/v2\/posts"}],"about":[{"href":"https:\/\/fogeka-rdc.org\/index.php\/wp-json\/wp\/v2\/types\/post"}],"author":[{"embeddable":true,"href":"https:\/\/fogeka-rdc.org\/index.php\/wp-json\/wp\/v2\/users\/2"}],"replies":[{"embeddable":true,"href":"https:\/\/fogeka-rdc.org\/index.php\/wp-json\/wp\/v2\/comments?post=652"}],"version-history":[{"count":1,"href":"https:\/\/fogeka-rdc.org\/index.php\/wp-json\/wp\/v2\/posts\/652\/revisions"}],"predecessor-version":[{"id":654,"href":"https:\/\/fogeka-rdc.org\/index.php\/wp-json\/wp\/v2\/posts\/652\/revisions\/654"}],"wp:featuredmedia":[{"embeddable":true,"href":"https:\/\/fogeka-rdc.org\/index.php\/wp-json\/wp\/v2\/media\/653"}],"wp:attachment":[{"href":"https:\/\/fogeka-rdc.org\/index.php\/wp-json\/wp\/v2\/media?parent=652"}],"wp:term":[{"taxonomy":"category","embeddable":true,"href":"https:\/\/fogeka-rdc.org\/index.php\/wp-json\/wp\/v2\/categories?post=652"},{"taxonomy":"post_tag","embeddable":true,"href":"https:\/\/fogeka-rdc.org\/index.php\/wp-json\/wp\/v2\/tags?post=652"}],"curies":[{"name":"wp","href":"https:\/\/api.w.org\/{rel}","templated":true}]}}