{"id":655,"date":"2026-07-24T14:32:16","date_gmt":"2026-07-24T14:32:16","guid":{"rendered":"https:\/\/fogeka-rdc.org\/?p=655"},"modified":"2026-08-12T14:37:24","modified_gmt":"2026-08-12T14:37:24","slug":"rdc-ebola-judith-suminwa-en-ituri-pour-evaluer-la-riposte-et-reaffirmer-lengagement-de-letat","status":"publish","type":"post","link":"https:\/\/fogeka-rdc.org\/index.php\/2026\/07\/24\/rdc-ebola-judith-suminwa-en-ituri-pour-evaluer-la-riposte-et-reaffirmer-lengagement-de-letat\/","title":{"rendered":"RDC-Ebola : Judith Suminwa en Ituri pour \u00e9valuer la riposte et r\u00e9affirmer l\u2019engagement de l\u2019\u00c9tat"},"content":{"rendered":"<p dir=\"ltr\">\n<p dir=\"ltr\">Par G\u00e9nie Kande<\/p>\n<p dir=\"ltr\">D\u00e9ploy\u00e9e \u00e0 Bunia, la Premi\u00e8re ministre Judith Suminwa Tuluka a \u00e9valu\u00e9 la riposte contre Ebola Bundibugyo et r\u00e9affirm\u00e9 la solidarit\u00e9 du Gouvernement. Entre appuis logistiques, coordination avec les autorit\u00e9s provinciales et mobilisation communautaire, l\u2019Ex\u00e9cutif veut acc\u00e9l\u00e9rer la rupture de la cha\u00eene de* *transmission tout en jetant les bases d\u2019un syst\u00e8me de sant\u00e9 plus r\u00e9silient.<\/p>\n<p dir=\"ltr\">\n<p dir=\"ltr\">La Cheffe du Gouvernement a rencontr\u00e9 \u00e0 Bunia les \u00e9quipes de riposte, les partenaires techniques et les autorit\u00e9s provinciales. Cette mission intervient apr\u00e8s son entretien du 29 mai \u00e0 Kinshasa avec le Directeur g\u00e9n\u00e9ral de l\u2019OMS, le Dr Tedros Adhanom Ghebreyesus. Dans la d\u00e9claration conjointe RDC-OMS, le Gouvernement r\u00e9affirme son \u00ab\u00a0leadership\u00a0\u00bb et son \u00ab\u00a0engagement commun \u00e0 prot\u00e9ger la sant\u00e9 des populations de l\u2019Ituri\u00a0\u00bb.<\/p>\n<p>&nbsp;<\/p>\n<p dir=\"ltr\">\u00a0Sur le terrain, les moyens se renforcent. L\u2019OMS a d\u00e9ploy\u00e9 plus de 35 experts et install\u00e9 des tentes d\u2019isolement \u00e0 l\u2019H\u00f4pital de Bunia. L\u2019UNICEF et le PAM ont achemin\u00e9 plus de 20 tonnes de mat\u00e9riels. La MONUSCO a fourni 2 ambulances, 2 v\u00e9hicules blind\u00e9s et assur\u00e9 un pont a\u00e9rien pour 30 tonnes d\u2019\u00e9quipements. Le gouvernement provincial a, pour sa part, dot\u00e9 le CTE de Rwampara de 3 jeeps et de motos.<\/p>\n<p>&nbsp;<\/p>\n<p dir=\"ltr\">Judith Suminwa a salu\u00e9 l\u2019implication des autorit\u00e9s provinciales. Le Gouvernement r\u00e9it\u00e8re son soutien au *G\u00e9n\u00e9ral major Kasongo Lumumba Gaby* pour son r\u00f4le dans la s\u00e9curisation des zones d\u2019intervention et l\u2019accompagnement des \u00e9quipes sanitaires. \u00ab\u00a0La riposte ne tiendra que si l\u2019action sanitaire et l\u2019action s\u00e9curitaire avancent de concert\u00a0\u00bb, a-t-on soulign\u00e9 lors des \u00e9changes.<\/p>\n<p>&nbsp;<\/p>\n<p dir=\"ltr\">L\u2019OMS insiste sur l\u2019adh\u00e9sion communautaire comme facteur cl\u00e9. Les \u00e9lus de l\u2019Ituri se sont engag\u00e9s \u00e0 intensifier la sensibilisation. Par ailleurs, la RDC et l\u2019Ouganda ont lanc\u00e9 le 23 juin \u00e0 Aru une coop\u00e9ration transfrontali\u00e8re avec partage de donn\u00e9es et laboratoires mobiles \u00e0 Aru et Kasenyi.<\/p>\n<p>&nbsp;<\/p>\n<p dir=\"ltr\">\u00a0Reste le d\u00e9fi des primes des prestataires de sant\u00e9. Le Gouvernement dit travailler \u00e0 des solutions urgentes pour maintenir la motivation des agents de premi\u00e8re ligne.<\/p>\n","protected":false},"excerpt":{"rendered":"<p>Par G\u00e9nie Kande D\u00e9ploy\u00e9e \u00e0 Bunia, la Premi\u00e8re ministre Judith Suminwa Tuluka a \u00e9valu\u00e9 la riposte contre Ebola Bundibugyo et&hellip;<\/p>\n","protected":false},"author":2,"featured_media":656,"comment_status":"open","ping_status":"open","sticky":true,"template":"","format":"standard","meta":{"footnotes":""},"categories":[2],"tags":[],"class_list":["post-655","post","type-post","status-publish","format-standard","has-post-thumbnail","hentry","category-actualite"],"yoast_head":"<!-- This site is optimized with the Yoast SEO plugin v28.4 - https:\/\/yoast.com\/product\/yoast-seo-wordpress\/ -->\n<title>RDC-Ebola : Judith Suminwa en Ituri pour \u00e9valuer la riposte et r\u00e9affirmer l\u2019engagement de l\u2019\u00c9tat - fogeka-rdc<\/title>\n<meta name=\"robots\" content=\"index, follow, max-snippet:-1, max-image-preview:large, max-video-preview:-1\" \/>\n<link rel=\"canonical\" href=\"https:\/\/fogeka-rdc.org\/index.php\/2026\/07\/24\/rdc-ebola-judith-suminwa-en-ituri-pour-evaluer-la-riposte-et-reaffirmer-lengagement-de-letat\/\" \/>\n<meta property=\"og:locale\" content=\"fr_FR\" \/>\n<meta property=\"og:type\" content=\"article\" \/>\n<meta property=\"og:title\" content=\"RDC-Ebola : Judith Suminwa en Ituri pour \u00e9valuer la riposte et r\u00e9affirmer l\u2019engagement de l\u2019\u00c9tat - fogeka-rdc\" \/>\n<meta property=\"og:description\" content=\"Par G\u00e9nie Kande D\u00e9ploy\u00e9e \u00e0 Bunia, la Premi\u00e8re ministre Judith Suminwa Tuluka a \u00e9valu\u00e9 la riposte contre Ebola Bundibugyo et&hellip;\" \/>\n<meta property=\"og:url\" content=\"https:\/\/fogeka-rdc.org\/index.php\/2026\/07\/24\/rdc-ebola-judith-suminwa-en-ituri-pour-evaluer-la-riposte-et-reaffirmer-lengagement-de-letat\/\" \/>\n<meta property=\"og:site_name\" content=\"fogeka-rdc\" \/>\n<meta property=\"article:published_time\" content=\"2026-07-24T14:32:16+00:00\" \/>\n<meta property=\"article:modified_time\" content=\"2026-08-12T14:37:24+00:00\" \/>\n<meta property=\"og:image\" content=\"https:\/\/fogeka-rdc.org\/wp-content\/uploads\/2026\/08\/Suminua-en-Iturie_Ebola.jpg\" \/>\n\t<meta property=\"og:image:width\" content=\"678\" \/>\n\t<meta property=\"og:image:height\" content=\"452\" \/>\n\t<meta property=\"og:image:type\" content=\"image\/jpeg\" \/>\n<meta name=\"author\" content=\"Fogeka Fogekardc\" \/>\n<meta name=\"twitter:card\" content=\"summary_large_image\" \/>\n<meta name=\"twitter:label1\" content=\"\u00c9crit par\" \/>\n\t<meta name=\"twitter:data1\" content=\"Fogeka Fogekardc\" \/>\n\t<meta name=\"twitter:label2\" content=\"Dur\u00e9e de lecture estim\u00e9e\" \/>\n\t<meta name=\"twitter:data2\" content=\"2 minutes\" \/>\n<script type=\"application\/ld+json\" class=\"yoast-schema-graph\">{\"@context\":\"https:\\\/\\\/schema.org\",\"@graph\":[{\"@type\":\"Article\",\"@id\":\"https:\\\/\\\/fogeka-rdc.org\\\/index.php\\\/2026\\\/07\\\/24\\\/rdc-ebola-judith-suminwa-en-ituri-pour-evaluer-la-riposte-et-reaffirmer-lengagement-de-letat\\\/#article\",\"isPartOf\":{\"@id\":\"https:\\\/\\\/fogeka-rdc.org\\\/index.php\\\/2026\\\/07\\\/24\\\/rdc-ebola-judith-suminwa-en-ituri-pour-evaluer-la-riposte-et-reaffirmer-lengagement-de-letat\\\/\"},\"author\":{\"name\":\"Fogeka Fogekardc\",\"@id\":\"https:\\\/\\\/fogeka-rdc.org\\\/#\\\/schema\\\/person\\\/326652cf3d7bfcbab6d224e17d6992ef\"},\"headline\":\"RDC-Ebola : Judith Suminwa en Ituri pour \u00e9valuer la riposte et r\u00e9affirmer l\u2019engagement de l\u2019\u00c9tat\",\"datePublished\":\"2026-07-24T14:32:16+00:00\",\"dateModified\":\"2026-08-12T14:37:24+00:00\",\"mainEntityOfPage\":{\"@id\":\"https:\\\/\\\/fogeka-rdc.org\\\/index.php\\\/2026\\\/07\\\/24\\\/rdc-ebola-judith-suminwa-en-ituri-pour-evaluer-la-riposte-et-reaffirmer-lengagement-de-letat\\\/\"},\"wordCount\":377,\"commentCount\":0,\"publisher\":{\"@id\":\"https:\\\/\\\/fogeka-rdc.org\\\/#organization\"},\"image\":{\"@id\":\"https:\\\/\\\/fogeka-rdc.org\\\/index.php\\\/2026\\\/07\\\/24\\\/rdc-ebola-judith-suminwa-en-ituri-pour-evaluer-la-riposte-et-reaffirmer-lengagement-de-letat\\\/#primaryimage\"},\"thumbnailUrl\":\"https:\\\/\\\/fogeka-rdc.org\\\/wp-content\\\/uploads\\\/2026\\\/08\\\/Suminua-en-Iturie_Ebola.jpg\",\"articleSection\":[\"Actualit\u00e9\"],\"inLanguage\":\"fr-FR\",\"potentialAction\":[{\"@type\":\"CommentAction\",\"name\":\"Comment\",\"target\":[\"https:\\\/\\\/fogeka-rdc.org\\\/index.php\\\/2026\\\/07\\\/24\\\/rdc-ebola-judith-suminwa-en-ituri-pour-evaluer-la-riposte-et-reaffirmer-lengagement-de-letat\\\/#respond\"]}]},{\"@type\":\"WebPage\",\"@id\":\"https:\\\/\\\/fogeka-rdc.org\\\/index.php\\\/2026\\\/07\\\/24\\\/rdc-ebola-judith-suminwa-en-ituri-pour-evaluer-la-riposte-et-reaffirmer-lengagement-de-letat\\\/\",\"url\":\"https:\\\/\\\/fogeka-rdc.org\\\/index.php\\\/2026\\\/07\\\/24\\\/rdc-ebola-judith-suminwa-en-ituri-pour-evaluer-la-riposte-et-reaffirmer-lengagement-de-letat\\\/\",\"name\":\"RDC-Ebola : Judith Suminwa en Ituri pour \u00e9valuer la riposte et r\u00e9affirmer l\u2019engagement de l\u2019\u00c9tat - fogeka-rdc\",\"isPartOf\":{\"@id\":\"https:\\\/\\\/fogeka-rdc.org\\\/#website\"},\"primaryImageOfPage\":{\"@id\":\"https:\\\/\\\/fogeka-rdc.org\\\/index.php\\\/2026\\\/07\\\/24\\\/rdc-ebola-judith-suminwa-en-ituri-pour-evaluer-la-riposte-et-reaffirmer-lengagement-de-letat\\\/#primaryimage\"},\"image\":{\"@id\":\"https:\\\/\\\/fogeka-rdc.org\\\/index.php\\\/2026\\\/07\\\/24\\\/rdc-ebola-judith-suminwa-en-ituri-pour-evaluer-la-riposte-et-reaffirmer-lengagement-de-letat\\\/#primaryimage\"},\"thumbnailUrl\":\"https:\\\/\\\/fogeka-rdc.org\\\/wp-content\\\/uploads\\\/2026\\\/08\\\/Suminua-en-Iturie_Ebola.jpg\",\"datePublished\":\"2026-07-24T14:32:16+00:00\",\"dateModified\":\"2026-08-12T14:37:24+00:00\",\"breadcrumb\":{\"@id\":\"https:\\\/\\\/fogeka-rdc.org\\\/index.php\\\/2026\\\/07\\\/24\\\/rdc-ebola-judith-suminwa-en-ituri-pour-evaluer-la-riposte-et-reaffirmer-lengagement-de-letat\\\/#breadcrumb\"},\"inLanguage\":\"fr-FR\",\"potentialAction\":[{\"@type\":\"ReadAction\",\"target\":[\"https:\\\/\\\/fogeka-rdc.org\\\/index.php\\\/2026\\\/07\\\/24\\\/rdc-ebola-judith-suminwa-en-ituri-pour-evaluer-la-riposte-et-reaffirmer-lengagement-de-letat\\\/\"]}]},{\"@type\":\"ImageObject\",\"inLanguage\":\"fr-FR\",\"@id\":\"https:\\\/\\\/fogeka-rdc.org\\\/index.php\\\/2026\\\/07\\\/24\\\/rdc-ebola-judith-suminwa-en-ituri-pour-evaluer-la-riposte-et-reaffirmer-lengagement-de-letat\\\/#primaryimage\",\"url\":\"https:\\\/\\\/fogeka-rdc.org\\\/wp-content\\\/uploads\\\/2026\\\/08\\\/Suminua-en-Iturie_Ebola.jpg\",\"contentUrl\":\"https:\\\/\\\/fogeka-rdc.org\\\/wp-content\\\/uploads\\\/2026\\\/08\\\/Suminua-en-Iturie_Ebola.jpg\",\"width\":678,\"height\":452},{\"@type\":\"BreadcrumbList\",\"@id\":\"https:\\\/\\\/fogeka-rdc.org\\\/index.php\\\/2026\\\/07\\\/24\\\/rdc-ebola-judith-suminwa-en-ituri-pour-evaluer-la-riposte-et-reaffirmer-lengagement-de-letat\\\/#breadcrumb\",\"itemListElement\":[{\"@type\":\"ListItem\",\"position\":1,\"name\":\"Accueil\",\"item\":\"https:\\\/\\\/fogeka-rdc.org\\\/\"},{\"@type\":\"ListItem\",\"position\":2,\"name\":\"RDC-Ebola : Judith Suminwa en Ituri pour \u00e9valuer la riposte et r\u00e9affirmer l\u2019engagement de l\u2019\u00c9tat\"}]},{\"@type\":\"WebSite\",\"@id\":\"https:\\\/\\\/fogeka-rdc.org\\\/#website\",\"url\":\"https:\\\/\\\/fogeka-rdc.org\\\/\",\"name\":\"fogeka-rdc\",\"description\":\"Agro foresterie, dans la paix, pour le d\u00e9veloppement\",\"publisher\":{\"@id\":\"https:\\\/\\\/fogeka-rdc.org\\\/#organization\"},\"potentialAction\":[{\"@type\":\"SearchAction\",\"target\":{\"@type\":\"EntryPoint\",\"urlTemplate\":\"https:\\\/\\\/fogeka-rdc.org\\\/?s={search_term_string}\"},\"query-input\":{\"@type\":\"PropertyValueSpecification\",\"valueRequired\":true,\"valueName\":\"search_term_string\"}}],\"inLanguage\":\"fr-FR\"},{\"@type\":\"Organization\",\"@id\":\"https:\\\/\\\/fogeka-rdc.org\\\/#organization\",\"name\":\"fogeka-rdc\",\"url\":\"https:\\\/\\\/fogeka-rdc.org\\\/\",\"logo\":{\"@type\":\"ImageObject\",\"inLanguage\":\"fr-FR\",\"@id\":\"https:\\\/\\\/fogeka-rdc.org\\\/#\\\/schema\\\/logo\\\/image\\\/\",\"url\":\"https:\\\/\\\/fogeka-rdc.org\\\/wp-content\\\/uploads\\\/2025\\\/09\\\/cropped-cropped-WhatsApp-Image-2025-09-12-at-23.09.05.jpeg\",\"contentUrl\":\"https:\\\/\\\/fogeka-rdc.org\\\/wp-content\\\/uploads\\\/2025\\\/09\\\/cropped-cropped-WhatsApp-Image-2025-09-12-at-23.09.05.jpeg\",\"width\":250,\"height\":134,\"caption\":\"fogeka-rdc\"},\"image\":{\"@id\":\"https:\\\/\\\/fogeka-rdc.org\\\/#\\\/schema\\\/logo\\\/image\\\/\"}},{\"@type\":\"Person\",\"@id\":\"https:\\\/\\\/fogeka-rdc.org\\\/#\\\/schema\\\/person\\\/326652cf3d7bfcbab6d224e17d6992ef\",\"name\":\"Fogeka Fogekardc\",\"image\":{\"@type\":\"ImageObject\",\"inLanguage\":\"fr-FR\",\"@id\":\"https:\\\/\\\/secure.gravatar.com\\\/avatar\\\/7409435eb90dab5dd3e21946e11423d79d4fd27d0d76a9a6883c8f31758a7ecd?s=96&d=mm&r=g\",\"url\":\"https:\\\/\\\/secure.gravatar.com\\\/avatar\\\/7409435eb90dab5dd3e21946e11423d79d4fd27d0d76a9a6883c8f31758a7ecd?s=96&d=mm&r=g\",\"contentUrl\":\"https:\\\/\\\/secure.gravatar.com\\\/avatar\\\/7409435eb90dab5dd3e21946e11423d79d4fd27d0d76a9a6883c8f31758a7ecd?s=96&d=mm&r=g\",\"caption\":\"Fogeka Fogekardc\"},\"url\":\"https:\\\/\\\/fogeka-rdc.org\\\/index.php\\\/author\\\/fogeka-admin\\\/\"}]}<\/script>\n<!-- \/ Yoast SEO plugin. -->","yoast_head_json":{"title":"RDC-Ebola : Judith Suminwa en Ituri pour \u00e9valuer la riposte et r\u00e9affirmer l\u2019engagement de l\u2019\u00c9tat - fogeka-rdc","robots":{"index":"index","follow":"follow","max-snippet":"max-snippet:-1","max-image-preview":"max-image-preview:large","max-video-preview":"max-video-preview:-1"},"canonical":"https:\/\/fogeka-rdc.org\/index.php\/2026\/07\/24\/rdc-ebola-judith-suminwa-en-ituri-pour-evaluer-la-riposte-et-reaffirmer-lengagement-de-letat\/","og_locale":"fr_FR","og_type":"article","og_title":"RDC-Ebola : Judith Suminwa en Ituri pour \u00e9valuer la riposte et r\u00e9affirmer l\u2019engagement de l\u2019\u00c9tat - fogeka-rdc","og_description":"Par G\u00e9nie Kande D\u00e9ploy\u00e9e \u00e0 Bunia, la Premi\u00e8re ministre Judith Suminwa Tuluka a \u00e9valu\u00e9 la riposte contre Ebola Bundibugyo et&hellip;","og_url":"https:\/\/fogeka-rdc.org\/index.php\/2026\/07\/24\/rdc-ebola-judith-suminwa-en-ituri-pour-evaluer-la-riposte-et-reaffirmer-lengagement-de-letat\/","og_site_name":"fogeka-rdc","article_published_time":"2026-07-24T14:32:16+00:00","article_modified_time":"2026-08-12T14:37:24+00:00","og_image":[{"width":678,"height":452,"url":"https:\/\/fogeka-rdc.org\/wp-content\/uploads\/2026\/08\/Suminua-en-Iturie_Ebola.jpg","type":"image\/jpeg"}],"author":"Fogeka Fogekardc","twitter_card":"summary_large_image","twitter_misc":{"\u00c9crit par":"Fogeka Fogekardc","Dur\u00e9e de lecture estim\u00e9e":"2 minutes"},"schema":{"@context":"https:\/\/schema.org","@graph":[{"@type":"Article","@id":"https:\/\/fogeka-rdc.org\/index.php\/2026\/07\/24\/rdc-ebola-judith-suminwa-en-ituri-pour-evaluer-la-riposte-et-reaffirmer-lengagement-de-letat\/#article","isPartOf":{"@id":"https:\/\/fogeka-rdc.org\/index.php\/2026\/07\/24\/rdc-ebola-judith-suminwa-en-ituri-pour-evaluer-la-riposte-et-reaffirmer-lengagement-de-letat\/"},"author":{"name":"Fogeka Fogekardc","@id":"https:\/\/fogeka-rdc.org\/#\/schema\/person\/326652cf3d7bfcbab6d224e17d6992ef"},"headline":"RDC-Ebola : Judith Suminwa en Ituri pour \u00e9valuer la riposte et r\u00e9affirmer l\u2019engagement de l\u2019\u00c9tat","datePublished":"2026-07-24T14:32:16+00:00","dateModified":"2026-08-12T14:37:24+00:00","mainEntityOfPage":{"@id":"https:\/\/fogeka-rdc.org\/index.php\/2026\/07\/24\/rdc-ebola-judith-suminwa-en-ituri-pour-evaluer-la-riposte-et-reaffirmer-lengagement-de-letat\/"},"wordCount":377,"commentCount":0,"publisher":{"@id":"https:\/\/fogeka-rdc.org\/#organization"},"image":{"@id":"https:\/\/fogeka-rdc.org\/index.php\/2026\/07\/24\/rdc-ebola-judith-suminwa-en-ituri-pour-evaluer-la-riposte-et-reaffirmer-lengagement-de-letat\/#primaryimage"},"thumbnailUrl":"https:\/\/fogeka-rdc.org\/wp-content\/uploads\/2026\/08\/Suminua-en-Iturie_Ebola.jpg","articleSection":["Actualit\u00e9"],"inLanguage":"fr-FR","potentialAction":[{"@type":"CommentAction","name":"Comment","target":["https:\/\/fogeka-rdc.org\/index.php\/2026\/07\/24\/rdc-ebola-judith-suminwa-en-ituri-pour-evaluer-la-riposte-et-reaffirmer-lengagement-de-letat\/#respond"]}]},{"@type":"WebPage","@id":"https:\/\/fogeka-rdc.org\/index.php\/2026\/07\/24\/rdc-ebola-judith-suminwa-en-ituri-pour-evaluer-la-riposte-et-reaffirmer-lengagement-de-letat\/","url":"https:\/\/fogeka-rdc.org\/index.php\/2026\/07\/24\/rdc-ebola-judith-suminwa-en-ituri-pour-evaluer-la-riposte-et-reaffirmer-lengagement-de-letat\/","name":"RDC-Ebola : Judith Suminwa en Ituri pour \u00e9valuer la riposte et r\u00e9affirmer l\u2019engagement de l\u2019\u00c9tat - fogeka-rdc","isPartOf":{"@id":"https:\/\/fogeka-rdc.org\/#website"},"primaryImageOfPage":{"@id":"https:\/\/fogeka-rdc.org\/index.php\/2026\/07\/24\/rdc-ebola-judith-suminwa-en-ituri-pour-evaluer-la-riposte-et-reaffirmer-lengagement-de-letat\/#primaryimage"},"image":{"@id":"https:\/\/fogeka-rdc.org\/index.php\/2026\/07\/24\/rdc-ebola-judith-suminwa-en-ituri-pour-evaluer-la-riposte-et-reaffirmer-lengagement-de-letat\/#primaryimage"},"thumbnailUrl":"https:\/\/fogeka-rdc.org\/wp-content\/uploads\/2026\/08\/Suminua-en-Iturie_Ebola.jpg","datePublished":"2026-07-24T14:32:16+00:00","dateModified":"2026-08-12T14:37:24+00:00","breadcrumb":{"@id":"https:\/\/fogeka-rdc.org\/index.php\/2026\/07\/24\/rdc-ebola-judith-suminwa-en-ituri-pour-evaluer-la-riposte-et-reaffirmer-lengagement-de-letat\/#breadcrumb"},"inLanguage":"fr-FR","potentialAction":[{"@type":"ReadAction","target":["https:\/\/fogeka-rdc.org\/index.php\/2026\/07\/24\/rdc-ebola-judith-suminwa-en-ituri-pour-evaluer-la-riposte-et-reaffirmer-lengagement-de-letat\/"]}]},{"@type":"ImageObject","inLanguage":"fr-FR","@id":"https:\/\/fogeka-rdc.org\/index.php\/2026\/07\/24\/rdc-ebola-judith-suminwa-en-ituri-pour-evaluer-la-riposte-et-reaffirmer-lengagement-de-letat\/#primaryimage","url":"https:\/\/fogeka-rdc.org\/wp-content\/uploads\/2026\/08\/Suminua-en-Iturie_Ebola.jpg","contentUrl":"https:\/\/fogeka-rdc.org\/wp-content\/uploads\/2026\/08\/Suminua-en-Iturie_Ebola.jpg","width":678,"height":452},{"@type":"BreadcrumbList","@id":"https:\/\/fogeka-rdc.org\/index.php\/2026\/07\/24\/rdc-ebola-judith-suminwa-en-ituri-pour-evaluer-la-riposte-et-reaffirmer-lengagement-de-letat\/#breadcrumb","itemListElement":[{"@type":"ListItem","position":1,"name":"Accueil","item":"https:\/\/fogeka-rdc.org\/"},{"@type":"ListItem","position":2,"name":"RDC-Ebola : Judith Suminwa en Ituri pour \u00e9valuer la riposte et r\u00e9affirmer l\u2019engagement de l\u2019\u00c9tat"}]},{"@type":"WebSite","@id":"https:\/\/fogeka-rdc.org\/#website","url":"https:\/\/fogeka-rdc.org\/","name":"fogeka-rdc","description":"Agro foresterie, dans la paix, pour le d\u00e9veloppement","publisher":{"@id":"https:\/\/fogeka-rdc.org\/#organization"},"potentialAction":[{"@type":"SearchAction","target":{"@type":"EntryPoint","urlTemplate":"https:\/\/fogeka-rdc.org\/?s={search_term_string}"},"query-input":{"@type":"PropertyValueSpecification","valueRequired":true,"valueName":"search_term_string"}}],"inLanguage":"fr-FR"},{"@type":"Organization","@id":"https:\/\/fogeka-rdc.org\/#organization","name":"fogeka-rdc","url":"https:\/\/fogeka-rdc.org\/","logo":{"@type":"ImageObject","inLanguage":"fr-FR","@id":"https:\/\/fogeka-rdc.org\/#\/schema\/logo\/image\/","url":"https:\/\/fogeka-rdc.org\/wp-content\/uploads\/2025\/09\/cropped-cropped-WhatsApp-Image-2025-09-12-at-23.09.05.jpeg","contentUrl":"https:\/\/fogeka-rdc.org\/wp-content\/uploads\/2025\/09\/cropped-cropped-WhatsApp-Image-2025-09-12-at-23.09.05.jpeg","width":250,"height":134,"caption":"fogeka-rdc"},"image":{"@id":"https:\/\/fogeka-rdc.org\/#\/schema\/logo\/image\/"}},{"@type":"Person","@id":"https:\/\/fogeka-rdc.org\/#\/schema\/person\/326652cf3d7bfcbab6d224e17d6992ef","name":"Fogeka Fogekardc","image":{"@type":"ImageObject","inLanguage":"fr-FR","@id":"https:\/\/secure.gravatar.com\/avatar\/7409435eb90dab5dd3e21946e11423d79d4fd27d0d76a9a6883c8f31758a7ecd?s=96&d=mm&r=g","url":"https:\/\/secure.gravatar.com\/avatar\/7409435eb90dab5dd3e21946e11423d79d4fd27d0d76a9a6883c8f31758a7ecd?s=96&d=mm&r=g","contentUrl":"https:\/\/secure.gravatar.com\/avatar\/7409435eb90dab5dd3e21946e11423d79d4fd27d0d76a9a6883c8f31758a7ecd?s=96&d=mm&r=g","caption":"Fogeka Fogekardc"},"url":"https:\/\/fogeka-rdc.org\/index.php\/author\/fogeka-admin\/"}]}},"_links":{"self":[{"href":"https:\/\/fogeka-rdc.org\/index.php\/wp-json\/wp\/v2\/posts\/655","targetHints":{"allow":["GET"]}}],"collection":[{"href":"https:\/\/fogeka-rdc.org\/index.php\/wp-json\/wp\/v2\/posts"}],"about":[{"href":"https:\/\/fogeka-rdc.org\/index.php\/wp-json\/wp\/v2\/types\/post"}],"author":[{"embeddable":true,"href":"https:\/\/fogeka-rdc.org\/index.php\/wp-json\/wp\/v2\/users\/2"}],"replies":[{"embeddable":true,"href":"https:\/\/fogeka-rdc.org\/index.php\/wp-json\/wp\/v2\/comments?post=655"}],"version-history":[{"count":1,"href":"https:\/\/fogeka-rdc.org\/index.php\/wp-json\/wp\/v2\/posts\/655\/revisions"}],"predecessor-version":[{"id":657,"href":"https:\/\/fogeka-rdc.org\/index.php\/wp-json\/wp\/v2\/posts\/655\/revisions\/657"}],"wp:featuredmedia":[{"embeddable":true,"href":"https:\/\/fogeka-rdc.org\/index.php\/wp-json\/wp\/v2\/media\/656"}],"wp:attachment":[{"href":"https:\/\/fogeka-rdc.org\/index.php\/wp-json\/wp\/v2\/media?parent=655"}],"wp:term":[{"taxonomy":"category","embeddable":true,"href":"https:\/\/fogeka-rdc.org\/index.php\/wp-json\/wp\/v2\/categories?post=655"},{"taxonomy":"post_tag","embeddable":true,"href":"https:\/\/fogeka-rdc.org\/index.php\/wp-json\/wp\/v2\/tags?post=655"}],"curies":[{"name":"wp","href":"https:\/\/api.w.org\/{rel}","templated":true}]}}