{"id":658,"date":"2026-07-23T14:38:16","date_gmt":"2026-07-23T14:38:16","guid":{"rendered":"https:\/\/fogeka-rdc.org\/?p=658"},"modified":"2026-08-12T14:41:51","modified_gmt":"2026-08-12T14:41:51","slug":"rdc-opinion-verite-diplomatie-et-souverainete-les-trois-piliers-de-lengagement-face-a-lagression","status":"publish","type":"post","link":"https:\/\/fogeka-rdc.org\/index.php\/2026\/07\/23\/rdc-opinion-verite-diplomatie-et-souverainete-les-trois-piliers-de-lengagement-face-a-lagression\/","title":{"rendered":"RDC &#8211; OPINION : V\u00e9rit\u00e9, diplomatie et souverainet\u00e9 : les trois piliers de l\u2019engagement face \u00e0 l\u2019agression"},"content":{"rendered":"<p dir=\"ltr\">\n<p dir=\"ltr\">Par G\u00e9nie Kande,<\/p>\n<p dir=\"ltr\">Kinshasa, le 23 juillet 2026<\/p>\n<p>&nbsp;<\/p>\n<p dir=\"ltr\">\u00a0*Les r\u00e9seaux sociaux sont devenus le th\u00e9\u00e2tre d\u2019intoxications, de mensonges et de manipulations* *orchestr\u00e9es par des opposants. L\u2019objectif : discr\u00e9diter l\u2019engagement du Pr\u00e9sident de la R\u00e9publique en faveur du* *dialogue national inclusif et d\u00e9stabiliser les institutions. Dans ce contexte, il est indispensable de* *rappeler les principes qui fondent la gouvernance de F\u00e9lix-Antoine Tshisekedi : la fermet\u00e9 sur la souverainet\u00e9 du* *territoire national et l\u2019exigence de v\u00e9rit\u00e9 face \u00e0 l\u2019agression du Rwanda.*<\/p>\n<p>&nbsp;<\/p>\n<p dir=\"ltr\">Depuis 2022, la R\u00e9publique d\u00e9mocratique du Congo est confront\u00e9e \u00e0 une r\u00e9alit\u00e9 d\u00e9sormais incontestable : une agression ext\u00e9rieure, m\u00e9thodique et cibl\u00e9e contre son int\u00e9grit\u00e9 territoriale. Dans cette \u00e9preuve, le Pr\u00e9sident de la R\u00e9publique, F\u00e9lix-Antoine Tshisekedi Tshilombo, a fait le choix de la clart\u00e9. Celui de nommer l\u2019ennemi. Celui d\u2019agir.<\/p>\n<p dir=\"ltr\">\n<p dir=\"ltr\">\u00a0*Longtemps tue ou minimis\u00e9e, l\u2019implication directe du Rwanda dans la crise de l\u2019Est, y compris sous la gestion de* *Joseph Kabila, est aujourd\u2019hui \u00e9tablie et document\u00e9e par les Nations Unies, les \u00c9tats-Unis et les organisations de* *d\u00e9fense des droits humains. Des milliers de soldats rwandais combattent aux c\u00f4t\u00e9s du M23. Goma et Bukavu* *ont \u00e9t\u00e9 occup\u00e9es 4ans.* *Des civils ont \u00e9t\u00e9 ex\u00e9cut\u00e9s,* *enlev\u00e9s, viol\u00e9s* .<\/p>\n<p dir=\"ltr\">\u00a0*Le Pr\u00e9sident Tshisekedi a port\u00e9 cette v\u00e9rit\u00e9 sur toutes les tribunes internationales. Car il n\u2019y a pas* *de paix possible tant que l\u2019agresseur n\u2019est pas clairement d\u00e9sign\u00e9.*<\/p>\n<p dir=\"ltr\">\n<p dir=\"ltr\">Loin de toute posture attentiste, F\u00e9lix Tshisekedi impose l\u2019agenda du peuple congolais : souverainet\u00e9 par la diplomatie, stabilit\u00e9 des institutions, d\u00e9veloppement durable. Des r\u00e9solutions du Conseil de s\u00e9curit\u00e9 exigent le retrait imm\u00e9diat du Rwanda et de l\u2019AFC\/M23. Des sanctions cibl\u00e9es frappent les responsables de cette guerre.<\/p>\n<p dir=\"ltr\">Les accords sign\u00e9s \u00e0 Washington en d\u00e9cembre 2025 ont permis le retrait des forces rwandaises d\u2019Uvira en janvier 2026. La diplomatie congolaise ne qu\u00e9mande plus. Elle exige : retrait, justice, r\u00e9parations.<\/p>\n<p dir=\"ltr\">\n<p dir=\"ltr\">\u00a0*Conscient que la souverainet\u00e9 se conquiert aussi sur le terrain, le pr\u00e9sident a engag\u00e9 la refondation des* *FARDC. Formation des troupes, acquisition de mat\u00e9riels modernes, am\u00e9lioration des* *conditions* *du soldat* : l\u2019effort est massif et assum\u00e9.<\/p>\n<p dir=\"ltr\">L\u2019objectif est clair : restaurer l\u2019autorit\u00e9 de l\u2019\u00c9tat sur l\u2019ensemble du territoire national.<\/p>\n<p>&nbsp;<\/p>\n<p dir=\"ltr\">\u00c0 ceux qui brandissent le spectre de la division, le pr\u00e9sident oppose la R\u00e9publique, une et indivisible. Il ne s\u2019agit pas de gouverner une partie du pays, mais de se battre pour que chaque Congolais, de l\u2019Est \u00e0 l\u2019Ouest, retrouve la paix et la dignit\u00e9.<\/p>\n<p>&nbsp;<\/p>\n<p dir=\"ltr\">*Dans ce combat, F\u00e9lix Tshisekedi tient une ligne de conduite : dire la v\u00e9rit\u00e9, d\u00e9fendre la nation, pr\u00e9parer l\u2019avenir. C\u2019est tout le sens de l\u2019engagement pr\u00e9sidentiel.*<\/p>\n<p dir=\"ltr\">\n","protected":false},"excerpt":{"rendered":"<p>Par G\u00e9nie Kande, Kinshasa, le 23 juillet 2026 &nbsp; \u00a0*Les r\u00e9seaux sociaux sont devenus le th\u00e9\u00e2tre d\u2019intoxications, de mensonges et&hellip;<\/p>\n","protected":false},"author":2,"featured_media":659,"comment_status":"open","ping_status":"open","sticky":true,"template":"","format":"standard","meta":{"footnotes":""},"categories":[8],"tags":[],"class_list":["post-658","post","type-post","status-publish","format-standard","has-post-thumbnail","hentry","category-sociale"],"yoast_head":"<!-- This site is optimized with the Yoast SEO plugin v28.3 - https:\/\/yoast.com\/product\/yoast-seo-wordpress\/ -->\n<title>RDC - OPINION : V\u00e9rit\u00e9, diplomatie et souverainet\u00e9 : les trois piliers de l\u2019engagement face \u00e0 l\u2019agression - fogeka-rdc<\/title>\n<meta name=\"robots\" content=\"index, follow, max-snippet:-1, max-image-preview:large, max-video-preview:-1\" \/>\n<link rel=\"canonical\" href=\"https:\/\/fogeka-rdc.org\/index.php\/2026\/07\/23\/rdc-opinion-verite-diplomatie-et-souverainete-les-trois-piliers-de-lengagement-face-a-lagression\/\" \/>\n<meta property=\"og:locale\" content=\"fr_FR\" \/>\n<meta property=\"og:type\" content=\"article\" \/>\n<meta property=\"og:title\" content=\"RDC - OPINION : V\u00e9rit\u00e9, diplomatie et souverainet\u00e9 : les trois piliers de l\u2019engagement face \u00e0 l\u2019agression - fogeka-rdc\" \/>\n<meta property=\"og:description\" content=\"Par G\u00e9nie Kande, Kinshasa, le 23 juillet 2026 &nbsp; \u00a0*Les r\u00e9seaux sociaux sont devenus le th\u00e9\u00e2tre d\u2019intoxications, de mensonges et&hellip;\" \/>\n<meta property=\"og:url\" content=\"https:\/\/fogeka-rdc.org\/index.php\/2026\/07\/23\/rdc-opinion-verite-diplomatie-et-souverainete-les-trois-piliers-de-lengagement-face-a-lagression\/\" \/>\n<meta property=\"og:site_name\" content=\"fogeka-rdc\" \/>\n<meta property=\"article:published_time\" content=\"2026-07-23T14:38:16+00:00\" \/>\n<meta property=\"article:modified_time\" content=\"2026-08-12T14:41:51+00:00\" \/>\n<meta property=\"og:image\" content=\"https:\/\/fogeka-rdc.org\/wp-content\/uploads\/2026\/08\/Genie-_moto.jpg\" \/>\n\t<meta property=\"og:image:width\" content=\"632\" \/>\n\t<meta property=\"og:image:height\" content=\"577\" \/>\n\t<meta property=\"og:image:type\" content=\"image\/jpeg\" \/>\n<meta name=\"author\" content=\"Fogeka Fogekardc\" \/>\n<meta name=\"twitter:card\" content=\"summary_large_image\" \/>\n<meta name=\"twitter:label1\" content=\"\u00c9crit par\" \/>\n\t<meta name=\"twitter:data1\" content=\"Fogeka Fogekardc\" \/>\n\t<meta name=\"twitter:label2\" content=\"Dur\u00e9e de lecture estim\u00e9e\" \/>\n\t<meta name=\"twitter:data2\" content=\"3 minutes\" \/>\n<script type=\"application\/ld+json\" class=\"yoast-schema-graph\">{\"@context\":\"https:\\\/\\\/schema.org\",\"@graph\":[{\"@type\":\"Article\",\"@id\":\"https:\\\/\\\/fogeka-rdc.org\\\/index.php\\\/2026\\\/07\\\/23\\\/rdc-opinion-verite-diplomatie-et-souverainete-les-trois-piliers-de-lengagement-face-a-lagression\\\/#article\",\"isPartOf\":{\"@id\":\"https:\\\/\\\/fogeka-rdc.org\\\/index.php\\\/2026\\\/07\\\/23\\\/rdc-opinion-verite-diplomatie-et-souverainete-les-trois-piliers-de-lengagement-face-a-lagression\\\/\"},\"author\":{\"name\":\"Fogeka Fogekardc\",\"@id\":\"https:\\\/\\\/fogeka-rdc.org\\\/#\\\/schema\\\/person\\\/326652cf3d7bfcbab6d224e17d6992ef\"},\"headline\":\"RDC &#8211; OPINION : V\u00e9rit\u00e9, diplomatie et souverainet\u00e9 : les trois piliers de l\u2019engagement face \u00e0 l\u2019agression\",\"datePublished\":\"2026-07-23T14:38:16+00:00\",\"dateModified\":\"2026-08-12T14:41:51+00:00\",\"mainEntityOfPage\":{\"@id\":\"https:\\\/\\\/fogeka-rdc.org\\\/index.php\\\/2026\\\/07\\\/23\\\/rdc-opinion-verite-diplomatie-et-souverainete-les-trois-piliers-de-lengagement-face-a-lagression\\\/\"},\"wordCount\":502,\"commentCount\":0,\"publisher\":{\"@id\":\"https:\\\/\\\/fogeka-rdc.org\\\/#organization\"},\"image\":{\"@id\":\"https:\\\/\\\/fogeka-rdc.org\\\/index.php\\\/2026\\\/07\\\/23\\\/rdc-opinion-verite-diplomatie-et-souverainete-les-trois-piliers-de-lengagement-face-a-lagression\\\/#primaryimage\"},\"thumbnailUrl\":\"https:\\\/\\\/fogeka-rdc.org\\\/wp-content\\\/uploads\\\/2026\\\/08\\\/Genie-_moto.jpg\",\"articleSection\":[\"Sociale\"],\"inLanguage\":\"fr-FR\",\"potentialAction\":[{\"@type\":\"CommentAction\",\"name\":\"Comment\",\"target\":[\"https:\\\/\\\/fogeka-rdc.org\\\/index.php\\\/2026\\\/07\\\/23\\\/rdc-opinion-verite-diplomatie-et-souverainete-les-trois-piliers-de-lengagement-face-a-lagression\\\/#respond\"]}]},{\"@type\":\"WebPage\",\"@id\":\"https:\\\/\\\/fogeka-rdc.org\\\/index.php\\\/2026\\\/07\\\/23\\\/rdc-opinion-verite-diplomatie-et-souverainete-les-trois-piliers-de-lengagement-face-a-lagression\\\/\",\"url\":\"https:\\\/\\\/fogeka-rdc.org\\\/index.php\\\/2026\\\/07\\\/23\\\/rdc-opinion-verite-diplomatie-et-souverainete-les-trois-piliers-de-lengagement-face-a-lagression\\\/\",\"name\":\"RDC - OPINION : V\u00e9rit\u00e9, diplomatie et souverainet\u00e9 : les trois piliers de l\u2019engagement face \u00e0 l\u2019agression - fogeka-rdc\",\"isPartOf\":{\"@id\":\"https:\\\/\\\/fogeka-rdc.org\\\/#website\"},\"primaryImageOfPage\":{\"@id\":\"https:\\\/\\\/fogeka-rdc.org\\\/index.php\\\/2026\\\/07\\\/23\\\/rdc-opinion-verite-diplomatie-et-souverainete-les-trois-piliers-de-lengagement-face-a-lagression\\\/#primaryimage\"},\"image\":{\"@id\":\"https:\\\/\\\/fogeka-rdc.org\\\/index.php\\\/2026\\\/07\\\/23\\\/rdc-opinion-verite-diplomatie-et-souverainete-les-trois-piliers-de-lengagement-face-a-lagression\\\/#primaryimage\"},\"thumbnailUrl\":\"https:\\\/\\\/fogeka-rdc.org\\\/wp-content\\\/uploads\\\/2026\\\/08\\\/Genie-_moto.jpg\",\"datePublished\":\"2026-07-23T14:38:16+00:00\",\"dateModified\":\"2026-08-12T14:41:51+00:00\",\"breadcrumb\":{\"@id\":\"https:\\\/\\\/fogeka-rdc.org\\\/index.php\\\/2026\\\/07\\\/23\\\/rdc-opinion-verite-diplomatie-et-souverainete-les-trois-piliers-de-lengagement-face-a-lagression\\\/#breadcrumb\"},\"inLanguage\":\"fr-FR\",\"potentialAction\":[{\"@type\":\"ReadAction\",\"target\":[\"https:\\\/\\\/fogeka-rdc.org\\\/index.php\\\/2026\\\/07\\\/23\\\/rdc-opinion-verite-diplomatie-et-souverainete-les-trois-piliers-de-lengagement-face-a-lagression\\\/\"]}]},{\"@type\":\"ImageObject\",\"inLanguage\":\"fr-FR\",\"@id\":\"https:\\\/\\\/fogeka-rdc.org\\\/index.php\\\/2026\\\/07\\\/23\\\/rdc-opinion-verite-diplomatie-et-souverainete-les-trois-piliers-de-lengagement-face-a-lagression\\\/#primaryimage\",\"url\":\"https:\\\/\\\/fogeka-rdc.org\\\/wp-content\\\/uploads\\\/2026\\\/08\\\/Genie-_moto.jpg\",\"contentUrl\":\"https:\\\/\\\/fogeka-rdc.org\\\/wp-content\\\/uploads\\\/2026\\\/08\\\/Genie-_moto.jpg\",\"width\":632,\"height\":577},{\"@type\":\"BreadcrumbList\",\"@id\":\"https:\\\/\\\/fogeka-rdc.org\\\/index.php\\\/2026\\\/07\\\/23\\\/rdc-opinion-verite-diplomatie-et-souverainete-les-trois-piliers-de-lengagement-face-a-lagression\\\/#breadcrumb\",\"itemListElement\":[{\"@type\":\"ListItem\",\"position\":1,\"name\":\"Accueil\",\"item\":\"https:\\\/\\\/fogeka-rdc.org\\\/\"},{\"@type\":\"ListItem\",\"position\":2,\"name\":\"RDC &#8211; OPINION : V\u00e9rit\u00e9, diplomatie et souverainet\u00e9 : les trois piliers de l\u2019engagement face \u00e0 l\u2019agression\"}]},{\"@type\":\"WebSite\",\"@id\":\"https:\\\/\\\/fogeka-rdc.org\\\/#website\",\"url\":\"https:\\\/\\\/fogeka-rdc.org\\\/\",\"name\":\"fogeka-rdc\",\"description\":\"Agro foresterie, dans la paix, pour le d\u00e9veloppement\",\"publisher\":{\"@id\":\"https:\\\/\\\/fogeka-rdc.org\\\/#organization\"},\"potentialAction\":[{\"@type\":\"SearchAction\",\"target\":{\"@type\":\"EntryPoint\",\"urlTemplate\":\"https:\\\/\\\/fogeka-rdc.org\\\/?s={search_term_string}\"},\"query-input\":{\"@type\":\"PropertyValueSpecification\",\"valueRequired\":true,\"valueName\":\"search_term_string\"}}],\"inLanguage\":\"fr-FR\"},{\"@type\":\"Organization\",\"@id\":\"https:\\\/\\\/fogeka-rdc.org\\\/#organization\",\"name\":\"fogeka-rdc\",\"url\":\"https:\\\/\\\/fogeka-rdc.org\\\/\",\"logo\":{\"@type\":\"ImageObject\",\"inLanguage\":\"fr-FR\",\"@id\":\"https:\\\/\\\/fogeka-rdc.org\\\/#\\\/schema\\\/logo\\\/image\\\/\",\"url\":\"https:\\\/\\\/fogeka-rdc.org\\\/wp-content\\\/uploads\\\/2025\\\/09\\\/cropped-cropped-WhatsApp-Image-2025-09-12-at-23.09.05.jpeg\",\"contentUrl\":\"https:\\\/\\\/fogeka-rdc.org\\\/wp-content\\\/uploads\\\/2025\\\/09\\\/cropped-cropped-WhatsApp-Image-2025-09-12-at-23.09.05.jpeg\",\"width\":250,\"height\":134,\"caption\":\"fogeka-rdc\"},\"image\":{\"@id\":\"https:\\\/\\\/fogeka-rdc.org\\\/#\\\/schema\\\/logo\\\/image\\\/\"}},{\"@type\":\"Person\",\"@id\":\"https:\\\/\\\/fogeka-rdc.org\\\/#\\\/schema\\\/person\\\/326652cf3d7bfcbab6d224e17d6992ef\",\"name\":\"Fogeka Fogekardc\",\"image\":{\"@type\":\"ImageObject\",\"inLanguage\":\"fr-FR\",\"@id\":\"https:\\\/\\\/secure.gravatar.com\\\/avatar\\\/7409435eb90dab5dd3e21946e11423d79d4fd27d0d76a9a6883c8f31758a7ecd?s=96&d=mm&r=g\",\"url\":\"https:\\\/\\\/secure.gravatar.com\\\/avatar\\\/7409435eb90dab5dd3e21946e11423d79d4fd27d0d76a9a6883c8f31758a7ecd?s=96&d=mm&r=g\",\"contentUrl\":\"https:\\\/\\\/secure.gravatar.com\\\/avatar\\\/7409435eb90dab5dd3e21946e11423d79d4fd27d0d76a9a6883c8f31758a7ecd?s=96&d=mm&r=g\",\"caption\":\"Fogeka Fogekardc\"},\"url\":\"https:\\\/\\\/fogeka-rdc.org\\\/index.php\\\/author\\\/fogeka-admin\\\/\"}]}<\/script>\n<!-- \/ Yoast SEO plugin. -->","yoast_head_json":{"title":"RDC - OPINION : V\u00e9rit\u00e9, diplomatie et souverainet\u00e9 : les trois piliers de l\u2019engagement face \u00e0 l\u2019agression - fogeka-rdc","robots":{"index":"index","follow":"follow","max-snippet":"max-snippet:-1","max-image-preview":"max-image-preview:large","max-video-preview":"max-video-preview:-1"},"canonical":"https:\/\/fogeka-rdc.org\/index.php\/2026\/07\/23\/rdc-opinion-verite-diplomatie-et-souverainete-les-trois-piliers-de-lengagement-face-a-lagression\/","og_locale":"fr_FR","og_type":"article","og_title":"RDC - OPINION : V\u00e9rit\u00e9, diplomatie et souverainet\u00e9 : les trois piliers de l\u2019engagement face \u00e0 l\u2019agression - fogeka-rdc","og_description":"Par G\u00e9nie Kande, Kinshasa, le 23 juillet 2026 &nbsp; \u00a0*Les r\u00e9seaux sociaux sont devenus le th\u00e9\u00e2tre d\u2019intoxications, de mensonges et&hellip;","og_url":"https:\/\/fogeka-rdc.org\/index.php\/2026\/07\/23\/rdc-opinion-verite-diplomatie-et-souverainete-les-trois-piliers-de-lengagement-face-a-lagression\/","og_site_name":"fogeka-rdc","article_published_time":"2026-07-23T14:38:16+00:00","article_modified_time":"2026-08-12T14:41:51+00:00","og_image":[{"width":632,"height":577,"url":"https:\/\/fogeka-rdc.org\/wp-content\/uploads\/2026\/08\/Genie-_moto.jpg","type":"image\/jpeg"}],"author":"Fogeka Fogekardc","twitter_card":"summary_large_image","twitter_misc":{"\u00c9crit par":"Fogeka Fogekardc","Dur\u00e9e de lecture estim\u00e9e":"3 minutes"},"schema":{"@context":"https:\/\/schema.org","@graph":[{"@type":"Article","@id":"https:\/\/fogeka-rdc.org\/index.php\/2026\/07\/23\/rdc-opinion-verite-diplomatie-et-souverainete-les-trois-piliers-de-lengagement-face-a-lagression\/#article","isPartOf":{"@id":"https:\/\/fogeka-rdc.org\/index.php\/2026\/07\/23\/rdc-opinion-verite-diplomatie-et-souverainete-les-trois-piliers-de-lengagement-face-a-lagression\/"},"author":{"name":"Fogeka Fogekardc","@id":"https:\/\/fogeka-rdc.org\/#\/schema\/person\/326652cf3d7bfcbab6d224e17d6992ef"},"headline":"RDC &#8211; OPINION : V\u00e9rit\u00e9, diplomatie et souverainet\u00e9 : les trois piliers de l\u2019engagement face \u00e0 l\u2019agression","datePublished":"2026-07-23T14:38:16+00:00","dateModified":"2026-08-12T14:41:51+00:00","mainEntityOfPage":{"@id":"https:\/\/fogeka-rdc.org\/index.php\/2026\/07\/23\/rdc-opinion-verite-diplomatie-et-souverainete-les-trois-piliers-de-lengagement-face-a-lagression\/"},"wordCount":502,"commentCount":0,"publisher":{"@id":"https:\/\/fogeka-rdc.org\/#organization"},"image":{"@id":"https:\/\/fogeka-rdc.org\/index.php\/2026\/07\/23\/rdc-opinion-verite-diplomatie-et-souverainete-les-trois-piliers-de-lengagement-face-a-lagression\/#primaryimage"},"thumbnailUrl":"https:\/\/fogeka-rdc.org\/wp-content\/uploads\/2026\/08\/Genie-_moto.jpg","articleSection":["Sociale"],"inLanguage":"fr-FR","potentialAction":[{"@type":"CommentAction","name":"Comment","target":["https:\/\/fogeka-rdc.org\/index.php\/2026\/07\/23\/rdc-opinion-verite-diplomatie-et-souverainete-les-trois-piliers-de-lengagement-face-a-lagression\/#respond"]}]},{"@type":"WebPage","@id":"https:\/\/fogeka-rdc.org\/index.php\/2026\/07\/23\/rdc-opinion-verite-diplomatie-et-souverainete-les-trois-piliers-de-lengagement-face-a-lagression\/","url":"https:\/\/fogeka-rdc.org\/index.php\/2026\/07\/23\/rdc-opinion-verite-diplomatie-et-souverainete-les-trois-piliers-de-lengagement-face-a-lagression\/","name":"RDC - OPINION : V\u00e9rit\u00e9, diplomatie et souverainet\u00e9 : les trois piliers de l\u2019engagement face \u00e0 l\u2019agression - fogeka-rdc","isPartOf":{"@id":"https:\/\/fogeka-rdc.org\/#website"},"primaryImageOfPage":{"@id":"https:\/\/fogeka-rdc.org\/index.php\/2026\/07\/23\/rdc-opinion-verite-diplomatie-et-souverainete-les-trois-piliers-de-lengagement-face-a-lagression\/#primaryimage"},"image":{"@id":"https:\/\/fogeka-rdc.org\/index.php\/2026\/07\/23\/rdc-opinion-verite-diplomatie-et-souverainete-les-trois-piliers-de-lengagement-face-a-lagression\/#primaryimage"},"thumbnailUrl":"https:\/\/fogeka-rdc.org\/wp-content\/uploads\/2026\/08\/Genie-_moto.jpg","datePublished":"2026-07-23T14:38:16+00:00","dateModified":"2026-08-12T14:41:51+00:00","breadcrumb":{"@id":"https:\/\/fogeka-rdc.org\/index.php\/2026\/07\/23\/rdc-opinion-verite-diplomatie-et-souverainete-les-trois-piliers-de-lengagement-face-a-lagression\/#breadcrumb"},"inLanguage":"fr-FR","potentialAction":[{"@type":"ReadAction","target":["https:\/\/fogeka-rdc.org\/index.php\/2026\/07\/23\/rdc-opinion-verite-diplomatie-et-souverainete-les-trois-piliers-de-lengagement-face-a-lagression\/"]}]},{"@type":"ImageObject","inLanguage":"fr-FR","@id":"https:\/\/fogeka-rdc.org\/index.php\/2026\/07\/23\/rdc-opinion-verite-diplomatie-et-souverainete-les-trois-piliers-de-lengagement-face-a-lagression\/#primaryimage","url":"https:\/\/fogeka-rdc.org\/wp-content\/uploads\/2026\/08\/Genie-_moto.jpg","contentUrl":"https:\/\/fogeka-rdc.org\/wp-content\/uploads\/2026\/08\/Genie-_moto.jpg","width":632,"height":577},{"@type":"BreadcrumbList","@id":"https:\/\/fogeka-rdc.org\/index.php\/2026\/07\/23\/rdc-opinion-verite-diplomatie-et-souverainete-les-trois-piliers-de-lengagement-face-a-lagression\/#breadcrumb","itemListElement":[{"@type":"ListItem","position":1,"name":"Accueil","item":"https:\/\/fogeka-rdc.org\/"},{"@type":"ListItem","position":2,"name":"RDC &#8211; OPINION : V\u00e9rit\u00e9, diplomatie et souverainet\u00e9 : les trois piliers de l\u2019engagement face \u00e0 l\u2019agression"}]},{"@type":"WebSite","@id":"https:\/\/fogeka-rdc.org\/#website","url":"https:\/\/fogeka-rdc.org\/","name":"fogeka-rdc","description":"Agro foresterie, dans la paix, pour le d\u00e9veloppement","publisher":{"@id":"https:\/\/fogeka-rdc.org\/#organization"},"potentialAction":[{"@type":"SearchAction","target":{"@type":"EntryPoint","urlTemplate":"https:\/\/fogeka-rdc.org\/?s={search_term_string}"},"query-input":{"@type":"PropertyValueSpecification","valueRequired":true,"valueName":"search_term_string"}}],"inLanguage":"fr-FR"},{"@type":"Organization","@id":"https:\/\/fogeka-rdc.org\/#organization","name":"fogeka-rdc","url":"https:\/\/fogeka-rdc.org\/","logo":{"@type":"ImageObject","inLanguage":"fr-FR","@id":"https:\/\/fogeka-rdc.org\/#\/schema\/logo\/image\/","url":"https:\/\/fogeka-rdc.org\/wp-content\/uploads\/2025\/09\/cropped-cropped-WhatsApp-Image-2025-09-12-at-23.09.05.jpeg","contentUrl":"https:\/\/fogeka-rdc.org\/wp-content\/uploads\/2025\/09\/cropped-cropped-WhatsApp-Image-2025-09-12-at-23.09.05.jpeg","width":250,"height":134,"caption":"fogeka-rdc"},"image":{"@id":"https:\/\/fogeka-rdc.org\/#\/schema\/logo\/image\/"}},{"@type":"Person","@id":"https:\/\/fogeka-rdc.org\/#\/schema\/person\/326652cf3d7bfcbab6d224e17d6992ef","name":"Fogeka Fogekardc","image":{"@type":"ImageObject","inLanguage":"fr-FR","@id":"https:\/\/secure.gravatar.com\/avatar\/7409435eb90dab5dd3e21946e11423d79d4fd27d0d76a9a6883c8f31758a7ecd?s=96&d=mm&r=g","url":"https:\/\/secure.gravatar.com\/avatar\/7409435eb90dab5dd3e21946e11423d79d4fd27d0d76a9a6883c8f31758a7ecd?s=96&d=mm&r=g","contentUrl":"https:\/\/secure.gravatar.com\/avatar\/7409435eb90dab5dd3e21946e11423d79d4fd27d0d76a9a6883c8f31758a7ecd?s=96&d=mm&r=g","caption":"Fogeka Fogekardc"},"url":"https:\/\/fogeka-rdc.org\/index.php\/author\/fogeka-admin\/"}]}},"_links":{"self":[{"href":"https:\/\/fogeka-rdc.org\/index.php\/wp-json\/wp\/v2\/posts\/658","targetHints":{"allow":["GET"]}}],"collection":[{"href":"https:\/\/fogeka-rdc.org\/index.php\/wp-json\/wp\/v2\/posts"}],"about":[{"href":"https:\/\/fogeka-rdc.org\/index.php\/wp-json\/wp\/v2\/types\/post"}],"author":[{"embeddable":true,"href":"https:\/\/fogeka-rdc.org\/index.php\/wp-json\/wp\/v2\/users\/2"}],"replies":[{"embeddable":true,"href":"https:\/\/fogeka-rdc.org\/index.php\/wp-json\/wp\/v2\/comments?post=658"}],"version-history":[{"count":1,"href":"https:\/\/fogeka-rdc.org\/index.php\/wp-json\/wp\/v2\/posts\/658\/revisions"}],"predecessor-version":[{"id":660,"href":"https:\/\/fogeka-rdc.org\/index.php\/wp-json\/wp\/v2\/posts\/658\/revisions\/660"}],"wp:featuredmedia":[{"embeddable":true,"href":"https:\/\/fogeka-rdc.org\/index.php\/wp-json\/wp\/v2\/media\/659"}],"wp:attachment":[{"href":"https:\/\/fogeka-rdc.org\/index.php\/wp-json\/wp\/v2\/media?parent=658"}],"wp:term":[{"taxonomy":"category","embeddable":true,"href":"https:\/\/fogeka-rdc.org\/index.php\/wp-json\/wp\/v2\/categories?post=658"},{"taxonomy":"post_tag","embeddable":true,"href":"https:\/\/fogeka-rdc.org\/index.php\/wp-json\/wp\/v2\/tags?post=658"}],"curies":[{"name":"wp","href":"https:\/\/api.w.org\/{rel}","templated":true}]}}