{"id":684,"date":"2026-07-21T11:04:49","date_gmt":"2026-07-21T11:04:49","guid":{"rendered":"https:\/\/fogeka-rdc.org\/?p=684"},"modified":"2026-08-13T11:09:04","modified_gmt":"2026-08-13T11:09:04","slug":"rdc-dialogue-national-inclusif-de-quoi-parler-avec-qui-pour-quelle-fin-trois-exigences-de-verite-du-peuple","status":"publish","type":"post","link":"https:\/\/fogeka-rdc.org\/index.php\/2026\/07\/21\/rdc-dialogue-national-inclusif-de-quoi-parler-avec-qui-pour-quelle-fin-trois-exigences-de-verite-du-peuple\/","title":{"rendered":"RDC \u2013 DIALOGUE NATIONAL INCLUSIF : De quoi parler ? Avec qui ? Pour quelle fin ? Trois exigences de v\u00e9rit\u00e9 du peuple"},"content":{"rendered":"<p dir=\"ltr\"><strong>Tribune de G\u00e9nie KANDE<\/strong><\/p>\n<p dir=\"ltr\">\u00a0L\u2019histoire retiendra que dans les heures les plus sombres de la R\u00e9publique, un homme a choisi la responsabilit\u00e9 plut\u00f4t que la facilit\u00e9. F\u00e9lix-Antoine Tshisekedi Tshilombo, Pr\u00e9sident de la R\u00e9publique, Chef de l\u2019\u00c9tat, vient de convoquer le Dialogue National Inclusif. Ce n\u2019est pas un aveu de faiblesse. C\u2019est un acte de haute stature, un pari sur l\u2019intelligence collective de la Nation face \u00e0 l\u2019agression et \u00e0 la tentative de balkanisation.<\/p>\n<p>&nbsp;<\/p>\n<p dir=\"ltr\">Nul ne peut contester son engagement pour la paix, le bien-\u00eatre social et la souverainet\u00e9 int\u00e9grale. Les efforts diplomatiques men\u00e9s, de la r\u00e9gion aux Nations Unies, ouvrent d\u00e9sormais la voie \u00e0 une concertation interne. Ce leadership, ferme et ouvert, s\u2019impose comme un mod\u00e8le de gouvernance.<\/p>\n<p>&nbsp;<\/p>\n<p dir=\"ltr\">\u00a0*FOGEKA Asbl salue \u00e9galement l\u2019opposition qui a compris l\u2019enjeu au moment o\u00f9 ce dialogue se pr\u00e9pare. Le pays a* *besoin de propositions, non de confrontations. Le temps est \u00e0 la refondation, non \u00e0 la division.*<\/p>\n<p dir=\"ltr\"><strong>1. De quoi parler ?\u00a0<\/strong><\/p>\n<p dir=\"ltr\">Parlons de l\u2019essentiel, de la survie de l\u2019\u00c9tat. L\u2019ordre du jour doit porter sur 4 urgences :<\/p>\n<p dir=\"ltr\">&#8211; La guerre d\u2019agression et l\u2019occupation d\u2019une partie du territoire par le Rwanda ;<\/p>\n<p dir=\"ltr\">&#8211; Les ressources strat\u00e9giques : cobalt, cuivre, lithium, coltan, iridium, or, eau, for\u00eats ;<\/p>\n<p dir=\"ltr\">&#8211; La crise humanitaire et sanitaire : millions de d\u00e9plac\u00e9s et de r\u00e9fugi\u00e9s, \u00e9pid\u00e9mie d\u2019Ebola dans cinq provinces ;<\/p>\n<p dir=\"ltr\">&#8211; La Constitution et la refondation de l\u2019\u00c9tat \u00e0 travers des r\u00e9formes institutionnelles pour s\u00e9curiser l\u2019investissement et garantir la stabilit\u00e9.<\/p>\n<p dir=\"ltr\">\u00a0Le peuple n\u2019attend pas un partage de postes. Il attend des r\u00e9ponses.*<\/p>\n<p dir=\"ltr\"><strong>2. Avec qui parler ?<\/strong><\/p>\n<p dir=\"ltr\">Le Dialogue ne doit pas \u00eatre une foire. Il doit r\u00e9unir les forces sinc\u00e8res : patriotes, experts, soci\u00e9t\u00e9 civile cr\u00e9dible, confessions religieuses, jeunes et femmes, ceux qui ont prouv\u00e9 leur attachement \u00e0 la R\u00e9publique.<\/p>\n<p dir=\"ltr\">Pas d\u2019amnistie pour les crimes de guerre et \u00e9conomiques. Pas de retour des artisans de la balkanisation. La m\u00e9moire du combat de l\u2019UDPS et du courage du Dr \u00c9tienne Tshisekedi nous y oblige.<\/p>\n<p dir=\"ltr\"><strong>3. Pour quelle fin<\/strong> ?<\/p>\n<p dir=\"ltr\">Une seule : un contrat moral pour sauver la R\u00e9publique. Obtenir le retrait imm\u00e9diat des troupes rwandaises. Imposer 50% de transformation locale et un contenu national dans les contrats strat\u00e9giques. Instaurer une gouvernance de comp\u00e9tence. Apurer la dette sociale et prendre en charge les victimes.<\/p>\n<p>&nbsp;<\/p>\n<p dir=\"ltr\">\u00a0Excellence Monsieur le Pr\u00e9sident de la R\u00e9publique, vous l\u2019avez dit : ce Dialogue est convoqu\u00e9 par conviction et par* amour pour la RDC.<\/p>\n<p dir=\"ltr\">\u00a0Dialogue, oui. Mais dialogue d\u2019exigence, de v\u00e9rit\u00e9 et de r\u00e9sultats. Paix, oui. Mais paix juste, digne et durable.*<\/p>\n<p dir=\"ltr\">La Nation vous regarde. L\u2019histoire vous attend.<\/p>\n","protected":false},"excerpt":{"rendered":"<p>Tribune de G\u00e9nie KANDE \u00a0L\u2019histoire retiendra que dans les heures les plus sombres de la R\u00e9publique, un homme a choisi&hellip;<\/p>\n","protected":false},"author":2,"featured_media":394,"comment_status":"open","ping_status":"open","sticky":true,"template":"","format":"standard","meta":{"footnotes":""},"categories":[2],"tags":[],"class_list":["post-684","post","type-post","status-publish","format-standard","has-post-thumbnail","hentry","category-actualite"],"yoast_head":"<!-- This site is optimized with the Yoast SEO plugin v28.4 - https:\/\/yoast.com\/product\/yoast-seo-wordpress\/ -->\n<title>RDC \u2013 DIALOGUE NATIONAL INCLUSIF : De quoi parler ? Avec qui ? Pour quelle fin ? Trois exigences de v\u00e9rit\u00e9 du peuple - fogeka-rdc<\/title>\n<meta name=\"robots\" content=\"index, follow, max-snippet:-1, max-image-preview:large, max-video-preview:-1\" \/>\n<link rel=\"canonical\" href=\"https:\/\/fogeka-rdc.org\/index.php\/2026\/07\/21\/rdc-dialogue-national-inclusif-de-quoi-parler-avec-qui-pour-quelle-fin-trois-exigences-de-verite-du-peuple\/\" \/>\n<meta property=\"og:locale\" content=\"fr_FR\" \/>\n<meta property=\"og:type\" content=\"article\" \/>\n<meta property=\"og:title\" content=\"RDC \u2013 DIALOGUE NATIONAL INCLUSIF : De quoi parler ? Avec qui ? Pour quelle fin ? Trois exigences de v\u00e9rit\u00e9 du peuple - fogeka-rdc\" \/>\n<meta property=\"og:description\" content=\"Tribune de G\u00e9nie KANDE \u00a0L\u2019histoire retiendra que dans les heures les plus sombres de la R\u00e9publique, un homme a choisi&hellip;\" \/>\n<meta property=\"og:url\" content=\"https:\/\/fogeka-rdc.org\/index.php\/2026\/07\/21\/rdc-dialogue-national-inclusif-de-quoi-parler-avec-qui-pour-quelle-fin-trois-exigences-de-verite-du-peuple\/\" \/>\n<meta property=\"og:site_name\" content=\"fogeka-rdc\" \/>\n<meta property=\"article:published_time\" content=\"2026-07-21T11:04:49+00:00\" \/>\n<meta property=\"article:modified_time\" content=\"2026-08-13T11:09:04+00:00\" \/>\n<meta property=\"og:image\" content=\"https:\/\/fogeka-rdc.org\/wp-content\/uploads\/2026\/02\/Genie-K-et-Felix-T.jpeg\" \/>\n\t<meta property=\"og:image:width\" content=\"460\" \/>\n\t<meta property=\"og:image:height\" content=\"470\" \/>\n\t<meta property=\"og:image:type\" content=\"image\/jpeg\" \/>\n<meta name=\"author\" content=\"Fogeka Fogekardc\" \/>\n<meta name=\"twitter:card\" content=\"summary_large_image\" \/>\n<meta name=\"twitter:label1\" content=\"\u00c9crit par\" \/>\n\t<meta name=\"twitter:data1\" content=\"Fogeka Fogekardc\" \/>\n\t<meta name=\"twitter:label2\" content=\"Dur\u00e9e de lecture estim\u00e9e\" \/>\n\t<meta name=\"twitter:data2\" content=\"3 minutes\" \/>\n<script type=\"application\/ld+json\" class=\"yoast-schema-graph\">{\"@context\":\"https:\\\/\\\/schema.org\",\"@graph\":[{\"@type\":\"Article\",\"@id\":\"https:\\\/\\\/fogeka-rdc.org\\\/index.php\\\/2026\\\/07\\\/21\\\/rdc-dialogue-national-inclusif-de-quoi-parler-avec-qui-pour-quelle-fin-trois-exigences-de-verite-du-peuple\\\/#article\",\"isPartOf\":{\"@id\":\"https:\\\/\\\/fogeka-rdc.org\\\/index.php\\\/2026\\\/07\\\/21\\\/rdc-dialogue-national-inclusif-de-quoi-parler-avec-qui-pour-quelle-fin-trois-exigences-de-verite-du-peuple\\\/\"},\"author\":{\"name\":\"Fogeka Fogekardc\",\"@id\":\"https:\\\/\\\/fogeka-rdc.org\\\/#\\\/schema\\\/person\\\/326652cf3d7bfcbab6d224e17d6992ef\"},\"headline\":\"RDC \u2013 DIALOGUE NATIONAL INCLUSIF : De quoi parler ? Avec qui ? Pour quelle fin ? Trois exigences de v\u00e9rit\u00e9 du peuple\",\"datePublished\":\"2026-07-21T11:04:49+00:00\",\"dateModified\":\"2026-08-13T11:09:04+00:00\",\"mainEntityOfPage\":{\"@id\":\"https:\\\/\\\/fogeka-rdc.org\\\/index.php\\\/2026\\\/07\\\/21\\\/rdc-dialogue-national-inclusif-de-quoi-parler-avec-qui-pour-quelle-fin-trois-exigences-de-verite-du-peuple\\\/\"},\"wordCount\":483,\"commentCount\":0,\"publisher\":{\"@id\":\"https:\\\/\\\/fogeka-rdc.org\\\/#organization\"},\"image\":{\"@id\":\"https:\\\/\\\/fogeka-rdc.org\\\/index.php\\\/2026\\\/07\\\/21\\\/rdc-dialogue-national-inclusif-de-quoi-parler-avec-qui-pour-quelle-fin-trois-exigences-de-verite-du-peuple\\\/#primaryimage\"},\"thumbnailUrl\":\"https:\\\/\\\/fogeka-rdc.org\\\/wp-content\\\/uploads\\\/2026\\\/02\\\/Genie-K-et-Felix-T.jpeg\",\"articleSection\":[\"Actualit\u00e9\"],\"inLanguage\":\"fr-FR\",\"potentialAction\":[{\"@type\":\"CommentAction\",\"name\":\"Comment\",\"target\":[\"https:\\\/\\\/fogeka-rdc.org\\\/index.php\\\/2026\\\/07\\\/21\\\/rdc-dialogue-national-inclusif-de-quoi-parler-avec-qui-pour-quelle-fin-trois-exigences-de-verite-du-peuple\\\/#respond\"]}]},{\"@type\":\"WebPage\",\"@id\":\"https:\\\/\\\/fogeka-rdc.org\\\/index.php\\\/2026\\\/07\\\/21\\\/rdc-dialogue-national-inclusif-de-quoi-parler-avec-qui-pour-quelle-fin-trois-exigences-de-verite-du-peuple\\\/\",\"url\":\"https:\\\/\\\/fogeka-rdc.org\\\/index.php\\\/2026\\\/07\\\/21\\\/rdc-dialogue-national-inclusif-de-quoi-parler-avec-qui-pour-quelle-fin-trois-exigences-de-verite-du-peuple\\\/\",\"name\":\"RDC \u2013 DIALOGUE NATIONAL INCLUSIF : De quoi parler ? Avec qui ? Pour quelle fin ? Trois exigences de v\u00e9rit\u00e9 du peuple - fogeka-rdc\",\"isPartOf\":{\"@id\":\"https:\\\/\\\/fogeka-rdc.org\\\/#website\"},\"primaryImageOfPage\":{\"@id\":\"https:\\\/\\\/fogeka-rdc.org\\\/index.php\\\/2026\\\/07\\\/21\\\/rdc-dialogue-national-inclusif-de-quoi-parler-avec-qui-pour-quelle-fin-trois-exigences-de-verite-du-peuple\\\/#primaryimage\"},\"image\":{\"@id\":\"https:\\\/\\\/fogeka-rdc.org\\\/index.php\\\/2026\\\/07\\\/21\\\/rdc-dialogue-national-inclusif-de-quoi-parler-avec-qui-pour-quelle-fin-trois-exigences-de-verite-du-peuple\\\/#primaryimage\"},\"thumbnailUrl\":\"https:\\\/\\\/fogeka-rdc.org\\\/wp-content\\\/uploads\\\/2026\\\/02\\\/Genie-K-et-Felix-T.jpeg\",\"datePublished\":\"2026-07-21T11:04:49+00:00\",\"dateModified\":\"2026-08-13T11:09:04+00:00\",\"breadcrumb\":{\"@id\":\"https:\\\/\\\/fogeka-rdc.org\\\/index.php\\\/2026\\\/07\\\/21\\\/rdc-dialogue-national-inclusif-de-quoi-parler-avec-qui-pour-quelle-fin-trois-exigences-de-verite-du-peuple\\\/#breadcrumb\"},\"inLanguage\":\"fr-FR\",\"potentialAction\":[{\"@type\":\"ReadAction\",\"target\":[\"https:\\\/\\\/fogeka-rdc.org\\\/index.php\\\/2026\\\/07\\\/21\\\/rdc-dialogue-national-inclusif-de-quoi-parler-avec-qui-pour-quelle-fin-trois-exigences-de-verite-du-peuple\\\/\"]}]},{\"@type\":\"ImageObject\",\"inLanguage\":\"fr-FR\",\"@id\":\"https:\\\/\\\/fogeka-rdc.org\\\/index.php\\\/2026\\\/07\\\/21\\\/rdc-dialogue-national-inclusif-de-quoi-parler-avec-qui-pour-quelle-fin-trois-exigences-de-verite-du-peuple\\\/#primaryimage\",\"url\":\"https:\\\/\\\/fogeka-rdc.org\\\/wp-content\\\/uploads\\\/2026\\\/02\\\/Genie-K-et-Felix-T.jpeg\",\"contentUrl\":\"https:\\\/\\\/fogeka-rdc.org\\\/wp-content\\\/uploads\\\/2026\\\/02\\\/Genie-K-et-Felix-T.jpeg\",\"width\":460,\"height\":470},{\"@type\":\"BreadcrumbList\",\"@id\":\"https:\\\/\\\/fogeka-rdc.org\\\/index.php\\\/2026\\\/07\\\/21\\\/rdc-dialogue-national-inclusif-de-quoi-parler-avec-qui-pour-quelle-fin-trois-exigences-de-verite-du-peuple\\\/#breadcrumb\",\"itemListElement\":[{\"@type\":\"ListItem\",\"position\":1,\"name\":\"Accueil\",\"item\":\"https:\\\/\\\/fogeka-rdc.org\\\/\"},{\"@type\":\"ListItem\",\"position\":2,\"name\":\"RDC \u2013 DIALOGUE NATIONAL INCLUSIF : De quoi parler ? Avec qui ? Pour quelle fin ? Trois exigences de v\u00e9rit\u00e9 du peuple\"}]},{\"@type\":\"WebSite\",\"@id\":\"https:\\\/\\\/fogeka-rdc.org\\\/#website\",\"url\":\"https:\\\/\\\/fogeka-rdc.org\\\/\",\"name\":\"fogeka-rdc\",\"description\":\"Agro foresterie, dans la paix, pour le d\u00e9veloppement\",\"publisher\":{\"@id\":\"https:\\\/\\\/fogeka-rdc.org\\\/#organization\"},\"potentialAction\":[{\"@type\":\"SearchAction\",\"target\":{\"@type\":\"EntryPoint\",\"urlTemplate\":\"https:\\\/\\\/fogeka-rdc.org\\\/?s={search_term_string}\"},\"query-input\":{\"@type\":\"PropertyValueSpecification\",\"valueRequired\":true,\"valueName\":\"search_term_string\"}}],\"inLanguage\":\"fr-FR\"},{\"@type\":\"Organization\",\"@id\":\"https:\\\/\\\/fogeka-rdc.org\\\/#organization\",\"name\":\"fogeka-rdc\",\"url\":\"https:\\\/\\\/fogeka-rdc.org\\\/\",\"logo\":{\"@type\":\"ImageObject\",\"inLanguage\":\"fr-FR\",\"@id\":\"https:\\\/\\\/fogeka-rdc.org\\\/#\\\/schema\\\/logo\\\/image\\\/\",\"url\":\"https:\\\/\\\/fogeka-rdc.org\\\/wp-content\\\/uploads\\\/2025\\\/09\\\/cropped-cropped-WhatsApp-Image-2025-09-12-at-23.09.05.jpeg\",\"contentUrl\":\"https:\\\/\\\/fogeka-rdc.org\\\/wp-content\\\/uploads\\\/2025\\\/09\\\/cropped-cropped-WhatsApp-Image-2025-09-12-at-23.09.05.jpeg\",\"width\":250,\"height\":134,\"caption\":\"fogeka-rdc\"},\"image\":{\"@id\":\"https:\\\/\\\/fogeka-rdc.org\\\/#\\\/schema\\\/logo\\\/image\\\/\"}},{\"@type\":\"Person\",\"@id\":\"https:\\\/\\\/fogeka-rdc.org\\\/#\\\/schema\\\/person\\\/326652cf3d7bfcbab6d224e17d6992ef\",\"name\":\"Fogeka Fogekardc\",\"image\":{\"@type\":\"ImageObject\",\"inLanguage\":\"fr-FR\",\"@id\":\"https:\\\/\\\/secure.gravatar.com\\\/avatar\\\/7409435eb90dab5dd3e21946e11423d79d4fd27d0d76a9a6883c8f31758a7ecd?s=96&d=mm&r=g\",\"url\":\"https:\\\/\\\/secure.gravatar.com\\\/avatar\\\/7409435eb90dab5dd3e21946e11423d79d4fd27d0d76a9a6883c8f31758a7ecd?s=96&d=mm&r=g\",\"contentUrl\":\"https:\\\/\\\/secure.gravatar.com\\\/avatar\\\/7409435eb90dab5dd3e21946e11423d79d4fd27d0d76a9a6883c8f31758a7ecd?s=96&d=mm&r=g\",\"caption\":\"Fogeka Fogekardc\"},\"url\":\"https:\\\/\\\/fogeka-rdc.org\\\/index.php\\\/author\\\/fogeka-admin\\\/\"}]}<\/script>\n<!-- \/ Yoast SEO plugin. -->","yoast_head_json":{"title":"RDC \u2013 DIALOGUE NATIONAL INCLUSIF : De quoi parler ? Avec qui ? Pour quelle fin ? Trois exigences de v\u00e9rit\u00e9 du peuple - fogeka-rdc","robots":{"index":"index","follow":"follow","max-snippet":"max-snippet:-1","max-image-preview":"max-image-preview:large","max-video-preview":"max-video-preview:-1"},"canonical":"https:\/\/fogeka-rdc.org\/index.php\/2026\/07\/21\/rdc-dialogue-national-inclusif-de-quoi-parler-avec-qui-pour-quelle-fin-trois-exigences-de-verite-du-peuple\/","og_locale":"fr_FR","og_type":"article","og_title":"RDC \u2013 DIALOGUE NATIONAL INCLUSIF : De quoi parler ? Avec qui ? Pour quelle fin ? Trois exigences de v\u00e9rit\u00e9 du peuple - fogeka-rdc","og_description":"Tribune de G\u00e9nie KANDE \u00a0L\u2019histoire retiendra que dans les heures les plus sombres de la R\u00e9publique, un homme a choisi&hellip;","og_url":"https:\/\/fogeka-rdc.org\/index.php\/2026\/07\/21\/rdc-dialogue-national-inclusif-de-quoi-parler-avec-qui-pour-quelle-fin-trois-exigences-de-verite-du-peuple\/","og_site_name":"fogeka-rdc","article_published_time":"2026-07-21T11:04:49+00:00","article_modified_time":"2026-08-13T11:09:04+00:00","og_image":[{"width":460,"height":470,"url":"https:\/\/fogeka-rdc.org\/wp-content\/uploads\/2026\/02\/Genie-K-et-Felix-T.jpeg","type":"image\/jpeg"}],"author":"Fogeka Fogekardc","twitter_card":"summary_large_image","twitter_misc":{"\u00c9crit par":"Fogeka Fogekardc","Dur\u00e9e de lecture estim\u00e9e":"3 minutes"},"schema":{"@context":"https:\/\/schema.org","@graph":[{"@type":"Article","@id":"https:\/\/fogeka-rdc.org\/index.php\/2026\/07\/21\/rdc-dialogue-national-inclusif-de-quoi-parler-avec-qui-pour-quelle-fin-trois-exigences-de-verite-du-peuple\/#article","isPartOf":{"@id":"https:\/\/fogeka-rdc.org\/index.php\/2026\/07\/21\/rdc-dialogue-national-inclusif-de-quoi-parler-avec-qui-pour-quelle-fin-trois-exigences-de-verite-du-peuple\/"},"author":{"name":"Fogeka Fogekardc","@id":"https:\/\/fogeka-rdc.org\/#\/schema\/person\/326652cf3d7bfcbab6d224e17d6992ef"},"headline":"RDC \u2013 DIALOGUE NATIONAL INCLUSIF : De quoi parler ? Avec qui ? Pour quelle fin ? Trois exigences de v\u00e9rit\u00e9 du peuple","datePublished":"2026-07-21T11:04:49+00:00","dateModified":"2026-08-13T11:09:04+00:00","mainEntityOfPage":{"@id":"https:\/\/fogeka-rdc.org\/index.php\/2026\/07\/21\/rdc-dialogue-national-inclusif-de-quoi-parler-avec-qui-pour-quelle-fin-trois-exigences-de-verite-du-peuple\/"},"wordCount":483,"commentCount":0,"publisher":{"@id":"https:\/\/fogeka-rdc.org\/#organization"},"image":{"@id":"https:\/\/fogeka-rdc.org\/index.php\/2026\/07\/21\/rdc-dialogue-national-inclusif-de-quoi-parler-avec-qui-pour-quelle-fin-trois-exigences-de-verite-du-peuple\/#primaryimage"},"thumbnailUrl":"https:\/\/fogeka-rdc.org\/wp-content\/uploads\/2026\/02\/Genie-K-et-Felix-T.jpeg","articleSection":["Actualit\u00e9"],"inLanguage":"fr-FR","potentialAction":[{"@type":"CommentAction","name":"Comment","target":["https:\/\/fogeka-rdc.org\/index.php\/2026\/07\/21\/rdc-dialogue-national-inclusif-de-quoi-parler-avec-qui-pour-quelle-fin-trois-exigences-de-verite-du-peuple\/#respond"]}]},{"@type":"WebPage","@id":"https:\/\/fogeka-rdc.org\/index.php\/2026\/07\/21\/rdc-dialogue-national-inclusif-de-quoi-parler-avec-qui-pour-quelle-fin-trois-exigences-de-verite-du-peuple\/","url":"https:\/\/fogeka-rdc.org\/index.php\/2026\/07\/21\/rdc-dialogue-national-inclusif-de-quoi-parler-avec-qui-pour-quelle-fin-trois-exigences-de-verite-du-peuple\/","name":"RDC \u2013 DIALOGUE NATIONAL INCLUSIF : De quoi parler ? Avec qui ? Pour quelle fin ? Trois exigences de v\u00e9rit\u00e9 du peuple - fogeka-rdc","isPartOf":{"@id":"https:\/\/fogeka-rdc.org\/#website"},"primaryImageOfPage":{"@id":"https:\/\/fogeka-rdc.org\/index.php\/2026\/07\/21\/rdc-dialogue-national-inclusif-de-quoi-parler-avec-qui-pour-quelle-fin-trois-exigences-de-verite-du-peuple\/#primaryimage"},"image":{"@id":"https:\/\/fogeka-rdc.org\/index.php\/2026\/07\/21\/rdc-dialogue-national-inclusif-de-quoi-parler-avec-qui-pour-quelle-fin-trois-exigences-de-verite-du-peuple\/#primaryimage"},"thumbnailUrl":"https:\/\/fogeka-rdc.org\/wp-content\/uploads\/2026\/02\/Genie-K-et-Felix-T.jpeg","datePublished":"2026-07-21T11:04:49+00:00","dateModified":"2026-08-13T11:09:04+00:00","breadcrumb":{"@id":"https:\/\/fogeka-rdc.org\/index.php\/2026\/07\/21\/rdc-dialogue-national-inclusif-de-quoi-parler-avec-qui-pour-quelle-fin-trois-exigences-de-verite-du-peuple\/#breadcrumb"},"inLanguage":"fr-FR","potentialAction":[{"@type":"ReadAction","target":["https:\/\/fogeka-rdc.org\/index.php\/2026\/07\/21\/rdc-dialogue-national-inclusif-de-quoi-parler-avec-qui-pour-quelle-fin-trois-exigences-de-verite-du-peuple\/"]}]},{"@type":"ImageObject","inLanguage":"fr-FR","@id":"https:\/\/fogeka-rdc.org\/index.php\/2026\/07\/21\/rdc-dialogue-national-inclusif-de-quoi-parler-avec-qui-pour-quelle-fin-trois-exigences-de-verite-du-peuple\/#primaryimage","url":"https:\/\/fogeka-rdc.org\/wp-content\/uploads\/2026\/02\/Genie-K-et-Felix-T.jpeg","contentUrl":"https:\/\/fogeka-rdc.org\/wp-content\/uploads\/2026\/02\/Genie-K-et-Felix-T.jpeg","width":460,"height":470},{"@type":"BreadcrumbList","@id":"https:\/\/fogeka-rdc.org\/index.php\/2026\/07\/21\/rdc-dialogue-national-inclusif-de-quoi-parler-avec-qui-pour-quelle-fin-trois-exigences-de-verite-du-peuple\/#breadcrumb","itemListElement":[{"@type":"ListItem","position":1,"name":"Accueil","item":"https:\/\/fogeka-rdc.org\/"},{"@type":"ListItem","position":2,"name":"RDC \u2013 DIALOGUE NATIONAL INCLUSIF : De quoi parler ? Avec qui ? Pour quelle fin ? Trois exigences de v\u00e9rit\u00e9 du peuple"}]},{"@type":"WebSite","@id":"https:\/\/fogeka-rdc.org\/#website","url":"https:\/\/fogeka-rdc.org\/","name":"fogeka-rdc","description":"Agro foresterie, dans la paix, pour le d\u00e9veloppement","publisher":{"@id":"https:\/\/fogeka-rdc.org\/#organization"},"potentialAction":[{"@type":"SearchAction","target":{"@type":"EntryPoint","urlTemplate":"https:\/\/fogeka-rdc.org\/?s={search_term_string}"},"query-input":{"@type":"PropertyValueSpecification","valueRequired":true,"valueName":"search_term_string"}}],"inLanguage":"fr-FR"},{"@type":"Organization","@id":"https:\/\/fogeka-rdc.org\/#organization","name":"fogeka-rdc","url":"https:\/\/fogeka-rdc.org\/","logo":{"@type":"ImageObject","inLanguage":"fr-FR","@id":"https:\/\/fogeka-rdc.org\/#\/schema\/logo\/image\/","url":"https:\/\/fogeka-rdc.org\/wp-content\/uploads\/2025\/09\/cropped-cropped-WhatsApp-Image-2025-09-12-at-23.09.05.jpeg","contentUrl":"https:\/\/fogeka-rdc.org\/wp-content\/uploads\/2025\/09\/cropped-cropped-WhatsApp-Image-2025-09-12-at-23.09.05.jpeg","width":250,"height":134,"caption":"fogeka-rdc"},"image":{"@id":"https:\/\/fogeka-rdc.org\/#\/schema\/logo\/image\/"}},{"@type":"Person","@id":"https:\/\/fogeka-rdc.org\/#\/schema\/person\/326652cf3d7bfcbab6d224e17d6992ef","name":"Fogeka Fogekardc","image":{"@type":"ImageObject","inLanguage":"fr-FR","@id":"https:\/\/secure.gravatar.com\/avatar\/7409435eb90dab5dd3e21946e11423d79d4fd27d0d76a9a6883c8f31758a7ecd?s=96&d=mm&r=g","url":"https:\/\/secure.gravatar.com\/avatar\/7409435eb90dab5dd3e21946e11423d79d4fd27d0d76a9a6883c8f31758a7ecd?s=96&d=mm&r=g","contentUrl":"https:\/\/secure.gravatar.com\/avatar\/7409435eb90dab5dd3e21946e11423d79d4fd27d0d76a9a6883c8f31758a7ecd?s=96&d=mm&r=g","caption":"Fogeka Fogekardc"},"url":"https:\/\/fogeka-rdc.org\/index.php\/author\/fogeka-admin\/"}]}},"_links":{"self":[{"href":"https:\/\/fogeka-rdc.org\/index.php\/wp-json\/wp\/v2\/posts\/684","targetHints":{"allow":["GET"]}}],"collection":[{"href":"https:\/\/fogeka-rdc.org\/index.php\/wp-json\/wp\/v2\/posts"}],"about":[{"href":"https:\/\/fogeka-rdc.org\/index.php\/wp-json\/wp\/v2\/types\/post"}],"author":[{"embeddable":true,"href":"https:\/\/fogeka-rdc.org\/index.php\/wp-json\/wp\/v2\/users\/2"}],"replies":[{"embeddable":true,"href":"https:\/\/fogeka-rdc.org\/index.php\/wp-json\/wp\/v2\/comments?post=684"}],"version-history":[{"count":1,"href":"https:\/\/fogeka-rdc.org\/index.php\/wp-json\/wp\/v2\/posts\/684\/revisions"}],"predecessor-version":[{"id":685,"href":"https:\/\/fogeka-rdc.org\/index.php\/wp-json\/wp\/v2\/posts\/684\/revisions\/685"}],"wp:featuredmedia":[{"embeddable":true,"href":"https:\/\/fogeka-rdc.org\/index.php\/wp-json\/wp\/v2\/media\/394"}],"wp:attachment":[{"href":"https:\/\/fogeka-rdc.org\/index.php\/wp-json\/wp\/v2\/media?parent=684"}],"wp:term":[{"taxonomy":"category","embeddable":true,"href":"https:\/\/fogeka-rdc.org\/index.php\/wp-json\/wp\/v2\/categories?post=684"},{"taxonomy":"post_tag","embeddable":true,"href":"https:\/\/fogeka-rdc.org\/index.php\/wp-json\/wp\/v2\/tags?post=684"}],"curies":[{"name":"wp","href":"https:\/\/api.w.org\/{rel}","templated":true}]}}