{"id":689,"date":"2026-07-18T11:23:10","date_gmt":"2026-07-18T11:23:10","guid":{"rendered":"https:\/\/fogeka-rdc.org\/?p=689"},"modified":"2026-08-13T11:26:09","modified_gmt":"2026-08-13T11:26:09","slug":"rdc-opinion-politique-felix-tshisekedi-convoque-le-dialogue-inclusif-la-marche-de-lopposition-denuee-dobjet","status":"publish","type":"post","link":"https:\/\/fogeka-rdc.org\/index.php\/2026\/07\/18\/rdc-opinion-politique-felix-tshisekedi-convoque-le-dialogue-inclusif-la-marche-de-lopposition-denuee-dobjet\/","title":{"rendered":"RDC \u2013 OPINION POLITIQUE : F\u00c9LIX TSHISEKEDI CONVOQUE LE DIALOGUE INCLUSIF* . *LA MARCHE DE L\u2019OPPOSITION, D\u00c9NU\u00c9E D\u2019OBJET."},"content":{"rendered":"<p dir=\"ltr\">R\u00e9daction : Fogeka Agency<\/p>\n<p dir=\"ltr\">G\u00e9nie Kande, manager de Fogeka Agency, salue la d\u00e9cision pr\u00e9sidentielle de convoquer un dialogue politique.<\/p>\n<p dir=\"ltr\">\u00ab Un dialogue constructif, initi\u00e9 par le Pr\u00e9sident de la R\u00e9publique, est un acte r\u00e9publicain majeur. Par cette initiative, F\u00e9lix Tshisekedi l\u00e8ve l\u2019\u00e9quivoque entretenue par les ennemis de la RDC et ram\u00e8ne le d\u00e9bat sur le terrain de la nation \u00bb, d\u00e9clare-t-il .<\/p>\n<p dir=\"ltr\">Fid\u00e8le \u00e0 sa doctrine d\u2019\u00e9coute et de responsabilit\u00e9, le Pr\u00e9sident de la R\u00e9publique, _F\u00e9lix-Antoine Tshisekedi Tshilombo, a re\u00e7u en audience les chefs des confessions religieuses. Cette d\u00e9cision souveraine fait suite aux consultations men\u00e9es \u00e0 Bujumbura, Brazzaville et Luanda, en pr\u00e9lude \u00e0 l\u2019instauration d\u2019un cadre de dialogue national.<\/p>\n<p>&nbsp;<\/p>\n<p dir=\"ltr\">De retour \u00e0 Kinshasa, les pr\u00e9lats se sont rendus \u00e0 la Cit\u00e9 de l\u2019Union Africaine pour r\u00e9pondre \u00e0 l\u2019invitation du Chef de l\u2019\u00c9tat. La population salue cet engagement. Elle estime sans objet la mobilisation de l\u2019opposition et invite MM. Fayulu et Sesanga \u00e0 pr\u00e9parer leurs cahiers de charges en vue de discussions d\u00e9mocratiques, plut\u00f4t que de recourir \u00e0 la rue.<\/p>\n<p dir=\"ltr\">Au terme des \u00e9changes, le Cardinal Fridolin Ambongo a confirm\u00e9 la volont\u00e9 du Pr\u00e9sident d\u2019organiser, dans un bref d\u00e9lai, un dialogue inclusif visant \u00e0 restaurer la paix sur l\u2019ensemble du territoire. Les th\u00e9matiques seront pr\u00e9cis\u00e9es ult\u00e9rieurement par les services comp\u00e9tents.<\/p>\n<p dir=\"ltr\">Si le dialogue est une voie, la justice demeure une exigence. Le peuple congolais attend que toute la lumi\u00e8re soit faite sur les tueries, les massacres, les violences et le pillage des biens priv\u00e9s comme des ressources naturelles. Passer ces crimes sous silence, sans rendre justice, reviendrait \u00e0 trahir la m\u00e9moire des victimes.<\/p>\n<p dir=\"ltr\">Dans ce contexte, la nation exprime sa gratitude au Pr\u00e9sident burundais _\u00c9variste Ndayishimiye_, au Pr\u00e9sident congolais _Denis Sassou Nguesso_ et au Pr\u00e9sident angolais _Jo\u00e3o Louren\u00e7o_ pour leur solidarit\u00e9 face \u00e0 l\u2019agression dont la RDC est victime.<\/p>\n<p dir=\"ltr\">Fogeka Agency appelle enfin les Congolais \u00e9gar\u00e9s qui ont pris les armes contre leurs compatriotes \u00e0 d\u00e9poser les armes et \u00e0 demander pardon \u00e0 la nation.<\/p>\n<p dir=\"ltr\">Nous saluons la d\u00e9termination du Pr\u00e9sident _F\u00e9lix-Antoine Tshisekedi_ qui, avec fermet\u00e9 et dignit\u00e9, fait respecter la R\u00e9publique D\u00e9mocratique du Congo.<\/p>\n<p dir=\"ltr\">\n","protected":false},"excerpt":{"rendered":"<p>R\u00e9daction : Fogeka Agency G\u00e9nie Kande, manager de Fogeka Agency, salue la d\u00e9cision pr\u00e9sidentielle de convoquer un dialogue politique. \u00ab&hellip;<\/p>\n","protected":false},"author":2,"featured_media":690,"comment_status":"open","ping_status":"open","sticky":true,"template":"","format":"standard","meta":{"footnotes":""},"categories":[14],"tags":[],"class_list":["post-689","post","type-post","status-publish","format-standard","has-post-thumbnail","hentry","category-politique"],"yoast_head":"<!-- This site is optimized with the Yoast SEO plugin v28.3 - https:\/\/yoast.com\/product\/yoast-seo-wordpress\/ -->\n<title>RDC \u2013 OPINION POLITIQUE : F\u00c9LIX TSHISEKEDI CONVOQUE LE DIALOGUE INCLUSIF* . *LA MARCHE DE L\u2019OPPOSITION, D\u00c9NU\u00c9E D\u2019OBJET. - fogeka-rdc<\/title>\n<meta name=\"robots\" content=\"index, follow, max-snippet:-1, max-image-preview:large, max-video-preview:-1\" \/>\n<link rel=\"canonical\" href=\"https:\/\/fogeka-rdc.org\/index.php\/2026\/07\/18\/rdc-opinion-politique-felix-tshisekedi-convoque-le-dialogue-inclusif-la-marche-de-lopposition-denuee-dobjet\/\" \/>\n<meta property=\"og:locale\" content=\"fr_FR\" \/>\n<meta property=\"og:type\" content=\"article\" \/>\n<meta property=\"og:title\" content=\"RDC \u2013 OPINION POLITIQUE : F\u00c9LIX TSHISEKEDI CONVOQUE LE DIALOGUE INCLUSIF* . *LA MARCHE DE L\u2019OPPOSITION, D\u00c9NU\u00c9E D\u2019OBJET. - fogeka-rdc\" \/>\n<meta property=\"og:description\" content=\"R\u00e9daction : Fogeka Agency G\u00e9nie Kande, manager de Fogeka Agency, salue la d\u00e9cision pr\u00e9sidentielle de convoquer un dialogue politique. \u00ab&hellip;\" \/>\n<meta property=\"og:url\" content=\"https:\/\/fogeka-rdc.org\/index.php\/2026\/07\/18\/rdc-opinion-politique-felix-tshisekedi-convoque-le-dialogue-inclusif-la-marche-de-lopposition-denuee-dobjet\/\" \/>\n<meta property=\"og:site_name\" content=\"fogeka-rdc\" \/>\n<meta property=\"article:published_time\" content=\"2026-07-18T11:23:10+00:00\" \/>\n<meta property=\"article:modified_time\" content=\"2026-08-13T11:26:09+00:00\" \/>\n<meta property=\"og:image\" content=\"https:\/\/fogeka-rdc.org\/wp-content\/uploads\/2026\/08\/Abongo_dialogue.jpg\" \/>\n\t<meta property=\"og:image:width\" content=\"1290\" \/>\n\t<meta property=\"og:image:height\" content=\"787\" \/>\n\t<meta property=\"og:image:type\" content=\"image\/jpeg\" \/>\n<meta name=\"author\" content=\"Fogeka Fogekardc\" \/>\n<meta name=\"twitter:card\" content=\"summary_large_image\" \/>\n<meta name=\"twitter:label1\" content=\"\u00c9crit par\" \/>\n\t<meta name=\"twitter:data1\" content=\"Fogeka Fogekardc\" \/>\n\t<meta name=\"twitter:label2\" content=\"Dur\u00e9e de lecture estim\u00e9e\" \/>\n\t<meta name=\"twitter:data2\" content=\"2 minutes\" \/>\n<script type=\"application\/ld+json\" class=\"yoast-schema-graph\">{\"@context\":\"https:\\\/\\\/schema.org\",\"@graph\":[{\"@type\":\"Article\",\"@id\":\"https:\\\/\\\/fogeka-rdc.org\\\/index.php\\\/2026\\\/07\\\/18\\\/rdc-opinion-politique-felix-tshisekedi-convoque-le-dialogue-inclusif-la-marche-de-lopposition-denuee-dobjet\\\/#article\",\"isPartOf\":{\"@id\":\"https:\\\/\\\/fogeka-rdc.org\\\/index.php\\\/2026\\\/07\\\/18\\\/rdc-opinion-politique-felix-tshisekedi-convoque-le-dialogue-inclusif-la-marche-de-lopposition-denuee-dobjet\\\/\"},\"author\":{\"name\":\"Fogeka Fogekardc\",\"@id\":\"https:\\\/\\\/fogeka-rdc.org\\\/#\\\/schema\\\/person\\\/326652cf3d7bfcbab6d224e17d6992ef\"},\"headline\":\"RDC \u2013 OPINION POLITIQUE : F\u00c9LIX TSHISEKEDI CONVOQUE LE DIALOGUE INCLUSIF* . *LA MARCHE DE L\u2019OPPOSITION, D\u00c9NU\u00c9E D\u2019OBJET.\",\"datePublished\":\"2026-07-18T11:23:10+00:00\",\"dateModified\":\"2026-08-13T11:26:09+00:00\",\"mainEntityOfPage\":{\"@id\":\"https:\\\/\\\/fogeka-rdc.org\\\/index.php\\\/2026\\\/07\\\/18\\\/rdc-opinion-politique-felix-tshisekedi-convoque-le-dialogue-inclusif-la-marche-de-lopposition-denuee-dobjet\\\/\"},\"wordCount\":405,\"commentCount\":0,\"publisher\":{\"@id\":\"https:\\\/\\\/fogeka-rdc.org\\\/#organization\"},\"image\":{\"@id\":\"https:\\\/\\\/fogeka-rdc.org\\\/index.php\\\/2026\\\/07\\\/18\\\/rdc-opinion-politique-felix-tshisekedi-convoque-le-dialogue-inclusif-la-marche-de-lopposition-denuee-dobjet\\\/#primaryimage\"},\"thumbnailUrl\":\"https:\\\/\\\/fogeka-rdc.org\\\/wp-content\\\/uploads\\\/2026\\\/08\\\/Abongo_dialogue.jpg\",\"articleSection\":[\"Politique\"],\"inLanguage\":\"fr-FR\",\"potentialAction\":[{\"@type\":\"CommentAction\",\"name\":\"Comment\",\"target\":[\"https:\\\/\\\/fogeka-rdc.org\\\/index.php\\\/2026\\\/07\\\/18\\\/rdc-opinion-politique-felix-tshisekedi-convoque-le-dialogue-inclusif-la-marche-de-lopposition-denuee-dobjet\\\/#respond\"]}]},{\"@type\":\"WebPage\",\"@id\":\"https:\\\/\\\/fogeka-rdc.org\\\/index.php\\\/2026\\\/07\\\/18\\\/rdc-opinion-politique-felix-tshisekedi-convoque-le-dialogue-inclusif-la-marche-de-lopposition-denuee-dobjet\\\/\",\"url\":\"https:\\\/\\\/fogeka-rdc.org\\\/index.php\\\/2026\\\/07\\\/18\\\/rdc-opinion-politique-felix-tshisekedi-convoque-le-dialogue-inclusif-la-marche-de-lopposition-denuee-dobjet\\\/\",\"name\":\"RDC \u2013 OPINION POLITIQUE : F\u00c9LIX TSHISEKEDI CONVOQUE LE DIALOGUE INCLUSIF* . *LA MARCHE DE L\u2019OPPOSITION, D\u00c9NU\u00c9E D\u2019OBJET. - fogeka-rdc\",\"isPartOf\":{\"@id\":\"https:\\\/\\\/fogeka-rdc.org\\\/#website\"},\"primaryImageOfPage\":{\"@id\":\"https:\\\/\\\/fogeka-rdc.org\\\/index.php\\\/2026\\\/07\\\/18\\\/rdc-opinion-politique-felix-tshisekedi-convoque-le-dialogue-inclusif-la-marche-de-lopposition-denuee-dobjet\\\/#primaryimage\"},\"image\":{\"@id\":\"https:\\\/\\\/fogeka-rdc.org\\\/index.php\\\/2026\\\/07\\\/18\\\/rdc-opinion-politique-felix-tshisekedi-convoque-le-dialogue-inclusif-la-marche-de-lopposition-denuee-dobjet\\\/#primaryimage\"},\"thumbnailUrl\":\"https:\\\/\\\/fogeka-rdc.org\\\/wp-content\\\/uploads\\\/2026\\\/08\\\/Abongo_dialogue.jpg\",\"datePublished\":\"2026-07-18T11:23:10+00:00\",\"dateModified\":\"2026-08-13T11:26:09+00:00\",\"breadcrumb\":{\"@id\":\"https:\\\/\\\/fogeka-rdc.org\\\/index.php\\\/2026\\\/07\\\/18\\\/rdc-opinion-politique-felix-tshisekedi-convoque-le-dialogue-inclusif-la-marche-de-lopposition-denuee-dobjet\\\/#breadcrumb\"},\"inLanguage\":\"fr-FR\",\"potentialAction\":[{\"@type\":\"ReadAction\",\"target\":[\"https:\\\/\\\/fogeka-rdc.org\\\/index.php\\\/2026\\\/07\\\/18\\\/rdc-opinion-politique-felix-tshisekedi-convoque-le-dialogue-inclusif-la-marche-de-lopposition-denuee-dobjet\\\/\"]}]},{\"@type\":\"ImageObject\",\"inLanguage\":\"fr-FR\",\"@id\":\"https:\\\/\\\/fogeka-rdc.org\\\/index.php\\\/2026\\\/07\\\/18\\\/rdc-opinion-politique-felix-tshisekedi-convoque-le-dialogue-inclusif-la-marche-de-lopposition-denuee-dobjet\\\/#primaryimage\",\"url\":\"https:\\\/\\\/fogeka-rdc.org\\\/wp-content\\\/uploads\\\/2026\\\/08\\\/Abongo_dialogue.jpg\",\"contentUrl\":\"https:\\\/\\\/fogeka-rdc.org\\\/wp-content\\\/uploads\\\/2026\\\/08\\\/Abongo_dialogue.jpg\",\"width\":1290,\"height\":787},{\"@type\":\"BreadcrumbList\",\"@id\":\"https:\\\/\\\/fogeka-rdc.org\\\/index.php\\\/2026\\\/07\\\/18\\\/rdc-opinion-politique-felix-tshisekedi-convoque-le-dialogue-inclusif-la-marche-de-lopposition-denuee-dobjet\\\/#breadcrumb\",\"itemListElement\":[{\"@type\":\"ListItem\",\"position\":1,\"name\":\"Accueil\",\"item\":\"https:\\\/\\\/fogeka-rdc.org\\\/\"},{\"@type\":\"ListItem\",\"position\":2,\"name\":\"RDC \u2013 OPINION POLITIQUE : F\u00c9LIX TSHISEKEDI CONVOQUE LE DIALOGUE INCLUSIF* . *LA MARCHE DE L\u2019OPPOSITION, D\u00c9NU\u00c9E D\u2019OBJET.\"}]},{\"@type\":\"WebSite\",\"@id\":\"https:\\\/\\\/fogeka-rdc.org\\\/#website\",\"url\":\"https:\\\/\\\/fogeka-rdc.org\\\/\",\"name\":\"fogeka-rdc\",\"description\":\"Agro foresterie, dans la paix, pour le d\u00e9veloppement\",\"publisher\":{\"@id\":\"https:\\\/\\\/fogeka-rdc.org\\\/#organization\"},\"potentialAction\":[{\"@type\":\"SearchAction\",\"target\":{\"@type\":\"EntryPoint\",\"urlTemplate\":\"https:\\\/\\\/fogeka-rdc.org\\\/?s={search_term_string}\"},\"query-input\":{\"@type\":\"PropertyValueSpecification\",\"valueRequired\":true,\"valueName\":\"search_term_string\"}}],\"inLanguage\":\"fr-FR\"},{\"@type\":\"Organization\",\"@id\":\"https:\\\/\\\/fogeka-rdc.org\\\/#organization\",\"name\":\"fogeka-rdc\",\"url\":\"https:\\\/\\\/fogeka-rdc.org\\\/\",\"logo\":{\"@type\":\"ImageObject\",\"inLanguage\":\"fr-FR\",\"@id\":\"https:\\\/\\\/fogeka-rdc.org\\\/#\\\/schema\\\/logo\\\/image\\\/\",\"url\":\"https:\\\/\\\/fogeka-rdc.org\\\/wp-content\\\/uploads\\\/2025\\\/09\\\/cropped-cropped-WhatsApp-Image-2025-09-12-at-23.09.05.jpeg\",\"contentUrl\":\"https:\\\/\\\/fogeka-rdc.org\\\/wp-content\\\/uploads\\\/2025\\\/09\\\/cropped-cropped-WhatsApp-Image-2025-09-12-at-23.09.05.jpeg\",\"width\":250,\"height\":134,\"caption\":\"fogeka-rdc\"},\"image\":{\"@id\":\"https:\\\/\\\/fogeka-rdc.org\\\/#\\\/schema\\\/logo\\\/image\\\/\"}},{\"@type\":\"Person\",\"@id\":\"https:\\\/\\\/fogeka-rdc.org\\\/#\\\/schema\\\/person\\\/326652cf3d7bfcbab6d224e17d6992ef\",\"name\":\"Fogeka Fogekardc\",\"image\":{\"@type\":\"ImageObject\",\"inLanguage\":\"fr-FR\",\"@id\":\"https:\\\/\\\/secure.gravatar.com\\\/avatar\\\/7409435eb90dab5dd3e21946e11423d79d4fd27d0d76a9a6883c8f31758a7ecd?s=96&d=mm&r=g\",\"url\":\"https:\\\/\\\/secure.gravatar.com\\\/avatar\\\/7409435eb90dab5dd3e21946e11423d79d4fd27d0d76a9a6883c8f31758a7ecd?s=96&d=mm&r=g\",\"contentUrl\":\"https:\\\/\\\/secure.gravatar.com\\\/avatar\\\/7409435eb90dab5dd3e21946e11423d79d4fd27d0d76a9a6883c8f31758a7ecd?s=96&d=mm&r=g\",\"caption\":\"Fogeka Fogekardc\"},\"url\":\"https:\\\/\\\/fogeka-rdc.org\\\/index.php\\\/author\\\/fogeka-admin\\\/\"}]}<\/script>\n<!-- \/ Yoast SEO plugin. -->","yoast_head_json":{"title":"RDC \u2013 OPINION POLITIQUE : F\u00c9LIX TSHISEKEDI CONVOQUE LE DIALOGUE INCLUSIF* . *LA MARCHE DE L\u2019OPPOSITION, D\u00c9NU\u00c9E D\u2019OBJET. - fogeka-rdc","robots":{"index":"index","follow":"follow","max-snippet":"max-snippet:-1","max-image-preview":"max-image-preview:large","max-video-preview":"max-video-preview:-1"},"canonical":"https:\/\/fogeka-rdc.org\/index.php\/2026\/07\/18\/rdc-opinion-politique-felix-tshisekedi-convoque-le-dialogue-inclusif-la-marche-de-lopposition-denuee-dobjet\/","og_locale":"fr_FR","og_type":"article","og_title":"RDC \u2013 OPINION POLITIQUE : F\u00c9LIX TSHISEKEDI CONVOQUE LE DIALOGUE INCLUSIF* . *LA MARCHE DE L\u2019OPPOSITION, D\u00c9NU\u00c9E D\u2019OBJET. - fogeka-rdc","og_description":"R\u00e9daction : Fogeka Agency G\u00e9nie Kande, manager de Fogeka Agency, salue la d\u00e9cision pr\u00e9sidentielle de convoquer un dialogue politique. \u00ab&hellip;","og_url":"https:\/\/fogeka-rdc.org\/index.php\/2026\/07\/18\/rdc-opinion-politique-felix-tshisekedi-convoque-le-dialogue-inclusif-la-marche-de-lopposition-denuee-dobjet\/","og_site_name":"fogeka-rdc","article_published_time":"2026-07-18T11:23:10+00:00","article_modified_time":"2026-08-13T11:26:09+00:00","og_image":[{"width":1290,"height":787,"url":"https:\/\/fogeka-rdc.org\/wp-content\/uploads\/2026\/08\/Abongo_dialogue.jpg","type":"image\/jpeg"}],"author":"Fogeka Fogekardc","twitter_card":"summary_large_image","twitter_misc":{"\u00c9crit par":"Fogeka Fogekardc","Dur\u00e9e de lecture estim\u00e9e":"2 minutes"},"schema":{"@context":"https:\/\/schema.org","@graph":[{"@type":"Article","@id":"https:\/\/fogeka-rdc.org\/index.php\/2026\/07\/18\/rdc-opinion-politique-felix-tshisekedi-convoque-le-dialogue-inclusif-la-marche-de-lopposition-denuee-dobjet\/#article","isPartOf":{"@id":"https:\/\/fogeka-rdc.org\/index.php\/2026\/07\/18\/rdc-opinion-politique-felix-tshisekedi-convoque-le-dialogue-inclusif-la-marche-de-lopposition-denuee-dobjet\/"},"author":{"name":"Fogeka Fogekardc","@id":"https:\/\/fogeka-rdc.org\/#\/schema\/person\/326652cf3d7bfcbab6d224e17d6992ef"},"headline":"RDC \u2013 OPINION POLITIQUE : F\u00c9LIX TSHISEKEDI CONVOQUE LE DIALOGUE INCLUSIF* . *LA MARCHE DE L\u2019OPPOSITION, D\u00c9NU\u00c9E D\u2019OBJET.","datePublished":"2026-07-18T11:23:10+00:00","dateModified":"2026-08-13T11:26:09+00:00","mainEntityOfPage":{"@id":"https:\/\/fogeka-rdc.org\/index.php\/2026\/07\/18\/rdc-opinion-politique-felix-tshisekedi-convoque-le-dialogue-inclusif-la-marche-de-lopposition-denuee-dobjet\/"},"wordCount":405,"commentCount":0,"publisher":{"@id":"https:\/\/fogeka-rdc.org\/#organization"},"image":{"@id":"https:\/\/fogeka-rdc.org\/index.php\/2026\/07\/18\/rdc-opinion-politique-felix-tshisekedi-convoque-le-dialogue-inclusif-la-marche-de-lopposition-denuee-dobjet\/#primaryimage"},"thumbnailUrl":"https:\/\/fogeka-rdc.org\/wp-content\/uploads\/2026\/08\/Abongo_dialogue.jpg","articleSection":["Politique"],"inLanguage":"fr-FR","potentialAction":[{"@type":"CommentAction","name":"Comment","target":["https:\/\/fogeka-rdc.org\/index.php\/2026\/07\/18\/rdc-opinion-politique-felix-tshisekedi-convoque-le-dialogue-inclusif-la-marche-de-lopposition-denuee-dobjet\/#respond"]}]},{"@type":"WebPage","@id":"https:\/\/fogeka-rdc.org\/index.php\/2026\/07\/18\/rdc-opinion-politique-felix-tshisekedi-convoque-le-dialogue-inclusif-la-marche-de-lopposition-denuee-dobjet\/","url":"https:\/\/fogeka-rdc.org\/index.php\/2026\/07\/18\/rdc-opinion-politique-felix-tshisekedi-convoque-le-dialogue-inclusif-la-marche-de-lopposition-denuee-dobjet\/","name":"RDC \u2013 OPINION POLITIQUE : F\u00c9LIX TSHISEKEDI CONVOQUE LE DIALOGUE INCLUSIF* . *LA MARCHE DE L\u2019OPPOSITION, D\u00c9NU\u00c9E D\u2019OBJET. - fogeka-rdc","isPartOf":{"@id":"https:\/\/fogeka-rdc.org\/#website"},"primaryImageOfPage":{"@id":"https:\/\/fogeka-rdc.org\/index.php\/2026\/07\/18\/rdc-opinion-politique-felix-tshisekedi-convoque-le-dialogue-inclusif-la-marche-de-lopposition-denuee-dobjet\/#primaryimage"},"image":{"@id":"https:\/\/fogeka-rdc.org\/index.php\/2026\/07\/18\/rdc-opinion-politique-felix-tshisekedi-convoque-le-dialogue-inclusif-la-marche-de-lopposition-denuee-dobjet\/#primaryimage"},"thumbnailUrl":"https:\/\/fogeka-rdc.org\/wp-content\/uploads\/2026\/08\/Abongo_dialogue.jpg","datePublished":"2026-07-18T11:23:10+00:00","dateModified":"2026-08-13T11:26:09+00:00","breadcrumb":{"@id":"https:\/\/fogeka-rdc.org\/index.php\/2026\/07\/18\/rdc-opinion-politique-felix-tshisekedi-convoque-le-dialogue-inclusif-la-marche-de-lopposition-denuee-dobjet\/#breadcrumb"},"inLanguage":"fr-FR","potentialAction":[{"@type":"ReadAction","target":["https:\/\/fogeka-rdc.org\/index.php\/2026\/07\/18\/rdc-opinion-politique-felix-tshisekedi-convoque-le-dialogue-inclusif-la-marche-de-lopposition-denuee-dobjet\/"]}]},{"@type":"ImageObject","inLanguage":"fr-FR","@id":"https:\/\/fogeka-rdc.org\/index.php\/2026\/07\/18\/rdc-opinion-politique-felix-tshisekedi-convoque-le-dialogue-inclusif-la-marche-de-lopposition-denuee-dobjet\/#primaryimage","url":"https:\/\/fogeka-rdc.org\/wp-content\/uploads\/2026\/08\/Abongo_dialogue.jpg","contentUrl":"https:\/\/fogeka-rdc.org\/wp-content\/uploads\/2026\/08\/Abongo_dialogue.jpg","width":1290,"height":787},{"@type":"BreadcrumbList","@id":"https:\/\/fogeka-rdc.org\/index.php\/2026\/07\/18\/rdc-opinion-politique-felix-tshisekedi-convoque-le-dialogue-inclusif-la-marche-de-lopposition-denuee-dobjet\/#breadcrumb","itemListElement":[{"@type":"ListItem","position":1,"name":"Accueil","item":"https:\/\/fogeka-rdc.org\/"},{"@type":"ListItem","position":2,"name":"RDC \u2013 OPINION POLITIQUE : F\u00c9LIX TSHISEKEDI CONVOQUE LE DIALOGUE INCLUSIF* . *LA MARCHE DE L\u2019OPPOSITION, D\u00c9NU\u00c9E D\u2019OBJET."}]},{"@type":"WebSite","@id":"https:\/\/fogeka-rdc.org\/#website","url":"https:\/\/fogeka-rdc.org\/","name":"fogeka-rdc","description":"Agro foresterie, dans la paix, pour le d\u00e9veloppement","publisher":{"@id":"https:\/\/fogeka-rdc.org\/#organization"},"potentialAction":[{"@type":"SearchAction","target":{"@type":"EntryPoint","urlTemplate":"https:\/\/fogeka-rdc.org\/?s={search_term_string}"},"query-input":{"@type":"PropertyValueSpecification","valueRequired":true,"valueName":"search_term_string"}}],"inLanguage":"fr-FR"},{"@type":"Organization","@id":"https:\/\/fogeka-rdc.org\/#organization","name":"fogeka-rdc","url":"https:\/\/fogeka-rdc.org\/","logo":{"@type":"ImageObject","inLanguage":"fr-FR","@id":"https:\/\/fogeka-rdc.org\/#\/schema\/logo\/image\/","url":"https:\/\/fogeka-rdc.org\/wp-content\/uploads\/2025\/09\/cropped-cropped-WhatsApp-Image-2025-09-12-at-23.09.05.jpeg","contentUrl":"https:\/\/fogeka-rdc.org\/wp-content\/uploads\/2025\/09\/cropped-cropped-WhatsApp-Image-2025-09-12-at-23.09.05.jpeg","width":250,"height":134,"caption":"fogeka-rdc"},"image":{"@id":"https:\/\/fogeka-rdc.org\/#\/schema\/logo\/image\/"}},{"@type":"Person","@id":"https:\/\/fogeka-rdc.org\/#\/schema\/person\/326652cf3d7bfcbab6d224e17d6992ef","name":"Fogeka Fogekardc","image":{"@type":"ImageObject","inLanguage":"fr-FR","@id":"https:\/\/secure.gravatar.com\/avatar\/7409435eb90dab5dd3e21946e11423d79d4fd27d0d76a9a6883c8f31758a7ecd?s=96&d=mm&r=g","url":"https:\/\/secure.gravatar.com\/avatar\/7409435eb90dab5dd3e21946e11423d79d4fd27d0d76a9a6883c8f31758a7ecd?s=96&d=mm&r=g","contentUrl":"https:\/\/secure.gravatar.com\/avatar\/7409435eb90dab5dd3e21946e11423d79d4fd27d0d76a9a6883c8f31758a7ecd?s=96&d=mm&r=g","caption":"Fogeka Fogekardc"},"url":"https:\/\/fogeka-rdc.org\/index.php\/author\/fogeka-admin\/"}]}},"_links":{"self":[{"href":"https:\/\/fogeka-rdc.org\/index.php\/wp-json\/wp\/v2\/posts\/689","targetHints":{"allow":["GET"]}}],"collection":[{"href":"https:\/\/fogeka-rdc.org\/index.php\/wp-json\/wp\/v2\/posts"}],"about":[{"href":"https:\/\/fogeka-rdc.org\/index.php\/wp-json\/wp\/v2\/types\/post"}],"author":[{"embeddable":true,"href":"https:\/\/fogeka-rdc.org\/index.php\/wp-json\/wp\/v2\/users\/2"}],"replies":[{"embeddable":true,"href":"https:\/\/fogeka-rdc.org\/index.php\/wp-json\/wp\/v2\/comments?post=689"}],"version-history":[{"count":1,"href":"https:\/\/fogeka-rdc.org\/index.php\/wp-json\/wp\/v2\/posts\/689\/revisions"}],"predecessor-version":[{"id":691,"href":"https:\/\/fogeka-rdc.org\/index.php\/wp-json\/wp\/v2\/posts\/689\/revisions\/691"}],"wp:featuredmedia":[{"embeddable":true,"href":"https:\/\/fogeka-rdc.org\/index.php\/wp-json\/wp\/v2\/media\/690"}],"wp:attachment":[{"href":"https:\/\/fogeka-rdc.org\/index.php\/wp-json\/wp\/v2\/media?parent=689"}],"wp:term":[{"taxonomy":"category","embeddable":true,"href":"https:\/\/fogeka-rdc.org\/index.php\/wp-json\/wp\/v2\/categories?post=689"},{"taxonomy":"post_tag","embeddable":true,"href":"https:\/\/fogeka-rdc.org\/index.php\/wp-json\/wp\/v2\/tags?post=689"}],"curies":[{"name":"wp","href":"https:\/\/api.w.org\/{rel}","templated":true}]}}