{"id":695,"date":"2026-08-12T12:04:46","date_gmt":"2026-08-12T12:04:46","guid":{"rendered":"https:\/\/fogeka-rdc.org\/?p=695"},"modified":"2026-08-13T12:11:35","modified_gmt":"2026-08-13T12:11:35","slug":"rdc-gouvernance-jose-mpanda-un-soldat-au-front-pour-concretiser-la-vision-de-fatshi","status":"publish","type":"post","link":"https:\/\/fogeka-rdc.org\/index.php\/2026\/08\/12\/rdc-gouvernance-jose-mpanda-un-soldat-au-front-pour-concretiser-la-vision-de-fatshi\/","title":{"rendered":"RDC &#8211; GOUVERNANCE : JOS\u00c9 MPANDA, UN SOLDAT AU FRONT POUR CONCR\u00c9TISER LA VISION DE FATSHI"},"content":{"rendered":"<p dir=\"ltr\">R\u00e9daction\u00a0 Fogeka agency<\/p>\n<p dir=\"ltr\">Sans rel\u00e2che, sans d\u00e9tour. Un an apr\u00e8s sa prise de fonction aux Postes et T\u00e9l\u00e9communications, Me Jos\u00e9 Mpanda Kabangu transforme un minist\u00e8re longtemps mis en veille en instrument de souverainet\u00e9 num\u00e9rique.<\/p>\n<p dir=\"ltr\">Reconqu\u00eate diplomatique, assainissement de l\u2019administration et lancement d\u2019infrastructures structurantes, il impose une m\u00e9thode : la discipline, le r\u00e9sultat, la dur\u00e9e.<\/p>\n<p dir=\"ltr\">Nomm\u00e9 le 8 ao\u00fbt 2025 par ordonnance pr\u00e9sidentielle, Me Jos\u00e9 Mpanda Kabangu a boucl\u00e9 ce mercredi 12 ao\u00fbt 2026 sa premi\u00e8re ann\u00e9e au sein du gouvernement Suminwa II.<\/p>\n<p dir=\"ltr\">Dans ce d\u00e9partement strat\u00e9gique, il est rapidement apparu comme un bon \u00e9l\u00e8ve de la vision du Pr\u00e9sident de la R\u00e9publique, F\u00e9lix-Antoine Tshisekedi : b\u00e2tir une RDC connect\u00e9e \u00e0 l\u2019horizon 2030 et en faire un hub technologique au c\u0153ur de l\u2019Afrique.<\/p>\n<p dir=\"ltr\">D\u00e8s son arriv\u00e9e, le diagnostic a \u00e9t\u00e9 pos\u00e9 avec l\u2019administration et les op\u00e9rateurs. Trois urgences : sortir le pays de l\u2019isolement, restaurer la cr\u00e9dibilit\u00e9 institutionnelle, offrir aux Congolais des services de qualit\u00e9.<\/p>\n<p dir=\"ltr\">Premier fait d\u2019armes. Un mois et une semaine apr\u00e8s sa nomination, la RDC recouvre son droit de parole et de vote \u00e0 l\u2019Union Postale Universelle. Un droit suspendu depuis plus de 34 ans pour d\u00e9faut de paiement. Le d\u00e9blocage est intervenu apr\u00e8s un plaidoyer port\u00e9 jusqu\u2019\u00e0 la Pr\u00e9sidence et au Gouvernement.<\/p>\n<p dir=\"ltr\">Second exploit, plus structurant encore. En octobre 2025, Kinshasa obtient le rapatriement du si\u00e8ge de l\u2019Union Africaine des T\u00e9l\u00e9communications, l\u2019UAT, exil\u00e9 \u00e0 Nairobi depuis les pillages de 1992. La 7e Conf\u00e9rence des Pl\u00e9nipotentiaires, tenue le 23 juillet dernier \u00e0 Abuja, a valid\u00e9 le transfert.<\/p>\n<p>&nbsp;<\/p>\n<p dir=\"ltr\">En 34 ans, 17 ministres se sont succ\u00e9d\u00e9 \u00e0 la t\u00eate du minist\u00e8re. C\u2019est sous l\u2019impulsion de Jos\u00e9 Mpanda que l\u2019UAT retrouve son si\u00e8ge statutaire, apr\u00e8s apurement des arri\u00e9r\u00e9s et p\u00e9nalit\u00e9s de plus de 1,4 million USD. Les bureaux provisoires sont d\u00e9j\u00e0 install\u00e9s au 6e niveau de l\u2019immeuble Safi, boulevard du 30 juin. En janvier 2027, le nouveau secr\u00e9taire g\u00e9n\u00e9ral \u00e9lu, le Zambien Kezias Kazuba Mwale, y \u00e9tablira ses fonctions. La RDC obtient de fait un si\u00e8ge au Conseil d\u2019administration de l\u2019UAT, seule institution de l\u2019Union africaine qu\u2019elle abrite.<\/p>\n<p>&nbsp;<\/p>\n<p dir=\"ltr\">\u00a0L\u2019\u00e9tape suivante est d\u00e9j\u00e0 trac\u00e9e : briguer un si\u00e8ge au Conseil d\u2019administration de l\u2019Union Internationale des T\u00e9l\u00e9communications pour le mandat 2027-2030. La candidature sera d\u00e9pos\u00e9e en novembre \u00e0 Doha. Si\u00e9ger \u00e0 l\u2019UIT, o\u00f9 se d\u00e9cident les normes, le spectre des fr\u00e9quences, les satellites et la connectivit\u00e9, est indispensable pour mobiliser les 1,5 milliard* *USD pr\u00e9vus entre 2026 et 2030 pour la dorsale en fibre optique, les data centers, le satellite et le tr\u00e8s haut d\u00e9bit.<\/p>\n<p>&nbsp;<\/p>\n<p dir=\"ltr\"><strong>\u00a0L\u2019administration remise au travail<\/strong><\/p>\n<p dir=\"ltr\">Sur le plan interne, la rupture est visible. 144 jours apr\u00e8s sa prise de fonction, le Secr\u00e9tariat g\u00e9n\u00e9ral des PTNTIC a re\u00e7u une dizaine de v\u00e9hicules neufs : 3 bus pour les agents, des jeeps pour le SG et les directeurs. Une premi\u00e8re depuis la cr\u00e9ation du minist\u00e8re, reconnue par des agents comptant 30 \u00e0 40 ans de service.<\/p>\n<p>&nbsp;<\/p>\n<p dir=\"ltr\">\u00a0Me Jos\u00e9 Mpanda a sign\u00e9 un arr\u00eat\u00e9 portant nouvelle grille bar\u00e9mique, un autre pour la r\u00e9habilitation du b\u00e2timent administratif, et a mis en place un nouveau cadre organique. Les promotions ob\u00e9issent d\u00e9sormais \u00e0 deux crit\u00e8res simples : l\u2019anciennet\u00e9 et la performance.<\/p>\n<p>&nbsp;<\/p>\n<p dir=\"ltr\">C\u00f4t\u00e9 op\u00e9rateurs, l\u2019incertitude juridique laisse place \u00e0 la stabilit\u00e9. Par arr\u00eat\u00e9, le ministre a proc\u00e9d\u00e9 \u00e0 la conversion des titres des quatre op\u00e9rateurs : Airtel, Vodacom, Orange et Africell.<\/p>\n<p>&nbsp;<\/p>\n<p dir=\"ltr\">Il a \u00e9galement mis en application l\u2019article 40 de la loi sur les t\u00e9l\u00e9coms : 25% du capital ouvert aux Congolais, 5% aux travailleurs. Le moratoire de 10 ans accord\u00e9 aux op\u00e9rateurs a \u00e9t\u00e9 r\u00e9duit de moiti\u00e9, avec effet r\u00e9troactif.<\/p>\n<p>&nbsp;<\/p>\n<p dir=\"ltr\">\u00a0<strong>Les chantiers de la connectivit\u00e9 lanc\u00e9s<\/strong><\/p>\n<p dir=\"ltr\">Les \u00c9tats g\u00e9n\u00e9raux des Postes et T\u00e9l\u00e9communications, organis\u00e9s fin avril 2026, ont fix\u00e9 la feuille de route : 54 000 km de fibre optique et 30 000 tours ou antennes pour couvrir les 145 territoires, r\u00e9duire la fracture num\u00e9rique et relancer la Poste.<\/p>\n<p dir=\"ltr\">Le d\u00e9ploiement est en cours. Avec le Programme de Transformation Num\u00e9rique financ\u00e9 par la Banque mondiale et l\u2019Agence Fran\u00e7aise de D\u00e9veloppement, 10 000 km de fibre sont en chantier. Le Fonds de D\u00e9veloppement du Service Universel, FDSU, a lanc\u00e9 la premi\u00e8re phase de 3 000 tours. Le lancement officiel a eu lieu \u00e0 Nkamba, dans le Kongo Central, zone pilote. Le 8 ao\u00fbt dernier, le FDSU a sign\u00e9 des conventions de subvention avec les quatre op\u00e9rateurs : chacun s\u2019engage \u00e0 construire au moins 10 antennes en zones p\u00e9riurbaines et rurales.<\/p>\n<p>&nbsp;<\/p>\n<p dir=\"ltr\">Pour s\u00e9curiser la souverainet\u00e9 num\u00e9rique, des n\u00e9gociations avanc\u00e9es sont en cours avec la firme chinoise China Unicom pour la construction d\u2019un satellite national.<\/p>\n<p dir=\"ltr\">En un an, Me Jos\u00e9 Mpanda Kabangu a remis la RDC au centre du jeu. UPU, UAT, bient\u00f4t UIT : la pr\u00e9sence dans les instances de d\u00e9cision n\u2019est pas d\u00e9corative. Elle cr\u00e9dibilise, elle attire les investissements, elle impose une exigence de qualit\u00e9 au b\u00e9n\u00e9fice du citoyen.<\/p>\n<p dir=\"ltr\">Align\u00e9e sur la vision du Pr\u00e9sident F\u00e9lix-Antoine Tshisekedi, l\u2019action du ministre des PT d\u00e9montre qu\u2019avec m\u00e9thode et constance, la digitalisation de\u00a0 la RDC \u00e0 l\u2019horizon 2030 n\u2019est plus une promesse. C\u2019est un calendrier en marche.<\/p>\n","protected":false},"excerpt":{"rendered":"<p>R\u00e9daction\u00a0 Fogeka agency Sans rel\u00e2che, sans d\u00e9tour. Un an apr\u00e8s sa prise de fonction aux Postes et T\u00e9l\u00e9communications, Me Jos\u00e9&hellip;<\/p>\n","protected":false},"author":2,"featured_media":696,"comment_status":"open","ping_status":"open","sticky":true,"template":"","format":"standard","meta":{"footnotes":""},"categories":[5],"tags":[],"class_list":["post-695","post","type-post","status-publish","format-standard","has-post-thumbnail","hentry","category-developpement"],"yoast_head":"<!-- This site is optimized with the Yoast SEO plugin v28.3 - https:\/\/yoast.com\/product\/yoast-seo-wordpress\/ -->\n<title>RDC - GOUVERNANCE : JOS\u00c9 MPANDA, UN SOLDAT AU FRONT POUR CONCR\u00c9TISER LA VISION DE FATSHI - fogeka-rdc<\/title>\n<meta name=\"robots\" content=\"index, follow, max-snippet:-1, max-image-preview:large, max-video-preview:-1\" \/>\n<link rel=\"canonical\" href=\"https:\/\/fogeka-rdc.org\/index.php\/2026\/08\/12\/rdc-gouvernance-jose-mpanda-un-soldat-au-front-pour-concretiser-la-vision-de-fatshi\/\" \/>\n<meta property=\"og:locale\" content=\"fr_FR\" \/>\n<meta property=\"og:type\" content=\"article\" \/>\n<meta property=\"og:title\" content=\"RDC - GOUVERNANCE : JOS\u00c9 MPANDA, UN SOLDAT AU FRONT POUR CONCR\u00c9TISER LA VISION DE FATSHI - fogeka-rdc\" \/>\n<meta property=\"og:description\" content=\"R\u00e9daction\u00a0 Fogeka agency Sans rel\u00e2che, sans d\u00e9tour. Un an apr\u00e8s sa prise de fonction aux Postes et T\u00e9l\u00e9communications, Me Jos\u00e9&hellip;\" \/>\n<meta property=\"og:url\" content=\"https:\/\/fogeka-rdc.org\/index.php\/2026\/08\/12\/rdc-gouvernance-jose-mpanda-un-soldat-au-front-pour-concretiser-la-vision-de-fatshi\/\" \/>\n<meta property=\"og:site_name\" content=\"fogeka-rdc\" \/>\n<meta property=\"article:published_time\" content=\"2026-08-12T12:04:46+00:00\" \/>\n<meta property=\"article:modified_time\" content=\"2026-08-13T12:11:35+00:00\" \/>\n<meta property=\"og:image\" content=\"https:\/\/fogeka-rdc.org\/wp-content\/uploads\/2026\/08\/Jose_Mpanda.jpg\" \/>\n\t<meta property=\"og:image:width\" content=\"800\" \/>\n\t<meta property=\"og:image:height\" content=\"720\" \/>\n\t<meta property=\"og:image:type\" content=\"image\/jpeg\" \/>\n<meta name=\"author\" content=\"Fogeka Fogekardc\" \/>\n<meta name=\"twitter:card\" content=\"summary_large_image\" \/>\n<meta name=\"twitter:label1\" content=\"\u00c9crit par\" \/>\n\t<meta name=\"twitter:data1\" content=\"Fogeka Fogekardc\" \/>\n\t<meta name=\"twitter:label2\" content=\"Dur\u00e9e de lecture estim\u00e9e\" \/>\n\t<meta name=\"twitter:data2\" content=\"5 minutes\" \/>\n<script type=\"application\/ld+json\" class=\"yoast-schema-graph\">{\"@context\":\"https:\\\/\\\/schema.org\",\"@graph\":[{\"@type\":\"Article\",\"@id\":\"https:\\\/\\\/fogeka-rdc.org\\\/index.php\\\/2026\\\/08\\\/12\\\/rdc-gouvernance-jose-mpanda-un-soldat-au-front-pour-concretiser-la-vision-de-fatshi\\\/#article\",\"isPartOf\":{\"@id\":\"https:\\\/\\\/fogeka-rdc.org\\\/index.php\\\/2026\\\/08\\\/12\\\/rdc-gouvernance-jose-mpanda-un-soldat-au-front-pour-concretiser-la-vision-de-fatshi\\\/\"},\"author\":{\"name\":\"Fogeka Fogekardc\",\"@id\":\"https:\\\/\\\/fogeka-rdc.org\\\/#\\\/schema\\\/person\\\/326652cf3d7bfcbab6d224e17d6992ef\"},\"headline\":\"RDC &#8211; GOUVERNANCE : JOS\u00c9 MPANDA, UN SOLDAT AU FRONT POUR CONCR\u00c9TISER LA VISION DE FATSHI\",\"datePublished\":\"2026-08-12T12:04:46+00:00\",\"dateModified\":\"2026-08-13T12:11:35+00:00\",\"mainEntityOfPage\":{\"@id\":\"https:\\\/\\\/fogeka-rdc.org\\\/index.php\\\/2026\\\/08\\\/12\\\/rdc-gouvernance-jose-mpanda-un-soldat-au-front-pour-concretiser-la-vision-de-fatshi\\\/\"},\"wordCount\":952,\"commentCount\":0,\"publisher\":{\"@id\":\"https:\\\/\\\/fogeka-rdc.org\\\/#organization\"},\"image\":{\"@id\":\"https:\\\/\\\/fogeka-rdc.org\\\/index.php\\\/2026\\\/08\\\/12\\\/rdc-gouvernance-jose-mpanda-un-soldat-au-front-pour-concretiser-la-vision-de-fatshi\\\/#primaryimage\"},\"thumbnailUrl\":\"https:\\\/\\\/fogeka-rdc.org\\\/wp-content\\\/uploads\\\/2026\\\/08\\\/Jose_Mpanda.jpg\",\"articleSection\":[\"D\u00e9veloppement\"],\"inLanguage\":\"fr-FR\",\"potentialAction\":[{\"@type\":\"CommentAction\",\"name\":\"Comment\",\"target\":[\"https:\\\/\\\/fogeka-rdc.org\\\/index.php\\\/2026\\\/08\\\/12\\\/rdc-gouvernance-jose-mpanda-un-soldat-au-front-pour-concretiser-la-vision-de-fatshi\\\/#respond\"]}]},{\"@type\":\"WebPage\",\"@id\":\"https:\\\/\\\/fogeka-rdc.org\\\/index.php\\\/2026\\\/08\\\/12\\\/rdc-gouvernance-jose-mpanda-un-soldat-au-front-pour-concretiser-la-vision-de-fatshi\\\/\",\"url\":\"https:\\\/\\\/fogeka-rdc.org\\\/index.php\\\/2026\\\/08\\\/12\\\/rdc-gouvernance-jose-mpanda-un-soldat-au-front-pour-concretiser-la-vision-de-fatshi\\\/\",\"name\":\"RDC - GOUVERNANCE : JOS\u00c9 MPANDA, UN SOLDAT AU FRONT POUR CONCR\u00c9TISER LA VISION DE FATSHI - fogeka-rdc\",\"isPartOf\":{\"@id\":\"https:\\\/\\\/fogeka-rdc.org\\\/#website\"},\"primaryImageOfPage\":{\"@id\":\"https:\\\/\\\/fogeka-rdc.org\\\/index.php\\\/2026\\\/08\\\/12\\\/rdc-gouvernance-jose-mpanda-un-soldat-au-front-pour-concretiser-la-vision-de-fatshi\\\/#primaryimage\"},\"image\":{\"@id\":\"https:\\\/\\\/fogeka-rdc.org\\\/index.php\\\/2026\\\/08\\\/12\\\/rdc-gouvernance-jose-mpanda-un-soldat-au-front-pour-concretiser-la-vision-de-fatshi\\\/#primaryimage\"},\"thumbnailUrl\":\"https:\\\/\\\/fogeka-rdc.org\\\/wp-content\\\/uploads\\\/2026\\\/08\\\/Jose_Mpanda.jpg\",\"datePublished\":\"2026-08-12T12:04:46+00:00\",\"dateModified\":\"2026-08-13T12:11:35+00:00\",\"breadcrumb\":{\"@id\":\"https:\\\/\\\/fogeka-rdc.org\\\/index.php\\\/2026\\\/08\\\/12\\\/rdc-gouvernance-jose-mpanda-un-soldat-au-front-pour-concretiser-la-vision-de-fatshi\\\/#breadcrumb\"},\"inLanguage\":\"fr-FR\",\"potentialAction\":[{\"@type\":\"ReadAction\",\"target\":[\"https:\\\/\\\/fogeka-rdc.org\\\/index.php\\\/2026\\\/08\\\/12\\\/rdc-gouvernance-jose-mpanda-un-soldat-au-front-pour-concretiser-la-vision-de-fatshi\\\/\"]}]},{\"@type\":\"ImageObject\",\"inLanguage\":\"fr-FR\",\"@id\":\"https:\\\/\\\/fogeka-rdc.org\\\/index.php\\\/2026\\\/08\\\/12\\\/rdc-gouvernance-jose-mpanda-un-soldat-au-front-pour-concretiser-la-vision-de-fatshi\\\/#primaryimage\",\"url\":\"https:\\\/\\\/fogeka-rdc.org\\\/wp-content\\\/uploads\\\/2026\\\/08\\\/Jose_Mpanda.jpg\",\"contentUrl\":\"https:\\\/\\\/fogeka-rdc.org\\\/wp-content\\\/uploads\\\/2026\\\/08\\\/Jose_Mpanda.jpg\",\"width\":800,\"height\":720},{\"@type\":\"BreadcrumbList\",\"@id\":\"https:\\\/\\\/fogeka-rdc.org\\\/index.php\\\/2026\\\/08\\\/12\\\/rdc-gouvernance-jose-mpanda-un-soldat-au-front-pour-concretiser-la-vision-de-fatshi\\\/#breadcrumb\",\"itemListElement\":[{\"@type\":\"ListItem\",\"position\":1,\"name\":\"Accueil\",\"item\":\"https:\\\/\\\/fogeka-rdc.org\\\/\"},{\"@type\":\"ListItem\",\"position\":2,\"name\":\"RDC &#8211; GOUVERNANCE : JOS\u00c9 MPANDA, UN SOLDAT AU FRONT POUR CONCR\u00c9TISER LA VISION DE FATSHI\"}]},{\"@type\":\"WebSite\",\"@id\":\"https:\\\/\\\/fogeka-rdc.org\\\/#website\",\"url\":\"https:\\\/\\\/fogeka-rdc.org\\\/\",\"name\":\"fogeka-rdc\",\"description\":\"Agro foresterie, dans la paix, pour le d\u00e9veloppement\",\"publisher\":{\"@id\":\"https:\\\/\\\/fogeka-rdc.org\\\/#organization\"},\"potentialAction\":[{\"@type\":\"SearchAction\",\"target\":{\"@type\":\"EntryPoint\",\"urlTemplate\":\"https:\\\/\\\/fogeka-rdc.org\\\/?s={search_term_string}\"},\"query-input\":{\"@type\":\"PropertyValueSpecification\",\"valueRequired\":true,\"valueName\":\"search_term_string\"}}],\"inLanguage\":\"fr-FR\"},{\"@type\":\"Organization\",\"@id\":\"https:\\\/\\\/fogeka-rdc.org\\\/#organization\",\"name\":\"fogeka-rdc\",\"url\":\"https:\\\/\\\/fogeka-rdc.org\\\/\",\"logo\":{\"@type\":\"ImageObject\",\"inLanguage\":\"fr-FR\",\"@id\":\"https:\\\/\\\/fogeka-rdc.org\\\/#\\\/schema\\\/logo\\\/image\\\/\",\"url\":\"https:\\\/\\\/fogeka-rdc.org\\\/wp-content\\\/uploads\\\/2025\\\/09\\\/cropped-cropped-WhatsApp-Image-2025-09-12-at-23.09.05.jpeg\",\"contentUrl\":\"https:\\\/\\\/fogeka-rdc.org\\\/wp-content\\\/uploads\\\/2025\\\/09\\\/cropped-cropped-WhatsApp-Image-2025-09-12-at-23.09.05.jpeg\",\"width\":250,\"height\":134,\"caption\":\"fogeka-rdc\"},\"image\":{\"@id\":\"https:\\\/\\\/fogeka-rdc.org\\\/#\\\/schema\\\/logo\\\/image\\\/\"}},{\"@type\":\"Person\",\"@id\":\"https:\\\/\\\/fogeka-rdc.org\\\/#\\\/schema\\\/person\\\/326652cf3d7bfcbab6d224e17d6992ef\",\"name\":\"Fogeka Fogekardc\",\"image\":{\"@type\":\"ImageObject\",\"inLanguage\":\"fr-FR\",\"@id\":\"https:\\\/\\\/secure.gravatar.com\\\/avatar\\\/7409435eb90dab5dd3e21946e11423d79d4fd27d0d76a9a6883c8f31758a7ecd?s=96&d=mm&r=g\",\"url\":\"https:\\\/\\\/secure.gravatar.com\\\/avatar\\\/7409435eb90dab5dd3e21946e11423d79d4fd27d0d76a9a6883c8f31758a7ecd?s=96&d=mm&r=g\",\"contentUrl\":\"https:\\\/\\\/secure.gravatar.com\\\/avatar\\\/7409435eb90dab5dd3e21946e11423d79d4fd27d0d76a9a6883c8f31758a7ecd?s=96&d=mm&r=g\",\"caption\":\"Fogeka Fogekardc\"},\"url\":\"https:\\\/\\\/fogeka-rdc.org\\\/index.php\\\/author\\\/fogeka-admin\\\/\"}]}<\/script>\n<!-- \/ Yoast SEO plugin. -->","yoast_head_json":{"title":"RDC - GOUVERNANCE : JOS\u00c9 MPANDA, UN SOLDAT AU FRONT POUR CONCR\u00c9TISER LA VISION DE FATSHI - fogeka-rdc","robots":{"index":"index","follow":"follow","max-snippet":"max-snippet:-1","max-image-preview":"max-image-preview:large","max-video-preview":"max-video-preview:-1"},"canonical":"https:\/\/fogeka-rdc.org\/index.php\/2026\/08\/12\/rdc-gouvernance-jose-mpanda-un-soldat-au-front-pour-concretiser-la-vision-de-fatshi\/","og_locale":"fr_FR","og_type":"article","og_title":"RDC - GOUVERNANCE : JOS\u00c9 MPANDA, UN SOLDAT AU FRONT POUR CONCR\u00c9TISER LA VISION DE FATSHI - fogeka-rdc","og_description":"R\u00e9daction\u00a0 Fogeka agency Sans rel\u00e2che, sans d\u00e9tour. Un an apr\u00e8s sa prise de fonction aux Postes et T\u00e9l\u00e9communications, Me Jos\u00e9&hellip;","og_url":"https:\/\/fogeka-rdc.org\/index.php\/2026\/08\/12\/rdc-gouvernance-jose-mpanda-un-soldat-au-front-pour-concretiser-la-vision-de-fatshi\/","og_site_name":"fogeka-rdc","article_published_time":"2026-08-12T12:04:46+00:00","article_modified_time":"2026-08-13T12:11:35+00:00","og_image":[{"width":800,"height":720,"url":"https:\/\/fogeka-rdc.org\/wp-content\/uploads\/2026\/08\/Jose_Mpanda.jpg","type":"image\/jpeg"}],"author":"Fogeka Fogekardc","twitter_card":"summary_large_image","twitter_misc":{"\u00c9crit par":"Fogeka Fogekardc","Dur\u00e9e de lecture estim\u00e9e":"5 minutes"},"schema":{"@context":"https:\/\/schema.org","@graph":[{"@type":"Article","@id":"https:\/\/fogeka-rdc.org\/index.php\/2026\/08\/12\/rdc-gouvernance-jose-mpanda-un-soldat-au-front-pour-concretiser-la-vision-de-fatshi\/#article","isPartOf":{"@id":"https:\/\/fogeka-rdc.org\/index.php\/2026\/08\/12\/rdc-gouvernance-jose-mpanda-un-soldat-au-front-pour-concretiser-la-vision-de-fatshi\/"},"author":{"name":"Fogeka Fogekardc","@id":"https:\/\/fogeka-rdc.org\/#\/schema\/person\/326652cf3d7bfcbab6d224e17d6992ef"},"headline":"RDC &#8211; GOUVERNANCE : JOS\u00c9 MPANDA, UN SOLDAT AU FRONT POUR CONCR\u00c9TISER LA VISION DE FATSHI","datePublished":"2026-08-12T12:04:46+00:00","dateModified":"2026-08-13T12:11:35+00:00","mainEntityOfPage":{"@id":"https:\/\/fogeka-rdc.org\/index.php\/2026\/08\/12\/rdc-gouvernance-jose-mpanda-un-soldat-au-front-pour-concretiser-la-vision-de-fatshi\/"},"wordCount":952,"commentCount":0,"publisher":{"@id":"https:\/\/fogeka-rdc.org\/#organization"},"image":{"@id":"https:\/\/fogeka-rdc.org\/index.php\/2026\/08\/12\/rdc-gouvernance-jose-mpanda-un-soldat-au-front-pour-concretiser-la-vision-de-fatshi\/#primaryimage"},"thumbnailUrl":"https:\/\/fogeka-rdc.org\/wp-content\/uploads\/2026\/08\/Jose_Mpanda.jpg","articleSection":["D\u00e9veloppement"],"inLanguage":"fr-FR","potentialAction":[{"@type":"CommentAction","name":"Comment","target":["https:\/\/fogeka-rdc.org\/index.php\/2026\/08\/12\/rdc-gouvernance-jose-mpanda-un-soldat-au-front-pour-concretiser-la-vision-de-fatshi\/#respond"]}]},{"@type":"WebPage","@id":"https:\/\/fogeka-rdc.org\/index.php\/2026\/08\/12\/rdc-gouvernance-jose-mpanda-un-soldat-au-front-pour-concretiser-la-vision-de-fatshi\/","url":"https:\/\/fogeka-rdc.org\/index.php\/2026\/08\/12\/rdc-gouvernance-jose-mpanda-un-soldat-au-front-pour-concretiser-la-vision-de-fatshi\/","name":"RDC - GOUVERNANCE : JOS\u00c9 MPANDA, UN SOLDAT AU FRONT POUR CONCR\u00c9TISER LA VISION DE FATSHI - fogeka-rdc","isPartOf":{"@id":"https:\/\/fogeka-rdc.org\/#website"},"primaryImageOfPage":{"@id":"https:\/\/fogeka-rdc.org\/index.php\/2026\/08\/12\/rdc-gouvernance-jose-mpanda-un-soldat-au-front-pour-concretiser-la-vision-de-fatshi\/#primaryimage"},"image":{"@id":"https:\/\/fogeka-rdc.org\/index.php\/2026\/08\/12\/rdc-gouvernance-jose-mpanda-un-soldat-au-front-pour-concretiser-la-vision-de-fatshi\/#primaryimage"},"thumbnailUrl":"https:\/\/fogeka-rdc.org\/wp-content\/uploads\/2026\/08\/Jose_Mpanda.jpg","datePublished":"2026-08-12T12:04:46+00:00","dateModified":"2026-08-13T12:11:35+00:00","breadcrumb":{"@id":"https:\/\/fogeka-rdc.org\/index.php\/2026\/08\/12\/rdc-gouvernance-jose-mpanda-un-soldat-au-front-pour-concretiser-la-vision-de-fatshi\/#breadcrumb"},"inLanguage":"fr-FR","potentialAction":[{"@type":"ReadAction","target":["https:\/\/fogeka-rdc.org\/index.php\/2026\/08\/12\/rdc-gouvernance-jose-mpanda-un-soldat-au-front-pour-concretiser-la-vision-de-fatshi\/"]}]},{"@type":"ImageObject","inLanguage":"fr-FR","@id":"https:\/\/fogeka-rdc.org\/index.php\/2026\/08\/12\/rdc-gouvernance-jose-mpanda-un-soldat-au-front-pour-concretiser-la-vision-de-fatshi\/#primaryimage","url":"https:\/\/fogeka-rdc.org\/wp-content\/uploads\/2026\/08\/Jose_Mpanda.jpg","contentUrl":"https:\/\/fogeka-rdc.org\/wp-content\/uploads\/2026\/08\/Jose_Mpanda.jpg","width":800,"height":720},{"@type":"BreadcrumbList","@id":"https:\/\/fogeka-rdc.org\/index.php\/2026\/08\/12\/rdc-gouvernance-jose-mpanda-un-soldat-au-front-pour-concretiser-la-vision-de-fatshi\/#breadcrumb","itemListElement":[{"@type":"ListItem","position":1,"name":"Accueil","item":"https:\/\/fogeka-rdc.org\/"},{"@type":"ListItem","position":2,"name":"RDC &#8211; GOUVERNANCE : JOS\u00c9 MPANDA, UN SOLDAT AU FRONT POUR CONCR\u00c9TISER LA VISION DE FATSHI"}]},{"@type":"WebSite","@id":"https:\/\/fogeka-rdc.org\/#website","url":"https:\/\/fogeka-rdc.org\/","name":"fogeka-rdc","description":"Agro foresterie, dans la paix, pour le d\u00e9veloppement","publisher":{"@id":"https:\/\/fogeka-rdc.org\/#organization"},"potentialAction":[{"@type":"SearchAction","target":{"@type":"EntryPoint","urlTemplate":"https:\/\/fogeka-rdc.org\/?s={search_term_string}"},"query-input":{"@type":"PropertyValueSpecification","valueRequired":true,"valueName":"search_term_string"}}],"inLanguage":"fr-FR"},{"@type":"Organization","@id":"https:\/\/fogeka-rdc.org\/#organization","name":"fogeka-rdc","url":"https:\/\/fogeka-rdc.org\/","logo":{"@type":"ImageObject","inLanguage":"fr-FR","@id":"https:\/\/fogeka-rdc.org\/#\/schema\/logo\/image\/","url":"https:\/\/fogeka-rdc.org\/wp-content\/uploads\/2025\/09\/cropped-cropped-WhatsApp-Image-2025-09-12-at-23.09.05.jpeg","contentUrl":"https:\/\/fogeka-rdc.org\/wp-content\/uploads\/2025\/09\/cropped-cropped-WhatsApp-Image-2025-09-12-at-23.09.05.jpeg","width":250,"height":134,"caption":"fogeka-rdc"},"image":{"@id":"https:\/\/fogeka-rdc.org\/#\/schema\/logo\/image\/"}},{"@type":"Person","@id":"https:\/\/fogeka-rdc.org\/#\/schema\/person\/326652cf3d7bfcbab6d224e17d6992ef","name":"Fogeka Fogekardc","image":{"@type":"ImageObject","inLanguage":"fr-FR","@id":"https:\/\/secure.gravatar.com\/avatar\/7409435eb90dab5dd3e21946e11423d79d4fd27d0d76a9a6883c8f31758a7ecd?s=96&d=mm&r=g","url":"https:\/\/secure.gravatar.com\/avatar\/7409435eb90dab5dd3e21946e11423d79d4fd27d0d76a9a6883c8f31758a7ecd?s=96&d=mm&r=g","contentUrl":"https:\/\/secure.gravatar.com\/avatar\/7409435eb90dab5dd3e21946e11423d79d4fd27d0d76a9a6883c8f31758a7ecd?s=96&d=mm&r=g","caption":"Fogeka Fogekardc"},"url":"https:\/\/fogeka-rdc.org\/index.php\/author\/fogeka-admin\/"}]}},"_links":{"self":[{"href":"https:\/\/fogeka-rdc.org\/index.php\/wp-json\/wp\/v2\/posts\/695","targetHints":{"allow":["GET"]}}],"collection":[{"href":"https:\/\/fogeka-rdc.org\/index.php\/wp-json\/wp\/v2\/posts"}],"about":[{"href":"https:\/\/fogeka-rdc.org\/index.php\/wp-json\/wp\/v2\/types\/post"}],"author":[{"embeddable":true,"href":"https:\/\/fogeka-rdc.org\/index.php\/wp-json\/wp\/v2\/users\/2"}],"replies":[{"embeddable":true,"href":"https:\/\/fogeka-rdc.org\/index.php\/wp-json\/wp\/v2\/comments?post=695"}],"version-history":[{"count":1,"href":"https:\/\/fogeka-rdc.org\/index.php\/wp-json\/wp\/v2\/posts\/695\/revisions"}],"predecessor-version":[{"id":697,"href":"https:\/\/fogeka-rdc.org\/index.php\/wp-json\/wp\/v2\/posts\/695\/revisions\/697"}],"wp:featuredmedia":[{"embeddable":true,"href":"https:\/\/fogeka-rdc.org\/index.php\/wp-json\/wp\/v2\/media\/696"}],"wp:attachment":[{"href":"https:\/\/fogeka-rdc.org\/index.php\/wp-json\/wp\/v2\/media?parent=695"}],"wp:term":[{"taxonomy":"category","embeddable":true,"href":"https:\/\/fogeka-rdc.org\/index.php\/wp-json\/wp\/v2\/categories?post=695"},{"taxonomy":"post_tag","embeddable":true,"href":"https:\/\/fogeka-rdc.org\/index.php\/wp-json\/wp\/v2\/tags?post=695"}],"curies":[{"name":"wp","href":"https:\/\/api.w.org\/{rel}","templated":true}]}}