{"id":701,"date":"2026-07-16T12:22:20","date_gmt":"2026-07-16T12:22:20","guid":{"rendered":"https:\/\/fogeka-rdc.org\/?p=701"},"modified":"2026-08-13T12:44:48","modified_gmt":"2026-08-13T12:44:48","slug":"rdc-securite-lultimatum-americain-ne-dicte-pas-le-destin-de-la-rdc","status":"publish","type":"post","link":"https:\/\/fogeka-rdc.org\/index.php\/2026\/07\/16\/rdc-securite-lultimatum-americain-ne-dicte-pas-le-destin-de-la-rdc\/","title":{"rendered":"RDC- S\u00c9CURIT\u00c9 : L&rsquo;ULTIMATUM AM\u00c9RICAIN NE DICTE PAS LE DESTIN DE LA RDC,"},"content":{"rendered":"<p dir=\"ltr\">Par G\u00e9nie Kande<\/p>\n<p dir=\"ltr\">L\u2019\u00e9ch\u00e9ance am\u00e9ricaine pass\u00e9e, la diplomatie de F\u00e9lix Tshisekedi tient bon\u00a0L\u2019ultimatum am\u00e9ricain au Rwanda, fix\u00e9 au 15 juillet pour un retrait dans l\u2019est de la RDC, est arriv\u00e9 \u00e0 expiration sans effet visible sur le terrain. Pourtant, loin d\u2019\u00eatre un \u00e9chec, la diplomatie du Pr\u00e9sident de la R\u00e9publique F\u00e9lix Tshisekedi confirme sa pertinence : elle pr\u00e9serve la souverainet\u00e9 nationale face \u00e0 une guerre d\u2019agression, de balkanisation et de pillage des ressources.<\/p>\n<p dir=\"ltr\">Le silence des armes n\u2019a pas suivi les d\u00e9clarations de Washington. Dans le Sud-Kivu, l\u2019AFC\/M23 poursuit. Aucun retrait des forces rwandaises pr\u00e9sum\u00e9es n\u2019a \u00e9t\u00e9 constat\u00e9. Kinshasa d\u00e9nonce. Entre-temps, des milliers de civils fuient \u00e0 nouveau, y compris ceux revenus du Burundi avec l\u2019espoir de reconstruire.<\/p>\n<p>&nbsp;<\/p>\n<p dir=\"ltr\">Dans ce contexte, certains s\u2019empressent de conclure \u00e0 l\u2019impuissance de la diplomatie. C\u2019est oublier l\u2019\u00e9cole d\u2019Etienne Tshisekedi wa Mulumba\u00a0 : la lutte non arm\u00e9e, la r\u00e9sistance par le droit et la parole. Le Pr\u00e9sident F\u00e9lix Tshisekedi n\u2019a pas p\u00e9ch\u00e9. En choisissant la voie diplomatique, il a \u00e9vit\u00e9 au pays l\u2019isolement et document\u00e9 l\u2019agression devant le monde. La mission est claire : d\u00e9fendre la RDC sans c\u00e9der aux pi\u00e8ges de la guerre r\u00e9gionale.<\/p>\n<p>&nbsp;<\/p>\n<p dir=\"ltr\">\u00a0Soyons lucides. Le plan de d\u00e9stabilisation existe. Les acteurs sont l\u00e0, infiltr\u00e9s \u00ab\u00a0jusqu\u2019aux dents \u00ab\u00a0, comme l\u2019avait pr\u00e9venu P.E Lumumba. Ils si\u00e8gent au parlement, au gouvernement et ailleurs. Ils communiquent, ils organisent des r\u00e9unions la nuit, ils planifient. Il est temps de poser la vraie question : qui est Congolais et qui ne l\u2019est pas ?<\/p>\n<p>&nbsp;<\/p>\n<p dir=\"ltr\">Dire aujourd\u2019hui que la diplomatie avec les \u00c9tats-Unis a \u00e9chou\u00e9 rel\u00e8ve du discours de l\u2019ennemi. Vous ne pouvez le comprendre depuis Kigali si vous n\u2019\u00eates pas \u00e0 Kinshasa. Nous qui avons \u00e9tudi\u00e9 les relations internationales le savons : aucun accord ne vit sans sa phase d\u2019ex\u00e9cution. Et l\u2019histoire retiendra que m\u00eame la plus grande puissance au monde, les \u00c9tats-Unis, doit composer avec les r\u00e9alit\u00e9s du terrain.<\/p>\n<p>&nbsp;<\/p>\n<p dir=\"ltr\">Les Congolais sont la premi\u00e8re force de d\u00e9fense de leur pays. Plus que les ultimatums, c\u2019est notre unit\u00e9 derri\u00e8re le Chef de l\u2019\u00c9tat qui fera reculer l\u2019agression et garantira la souverainet\u00e9.<\/p>\n","protected":false},"excerpt":{"rendered":"<p>Par G\u00e9nie Kande L\u2019\u00e9ch\u00e9ance am\u00e9ricaine pass\u00e9e, la diplomatie de F\u00e9lix Tshisekedi tient bon\u00a0L\u2019ultimatum am\u00e9ricain au Rwanda, fix\u00e9 au 15 juillet&hellip;<\/p>\n","protected":false},"author":2,"featured_media":702,"comment_status":"open","ping_status":"open","sticky":true,"template":"","format":"standard","meta":{"footnotes":""},"categories":[15],"tags":[],"class_list":["post-701","post","type-post","status-publish","format-standard","has-post-thumbnail","hentry","category-securite"],"yoast_head":"<!-- This site is optimized with the Yoast SEO plugin v28.4 - https:\/\/yoast.com\/product\/yoast-seo-wordpress\/ -->\n<title>RDC- S\u00c9CURIT\u00c9 : L&#039;ULTIMATUM AM\u00c9RICAIN NE DICTE PAS LE DESTIN DE LA RDC, - fogeka-rdc<\/title>\n<meta name=\"robots\" content=\"index, follow, max-snippet:-1, max-image-preview:large, max-video-preview:-1\" \/>\n<link rel=\"canonical\" href=\"https:\/\/fogeka-rdc.org\/index.php\/2026\/07\/16\/rdc-securite-lultimatum-americain-ne-dicte-pas-le-destin-de-la-rdc\/\" \/>\n<meta property=\"og:locale\" content=\"fr_FR\" \/>\n<meta property=\"og:type\" content=\"article\" \/>\n<meta property=\"og:title\" content=\"RDC- S\u00c9CURIT\u00c9 : L&#039;ULTIMATUM AM\u00c9RICAIN NE DICTE PAS LE DESTIN DE LA RDC, - fogeka-rdc\" \/>\n<meta property=\"og:description\" content=\"Par G\u00e9nie Kande L\u2019\u00e9ch\u00e9ance am\u00e9ricaine pass\u00e9e, la diplomatie de F\u00e9lix Tshisekedi tient bon\u00a0L\u2019ultimatum am\u00e9ricain au Rwanda, fix\u00e9 au 15 juillet&hellip;\" \/>\n<meta property=\"og:url\" content=\"https:\/\/fogeka-rdc.org\/index.php\/2026\/07\/16\/rdc-securite-lultimatum-americain-ne-dicte-pas-le-destin-de-la-rdc\/\" \/>\n<meta property=\"og:site_name\" content=\"fogeka-rdc\" \/>\n<meta property=\"article:published_time\" content=\"2026-07-16T12:22:20+00:00\" \/>\n<meta property=\"article:modified_time\" content=\"2026-08-13T12:44:48+00:00\" \/>\n<meta property=\"og:image\" content=\"https:\/\/fogeka-rdc.org\/wp-content\/uploads\/2026\/08\/Felix_Trump.jpg\" \/>\n\t<meta property=\"og:image:width\" content=\"708\" \/>\n\t<meta property=\"og:image:height\" content=\"503\" \/>\n\t<meta property=\"og:image:type\" content=\"image\/jpeg\" \/>\n<meta name=\"author\" content=\"Fogeka Fogekardc\" \/>\n<meta name=\"twitter:card\" content=\"summary_large_image\" \/>\n<meta name=\"twitter:label1\" content=\"\u00c9crit par\" \/>\n\t<meta name=\"twitter:data1\" content=\"Fogeka Fogekardc\" \/>\n\t<meta name=\"twitter:label2\" content=\"Dur\u00e9e de lecture estim\u00e9e\" \/>\n\t<meta name=\"twitter:data2\" content=\"2 minutes\" \/>\n<script type=\"application\/ld+json\" class=\"yoast-schema-graph\">{\"@context\":\"https:\\\/\\\/schema.org\",\"@graph\":[{\"@type\":\"Article\",\"@id\":\"https:\\\/\\\/fogeka-rdc.org\\\/index.php\\\/2026\\\/07\\\/16\\\/rdc-securite-lultimatum-americain-ne-dicte-pas-le-destin-de-la-rdc\\\/#article\",\"isPartOf\":{\"@id\":\"https:\\\/\\\/fogeka-rdc.org\\\/index.php\\\/2026\\\/07\\\/16\\\/rdc-securite-lultimatum-americain-ne-dicte-pas-le-destin-de-la-rdc\\\/\"},\"author\":{\"name\":\"Fogeka Fogekardc\",\"@id\":\"https:\\\/\\\/fogeka-rdc.org\\\/#\\\/schema\\\/person\\\/326652cf3d7bfcbab6d224e17d6992ef\"},\"headline\":\"RDC- S\u00c9CURIT\u00c9 : L&rsquo;ULTIMATUM AM\u00c9RICAIN NE DICTE PAS LE DESTIN DE LA RDC,\",\"datePublished\":\"2026-07-16T12:22:20+00:00\",\"dateModified\":\"2026-08-13T12:44:48+00:00\",\"mainEntityOfPage\":{\"@id\":\"https:\\\/\\\/fogeka-rdc.org\\\/index.php\\\/2026\\\/07\\\/16\\\/rdc-securite-lultimatum-americain-ne-dicte-pas-le-destin-de-la-rdc\\\/\"},\"wordCount\":416,\"commentCount\":0,\"publisher\":{\"@id\":\"https:\\\/\\\/fogeka-rdc.org\\\/#organization\"},\"image\":{\"@id\":\"https:\\\/\\\/fogeka-rdc.org\\\/index.php\\\/2026\\\/07\\\/16\\\/rdc-securite-lultimatum-americain-ne-dicte-pas-le-destin-de-la-rdc\\\/#primaryimage\"},\"thumbnailUrl\":\"https:\\\/\\\/fogeka-rdc.org\\\/wp-content\\\/uploads\\\/2026\\\/08\\\/Felix_Trump.jpg\",\"articleSection\":[\"Securite\"],\"inLanguage\":\"fr-FR\",\"potentialAction\":[{\"@type\":\"CommentAction\",\"name\":\"Comment\",\"target\":[\"https:\\\/\\\/fogeka-rdc.org\\\/index.php\\\/2026\\\/07\\\/16\\\/rdc-securite-lultimatum-americain-ne-dicte-pas-le-destin-de-la-rdc\\\/#respond\"]}]},{\"@type\":\"WebPage\",\"@id\":\"https:\\\/\\\/fogeka-rdc.org\\\/index.php\\\/2026\\\/07\\\/16\\\/rdc-securite-lultimatum-americain-ne-dicte-pas-le-destin-de-la-rdc\\\/\",\"url\":\"https:\\\/\\\/fogeka-rdc.org\\\/index.php\\\/2026\\\/07\\\/16\\\/rdc-securite-lultimatum-americain-ne-dicte-pas-le-destin-de-la-rdc\\\/\",\"name\":\"RDC- S\u00c9CURIT\u00c9 : L'ULTIMATUM AM\u00c9RICAIN NE DICTE PAS LE DESTIN DE LA RDC, - fogeka-rdc\",\"isPartOf\":{\"@id\":\"https:\\\/\\\/fogeka-rdc.org\\\/#website\"},\"primaryImageOfPage\":{\"@id\":\"https:\\\/\\\/fogeka-rdc.org\\\/index.php\\\/2026\\\/07\\\/16\\\/rdc-securite-lultimatum-americain-ne-dicte-pas-le-destin-de-la-rdc\\\/#primaryimage\"},\"image\":{\"@id\":\"https:\\\/\\\/fogeka-rdc.org\\\/index.php\\\/2026\\\/07\\\/16\\\/rdc-securite-lultimatum-americain-ne-dicte-pas-le-destin-de-la-rdc\\\/#primaryimage\"},\"thumbnailUrl\":\"https:\\\/\\\/fogeka-rdc.org\\\/wp-content\\\/uploads\\\/2026\\\/08\\\/Felix_Trump.jpg\",\"datePublished\":\"2026-07-16T12:22:20+00:00\",\"dateModified\":\"2026-08-13T12:44:48+00:00\",\"breadcrumb\":{\"@id\":\"https:\\\/\\\/fogeka-rdc.org\\\/index.php\\\/2026\\\/07\\\/16\\\/rdc-securite-lultimatum-americain-ne-dicte-pas-le-destin-de-la-rdc\\\/#breadcrumb\"},\"inLanguage\":\"fr-FR\",\"potentialAction\":[{\"@type\":\"ReadAction\",\"target\":[\"https:\\\/\\\/fogeka-rdc.org\\\/index.php\\\/2026\\\/07\\\/16\\\/rdc-securite-lultimatum-americain-ne-dicte-pas-le-destin-de-la-rdc\\\/\"]}]},{\"@type\":\"ImageObject\",\"inLanguage\":\"fr-FR\",\"@id\":\"https:\\\/\\\/fogeka-rdc.org\\\/index.php\\\/2026\\\/07\\\/16\\\/rdc-securite-lultimatum-americain-ne-dicte-pas-le-destin-de-la-rdc\\\/#primaryimage\",\"url\":\"https:\\\/\\\/fogeka-rdc.org\\\/wp-content\\\/uploads\\\/2026\\\/08\\\/Felix_Trump.jpg\",\"contentUrl\":\"https:\\\/\\\/fogeka-rdc.org\\\/wp-content\\\/uploads\\\/2026\\\/08\\\/Felix_Trump.jpg\",\"width\":708,\"height\":503},{\"@type\":\"BreadcrumbList\",\"@id\":\"https:\\\/\\\/fogeka-rdc.org\\\/index.php\\\/2026\\\/07\\\/16\\\/rdc-securite-lultimatum-americain-ne-dicte-pas-le-destin-de-la-rdc\\\/#breadcrumb\",\"itemListElement\":[{\"@type\":\"ListItem\",\"position\":1,\"name\":\"Accueil\",\"item\":\"https:\\\/\\\/fogeka-rdc.org\\\/\"},{\"@type\":\"ListItem\",\"position\":2,\"name\":\"RDC- S\u00c9CURIT\u00c9 : L&rsquo;ULTIMATUM AM\u00c9RICAIN NE DICTE PAS LE DESTIN DE LA RDC,\"}]},{\"@type\":\"WebSite\",\"@id\":\"https:\\\/\\\/fogeka-rdc.org\\\/#website\",\"url\":\"https:\\\/\\\/fogeka-rdc.org\\\/\",\"name\":\"fogeka-rdc\",\"description\":\"Agro foresterie, dans la paix, pour le d\u00e9veloppement\",\"publisher\":{\"@id\":\"https:\\\/\\\/fogeka-rdc.org\\\/#organization\"},\"potentialAction\":[{\"@type\":\"SearchAction\",\"target\":{\"@type\":\"EntryPoint\",\"urlTemplate\":\"https:\\\/\\\/fogeka-rdc.org\\\/?s={search_term_string}\"},\"query-input\":{\"@type\":\"PropertyValueSpecification\",\"valueRequired\":true,\"valueName\":\"search_term_string\"}}],\"inLanguage\":\"fr-FR\"},{\"@type\":\"Organization\",\"@id\":\"https:\\\/\\\/fogeka-rdc.org\\\/#organization\",\"name\":\"fogeka-rdc\",\"url\":\"https:\\\/\\\/fogeka-rdc.org\\\/\",\"logo\":{\"@type\":\"ImageObject\",\"inLanguage\":\"fr-FR\",\"@id\":\"https:\\\/\\\/fogeka-rdc.org\\\/#\\\/schema\\\/logo\\\/image\\\/\",\"url\":\"https:\\\/\\\/fogeka-rdc.org\\\/wp-content\\\/uploads\\\/2025\\\/09\\\/cropped-cropped-WhatsApp-Image-2025-09-12-at-23.09.05.jpeg\",\"contentUrl\":\"https:\\\/\\\/fogeka-rdc.org\\\/wp-content\\\/uploads\\\/2025\\\/09\\\/cropped-cropped-WhatsApp-Image-2025-09-12-at-23.09.05.jpeg\",\"width\":250,\"height\":134,\"caption\":\"fogeka-rdc\"},\"image\":{\"@id\":\"https:\\\/\\\/fogeka-rdc.org\\\/#\\\/schema\\\/logo\\\/image\\\/\"}},{\"@type\":\"Person\",\"@id\":\"https:\\\/\\\/fogeka-rdc.org\\\/#\\\/schema\\\/person\\\/326652cf3d7bfcbab6d224e17d6992ef\",\"name\":\"Fogeka Fogekardc\",\"image\":{\"@type\":\"ImageObject\",\"inLanguage\":\"fr-FR\",\"@id\":\"https:\\\/\\\/secure.gravatar.com\\\/avatar\\\/7409435eb90dab5dd3e21946e11423d79d4fd27d0d76a9a6883c8f31758a7ecd?s=96&d=mm&r=g\",\"url\":\"https:\\\/\\\/secure.gravatar.com\\\/avatar\\\/7409435eb90dab5dd3e21946e11423d79d4fd27d0d76a9a6883c8f31758a7ecd?s=96&d=mm&r=g\",\"contentUrl\":\"https:\\\/\\\/secure.gravatar.com\\\/avatar\\\/7409435eb90dab5dd3e21946e11423d79d4fd27d0d76a9a6883c8f31758a7ecd?s=96&d=mm&r=g\",\"caption\":\"Fogeka Fogekardc\"},\"url\":\"https:\\\/\\\/fogeka-rdc.org\\\/index.php\\\/author\\\/fogeka-admin\\\/\"}]}<\/script>\n<!-- \/ Yoast SEO plugin. -->","yoast_head_json":{"title":"RDC- S\u00c9CURIT\u00c9 : L'ULTIMATUM AM\u00c9RICAIN NE DICTE PAS LE DESTIN DE LA RDC, - fogeka-rdc","robots":{"index":"index","follow":"follow","max-snippet":"max-snippet:-1","max-image-preview":"max-image-preview:large","max-video-preview":"max-video-preview:-1"},"canonical":"https:\/\/fogeka-rdc.org\/index.php\/2026\/07\/16\/rdc-securite-lultimatum-americain-ne-dicte-pas-le-destin-de-la-rdc\/","og_locale":"fr_FR","og_type":"article","og_title":"RDC- S\u00c9CURIT\u00c9 : L'ULTIMATUM AM\u00c9RICAIN NE DICTE PAS LE DESTIN DE LA RDC, - fogeka-rdc","og_description":"Par G\u00e9nie Kande L\u2019\u00e9ch\u00e9ance am\u00e9ricaine pass\u00e9e, la diplomatie de F\u00e9lix Tshisekedi tient bon\u00a0L\u2019ultimatum am\u00e9ricain au Rwanda, fix\u00e9 au 15 juillet&hellip;","og_url":"https:\/\/fogeka-rdc.org\/index.php\/2026\/07\/16\/rdc-securite-lultimatum-americain-ne-dicte-pas-le-destin-de-la-rdc\/","og_site_name":"fogeka-rdc","article_published_time":"2026-07-16T12:22:20+00:00","article_modified_time":"2026-08-13T12:44:48+00:00","og_image":[{"width":708,"height":503,"url":"https:\/\/fogeka-rdc.org\/wp-content\/uploads\/2026\/08\/Felix_Trump.jpg","type":"image\/jpeg"}],"author":"Fogeka Fogekardc","twitter_card":"summary_large_image","twitter_misc":{"\u00c9crit par":"Fogeka Fogekardc","Dur\u00e9e de lecture estim\u00e9e":"2 minutes"},"schema":{"@context":"https:\/\/schema.org","@graph":[{"@type":"Article","@id":"https:\/\/fogeka-rdc.org\/index.php\/2026\/07\/16\/rdc-securite-lultimatum-americain-ne-dicte-pas-le-destin-de-la-rdc\/#article","isPartOf":{"@id":"https:\/\/fogeka-rdc.org\/index.php\/2026\/07\/16\/rdc-securite-lultimatum-americain-ne-dicte-pas-le-destin-de-la-rdc\/"},"author":{"name":"Fogeka Fogekardc","@id":"https:\/\/fogeka-rdc.org\/#\/schema\/person\/326652cf3d7bfcbab6d224e17d6992ef"},"headline":"RDC- S\u00c9CURIT\u00c9 : L&rsquo;ULTIMATUM AM\u00c9RICAIN NE DICTE PAS LE DESTIN DE LA RDC,","datePublished":"2026-07-16T12:22:20+00:00","dateModified":"2026-08-13T12:44:48+00:00","mainEntityOfPage":{"@id":"https:\/\/fogeka-rdc.org\/index.php\/2026\/07\/16\/rdc-securite-lultimatum-americain-ne-dicte-pas-le-destin-de-la-rdc\/"},"wordCount":416,"commentCount":0,"publisher":{"@id":"https:\/\/fogeka-rdc.org\/#organization"},"image":{"@id":"https:\/\/fogeka-rdc.org\/index.php\/2026\/07\/16\/rdc-securite-lultimatum-americain-ne-dicte-pas-le-destin-de-la-rdc\/#primaryimage"},"thumbnailUrl":"https:\/\/fogeka-rdc.org\/wp-content\/uploads\/2026\/08\/Felix_Trump.jpg","articleSection":["Securite"],"inLanguage":"fr-FR","potentialAction":[{"@type":"CommentAction","name":"Comment","target":["https:\/\/fogeka-rdc.org\/index.php\/2026\/07\/16\/rdc-securite-lultimatum-americain-ne-dicte-pas-le-destin-de-la-rdc\/#respond"]}]},{"@type":"WebPage","@id":"https:\/\/fogeka-rdc.org\/index.php\/2026\/07\/16\/rdc-securite-lultimatum-americain-ne-dicte-pas-le-destin-de-la-rdc\/","url":"https:\/\/fogeka-rdc.org\/index.php\/2026\/07\/16\/rdc-securite-lultimatum-americain-ne-dicte-pas-le-destin-de-la-rdc\/","name":"RDC- S\u00c9CURIT\u00c9 : L'ULTIMATUM AM\u00c9RICAIN NE DICTE PAS LE DESTIN DE LA RDC, - fogeka-rdc","isPartOf":{"@id":"https:\/\/fogeka-rdc.org\/#website"},"primaryImageOfPage":{"@id":"https:\/\/fogeka-rdc.org\/index.php\/2026\/07\/16\/rdc-securite-lultimatum-americain-ne-dicte-pas-le-destin-de-la-rdc\/#primaryimage"},"image":{"@id":"https:\/\/fogeka-rdc.org\/index.php\/2026\/07\/16\/rdc-securite-lultimatum-americain-ne-dicte-pas-le-destin-de-la-rdc\/#primaryimage"},"thumbnailUrl":"https:\/\/fogeka-rdc.org\/wp-content\/uploads\/2026\/08\/Felix_Trump.jpg","datePublished":"2026-07-16T12:22:20+00:00","dateModified":"2026-08-13T12:44:48+00:00","breadcrumb":{"@id":"https:\/\/fogeka-rdc.org\/index.php\/2026\/07\/16\/rdc-securite-lultimatum-americain-ne-dicte-pas-le-destin-de-la-rdc\/#breadcrumb"},"inLanguage":"fr-FR","potentialAction":[{"@type":"ReadAction","target":["https:\/\/fogeka-rdc.org\/index.php\/2026\/07\/16\/rdc-securite-lultimatum-americain-ne-dicte-pas-le-destin-de-la-rdc\/"]}]},{"@type":"ImageObject","inLanguage":"fr-FR","@id":"https:\/\/fogeka-rdc.org\/index.php\/2026\/07\/16\/rdc-securite-lultimatum-americain-ne-dicte-pas-le-destin-de-la-rdc\/#primaryimage","url":"https:\/\/fogeka-rdc.org\/wp-content\/uploads\/2026\/08\/Felix_Trump.jpg","contentUrl":"https:\/\/fogeka-rdc.org\/wp-content\/uploads\/2026\/08\/Felix_Trump.jpg","width":708,"height":503},{"@type":"BreadcrumbList","@id":"https:\/\/fogeka-rdc.org\/index.php\/2026\/07\/16\/rdc-securite-lultimatum-americain-ne-dicte-pas-le-destin-de-la-rdc\/#breadcrumb","itemListElement":[{"@type":"ListItem","position":1,"name":"Accueil","item":"https:\/\/fogeka-rdc.org\/"},{"@type":"ListItem","position":2,"name":"RDC- S\u00c9CURIT\u00c9 : L&rsquo;ULTIMATUM AM\u00c9RICAIN NE DICTE PAS LE DESTIN DE LA RDC,"}]},{"@type":"WebSite","@id":"https:\/\/fogeka-rdc.org\/#website","url":"https:\/\/fogeka-rdc.org\/","name":"fogeka-rdc","description":"Agro foresterie, dans la paix, pour le d\u00e9veloppement","publisher":{"@id":"https:\/\/fogeka-rdc.org\/#organization"},"potentialAction":[{"@type":"SearchAction","target":{"@type":"EntryPoint","urlTemplate":"https:\/\/fogeka-rdc.org\/?s={search_term_string}"},"query-input":{"@type":"PropertyValueSpecification","valueRequired":true,"valueName":"search_term_string"}}],"inLanguage":"fr-FR"},{"@type":"Organization","@id":"https:\/\/fogeka-rdc.org\/#organization","name":"fogeka-rdc","url":"https:\/\/fogeka-rdc.org\/","logo":{"@type":"ImageObject","inLanguage":"fr-FR","@id":"https:\/\/fogeka-rdc.org\/#\/schema\/logo\/image\/","url":"https:\/\/fogeka-rdc.org\/wp-content\/uploads\/2025\/09\/cropped-cropped-WhatsApp-Image-2025-09-12-at-23.09.05.jpeg","contentUrl":"https:\/\/fogeka-rdc.org\/wp-content\/uploads\/2025\/09\/cropped-cropped-WhatsApp-Image-2025-09-12-at-23.09.05.jpeg","width":250,"height":134,"caption":"fogeka-rdc"},"image":{"@id":"https:\/\/fogeka-rdc.org\/#\/schema\/logo\/image\/"}},{"@type":"Person","@id":"https:\/\/fogeka-rdc.org\/#\/schema\/person\/326652cf3d7bfcbab6d224e17d6992ef","name":"Fogeka Fogekardc","image":{"@type":"ImageObject","inLanguage":"fr-FR","@id":"https:\/\/secure.gravatar.com\/avatar\/7409435eb90dab5dd3e21946e11423d79d4fd27d0d76a9a6883c8f31758a7ecd?s=96&d=mm&r=g","url":"https:\/\/secure.gravatar.com\/avatar\/7409435eb90dab5dd3e21946e11423d79d4fd27d0d76a9a6883c8f31758a7ecd?s=96&d=mm&r=g","contentUrl":"https:\/\/secure.gravatar.com\/avatar\/7409435eb90dab5dd3e21946e11423d79d4fd27d0d76a9a6883c8f31758a7ecd?s=96&d=mm&r=g","caption":"Fogeka Fogekardc"},"url":"https:\/\/fogeka-rdc.org\/index.php\/author\/fogeka-admin\/"}]}},"_links":{"self":[{"href":"https:\/\/fogeka-rdc.org\/index.php\/wp-json\/wp\/v2\/posts\/701","targetHints":{"allow":["GET"]}}],"collection":[{"href":"https:\/\/fogeka-rdc.org\/index.php\/wp-json\/wp\/v2\/posts"}],"about":[{"href":"https:\/\/fogeka-rdc.org\/index.php\/wp-json\/wp\/v2\/types\/post"}],"author":[{"embeddable":true,"href":"https:\/\/fogeka-rdc.org\/index.php\/wp-json\/wp\/v2\/users\/2"}],"replies":[{"embeddable":true,"href":"https:\/\/fogeka-rdc.org\/index.php\/wp-json\/wp\/v2\/comments?post=701"}],"version-history":[{"count":1,"href":"https:\/\/fogeka-rdc.org\/index.php\/wp-json\/wp\/v2\/posts\/701\/revisions"}],"predecessor-version":[{"id":703,"href":"https:\/\/fogeka-rdc.org\/index.php\/wp-json\/wp\/v2\/posts\/701\/revisions\/703"}],"wp:featuredmedia":[{"embeddable":true,"href":"https:\/\/fogeka-rdc.org\/index.php\/wp-json\/wp\/v2\/media\/702"}],"wp:attachment":[{"href":"https:\/\/fogeka-rdc.org\/index.php\/wp-json\/wp\/v2\/media?parent=701"}],"wp:term":[{"taxonomy":"category","embeddable":true,"href":"https:\/\/fogeka-rdc.org\/index.php\/wp-json\/wp\/v2\/categories?post=701"},{"taxonomy":"post_tag","embeddable":true,"href":"https:\/\/fogeka-rdc.org\/index.php\/wp-json\/wp\/v2\/tags?post=701"}],"curies":[{"name":"wp","href":"https:\/\/api.w.org\/{rel}","templated":true}]}}