{"id":704,"date":"2026-07-15T12:46:54","date_gmt":"2026-07-15T12:46:54","guid":{"rendered":"https:\/\/fogeka-rdc.org\/?p=704"},"modified":"2026-08-13T12:49:47","modified_gmt":"2026-08-13T12:49:47","slug":"rdc-politique-augustin-kabuya-rappelle-andre-mbata-au-respect-de-la-lutte-de-ludps-tshisekedi","status":"publish","type":"post","link":"https:\/\/fogeka-rdc.org\/index.php\/2026\/07\/15\/rdc-politique-augustin-kabuya-rappelle-andre-mbata-au-respect-de-la-lutte-de-ludps-tshisekedi\/","title":{"rendered":"RDC-POLITIQUE : Augustin Kabuya rappelle Andr\u00e9 Mbata au respect de la lutte de l\u2019UDPS\/Tshisekedi"},"content":{"rendered":"<p dir=\"ltr\">\n<p dir=\"ltr\">Par: G\u00e9nie Kande<\/p>\n<p dir=\"ltr\">Le Pr\u00e9sident par int\u00e9rim, et Secr\u00e9taire G\u00e9n\u00e9ral de l\u2019UDPS\/TSHISEKEDI, Augustin Kabuya, a r\u00e9agi avec fermet\u00e9 aux propos non fond\u00e9s tenus par Andr\u00e9 Mbata de l\u2019Union Sacr\u00e9e de la Nation. Il exige le respect d\u00fb au parti pr\u00e9sidentiel et met en garde contre toute tentative de l\u2019impliquer dans des provocations susceptibles de fragiliser la majorit\u00e9.*<\/p>\n<p>&nbsp;<\/p>\n<p dir=\"ltr\">La Pr\u00e9sidence de l\u2019Union pour la D\u00e9mocratie et le Progr\u00e8s Social, UDPS\/TSHISEKEDI en sigle, porte \u00e0 la connaissance de l\u2019opinion nationale et internationale les \u00e9l\u00e9ments suivants :<\/p>\n<p>&nbsp;<\/p>\n<p dir=\"ltr\"><strong>1. Notre communication du 14 juillet 2026 s\u2019adresse exclusivement aux membres de l\u2019UDPS\/TSHISEKEDI.<\/strong> Elle ne vise aucun membre de l\u2019Union Sacr\u00e9e de la Nation. Nous invitons les camarades enclins \u00e0 une politique d\u2019apparat \u00e0 cesser toute confusion inutile. Notre message est clair et demeure inchang\u00e9.<\/p>\n<p>&nbsp;<\/p>\n<p dir=\"ltr\"><strong>2. Concernant les partis, regroupements et associations membres de l\u2019Union Sacr\u00e9e<\/strong>, l\u2019UDPS\/TSHISEKEDI r\u00e9affirme son respect \u00e0 l\u2019\u00e9gard de tous les acteurs. En retour, elle exige la reconnaissance de sa place et de son poids politique au sein de la majorit\u00e9, en tant que premi\u00e8re force de l\u2019Union Sacr\u00e9e.<\/p>\n<p>&nbsp;<\/p>\n<p dir=\"ltr\"><strong>3. L\u2019histoire nous impose une lourde responsabilit\u00e9 :<\/strong> assurer la gestion de ce grand parti de la majorit\u00e9 en cette p\u00e9riode o\u00f9 son Pr\u00e9sident et Haute Autorit\u00e9 Politique de R\u00e9f\u00e9rence, Son Excellence F\u00e9lix-Antoine TSHISEKEDI TSHILOMBO, est emp\u00each\u00e9. Nous n\u2019accepterons aucune distraction. Nous ne c\u00e9derons pas aux man\u0153uvres de l\u2019opposition qui a programm\u00e9 une marche pour le 22 juillet 2026.<\/p>\n<p>&nbsp;<\/p>\n<p dir=\"ltr\"><strong>4. Nous ne tol\u00e9rerons pas<\/strong>\u00a0que certains individus au sein de l\u2019Union Sacr\u00e9e entra\u00eenent l\u2019UDPS\/TSHISEKEDI dans une politique d\u2019improvisation et d\u2019incertitude, ou pire, dans des provocations non fond\u00e9es visant \u00e0 porter atteinte \u00e0 sa r\u00e9putation.<\/p>\n<p dir=\"ltr\"><em><strong>Honorable Augustin KABUYA TSHILUMBA<\/strong><\/em><\/p>\n<p dir=\"ltr\"><em><strong>Secr\u00e9taire G\u00e9n\u00e9ral et Pr\u00e9sident par int\u00e9rim de l\u2019UDPS\/TSHISEKEDI<\/strong><\/em><\/p>\n<p dir=\"ltr\">\n","protected":false},"excerpt":{"rendered":"<p>Par: G\u00e9nie Kande Le Pr\u00e9sident par int\u00e9rim, et Secr\u00e9taire G\u00e9n\u00e9ral de l\u2019UDPS\/TSHISEKEDI, Augustin Kabuya, a r\u00e9agi avec fermet\u00e9 aux propos&hellip;<\/p>\n","protected":false},"author":2,"featured_media":568,"comment_status":"open","ping_status":"open","sticky":true,"template":"","format":"standard","meta":{"footnotes":""},"categories":[14],"tags":[],"class_list":["post-704","post","type-post","status-publish","format-standard","has-post-thumbnail","hentry","category-politique"],"yoast_head":"<!-- This site is optimized with the Yoast SEO plugin v28.3 - https:\/\/yoast.com\/product\/yoast-seo-wordpress\/ -->\n<title>RDC-POLITIQUE : Augustin Kabuya rappelle Andr\u00e9 Mbata au respect de la lutte de l\u2019UDPS\/Tshisekedi - fogeka-rdc<\/title>\n<meta name=\"robots\" content=\"index, follow, max-snippet:-1, max-image-preview:large, max-video-preview:-1\" \/>\n<link rel=\"canonical\" href=\"https:\/\/fogeka-rdc.org\/index.php\/2026\/07\/15\/rdc-politique-augustin-kabuya-rappelle-andre-mbata-au-respect-de-la-lutte-de-ludps-tshisekedi\/\" \/>\n<meta property=\"og:locale\" content=\"fr_FR\" \/>\n<meta property=\"og:type\" content=\"article\" \/>\n<meta property=\"og:title\" content=\"RDC-POLITIQUE : Augustin Kabuya rappelle Andr\u00e9 Mbata au respect de la lutte de l\u2019UDPS\/Tshisekedi - fogeka-rdc\" \/>\n<meta property=\"og:description\" content=\"Par: G\u00e9nie Kande Le Pr\u00e9sident par int\u00e9rim, et Secr\u00e9taire G\u00e9n\u00e9ral de l\u2019UDPS\/TSHISEKEDI, Augustin Kabuya, a r\u00e9agi avec fermet\u00e9 aux propos&hellip;\" \/>\n<meta property=\"og:url\" content=\"https:\/\/fogeka-rdc.org\/index.php\/2026\/07\/15\/rdc-politique-augustin-kabuya-rappelle-andre-mbata-au-respect-de-la-lutte-de-ludps-tshisekedi\/\" \/>\n<meta property=\"og:site_name\" content=\"fogeka-rdc\" \/>\n<meta property=\"article:published_time\" content=\"2026-07-15T12:46:54+00:00\" \/>\n<meta property=\"article:modified_time\" content=\"2026-08-13T12:49:47+00:00\" \/>\n<meta property=\"og:image\" content=\"https:\/\/fogeka-rdc.org\/wp-content\/uploads\/2026\/08\/Augustin-Kabuya.jpg\" \/>\n\t<meta property=\"og:image:width\" content=\"803\" \/>\n\t<meta property=\"og:image:height\" content=\"1280\" \/>\n\t<meta property=\"og:image:type\" content=\"image\/jpeg\" \/>\n<meta name=\"author\" content=\"Fogeka Fogekardc\" \/>\n<meta name=\"twitter:card\" content=\"summary_large_image\" \/>\n<meta name=\"twitter:label1\" content=\"\u00c9crit par\" \/>\n\t<meta name=\"twitter:data1\" content=\"Fogeka Fogekardc\" \/>\n\t<meta name=\"twitter:label2\" content=\"Dur\u00e9e de lecture estim\u00e9e\" \/>\n\t<meta name=\"twitter:data2\" content=\"2 minutes\" \/>\n<script type=\"application\/ld+json\" class=\"yoast-schema-graph\">{\"@context\":\"https:\\\/\\\/schema.org\",\"@graph\":[{\"@type\":\"Article\",\"@id\":\"https:\\\/\\\/fogeka-rdc.org\\\/index.php\\\/2026\\\/07\\\/15\\\/rdc-politique-augustin-kabuya-rappelle-andre-mbata-au-respect-de-la-lutte-de-ludps-tshisekedi\\\/#article\",\"isPartOf\":{\"@id\":\"https:\\\/\\\/fogeka-rdc.org\\\/index.php\\\/2026\\\/07\\\/15\\\/rdc-politique-augustin-kabuya-rappelle-andre-mbata-au-respect-de-la-lutte-de-ludps-tshisekedi\\\/\"},\"author\":{\"name\":\"Fogeka Fogekardc\",\"@id\":\"https:\\\/\\\/fogeka-rdc.org\\\/#\\\/schema\\\/person\\\/326652cf3d7bfcbab6d224e17d6992ef\"},\"headline\":\"RDC-POLITIQUE : Augustin Kabuya rappelle Andr\u00e9 Mbata au respect de la lutte de l\u2019UDPS\\\/Tshisekedi\",\"datePublished\":\"2026-07-15T12:46:54+00:00\",\"dateModified\":\"2026-08-13T12:49:47+00:00\",\"mainEntityOfPage\":{\"@id\":\"https:\\\/\\\/fogeka-rdc.org\\\/index.php\\\/2026\\\/07\\\/15\\\/rdc-politique-augustin-kabuya-rappelle-andre-mbata-au-respect-de-la-lutte-de-ludps-tshisekedi\\\/\"},\"wordCount\":351,\"commentCount\":0,\"publisher\":{\"@id\":\"https:\\\/\\\/fogeka-rdc.org\\\/#organization\"},\"image\":{\"@id\":\"https:\\\/\\\/fogeka-rdc.org\\\/index.php\\\/2026\\\/07\\\/15\\\/rdc-politique-augustin-kabuya-rappelle-andre-mbata-au-respect-de-la-lutte-de-ludps-tshisekedi\\\/#primaryimage\"},\"thumbnailUrl\":\"https:\\\/\\\/fogeka-rdc.org\\\/wp-content\\\/uploads\\\/2026\\\/08\\\/Augustin-Kabuya.jpg\",\"articleSection\":[\"Politique\"],\"inLanguage\":\"fr-FR\",\"potentialAction\":[{\"@type\":\"CommentAction\",\"name\":\"Comment\",\"target\":[\"https:\\\/\\\/fogeka-rdc.org\\\/index.php\\\/2026\\\/07\\\/15\\\/rdc-politique-augustin-kabuya-rappelle-andre-mbata-au-respect-de-la-lutte-de-ludps-tshisekedi\\\/#respond\"]}]},{\"@type\":\"WebPage\",\"@id\":\"https:\\\/\\\/fogeka-rdc.org\\\/index.php\\\/2026\\\/07\\\/15\\\/rdc-politique-augustin-kabuya-rappelle-andre-mbata-au-respect-de-la-lutte-de-ludps-tshisekedi\\\/\",\"url\":\"https:\\\/\\\/fogeka-rdc.org\\\/index.php\\\/2026\\\/07\\\/15\\\/rdc-politique-augustin-kabuya-rappelle-andre-mbata-au-respect-de-la-lutte-de-ludps-tshisekedi\\\/\",\"name\":\"RDC-POLITIQUE : Augustin Kabuya rappelle Andr\u00e9 Mbata au respect de la lutte de l\u2019UDPS\\\/Tshisekedi - fogeka-rdc\",\"isPartOf\":{\"@id\":\"https:\\\/\\\/fogeka-rdc.org\\\/#website\"},\"primaryImageOfPage\":{\"@id\":\"https:\\\/\\\/fogeka-rdc.org\\\/index.php\\\/2026\\\/07\\\/15\\\/rdc-politique-augustin-kabuya-rappelle-andre-mbata-au-respect-de-la-lutte-de-ludps-tshisekedi\\\/#primaryimage\"},\"image\":{\"@id\":\"https:\\\/\\\/fogeka-rdc.org\\\/index.php\\\/2026\\\/07\\\/15\\\/rdc-politique-augustin-kabuya-rappelle-andre-mbata-au-respect-de-la-lutte-de-ludps-tshisekedi\\\/#primaryimage\"},\"thumbnailUrl\":\"https:\\\/\\\/fogeka-rdc.org\\\/wp-content\\\/uploads\\\/2026\\\/08\\\/Augustin-Kabuya.jpg\",\"datePublished\":\"2026-07-15T12:46:54+00:00\",\"dateModified\":\"2026-08-13T12:49:47+00:00\",\"breadcrumb\":{\"@id\":\"https:\\\/\\\/fogeka-rdc.org\\\/index.php\\\/2026\\\/07\\\/15\\\/rdc-politique-augustin-kabuya-rappelle-andre-mbata-au-respect-de-la-lutte-de-ludps-tshisekedi\\\/#breadcrumb\"},\"inLanguage\":\"fr-FR\",\"potentialAction\":[{\"@type\":\"ReadAction\",\"target\":[\"https:\\\/\\\/fogeka-rdc.org\\\/index.php\\\/2026\\\/07\\\/15\\\/rdc-politique-augustin-kabuya-rappelle-andre-mbata-au-respect-de-la-lutte-de-ludps-tshisekedi\\\/\"]}]},{\"@type\":\"ImageObject\",\"inLanguage\":\"fr-FR\",\"@id\":\"https:\\\/\\\/fogeka-rdc.org\\\/index.php\\\/2026\\\/07\\\/15\\\/rdc-politique-augustin-kabuya-rappelle-andre-mbata-au-respect-de-la-lutte-de-ludps-tshisekedi\\\/#primaryimage\",\"url\":\"https:\\\/\\\/fogeka-rdc.org\\\/wp-content\\\/uploads\\\/2026\\\/08\\\/Augustin-Kabuya.jpg\",\"contentUrl\":\"https:\\\/\\\/fogeka-rdc.org\\\/wp-content\\\/uploads\\\/2026\\\/08\\\/Augustin-Kabuya.jpg\",\"width\":803,\"height\":1280},{\"@type\":\"BreadcrumbList\",\"@id\":\"https:\\\/\\\/fogeka-rdc.org\\\/index.php\\\/2026\\\/07\\\/15\\\/rdc-politique-augustin-kabuya-rappelle-andre-mbata-au-respect-de-la-lutte-de-ludps-tshisekedi\\\/#breadcrumb\",\"itemListElement\":[{\"@type\":\"ListItem\",\"position\":1,\"name\":\"Accueil\",\"item\":\"https:\\\/\\\/fogeka-rdc.org\\\/\"},{\"@type\":\"ListItem\",\"position\":2,\"name\":\"RDC-POLITIQUE : Augustin Kabuya rappelle Andr\u00e9 Mbata au respect de la lutte de l\u2019UDPS\\\/Tshisekedi\"}]},{\"@type\":\"WebSite\",\"@id\":\"https:\\\/\\\/fogeka-rdc.org\\\/#website\",\"url\":\"https:\\\/\\\/fogeka-rdc.org\\\/\",\"name\":\"fogeka-rdc\",\"description\":\"Agro foresterie, dans la paix, pour le d\u00e9veloppement\",\"publisher\":{\"@id\":\"https:\\\/\\\/fogeka-rdc.org\\\/#organization\"},\"potentialAction\":[{\"@type\":\"SearchAction\",\"target\":{\"@type\":\"EntryPoint\",\"urlTemplate\":\"https:\\\/\\\/fogeka-rdc.org\\\/?s={search_term_string}\"},\"query-input\":{\"@type\":\"PropertyValueSpecification\",\"valueRequired\":true,\"valueName\":\"search_term_string\"}}],\"inLanguage\":\"fr-FR\"},{\"@type\":\"Organization\",\"@id\":\"https:\\\/\\\/fogeka-rdc.org\\\/#organization\",\"name\":\"fogeka-rdc\",\"url\":\"https:\\\/\\\/fogeka-rdc.org\\\/\",\"logo\":{\"@type\":\"ImageObject\",\"inLanguage\":\"fr-FR\",\"@id\":\"https:\\\/\\\/fogeka-rdc.org\\\/#\\\/schema\\\/logo\\\/image\\\/\",\"url\":\"https:\\\/\\\/fogeka-rdc.org\\\/wp-content\\\/uploads\\\/2025\\\/09\\\/cropped-cropped-WhatsApp-Image-2025-09-12-at-23.09.05.jpeg\",\"contentUrl\":\"https:\\\/\\\/fogeka-rdc.org\\\/wp-content\\\/uploads\\\/2025\\\/09\\\/cropped-cropped-WhatsApp-Image-2025-09-12-at-23.09.05.jpeg\",\"width\":250,\"height\":134,\"caption\":\"fogeka-rdc\"},\"image\":{\"@id\":\"https:\\\/\\\/fogeka-rdc.org\\\/#\\\/schema\\\/logo\\\/image\\\/\"}},{\"@type\":\"Person\",\"@id\":\"https:\\\/\\\/fogeka-rdc.org\\\/#\\\/schema\\\/person\\\/326652cf3d7bfcbab6d224e17d6992ef\",\"name\":\"Fogeka Fogekardc\",\"image\":{\"@type\":\"ImageObject\",\"inLanguage\":\"fr-FR\",\"@id\":\"https:\\\/\\\/secure.gravatar.com\\\/avatar\\\/7409435eb90dab5dd3e21946e11423d79d4fd27d0d76a9a6883c8f31758a7ecd?s=96&d=mm&r=g\",\"url\":\"https:\\\/\\\/secure.gravatar.com\\\/avatar\\\/7409435eb90dab5dd3e21946e11423d79d4fd27d0d76a9a6883c8f31758a7ecd?s=96&d=mm&r=g\",\"contentUrl\":\"https:\\\/\\\/secure.gravatar.com\\\/avatar\\\/7409435eb90dab5dd3e21946e11423d79d4fd27d0d76a9a6883c8f31758a7ecd?s=96&d=mm&r=g\",\"caption\":\"Fogeka Fogekardc\"},\"url\":\"https:\\\/\\\/fogeka-rdc.org\\\/index.php\\\/author\\\/fogeka-admin\\\/\"}]}<\/script>\n<!-- \/ Yoast SEO plugin. -->","yoast_head_json":{"title":"RDC-POLITIQUE : Augustin Kabuya rappelle Andr\u00e9 Mbata au respect de la lutte de l\u2019UDPS\/Tshisekedi - fogeka-rdc","robots":{"index":"index","follow":"follow","max-snippet":"max-snippet:-1","max-image-preview":"max-image-preview:large","max-video-preview":"max-video-preview:-1"},"canonical":"https:\/\/fogeka-rdc.org\/index.php\/2026\/07\/15\/rdc-politique-augustin-kabuya-rappelle-andre-mbata-au-respect-de-la-lutte-de-ludps-tshisekedi\/","og_locale":"fr_FR","og_type":"article","og_title":"RDC-POLITIQUE : Augustin Kabuya rappelle Andr\u00e9 Mbata au respect de la lutte de l\u2019UDPS\/Tshisekedi - fogeka-rdc","og_description":"Par: G\u00e9nie Kande Le Pr\u00e9sident par int\u00e9rim, et Secr\u00e9taire G\u00e9n\u00e9ral de l\u2019UDPS\/TSHISEKEDI, Augustin Kabuya, a r\u00e9agi avec fermet\u00e9 aux propos&hellip;","og_url":"https:\/\/fogeka-rdc.org\/index.php\/2026\/07\/15\/rdc-politique-augustin-kabuya-rappelle-andre-mbata-au-respect-de-la-lutte-de-ludps-tshisekedi\/","og_site_name":"fogeka-rdc","article_published_time":"2026-07-15T12:46:54+00:00","article_modified_time":"2026-08-13T12:49:47+00:00","og_image":[{"width":803,"height":1280,"url":"https:\/\/fogeka-rdc.org\/wp-content\/uploads\/2026\/08\/Augustin-Kabuya.jpg","type":"image\/jpeg"}],"author":"Fogeka Fogekardc","twitter_card":"summary_large_image","twitter_misc":{"\u00c9crit par":"Fogeka Fogekardc","Dur\u00e9e de lecture estim\u00e9e":"2 minutes"},"schema":{"@context":"https:\/\/schema.org","@graph":[{"@type":"Article","@id":"https:\/\/fogeka-rdc.org\/index.php\/2026\/07\/15\/rdc-politique-augustin-kabuya-rappelle-andre-mbata-au-respect-de-la-lutte-de-ludps-tshisekedi\/#article","isPartOf":{"@id":"https:\/\/fogeka-rdc.org\/index.php\/2026\/07\/15\/rdc-politique-augustin-kabuya-rappelle-andre-mbata-au-respect-de-la-lutte-de-ludps-tshisekedi\/"},"author":{"name":"Fogeka Fogekardc","@id":"https:\/\/fogeka-rdc.org\/#\/schema\/person\/326652cf3d7bfcbab6d224e17d6992ef"},"headline":"RDC-POLITIQUE : Augustin Kabuya rappelle Andr\u00e9 Mbata au respect de la lutte de l\u2019UDPS\/Tshisekedi","datePublished":"2026-07-15T12:46:54+00:00","dateModified":"2026-08-13T12:49:47+00:00","mainEntityOfPage":{"@id":"https:\/\/fogeka-rdc.org\/index.php\/2026\/07\/15\/rdc-politique-augustin-kabuya-rappelle-andre-mbata-au-respect-de-la-lutte-de-ludps-tshisekedi\/"},"wordCount":351,"commentCount":0,"publisher":{"@id":"https:\/\/fogeka-rdc.org\/#organization"},"image":{"@id":"https:\/\/fogeka-rdc.org\/index.php\/2026\/07\/15\/rdc-politique-augustin-kabuya-rappelle-andre-mbata-au-respect-de-la-lutte-de-ludps-tshisekedi\/#primaryimage"},"thumbnailUrl":"https:\/\/fogeka-rdc.org\/wp-content\/uploads\/2026\/08\/Augustin-Kabuya.jpg","articleSection":["Politique"],"inLanguage":"fr-FR","potentialAction":[{"@type":"CommentAction","name":"Comment","target":["https:\/\/fogeka-rdc.org\/index.php\/2026\/07\/15\/rdc-politique-augustin-kabuya-rappelle-andre-mbata-au-respect-de-la-lutte-de-ludps-tshisekedi\/#respond"]}]},{"@type":"WebPage","@id":"https:\/\/fogeka-rdc.org\/index.php\/2026\/07\/15\/rdc-politique-augustin-kabuya-rappelle-andre-mbata-au-respect-de-la-lutte-de-ludps-tshisekedi\/","url":"https:\/\/fogeka-rdc.org\/index.php\/2026\/07\/15\/rdc-politique-augustin-kabuya-rappelle-andre-mbata-au-respect-de-la-lutte-de-ludps-tshisekedi\/","name":"RDC-POLITIQUE : Augustin Kabuya rappelle Andr\u00e9 Mbata au respect de la lutte de l\u2019UDPS\/Tshisekedi - fogeka-rdc","isPartOf":{"@id":"https:\/\/fogeka-rdc.org\/#website"},"primaryImageOfPage":{"@id":"https:\/\/fogeka-rdc.org\/index.php\/2026\/07\/15\/rdc-politique-augustin-kabuya-rappelle-andre-mbata-au-respect-de-la-lutte-de-ludps-tshisekedi\/#primaryimage"},"image":{"@id":"https:\/\/fogeka-rdc.org\/index.php\/2026\/07\/15\/rdc-politique-augustin-kabuya-rappelle-andre-mbata-au-respect-de-la-lutte-de-ludps-tshisekedi\/#primaryimage"},"thumbnailUrl":"https:\/\/fogeka-rdc.org\/wp-content\/uploads\/2026\/08\/Augustin-Kabuya.jpg","datePublished":"2026-07-15T12:46:54+00:00","dateModified":"2026-08-13T12:49:47+00:00","breadcrumb":{"@id":"https:\/\/fogeka-rdc.org\/index.php\/2026\/07\/15\/rdc-politique-augustin-kabuya-rappelle-andre-mbata-au-respect-de-la-lutte-de-ludps-tshisekedi\/#breadcrumb"},"inLanguage":"fr-FR","potentialAction":[{"@type":"ReadAction","target":["https:\/\/fogeka-rdc.org\/index.php\/2026\/07\/15\/rdc-politique-augustin-kabuya-rappelle-andre-mbata-au-respect-de-la-lutte-de-ludps-tshisekedi\/"]}]},{"@type":"ImageObject","inLanguage":"fr-FR","@id":"https:\/\/fogeka-rdc.org\/index.php\/2026\/07\/15\/rdc-politique-augustin-kabuya-rappelle-andre-mbata-au-respect-de-la-lutte-de-ludps-tshisekedi\/#primaryimage","url":"https:\/\/fogeka-rdc.org\/wp-content\/uploads\/2026\/08\/Augustin-Kabuya.jpg","contentUrl":"https:\/\/fogeka-rdc.org\/wp-content\/uploads\/2026\/08\/Augustin-Kabuya.jpg","width":803,"height":1280},{"@type":"BreadcrumbList","@id":"https:\/\/fogeka-rdc.org\/index.php\/2026\/07\/15\/rdc-politique-augustin-kabuya-rappelle-andre-mbata-au-respect-de-la-lutte-de-ludps-tshisekedi\/#breadcrumb","itemListElement":[{"@type":"ListItem","position":1,"name":"Accueil","item":"https:\/\/fogeka-rdc.org\/"},{"@type":"ListItem","position":2,"name":"RDC-POLITIQUE : Augustin Kabuya rappelle Andr\u00e9 Mbata au respect de la lutte de l\u2019UDPS\/Tshisekedi"}]},{"@type":"WebSite","@id":"https:\/\/fogeka-rdc.org\/#website","url":"https:\/\/fogeka-rdc.org\/","name":"fogeka-rdc","description":"Agro foresterie, dans la paix, pour le d\u00e9veloppement","publisher":{"@id":"https:\/\/fogeka-rdc.org\/#organization"},"potentialAction":[{"@type":"SearchAction","target":{"@type":"EntryPoint","urlTemplate":"https:\/\/fogeka-rdc.org\/?s={search_term_string}"},"query-input":{"@type":"PropertyValueSpecification","valueRequired":true,"valueName":"search_term_string"}}],"inLanguage":"fr-FR"},{"@type":"Organization","@id":"https:\/\/fogeka-rdc.org\/#organization","name":"fogeka-rdc","url":"https:\/\/fogeka-rdc.org\/","logo":{"@type":"ImageObject","inLanguage":"fr-FR","@id":"https:\/\/fogeka-rdc.org\/#\/schema\/logo\/image\/","url":"https:\/\/fogeka-rdc.org\/wp-content\/uploads\/2025\/09\/cropped-cropped-WhatsApp-Image-2025-09-12-at-23.09.05.jpeg","contentUrl":"https:\/\/fogeka-rdc.org\/wp-content\/uploads\/2025\/09\/cropped-cropped-WhatsApp-Image-2025-09-12-at-23.09.05.jpeg","width":250,"height":134,"caption":"fogeka-rdc"},"image":{"@id":"https:\/\/fogeka-rdc.org\/#\/schema\/logo\/image\/"}},{"@type":"Person","@id":"https:\/\/fogeka-rdc.org\/#\/schema\/person\/326652cf3d7bfcbab6d224e17d6992ef","name":"Fogeka Fogekardc","image":{"@type":"ImageObject","inLanguage":"fr-FR","@id":"https:\/\/secure.gravatar.com\/avatar\/7409435eb90dab5dd3e21946e11423d79d4fd27d0d76a9a6883c8f31758a7ecd?s=96&d=mm&r=g","url":"https:\/\/secure.gravatar.com\/avatar\/7409435eb90dab5dd3e21946e11423d79d4fd27d0d76a9a6883c8f31758a7ecd?s=96&d=mm&r=g","contentUrl":"https:\/\/secure.gravatar.com\/avatar\/7409435eb90dab5dd3e21946e11423d79d4fd27d0d76a9a6883c8f31758a7ecd?s=96&d=mm&r=g","caption":"Fogeka Fogekardc"},"url":"https:\/\/fogeka-rdc.org\/index.php\/author\/fogeka-admin\/"}]}},"_links":{"self":[{"href":"https:\/\/fogeka-rdc.org\/index.php\/wp-json\/wp\/v2\/posts\/704","targetHints":{"allow":["GET"]}}],"collection":[{"href":"https:\/\/fogeka-rdc.org\/index.php\/wp-json\/wp\/v2\/posts"}],"about":[{"href":"https:\/\/fogeka-rdc.org\/index.php\/wp-json\/wp\/v2\/types\/post"}],"author":[{"embeddable":true,"href":"https:\/\/fogeka-rdc.org\/index.php\/wp-json\/wp\/v2\/users\/2"}],"replies":[{"embeddable":true,"href":"https:\/\/fogeka-rdc.org\/index.php\/wp-json\/wp\/v2\/comments?post=704"}],"version-history":[{"count":1,"href":"https:\/\/fogeka-rdc.org\/index.php\/wp-json\/wp\/v2\/posts\/704\/revisions"}],"predecessor-version":[{"id":705,"href":"https:\/\/fogeka-rdc.org\/index.php\/wp-json\/wp\/v2\/posts\/704\/revisions\/705"}],"wp:featuredmedia":[{"embeddable":true,"href":"https:\/\/fogeka-rdc.org\/index.php\/wp-json\/wp\/v2\/media\/568"}],"wp:attachment":[{"href":"https:\/\/fogeka-rdc.org\/index.php\/wp-json\/wp\/v2\/media?parent=704"}],"wp:term":[{"taxonomy":"category","embeddable":true,"href":"https:\/\/fogeka-rdc.org\/index.php\/wp-json\/wp\/v2\/categories?post=704"},{"taxonomy":"post_tag","embeddable":true,"href":"https:\/\/fogeka-rdc.org\/index.php\/wp-json\/wp\/v2\/tags?post=704"}],"curies":[{"name":"wp","href":"https:\/\/api.w.org\/{rel}","templated":true}]}}