{"id":709,"date":"2026-07-09T13:46:01","date_gmt":"2026-07-09T13:46:01","guid":{"rendered":"https:\/\/fogeka-rdc.org\/?p=709"},"modified":"2026-08-13T13:49:33","modified_gmt":"2026-08-13T13:49:33","slug":"rdc-social-des-funerailles-dignes-pour-les-serviteurs-de-la-nation","status":"publish","type":"post","link":"https:\/\/fogeka-rdc.org\/index.php\/2026\/07\/09\/rdc-social-des-funerailles-dignes-pour-les-serviteurs-de-la-nation\/","title":{"rendered":"RDC \u2013 SOCIAL : DES FUN\u00c9RAILLES DIGNES POUR LES SERVITEURS DE LA NATION"},"content":{"rendered":"<p dir=\"ltr\">Par\u00a0 Henriette Kiala<\/p>\n<p>&nbsp;<\/p>\n<p dir=\"ltr\"><strong>Kinshasa, le 9 juillet 2026 \u2013 Au nom du Pr\u00e9sident de la R\u00e9publique, F\u00e9lix-Antoine Tshisekedi, le Vice-Premier ministre, ministre de la Fonction publique, Jean-Pierre Liyawu, tient la promesse de l\u2019\u00c9tat.<\/strong><\/p>\n<p>&nbsp;<\/p>\n<p dir=\"ltr\">Le Gouvernement a franchi un tournant social majeur. La CNSSAP est d\u00e9sormais autoris\u00e9e \u00e0 prendre en charge les frais fun\u00e9raires des agents publics de l\u2019\u00c9tat. Un geste fort, simple et humain, qui vient r\u00e9parer des d\u00e9cennies d\u2019oubli. Par cette d\u00e9cision, F\u00e9lix-Antoine Tshisekedi donne corps \u00e0 l\u2019id\u00e9al d\u2019un \u00c9tat protecteur et rend hommage au combat d\u2019une vie : celui du docteur \u00c9tienne Tshisekedi wa Mulumba.<\/p>\n<p>&nbsp;<\/p>\n<p dir=\"ltr\">Pendant trop longtemps, mourir au service de la R\u00e9publique signifiait abandonner sa famille au d\u00e9nuement. Cette \u00e9poque est d\u00e9sormais r\u00e9volue. R\u00e9unis en Conseil des ministres, les membres du Gouvernement ont valid\u00e9 les m\u00e9canismes juridiques et financiers permettant \u00e0 la Caisse nationale de s\u00e9curit\u00e9 sociale des agents publics de l\u2019\u00c9tat d\u2019assurer effectivement la prise en charge des frais fun\u00e9raires.<\/p>\n<p>&nbsp;<\/p>\n<p dir=\"ltr\"><strong>B\u00e9n\u00e9ficiaires<\/strong>\u00a0: tous les agents publics relevant de la Fonction publique, r\u00e9guli\u00e8rement cotisants \u00e0 la CNSSAP, ainsi que leurs ayants droit.<\/p>\n<p dir=\"ltr\">L\u2019\u00c9tat ne se contente plus de pr\u00e9lever. Il restitue, il prot\u00e8ge, il accompagne.<\/p>\n<p>&nbsp;<\/p>\n<p dir=\"ltr\">Cette r\u00e9forme s\u2019inscrit dans la grande \u0153uvre de refondation nationale voulue par le Pr\u00e9sident de la R\u00e9publique. Elle porte l\u2019empreinte d\u2019un leadership politique qui refuse que le fonctionnaire soit trait\u00e9 comme une charge.<\/p>\n<p dir=\"ltr\">Pour F\u00e9lix-Antoine Tshisekedi, la dignit\u00e9 du travailleur public est la dignit\u00e9 de la Nation.<\/p>\n<p>&nbsp;<\/p>\n<p dir=\"ltr\">Il s\u2019agit ici de la continuit\u00e9 d\u2019un h\u00e9ritage. Toute sa vie, \u00c9tienne Tshisekedi wa Mulumba a port\u00e9 la voix des sans-voix de l\u2019administration. Il d\u00e9non\u00e7ait la pr\u00e9carit\u00e9, exigeait le respect et r\u00e9clamait justice pour les cadres et agents de l\u2019\u00c9tat. Aujourd\u2019hui, son fils parach\u00e8ve ce combat. Non par des discours, mais par des actes concrets qui touchent directement les foyers.<\/p>\n<p>&nbsp;<\/p>\n<p dir=\"ltr\">Tel est le patriotisme du concret : reconna\u00eetre ceux qui font vivre l\u2019\u00e9cole, l\u2019h\u00f4pital, la police et les minist\u00e8res. Leur dire que la R\u00e9publique se souvient. Leur dire que leur sacrifice n\u2019est pas vain.<\/p>\n<p>&nbsp;<\/p>\n<p dir=\"ltr\">Des pr\u00e9cisions concernant les cas des NU, NP et autres situations particuli\u00e8res seront apport\u00e9es dans la prochaine note circulaire conjointe de la CNSSAP et du minist\u00e8re de la Fonction publique.<\/p>\n<p>&nbsp;<\/p>\n<p dir=\"ltr\">En prenant cette d\u00e9cision, le Gouvernement pose un acte de civilisation. Il revalorise la Fonction publique et redonne tout son sens au service de l\u2019\u00c9tat. Une R\u00e9publique se tient debout lorsqu\u2019elle sait honorer les siens, jusque dans l\u2019\u00e9preuve ultime.<\/p>\n","protected":false},"excerpt":{"rendered":"<p>Par\u00a0 Henriette Kiala &nbsp; Kinshasa, le 9 juillet 2026 \u2013 Au nom du Pr\u00e9sident de la R\u00e9publique, F\u00e9lix-Antoine Tshisekedi, le&hellip;<\/p>\n","protected":false},"author":2,"featured_media":590,"comment_status":"open","ping_status":"open","sticky":true,"template":"","format":"standard","meta":{"footnotes":""},"categories":[8],"tags":[],"class_list":["post-709","post","type-post","status-publish","format-standard","has-post-thumbnail","hentry","category-sociale"],"yoast_head":"<!-- This site is optimized with the Yoast SEO plugin v28.3 - https:\/\/yoast.com\/product\/yoast-seo-wordpress\/ -->\n<title>RDC \u2013 SOCIAL : DES FUN\u00c9RAILLES DIGNES POUR LES SERVITEURS DE LA NATION - fogeka-rdc<\/title>\n<meta name=\"robots\" content=\"index, follow, max-snippet:-1, max-image-preview:large, max-video-preview:-1\" \/>\n<link rel=\"canonical\" href=\"https:\/\/fogeka-rdc.org\/index.php\/2026\/07\/09\/rdc-social-des-funerailles-dignes-pour-les-serviteurs-de-la-nation\/\" \/>\n<meta property=\"og:locale\" content=\"fr_FR\" \/>\n<meta property=\"og:type\" content=\"article\" \/>\n<meta property=\"og:title\" content=\"RDC \u2013 SOCIAL : DES FUN\u00c9RAILLES DIGNES POUR LES SERVITEURS DE LA NATION - fogeka-rdc\" \/>\n<meta property=\"og:description\" content=\"Par\u00a0 Henriette Kiala &nbsp; Kinshasa, le 9 juillet 2026 \u2013 Au nom du Pr\u00e9sident de la R\u00e9publique, F\u00e9lix-Antoine Tshisekedi, le&hellip;\" \/>\n<meta property=\"og:url\" content=\"https:\/\/fogeka-rdc.org\/index.php\/2026\/07\/09\/rdc-social-des-funerailles-dignes-pour-les-serviteurs-de-la-nation\/\" \/>\n<meta property=\"og:site_name\" content=\"fogeka-rdc\" \/>\n<meta property=\"article:published_time\" content=\"2026-07-09T13:46:01+00:00\" \/>\n<meta property=\"article:modified_time\" content=\"2026-08-13T13:49:33+00:00\" \/>\n<meta property=\"og:image\" content=\"https:\/\/fogeka-rdc.org\/wp-content\/uploads\/2026\/08\/President-RDC_Felix.jpg\" \/>\n\t<meta property=\"og:image:width\" content=\"1080\" \/>\n\t<meta property=\"og:image:height\" content=\"720\" \/>\n\t<meta property=\"og:image:type\" content=\"image\/jpeg\" \/>\n<meta name=\"author\" content=\"Fogeka Fogekardc\" \/>\n<meta name=\"twitter:card\" content=\"summary_large_image\" \/>\n<meta name=\"twitter:label1\" content=\"\u00c9crit par\" \/>\n\t<meta name=\"twitter:data1\" content=\"Fogeka Fogekardc\" \/>\n\t<meta name=\"twitter:label2\" content=\"Dur\u00e9e de lecture estim\u00e9e\" \/>\n\t<meta name=\"twitter:data2\" content=\"3 minutes\" \/>\n<script type=\"application\/ld+json\" class=\"yoast-schema-graph\">{\"@context\":\"https:\\\/\\\/schema.org\",\"@graph\":[{\"@type\":\"Article\",\"@id\":\"https:\\\/\\\/fogeka-rdc.org\\\/index.php\\\/2026\\\/07\\\/09\\\/rdc-social-des-funerailles-dignes-pour-les-serviteurs-de-la-nation\\\/#article\",\"isPartOf\":{\"@id\":\"https:\\\/\\\/fogeka-rdc.org\\\/index.php\\\/2026\\\/07\\\/09\\\/rdc-social-des-funerailles-dignes-pour-les-serviteurs-de-la-nation\\\/\"},\"author\":{\"name\":\"Fogeka Fogekardc\",\"@id\":\"https:\\\/\\\/fogeka-rdc.org\\\/#\\\/schema\\\/person\\\/326652cf3d7bfcbab6d224e17d6992ef\"},\"headline\":\"RDC \u2013 SOCIAL : DES FUN\u00c9RAILLES DIGNES POUR LES SERVITEURS DE LA NATION\",\"datePublished\":\"2026-07-09T13:46:01+00:00\",\"dateModified\":\"2026-08-13T13:49:33+00:00\",\"mainEntityOfPage\":{\"@id\":\"https:\\\/\\\/fogeka-rdc.org\\\/index.php\\\/2026\\\/07\\\/09\\\/rdc-social-des-funerailles-dignes-pour-les-serviteurs-de-la-nation\\\/\"},\"wordCount\":478,\"commentCount\":0,\"publisher\":{\"@id\":\"https:\\\/\\\/fogeka-rdc.org\\\/#organization\"},\"image\":{\"@id\":\"https:\\\/\\\/fogeka-rdc.org\\\/index.php\\\/2026\\\/07\\\/09\\\/rdc-social-des-funerailles-dignes-pour-les-serviteurs-de-la-nation\\\/#primaryimage\"},\"thumbnailUrl\":\"https:\\\/\\\/fogeka-rdc.org\\\/wp-content\\\/uploads\\\/2026\\\/08\\\/President-RDC_Felix.jpg\",\"articleSection\":[\"Sociale\"],\"inLanguage\":\"fr-FR\",\"potentialAction\":[{\"@type\":\"CommentAction\",\"name\":\"Comment\",\"target\":[\"https:\\\/\\\/fogeka-rdc.org\\\/index.php\\\/2026\\\/07\\\/09\\\/rdc-social-des-funerailles-dignes-pour-les-serviteurs-de-la-nation\\\/#respond\"]}]},{\"@type\":\"WebPage\",\"@id\":\"https:\\\/\\\/fogeka-rdc.org\\\/index.php\\\/2026\\\/07\\\/09\\\/rdc-social-des-funerailles-dignes-pour-les-serviteurs-de-la-nation\\\/\",\"url\":\"https:\\\/\\\/fogeka-rdc.org\\\/index.php\\\/2026\\\/07\\\/09\\\/rdc-social-des-funerailles-dignes-pour-les-serviteurs-de-la-nation\\\/\",\"name\":\"RDC \u2013 SOCIAL : DES FUN\u00c9RAILLES DIGNES POUR LES SERVITEURS DE LA NATION - fogeka-rdc\",\"isPartOf\":{\"@id\":\"https:\\\/\\\/fogeka-rdc.org\\\/#website\"},\"primaryImageOfPage\":{\"@id\":\"https:\\\/\\\/fogeka-rdc.org\\\/index.php\\\/2026\\\/07\\\/09\\\/rdc-social-des-funerailles-dignes-pour-les-serviteurs-de-la-nation\\\/#primaryimage\"},\"image\":{\"@id\":\"https:\\\/\\\/fogeka-rdc.org\\\/index.php\\\/2026\\\/07\\\/09\\\/rdc-social-des-funerailles-dignes-pour-les-serviteurs-de-la-nation\\\/#primaryimage\"},\"thumbnailUrl\":\"https:\\\/\\\/fogeka-rdc.org\\\/wp-content\\\/uploads\\\/2026\\\/08\\\/President-RDC_Felix.jpg\",\"datePublished\":\"2026-07-09T13:46:01+00:00\",\"dateModified\":\"2026-08-13T13:49:33+00:00\",\"breadcrumb\":{\"@id\":\"https:\\\/\\\/fogeka-rdc.org\\\/index.php\\\/2026\\\/07\\\/09\\\/rdc-social-des-funerailles-dignes-pour-les-serviteurs-de-la-nation\\\/#breadcrumb\"},\"inLanguage\":\"fr-FR\",\"potentialAction\":[{\"@type\":\"ReadAction\",\"target\":[\"https:\\\/\\\/fogeka-rdc.org\\\/index.php\\\/2026\\\/07\\\/09\\\/rdc-social-des-funerailles-dignes-pour-les-serviteurs-de-la-nation\\\/\"]}]},{\"@type\":\"ImageObject\",\"inLanguage\":\"fr-FR\",\"@id\":\"https:\\\/\\\/fogeka-rdc.org\\\/index.php\\\/2026\\\/07\\\/09\\\/rdc-social-des-funerailles-dignes-pour-les-serviteurs-de-la-nation\\\/#primaryimage\",\"url\":\"https:\\\/\\\/fogeka-rdc.org\\\/wp-content\\\/uploads\\\/2026\\\/08\\\/President-RDC_Felix.jpg\",\"contentUrl\":\"https:\\\/\\\/fogeka-rdc.org\\\/wp-content\\\/uploads\\\/2026\\\/08\\\/President-RDC_Felix.jpg\",\"width\":1080,\"height\":720},{\"@type\":\"BreadcrumbList\",\"@id\":\"https:\\\/\\\/fogeka-rdc.org\\\/index.php\\\/2026\\\/07\\\/09\\\/rdc-social-des-funerailles-dignes-pour-les-serviteurs-de-la-nation\\\/#breadcrumb\",\"itemListElement\":[{\"@type\":\"ListItem\",\"position\":1,\"name\":\"Accueil\",\"item\":\"https:\\\/\\\/fogeka-rdc.org\\\/\"},{\"@type\":\"ListItem\",\"position\":2,\"name\":\"RDC \u2013 SOCIAL : DES FUN\u00c9RAILLES DIGNES POUR LES SERVITEURS DE LA NATION\"}]},{\"@type\":\"WebSite\",\"@id\":\"https:\\\/\\\/fogeka-rdc.org\\\/#website\",\"url\":\"https:\\\/\\\/fogeka-rdc.org\\\/\",\"name\":\"fogeka-rdc\",\"description\":\"Agro foresterie, dans la paix, pour le d\u00e9veloppement\",\"publisher\":{\"@id\":\"https:\\\/\\\/fogeka-rdc.org\\\/#organization\"},\"potentialAction\":[{\"@type\":\"SearchAction\",\"target\":{\"@type\":\"EntryPoint\",\"urlTemplate\":\"https:\\\/\\\/fogeka-rdc.org\\\/?s={search_term_string}\"},\"query-input\":{\"@type\":\"PropertyValueSpecification\",\"valueRequired\":true,\"valueName\":\"search_term_string\"}}],\"inLanguage\":\"fr-FR\"},{\"@type\":\"Organization\",\"@id\":\"https:\\\/\\\/fogeka-rdc.org\\\/#organization\",\"name\":\"fogeka-rdc\",\"url\":\"https:\\\/\\\/fogeka-rdc.org\\\/\",\"logo\":{\"@type\":\"ImageObject\",\"inLanguage\":\"fr-FR\",\"@id\":\"https:\\\/\\\/fogeka-rdc.org\\\/#\\\/schema\\\/logo\\\/image\\\/\",\"url\":\"https:\\\/\\\/fogeka-rdc.org\\\/wp-content\\\/uploads\\\/2025\\\/09\\\/cropped-cropped-WhatsApp-Image-2025-09-12-at-23.09.05.jpeg\",\"contentUrl\":\"https:\\\/\\\/fogeka-rdc.org\\\/wp-content\\\/uploads\\\/2025\\\/09\\\/cropped-cropped-WhatsApp-Image-2025-09-12-at-23.09.05.jpeg\",\"width\":250,\"height\":134,\"caption\":\"fogeka-rdc\"},\"image\":{\"@id\":\"https:\\\/\\\/fogeka-rdc.org\\\/#\\\/schema\\\/logo\\\/image\\\/\"}},{\"@type\":\"Person\",\"@id\":\"https:\\\/\\\/fogeka-rdc.org\\\/#\\\/schema\\\/person\\\/326652cf3d7bfcbab6d224e17d6992ef\",\"name\":\"Fogeka Fogekardc\",\"image\":{\"@type\":\"ImageObject\",\"inLanguage\":\"fr-FR\",\"@id\":\"https:\\\/\\\/secure.gravatar.com\\\/avatar\\\/7409435eb90dab5dd3e21946e11423d79d4fd27d0d76a9a6883c8f31758a7ecd?s=96&d=mm&r=g\",\"url\":\"https:\\\/\\\/secure.gravatar.com\\\/avatar\\\/7409435eb90dab5dd3e21946e11423d79d4fd27d0d76a9a6883c8f31758a7ecd?s=96&d=mm&r=g\",\"contentUrl\":\"https:\\\/\\\/secure.gravatar.com\\\/avatar\\\/7409435eb90dab5dd3e21946e11423d79d4fd27d0d76a9a6883c8f31758a7ecd?s=96&d=mm&r=g\",\"caption\":\"Fogeka Fogekardc\"},\"url\":\"https:\\\/\\\/fogeka-rdc.org\\\/index.php\\\/author\\\/fogeka-admin\\\/\"}]}<\/script>\n<!-- \/ Yoast SEO plugin. -->","yoast_head_json":{"title":"RDC \u2013 SOCIAL : DES FUN\u00c9RAILLES DIGNES POUR LES SERVITEURS DE LA NATION - fogeka-rdc","robots":{"index":"index","follow":"follow","max-snippet":"max-snippet:-1","max-image-preview":"max-image-preview:large","max-video-preview":"max-video-preview:-1"},"canonical":"https:\/\/fogeka-rdc.org\/index.php\/2026\/07\/09\/rdc-social-des-funerailles-dignes-pour-les-serviteurs-de-la-nation\/","og_locale":"fr_FR","og_type":"article","og_title":"RDC \u2013 SOCIAL : DES FUN\u00c9RAILLES DIGNES POUR LES SERVITEURS DE LA NATION - fogeka-rdc","og_description":"Par\u00a0 Henriette Kiala &nbsp; Kinshasa, le 9 juillet 2026 \u2013 Au nom du Pr\u00e9sident de la R\u00e9publique, F\u00e9lix-Antoine Tshisekedi, le&hellip;","og_url":"https:\/\/fogeka-rdc.org\/index.php\/2026\/07\/09\/rdc-social-des-funerailles-dignes-pour-les-serviteurs-de-la-nation\/","og_site_name":"fogeka-rdc","article_published_time":"2026-07-09T13:46:01+00:00","article_modified_time":"2026-08-13T13:49:33+00:00","og_image":[{"width":1080,"height":720,"url":"https:\/\/fogeka-rdc.org\/wp-content\/uploads\/2026\/08\/President-RDC_Felix.jpg","type":"image\/jpeg"}],"author":"Fogeka Fogekardc","twitter_card":"summary_large_image","twitter_misc":{"\u00c9crit par":"Fogeka Fogekardc","Dur\u00e9e de lecture estim\u00e9e":"3 minutes"},"schema":{"@context":"https:\/\/schema.org","@graph":[{"@type":"Article","@id":"https:\/\/fogeka-rdc.org\/index.php\/2026\/07\/09\/rdc-social-des-funerailles-dignes-pour-les-serviteurs-de-la-nation\/#article","isPartOf":{"@id":"https:\/\/fogeka-rdc.org\/index.php\/2026\/07\/09\/rdc-social-des-funerailles-dignes-pour-les-serviteurs-de-la-nation\/"},"author":{"name":"Fogeka Fogekardc","@id":"https:\/\/fogeka-rdc.org\/#\/schema\/person\/326652cf3d7bfcbab6d224e17d6992ef"},"headline":"RDC \u2013 SOCIAL : DES FUN\u00c9RAILLES DIGNES POUR LES SERVITEURS DE LA NATION","datePublished":"2026-07-09T13:46:01+00:00","dateModified":"2026-08-13T13:49:33+00:00","mainEntityOfPage":{"@id":"https:\/\/fogeka-rdc.org\/index.php\/2026\/07\/09\/rdc-social-des-funerailles-dignes-pour-les-serviteurs-de-la-nation\/"},"wordCount":478,"commentCount":0,"publisher":{"@id":"https:\/\/fogeka-rdc.org\/#organization"},"image":{"@id":"https:\/\/fogeka-rdc.org\/index.php\/2026\/07\/09\/rdc-social-des-funerailles-dignes-pour-les-serviteurs-de-la-nation\/#primaryimage"},"thumbnailUrl":"https:\/\/fogeka-rdc.org\/wp-content\/uploads\/2026\/08\/President-RDC_Felix.jpg","articleSection":["Sociale"],"inLanguage":"fr-FR","potentialAction":[{"@type":"CommentAction","name":"Comment","target":["https:\/\/fogeka-rdc.org\/index.php\/2026\/07\/09\/rdc-social-des-funerailles-dignes-pour-les-serviteurs-de-la-nation\/#respond"]}]},{"@type":"WebPage","@id":"https:\/\/fogeka-rdc.org\/index.php\/2026\/07\/09\/rdc-social-des-funerailles-dignes-pour-les-serviteurs-de-la-nation\/","url":"https:\/\/fogeka-rdc.org\/index.php\/2026\/07\/09\/rdc-social-des-funerailles-dignes-pour-les-serviteurs-de-la-nation\/","name":"RDC \u2013 SOCIAL : DES FUN\u00c9RAILLES DIGNES POUR LES SERVITEURS DE LA NATION - fogeka-rdc","isPartOf":{"@id":"https:\/\/fogeka-rdc.org\/#website"},"primaryImageOfPage":{"@id":"https:\/\/fogeka-rdc.org\/index.php\/2026\/07\/09\/rdc-social-des-funerailles-dignes-pour-les-serviteurs-de-la-nation\/#primaryimage"},"image":{"@id":"https:\/\/fogeka-rdc.org\/index.php\/2026\/07\/09\/rdc-social-des-funerailles-dignes-pour-les-serviteurs-de-la-nation\/#primaryimage"},"thumbnailUrl":"https:\/\/fogeka-rdc.org\/wp-content\/uploads\/2026\/08\/President-RDC_Felix.jpg","datePublished":"2026-07-09T13:46:01+00:00","dateModified":"2026-08-13T13:49:33+00:00","breadcrumb":{"@id":"https:\/\/fogeka-rdc.org\/index.php\/2026\/07\/09\/rdc-social-des-funerailles-dignes-pour-les-serviteurs-de-la-nation\/#breadcrumb"},"inLanguage":"fr-FR","potentialAction":[{"@type":"ReadAction","target":["https:\/\/fogeka-rdc.org\/index.php\/2026\/07\/09\/rdc-social-des-funerailles-dignes-pour-les-serviteurs-de-la-nation\/"]}]},{"@type":"ImageObject","inLanguage":"fr-FR","@id":"https:\/\/fogeka-rdc.org\/index.php\/2026\/07\/09\/rdc-social-des-funerailles-dignes-pour-les-serviteurs-de-la-nation\/#primaryimage","url":"https:\/\/fogeka-rdc.org\/wp-content\/uploads\/2026\/08\/President-RDC_Felix.jpg","contentUrl":"https:\/\/fogeka-rdc.org\/wp-content\/uploads\/2026\/08\/President-RDC_Felix.jpg","width":1080,"height":720},{"@type":"BreadcrumbList","@id":"https:\/\/fogeka-rdc.org\/index.php\/2026\/07\/09\/rdc-social-des-funerailles-dignes-pour-les-serviteurs-de-la-nation\/#breadcrumb","itemListElement":[{"@type":"ListItem","position":1,"name":"Accueil","item":"https:\/\/fogeka-rdc.org\/"},{"@type":"ListItem","position":2,"name":"RDC \u2013 SOCIAL : DES FUN\u00c9RAILLES DIGNES POUR LES SERVITEURS DE LA NATION"}]},{"@type":"WebSite","@id":"https:\/\/fogeka-rdc.org\/#website","url":"https:\/\/fogeka-rdc.org\/","name":"fogeka-rdc","description":"Agro foresterie, dans la paix, pour le d\u00e9veloppement","publisher":{"@id":"https:\/\/fogeka-rdc.org\/#organization"},"potentialAction":[{"@type":"SearchAction","target":{"@type":"EntryPoint","urlTemplate":"https:\/\/fogeka-rdc.org\/?s={search_term_string}"},"query-input":{"@type":"PropertyValueSpecification","valueRequired":true,"valueName":"search_term_string"}}],"inLanguage":"fr-FR"},{"@type":"Organization","@id":"https:\/\/fogeka-rdc.org\/#organization","name":"fogeka-rdc","url":"https:\/\/fogeka-rdc.org\/","logo":{"@type":"ImageObject","inLanguage":"fr-FR","@id":"https:\/\/fogeka-rdc.org\/#\/schema\/logo\/image\/","url":"https:\/\/fogeka-rdc.org\/wp-content\/uploads\/2025\/09\/cropped-cropped-WhatsApp-Image-2025-09-12-at-23.09.05.jpeg","contentUrl":"https:\/\/fogeka-rdc.org\/wp-content\/uploads\/2025\/09\/cropped-cropped-WhatsApp-Image-2025-09-12-at-23.09.05.jpeg","width":250,"height":134,"caption":"fogeka-rdc"},"image":{"@id":"https:\/\/fogeka-rdc.org\/#\/schema\/logo\/image\/"}},{"@type":"Person","@id":"https:\/\/fogeka-rdc.org\/#\/schema\/person\/326652cf3d7bfcbab6d224e17d6992ef","name":"Fogeka Fogekardc","image":{"@type":"ImageObject","inLanguage":"fr-FR","@id":"https:\/\/secure.gravatar.com\/avatar\/7409435eb90dab5dd3e21946e11423d79d4fd27d0d76a9a6883c8f31758a7ecd?s=96&d=mm&r=g","url":"https:\/\/secure.gravatar.com\/avatar\/7409435eb90dab5dd3e21946e11423d79d4fd27d0d76a9a6883c8f31758a7ecd?s=96&d=mm&r=g","contentUrl":"https:\/\/secure.gravatar.com\/avatar\/7409435eb90dab5dd3e21946e11423d79d4fd27d0d76a9a6883c8f31758a7ecd?s=96&d=mm&r=g","caption":"Fogeka Fogekardc"},"url":"https:\/\/fogeka-rdc.org\/index.php\/author\/fogeka-admin\/"}]}},"_links":{"self":[{"href":"https:\/\/fogeka-rdc.org\/index.php\/wp-json\/wp\/v2\/posts\/709","targetHints":{"allow":["GET"]}}],"collection":[{"href":"https:\/\/fogeka-rdc.org\/index.php\/wp-json\/wp\/v2\/posts"}],"about":[{"href":"https:\/\/fogeka-rdc.org\/index.php\/wp-json\/wp\/v2\/types\/post"}],"author":[{"embeddable":true,"href":"https:\/\/fogeka-rdc.org\/index.php\/wp-json\/wp\/v2\/users\/2"}],"replies":[{"embeddable":true,"href":"https:\/\/fogeka-rdc.org\/index.php\/wp-json\/wp\/v2\/comments?post=709"}],"version-history":[{"count":1,"href":"https:\/\/fogeka-rdc.org\/index.php\/wp-json\/wp\/v2\/posts\/709\/revisions"}],"predecessor-version":[{"id":710,"href":"https:\/\/fogeka-rdc.org\/index.php\/wp-json\/wp\/v2\/posts\/709\/revisions\/710"}],"wp:featuredmedia":[{"embeddable":true,"href":"https:\/\/fogeka-rdc.org\/index.php\/wp-json\/wp\/v2\/media\/590"}],"wp:attachment":[{"href":"https:\/\/fogeka-rdc.org\/index.php\/wp-json\/wp\/v2\/media?parent=709"}],"wp:term":[{"taxonomy":"category","embeddable":true,"href":"https:\/\/fogeka-rdc.org\/index.php\/wp-json\/wp\/v2\/categories?post=709"},{"taxonomy":"post_tag","embeddable":true,"href":"https:\/\/fogeka-rdc.org\/index.php\/wp-json\/wp\/v2\/tags?post=709"}],"curies":[{"name":"wp","href":"https:\/\/api.w.org\/{rel}","templated":true}]}}