{"id":715,"date":"2026-08-13T13:29:08","date_gmt":"2026-08-13T13:29:08","guid":{"rendered":"https:\/\/fogeka-rdc.org\/?p=715"},"modified":"2026-08-14T13:32:45","modified_gmt":"2026-08-14T13:32:45","slug":"rdc-lafrique-cdc-approuve-le-deploiement-immediat-du-vaccin-ervebo-face-a-la-recrudescence-debola-en-2026","status":"publish","type":"post","link":"https:\/\/fogeka-rdc.org\/index.php\/2026\/08\/13\/rdc-lafrique-cdc-approuve-le-deploiement-immediat-du-vaccin-ervebo-face-a-la-recrudescence-debola-en-2026\/","title":{"rendered":"RDC : L\u2019AFRIQUE CDC APPROUVE LE D\u00c9PLOIEMENT IMM\u00c9DIAT DU VACCIN ERVEBO FACE \u00c0 LA RECRUDESCENCE D\u2019EBOLA EN 2026"},"content":{"rendered":"<p dir=\"ltr\">R\u00e9daction : Fogeka Agency<\/p>\n<p dir=\"ltr\">Alors que la R\u00e9publique D\u00e9mocratique du Congo fait face \u00e0 une nouvelle r\u00e9surgence du virus Ebola, l\u2019Afrique CDC salue la d\u00e9cision du gouvernement congolais d\u2019activer sans d\u00e9lai la campagne de vaccination avec Ervebo, seul vaccin pr\u00e9qualifi\u00e9 contre le souche Za\u00efre du virus.<\/p>\n<p dir=\"ltr\">\u00ab Cette strat\u00e9gie nous permet de prot\u00e9ger d\u00e8s aujourd\u2019hui les populations expos\u00e9es tout en produisant les donn\u00e9es scientifiques indispensables pour orienter la r\u00e9ponse \u00e0 plus grande \u00e9chelle. L\u2019Afrique CDC demeure pleinement mobilis\u00e9e aux c\u00f4t\u00e9s de Kinshasa et de l\u2019ensemble des partenaires pour une riposte coordonn\u00e9e et souveraine \u00bb, a d\u00e9clar\u00e9 le Dr Jean Kaseya, Directeur G\u00e9n\u00e9ral de l\u2019Afrique CDC.<\/p>\n<p>&nbsp;<\/p>\n<p dir=\"ltr\"><strong>Ituri, Nord-Kivu, Sud-Kivu : une riposte \u00e0 5 volets au-del\u00e0 du vaccin<\/strong><\/p>\n<p>&nbsp;<\/p>\n<p dir=\"ltr\">Au-del\u00e0 de l\u2019immunisation, les autorit\u00e9s congolaises, avec le concours de l\u2019OMS, de l\u2019UNICEF et de l\u2019Afrique CDC, ont d\u00e9clench\u00e9 un *dispositif multisectoriel d\u2019urgence* articul\u00e9 autour de cinq priorit\u00e9s :<\/p>\n<p dir=\"ltr\"><strong>1. Surveillance \u00e9pid\u00e9miologique et alerte pr\u00e9coce<\/strong><\/p>\n<p dir=\"ltr\">Des \u00e9quipes d\u2019intervention rapide ont \u00e9t\u00e9 d\u00e9ploy\u00e9es dans les zones \u00e0 risque de *l\u2019Ituri, du Nord-Kivu et du Sud-Kivu*. Le maillage communautaire est renforc\u00e9 via les relais locaux et les autorit\u00e9s coutumi\u00e8res afin de signaler tout cas suspect sous 24 heures.<\/p>\n<p>&nbsp;<\/p>\n<p dir=\"ltr\"><strong>2. Prise en charge clinique\u00a0\u00a0<\/strong><\/p>\n<p dir=\"ltr\">Les *Centres de Traitement Ebola &#8211; CTE* de Beni, Butembo, Goma et Bunia ont \u00e9t\u00e9 r\u00e9activ\u00e9s. Les structures sanitaires re\u00e7oivent intrants, traitements et \u00e9quipements de protection individuelle pour s\u00e9curiser les soignants en premi\u00e8re ligne.<\/p>\n<p>&nbsp;<\/p>\n<p dir=\"ltr\"><strong>3. Pr\u00e9vention et contr\u00f4le des infections\u00a0\u00a0<\/strong><\/p>\n<p dir=\"ltr\">Une vaste distribution de kits WASH est en cours dans les h\u00f4pitaux, march\u00e9s et \u00e9coles. L\u2019accent est mis sur l\u2019hygi\u00e8ne des mains et sur la mise en place d\u2019enterrements dignes et s\u00e9curis\u00e9s, assur\u00e9s par des \u00e9quipes d\u00fbment form\u00e9es.<\/p>\n<p>&nbsp;<\/p>\n<p dir=\"ltr\"><strong>4. Communication de risque et ancrage communautaire\u00a0<\/strong><\/p>\n<p dir=\"ltr\">Des campagnes de sensibilisation sont conduites en *swahili, lingala, kinyarwanda, nande et lendu*. L\u2019objectif : contrer la d\u00e9sinformation et associer leaders religieux, associations de femmes et de jeunes \u00e0 la rupture de la cha\u00eene de transmission.<\/p>\n<p>&nbsp;<\/p>\n<p dir=\"ltr\"><strong>5. S\u00e9curisation des points d\u2019entr\u00e9e\u00a0\u00a0<\/strong><\/p>\n<p dir=\"ltr\">Le contr\u00f4le sanitaire est renforc\u00e9 aux fronti\u00e8res avec *l\u2019Ouganda, le Rwanda, le Burundi et le Soudan du Sud*. Un d\u00e9pistage syst\u00e9matique est op\u00e9r\u00e9 aux a\u00e9roports de Goma, Beni et Bunia. Les Gouverneurs pr\u00e9sident chaque semaine le Comit\u00e9 Provincial de Pilotage de la riposte.<\/p>\n<p>&nbsp;<\/p>\n<p dir=\"ltr\"><strong>Le message des autorit\u00e9s sanitaires<\/strong><\/p>\n<p dir=\"ltr\">Le Minist\u00e8re de la Sant\u00e9 publique appelle \u00e0 la vigilance. Fi\u00e8vre, asth\u00e9nie, diarrh\u00e9e, vomissements et h\u00e9morragies figurent parmi les premiers signes.<\/p>\n<p dir=\"ltr\">En cas de suspicion, composer gratuitement le 109 ou se rendre imm\u00e9diatement dans un centre de sant\u00e9. Il est formellement d\u00e9conseill\u00e9 de manipuler les d\u00e9pouilles.<\/p>\n<p dir=\"ltr\">Pour l\u2019Afrique CDC et le Gouvernement, l\u2019ambition demeure intacte : *z\u00e9ro cas, z\u00e9ro d\u00e9c\u00e8s, z\u00e9ro stigmatisation.<\/p>\n<p dir=\"ltr\">\n","protected":false},"excerpt":{"rendered":"<p>R\u00e9daction : Fogeka Agency Alors que la R\u00e9publique D\u00e9mocratique du Congo fait face \u00e0 une nouvelle r\u00e9surgence du virus Ebola,&hellip;<\/p>\n","protected":false},"author":2,"featured_media":584,"comment_status":"open","ping_status":"open","sticky":true,"template":"","format":"standard","meta":{"footnotes":""},"categories":[2],"tags":[],"class_list":["post-715","post","type-post","status-publish","format-standard","has-post-thumbnail","hentry","category-actualite"],"yoast_head":"<!-- This site is optimized with the Yoast SEO plugin v28.3 - https:\/\/yoast.com\/product\/yoast-seo-wordpress\/ -->\n<title>RDC : L\u2019AFRIQUE CDC APPROUVE LE D\u00c9PLOIEMENT IMM\u00c9DIAT DU VACCIN ERVEBO FACE \u00c0 LA RECRUDESCENCE D\u2019EBOLA EN 2026 - fogeka-rdc<\/title>\n<meta name=\"robots\" content=\"index, follow, max-snippet:-1, max-image-preview:large, max-video-preview:-1\" \/>\n<link rel=\"canonical\" href=\"https:\/\/fogeka-rdc.org\/index.php\/2026\/08\/13\/rdc-lafrique-cdc-approuve-le-deploiement-immediat-du-vaccin-ervebo-face-a-la-recrudescence-debola-en-2026\/\" \/>\n<meta property=\"og:locale\" content=\"fr_FR\" \/>\n<meta property=\"og:type\" content=\"article\" \/>\n<meta property=\"og:title\" content=\"RDC : L\u2019AFRIQUE CDC APPROUVE LE D\u00c9PLOIEMENT IMM\u00c9DIAT DU VACCIN ERVEBO FACE \u00c0 LA RECRUDESCENCE D\u2019EBOLA EN 2026 - fogeka-rdc\" \/>\n<meta property=\"og:description\" content=\"R\u00e9daction : Fogeka Agency Alors que la R\u00e9publique D\u00e9mocratique du Congo fait face \u00e0 une nouvelle r\u00e9surgence du virus Ebola,&hellip;\" \/>\n<meta property=\"og:url\" content=\"https:\/\/fogeka-rdc.org\/index.php\/2026\/08\/13\/rdc-lafrique-cdc-approuve-le-deploiement-immediat-du-vaccin-ervebo-face-a-la-recrudescence-debola-en-2026\/\" \/>\n<meta property=\"og:site_name\" content=\"fogeka-rdc\" \/>\n<meta property=\"article:published_time\" content=\"2026-08-13T13:29:08+00:00\" \/>\n<meta property=\"article:modified_time\" content=\"2026-08-14T13:32:45+00:00\" \/>\n<meta property=\"og:image\" content=\"https:\/\/fogeka-rdc.org\/wp-content\/uploads\/2026\/08\/Ebola_.jpg\" \/>\n\t<meta property=\"og:image:width\" content=\"775\" \/>\n\t<meta property=\"og:image:height\" content=\"710\" \/>\n\t<meta property=\"og:image:type\" content=\"image\/jpeg\" \/>\n<meta name=\"author\" content=\"Fogeka Fogekardc\" \/>\n<meta name=\"twitter:card\" content=\"summary_large_image\" \/>\n<meta name=\"twitter:label1\" content=\"\u00c9crit par\" \/>\n\t<meta name=\"twitter:data1\" content=\"Fogeka Fogekardc\" \/>\n\t<meta name=\"twitter:label2\" content=\"Dur\u00e9e de lecture estim\u00e9e\" \/>\n\t<meta name=\"twitter:data2\" content=\"3 minutes\" \/>\n<script type=\"application\/ld+json\" class=\"yoast-schema-graph\">{\"@context\":\"https:\\\/\\\/schema.org\",\"@graph\":[{\"@type\":\"Article\",\"@id\":\"https:\\\/\\\/fogeka-rdc.org\\\/index.php\\\/2026\\\/08\\\/13\\\/rdc-lafrique-cdc-approuve-le-deploiement-immediat-du-vaccin-ervebo-face-a-la-recrudescence-debola-en-2026\\\/#article\",\"isPartOf\":{\"@id\":\"https:\\\/\\\/fogeka-rdc.org\\\/index.php\\\/2026\\\/08\\\/13\\\/rdc-lafrique-cdc-approuve-le-deploiement-immediat-du-vaccin-ervebo-face-a-la-recrudescence-debola-en-2026\\\/\"},\"author\":{\"name\":\"Fogeka Fogekardc\",\"@id\":\"https:\\\/\\\/fogeka-rdc.org\\\/#\\\/schema\\\/person\\\/326652cf3d7bfcbab6d224e17d6992ef\"},\"headline\":\"RDC : L\u2019AFRIQUE CDC APPROUVE LE D\u00c9PLOIEMENT IMM\u00c9DIAT DU VACCIN ERVEBO FACE \u00c0 LA RECRUDESCENCE D\u2019EBOLA EN 2026\",\"datePublished\":\"2026-08-13T13:29:08+00:00\",\"dateModified\":\"2026-08-14T13:32:45+00:00\",\"mainEntityOfPage\":{\"@id\":\"https:\\\/\\\/fogeka-rdc.org\\\/index.php\\\/2026\\\/08\\\/13\\\/rdc-lafrique-cdc-approuve-le-deploiement-immediat-du-vaccin-ervebo-face-a-la-recrudescence-debola-en-2026\\\/\"},\"wordCount\":530,\"commentCount\":0,\"publisher\":{\"@id\":\"https:\\\/\\\/fogeka-rdc.org\\\/#organization\"},\"image\":{\"@id\":\"https:\\\/\\\/fogeka-rdc.org\\\/index.php\\\/2026\\\/08\\\/13\\\/rdc-lafrique-cdc-approuve-le-deploiement-immediat-du-vaccin-ervebo-face-a-la-recrudescence-debola-en-2026\\\/#primaryimage\"},\"thumbnailUrl\":\"https:\\\/\\\/fogeka-rdc.org\\\/wp-content\\\/uploads\\\/2026\\\/08\\\/Ebola_.jpg\",\"articleSection\":[\"Actualit\u00e9\"],\"inLanguage\":\"fr-FR\",\"potentialAction\":[{\"@type\":\"CommentAction\",\"name\":\"Comment\",\"target\":[\"https:\\\/\\\/fogeka-rdc.org\\\/index.php\\\/2026\\\/08\\\/13\\\/rdc-lafrique-cdc-approuve-le-deploiement-immediat-du-vaccin-ervebo-face-a-la-recrudescence-debola-en-2026\\\/#respond\"]}]},{\"@type\":\"WebPage\",\"@id\":\"https:\\\/\\\/fogeka-rdc.org\\\/index.php\\\/2026\\\/08\\\/13\\\/rdc-lafrique-cdc-approuve-le-deploiement-immediat-du-vaccin-ervebo-face-a-la-recrudescence-debola-en-2026\\\/\",\"url\":\"https:\\\/\\\/fogeka-rdc.org\\\/index.php\\\/2026\\\/08\\\/13\\\/rdc-lafrique-cdc-approuve-le-deploiement-immediat-du-vaccin-ervebo-face-a-la-recrudescence-debola-en-2026\\\/\",\"name\":\"RDC : L\u2019AFRIQUE CDC APPROUVE LE D\u00c9PLOIEMENT IMM\u00c9DIAT DU VACCIN ERVEBO FACE \u00c0 LA RECRUDESCENCE D\u2019EBOLA EN 2026 - fogeka-rdc\",\"isPartOf\":{\"@id\":\"https:\\\/\\\/fogeka-rdc.org\\\/#website\"},\"primaryImageOfPage\":{\"@id\":\"https:\\\/\\\/fogeka-rdc.org\\\/index.php\\\/2026\\\/08\\\/13\\\/rdc-lafrique-cdc-approuve-le-deploiement-immediat-du-vaccin-ervebo-face-a-la-recrudescence-debola-en-2026\\\/#primaryimage\"},\"image\":{\"@id\":\"https:\\\/\\\/fogeka-rdc.org\\\/index.php\\\/2026\\\/08\\\/13\\\/rdc-lafrique-cdc-approuve-le-deploiement-immediat-du-vaccin-ervebo-face-a-la-recrudescence-debola-en-2026\\\/#primaryimage\"},\"thumbnailUrl\":\"https:\\\/\\\/fogeka-rdc.org\\\/wp-content\\\/uploads\\\/2026\\\/08\\\/Ebola_.jpg\",\"datePublished\":\"2026-08-13T13:29:08+00:00\",\"dateModified\":\"2026-08-14T13:32:45+00:00\",\"breadcrumb\":{\"@id\":\"https:\\\/\\\/fogeka-rdc.org\\\/index.php\\\/2026\\\/08\\\/13\\\/rdc-lafrique-cdc-approuve-le-deploiement-immediat-du-vaccin-ervebo-face-a-la-recrudescence-debola-en-2026\\\/#breadcrumb\"},\"inLanguage\":\"fr-FR\",\"potentialAction\":[{\"@type\":\"ReadAction\",\"target\":[\"https:\\\/\\\/fogeka-rdc.org\\\/index.php\\\/2026\\\/08\\\/13\\\/rdc-lafrique-cdc-approuve-le-deploiement-immediat-du-vaccin-ervebo-face-a-la-recrudescence-debola-en-2026\\\/\"]}]},{\"@type\":\"ImageObject\",\"inLanguage\":\"fr-FR\",\"@id\":\"https:\\\/\\\/fogeka-rdc.org\\\/index.php\\\/2026\\\/08\\\/13\\\/rdc-lafrique-cdc-approuve-le-deploiement-immediat-du-vaccin-ervebo-face-a-la-recrudescence-debola-en-2026\\\/#primaryimage\",\"url\":\"https:\\\/\\\/fogeka-rdc.org\\\/wp-content\\\/uploads\\\/2026\\\/08\\\/Ebola_.jpg\",\"contentUrl\":\"https:\\\/\\\/fogeka-rdc.org\\\/wp-content\\\/uploads\\\/2026\\\/08\\\/Ebola_.jpg\",\"width\":775,\"height\":710},{\"@type\":\"BreadcrumbList\",\"@id\":\"https:\\\/\\\/fogeka-rdc.org\\\/index.php\\\/2026\\\/08\\\/13\\\/rdc-lafrique-cdc-approuve-le-deploiement-immediat-du-vaccin-ervebo-face-a-la-recrudescence-debola-en-2026\\\/#breadcrumb\",\"itemListElement\":[{\"@type\":\"ListItem\",\"position\":1,\"name\":\"Accueil\",\"item\":\"https:\\\/\\\/fogeka-rdc.org\\\/\"},{\"@type\":\"ListItem\",\"position\":2,\"name\":\"RDC : L\u2019AFRIQUE CDC APPROUVE LE D\u00c9PLOIEMENT IMM\u00c9DIAT DU VACCIN ERVEBO FACE \u00c0 LA RECRUDESCENCE D\u2019EBOLA EN 2026\"}]},{\"@type\":\"WebSite\",\"@id\":\"https:\\\/\\\/fogeka-rdc.org\\\/#website\",\"url\":\"https:\\\/\\\/fogeka-rdc.org\\\/\",\"name\":\"fogeka-rdc\",\"description\":\"Agro foresterie, dans la paix, pour le d\u00e9veloppement\",\"publisher\":{\"@id\":\"https:\\\/\\\/fogeka-rdc.org\\\/#organization\"},\"potentialAction\":[{\"@type\":\"SearchAction\",\"target\":{\"@type\":\"EntryPoint\",\"urlTemplate\":\"https:\\\/\\\/fogeka-rdc.org\\\/?s={search_term_string}\"},\"query-input\":{\"@type\":\"PropertyValueSpecification\",\"valueRequired\":true,\"valueName\":\"search_term_string\"}}],\"inLanguage\":\"fr-FR\"},{\"@type\":\"Organization\",\"@id\":\"https:\\\/\\\/fogeka-rdc.org\\\/#organization\",\"name\":\"fogeka-rdc\",\"url\":\"https:\\\/\\\/fogeka-rdc.org\\\/\",\"logo\":{\"@type\":\"ImageObject\",\"inLanguage\":\"fr-FR\",\"@id\":\"https:\\\/\\\/fogeka-rdc.org\\\/#\\\/schema\\\/logo\\\/image\\\/\",\"url\":\"https:\\\/\\\/fogeka-rdc.org\\\/wp-content\\\/uploads\\\/2025\\\/09\\\/cropped-cropped-WhatsApp-Image-2025-09-12-at-23.09.05.jpeg\",\"contentUrl\":\"https:\\\/\\\/fogeka-rdc.org\\\/wp-content\\\/uploads\\\/2025\\\/09\\\/cropped-cropped-WhatsApp-Image-2025-09-12-at-23.09.05.jpeg\",\"width\":250,\"height\":134,\"caption\":\"fogeka-rdc\"},\"image\":{\"@id\":\"https:\\\/\\\/fogeka-rdc.org\\\/#\\\/schema\\\/logo\\\/image\\\/\"}},{\"@type\":\"Person\",\"@id\":\"https:\\\/\\\/fogeka-rdc.org\\\/#\\\/schema\\\/person\\\/326652cf3d7bfcbab6d224e17d6992ef\",\"name\":\"Fogeka Fogekardc\",\"image\":{\"@type\":\"ImageObject\",\"inLanguage\":\"fr-FR\",\"@id\":\"https:\\\/\\\/secure.gravatar.com\\\/avatar\\\/7409435eb90dab5dd3e21946e11423d79d4fd27d0d76a9a6883c8f31758a7ecd?s=96&d=mm&r=g\",\"url\":\"https:\\\/\\\/secure.gravatar.com\\\/avatar\\\/7409435eb90dab5dd3e21946e11423d79d4fd27d0d76a9a6883c8f31758a7ecd?s=96&d=mm&r=g\",\"contentUrl\":\"https:\\\/\\\/secure.gravatar.com\\\/avatar\\\/7409435eb90dab5dd3e21946e11423d79d4fd27d0d76a9a6883c8f31758a7ecd?s=96&d=mm&r=g\",\"caption\":\"Fogeka Fogekardc\"},\"url\":\"https:\\\/\\\/fogeka-rdc.org\\\/index.php\\\/author\\\/fogeka-admin\\\/\"}]}<\/script>\n<!-- \/ Yoast SEO plugin. -->","yoast_head_json":{"title":"RDC : L\u2019AFRIQUE CDC APPROUVE LE D\u00c9PLOIEMENT IMM\u00c9DIAT DU VACCIN ERVEBO FACE \u00c0 LA RECRUDESCENCE D\u2019EBOLA EN 2026 - fogeka-rdc","robots":{"index":"index","follow":"follow","max-snippet":"max-snippet:-1","max-image-preview":"max-image-preview:large","max-video-preview":"max-video-preview:-1"},"canonical":"https:\/\/fogeka-rdc.org\/index.php\/2026\/08\/13\/rdc-lafrique-cdc-approuve-le-deploiement-immediat-du-vaccin-ervebo-face-a-la-recrudescence-debola-en-2026\/","og_locale":"fr_FR","og_type":"article","og_title":"RDC : L\u2019AFRIQUE CDC APPROUVE LE D\u00c9PLOIEMENT IMM\u00c9DIAT DU VACCIN ERVEBO FACE \u00c0 LA RECRUDESCENCE D\u2019EBOLA EN 2026 - fogeka-rdc","og_description":"R\u00e9daction : Fogeka Agency Alors que la R\u00e9publique D\u00e9mocratique du Congo fait face \u00e0 une nouvelle r\u00e9surgence du virus Ebola,&hellip;","og_url":"https:\/\/fogeka-rdc.org\/index.php\/2026\/08\/13\/rdc-lafrique-cdc-approuve-le-deploiement-immediat-du-vaccin-ervebo-face-a-la-recrudescence-debola-en-2026\/","og_site_name":"fogeka-rdc","article_published_time":"2026-08-13T13:29:08+00:00","article_modified_time":"2026-08-14T13:32:45+00:00","og_image":[{"width":775,"height":710,"url":"https:\/\/fogeka-rdc.org\/wp-content\/uploads\/2026\/08\/Ebola_.jpg","type":"image\/jpeg"}],"author":"Fogeka Fogekardc","twitter_card":"summary_large_image","twitter_misc":{"\u00c9crit par":"Fogeka Fogekardc","Dur\u00e9e de lecture estim\u00e9e":"3 minutes"},"schema":{"@context":"https:\/\/schema.org","@graph":[{"@type":"Article","@id":"https:\/\/fogeka-rdc.org\/index.php\/2026\/08\/13\/rdc-lafrique-cdc-approuve-le-deploiement-immediat-du-vaccin-ervebo-face-a-la-recrudescence-debola-en-2026\/#article","isPartOf":{"@id":"https:\/\/fogeka-rdc.org\/index.php\/2026\/08\/13\/rdc-lafrique-cdc-approuve-le-deploiement-immediat-du-vaccin-ervebo-face-a-la-recrudescence-debola-en-2026\/"},"author":{"name":"Fogeka Fogekardc","@id":"https:\/\/fogeka-rdc.org\/#\/schema\/person\/326652cf3d7bfcbab6d224e17d6992ef"},"headline":"RDC : L\u2019AFRIQUE CDC APPROUVE LE D\u00c9PLOIEMENT IMM\u00c9DIAT DU VACCIN ERVEBO FACE \u00c0 LA RECRUDESCENCE D\u2019EBOLA EN 2026","datePublished":"2026-08-13T13:29:08+00:00","dateModified":"2026-08-14T13:32:45+00:00","mainEntityOfPage":{"@id":"https:\/\/fogeka-rdc.org\/index.php\/2026\/08\/13\/rdc-lafrique-cdc-approuve-le-deploiement-immediat-du-vaccin-ervebo-face-a-la-recrudescence-debola-en-2026\/"},"wordCount":530,"commentCount":0,"publisher":{"@id":"https:\/\/fogeka-rdc.org\/#organization"},"image":{"@id":"https:\/\/fogeka-rdc.org\/index.php\/2026\/08\/13\/rdc-lafrique-cdc-approuve-le-deploiement-immediat-du-vaccin-ervebo-face-a-la-recrudescence-debola-en-2026\/#primaryimage"},"thumbnailUrl":"https:\/\/fogeka-rdc.org\/wp-content\/uploads\/2026\/08\/Ebola_.jpg","articleSection":["Actualit\u00e9"],"inLanguage":"fr-FR","potentialAction":[{"@type":"CommentAction","name":"Comment","target":["https:\/\/fogeka-rdc.org\/index.php\/2026\/08\/13\/rdc-lafrique-cdc-approuve-le-deploiement-immediat-du-vaccin-ervebo-face-a-la-recrudescence-debola-en-2026\/#respond"]}]},{"@type":"WebPage","@id":"https:\/\/fogeka-rdc.org\/index.php\/2026\/08\/13\/rdc-lafrique-cdc-approuve-le-deploiement-immediat-du-vaccin-ervebo-face-a-la-recrudescence-debola-en-2026\/","url":"https:\/\/fogeka-rdc.org\/index.php\/2026\/08\/13\/rdc-lafrique-cdc-approuve-le-deploiement-immediat-du-vaccin-ervebo-face-a-la-recrudescence-debola-en-2026\/","name":"RDC : L\u2019AFRIQUE CDC APPROUVE LE D\u00c9PLOIEMENT IMM\u00c9DIAT DU VACCIN ERVEBO FACE \u00c0 LA RECRUDESCENCE D\u2019EBOLA EN 2026 - fogeka-rdc","isPartOf":{"@id":"https:\/\/fogeka-rdc.org\/#website"},"primaryImageOfPage":{"@id":"https:\/\/fogeka-rdc.org\/index.php\/2026\/08\/13\/rdc-lafrique-cdc-approuve-le-deploiement-immediat-du-vaccin-ervebo-face-a-la-recrudescence-debola-en-2026\/#primaryimage"},"image":{"@id":"https:\/\/fogeka-rdc.org\/index.php\/2026\/08\/13\/rdc-lafrique-cdc-approuve-le-deploiement-immediat-du-vaccin-ervebo-face-a-la-recrudescence-debola-en-2026\/#primaryimage"},"thumbnailUrl":"https:\/\/fogeka-rdc.org\/wp-content\/uploads\/2026\/08\/Ebola_.jpg","datePublished":"2026-08-13T13:29:08+00:00","dateModified":"2026-08-14T13:32:45+00:00","breadcrumb":{"@id":"https:\/\/fogeka-rdc.org\/index.php\/2026\/08\/13\/rdc-lafrique-cdc-approuve-le-deploiement-immediat-du-vaccin-ervebo-face-a-la-recrudescence-debola-en-2026\/#breadcrumb"},"inLanguage":"fr-FR","potentialAction":[{"@type":"ReadAction","target":["https:\/\/fogeka-rdc.org\/index.php\/2026\/08\/13\/rdc-lafrique-cdc-approuve-le-deploiement-immediat-du-vaccin-ervebo-face-a-la-recrudescence-debola-en-2026\/"]}]},{"@type":"ImageObject","inLanguage":"fr-FR","@id":"https:\/\/fogeka-rdc.org\/index.php\/2026\/08\/13\/rdc-lafrique-cdc-approuve-le-deploiement-immediat-du-vaccin-ervebo-face-a-la-recrudescence-debola-en-2026\/#primaryimage","url":"https:\/\/fogeka-rdc.org\/wp-content\/uploads\/2026\/08\/Ebola_.jpg","contentUrl":"https:\/\/fogeka-rdc.org\/wp-content\/uploads\/2026\/08\/Ebola_.jpg","width":775,"height":710},{"@type":"BreadcrumbList","@id":"https:\/\/fogeka-rdc.org\/index.php\/2026\/08\/13\/rdc-lafrique-cdc-approuve-le-deploiement-immediat-du-vaccin-ervebo-face-a-la-recrudescence-debola-en-2026\/#breadcrumb","itemListElement":[{"@type":"ListItem","position":1,"name":"Accueil","item":"https:\/\/fogeka-rdc.org\/"},{"@type":"ListItem","position":2,"name":"RDC : L\u2019AFRIQUE CDC APPROUVE LE D\u00c9PLOIEMENT IMM\u00c9DIAT DU VACCIN ERVEBO FACE \u00c0 LA RECRUDESCENCE D\u2019EBOLA EN 2026"}]},{"@type":"WebSite","@id":"https:\/\/fogeka-rdc.org\/#website","url":"https:\/\/fogeka-rdc.org\/","name":"fogeka-rdc","description":"Agro foresterie, dans la paix, pour le d\u00e9veloppement","publisher":{"@id":"https:\/\/fogeka-rdc.org\/#organization"},"potentialAction":[{"@type":"SearchAction","target":{"@type":"EntryPoint","urlTemplate":"https:\/\/fogeka-rdc.org\/?s={search_term_string}"},"query-input":{"@type":"PropertyValueSpecification","valueRequired":true,"valueName":"search_term_string"}}],"inLanguage":"fr-FR"},{"@type":"Organization","@id":"https:\/\/fogeka-rdc.org\/#organization","name":"fogeka-rdc","url":"https:\/\/fogeka-rdc.org\/","logo":{"@type":"ImageObject","inLanguage":"fr-FR","@id":"https:\/\/fogeka-rdc.org\/#\/schema\/logo\/image\/","url":"https:\/\/fogeka-rdc.org\/wp-content\/uploads\/2025\/09\/cropped-cropped-WhatsApp-Image-2025-09-12-at-23.09.05.jpeg","contentUrl":"https:\/\/fogeka-rdc.org\/wp-content\/uploads\/2025\/09\/cropped-cropped-WhatsApp-Image-2025-09-12-at-23.09.05.jpeg","width":250,"height":134,"caption":"fogeka-rdc"},"image":{"@id":"https:\/\/fogeka-rdc.org\/#\/schema\/logo\/image\/"}},{"@type":"Person","@id":"https:\/\/fogeka-rdc.org\/#\/schema\/person\/326652cf3d7bfcbab6d224e17d6992ef","name":"Fogeka Fogekardc","image":{"@type":"ImageObject","inLanguage":"fr-FR","@id":"https:\/\/secure.gravatar.com\/avatar\/7409435eb90dab5dd3e21946e11423d79d4fd27d0d76a9a6883c8f31758a7ecd?s=96&d=mm&r=g","url":"https:\/\/secure.gravatar.com\/avatar\/7409435eb90dab5dd3e21946e11423d79d4fd27d0d76a9a6883c8f31758a7ecd?s=96&d=mm&r=g","contentUrl":"https:\/\/secure.gravatar.com\/avatar\/7409435eb90dab5dd3e21946e11423d79d4fd27d0d76a9a6883c8f31758a7ecd?s=96&d=mm&r=g","caption":"Fogeka Fogekardc"},"url":"https:\/\/fogeka-rdc.org\/index.php\/author\/fogeka-admin\/"}]}},"_links":{"self":[{"href":"https:\/\/fogeka-rdc.org\/index.php\/wp-json\/wp\/v2\/posts\/715","targetHints":{"allow":["GET"]}}],"collection":[{"href":"https:\/\/fogeka-rdc.org\/index.php\/wp-json\/wp\/v2\/posts"}],"about":[{"href":"https:\/\/fogeka-rdc.org\/index.php\/wp-json\/wp\/v2\/types\/post"}],"author":[{"embeddable":true,"href":"https:\/\/fogeka-rdc.org\/index.php\/wp-json\/wp\/v2\/users\/2"}],"replies":[{"embeddable":true,"href":"https:\/\/fogeka-rdc.org\/index.php\/wp-json\/wp\/v2\/comments?post=715"}],"version-history":[{"count":1,"href":"https:\/\/fogeka-rdc.org\/index.php\/wp-json\/wp\/v2\/posts\/715\/revisions"}],"predecessor-version":[{"id":717,"href":"https:\/\/fogeka-rdc.org\/index.php\/wp-json\/wp\/v2\/posts\/715\/revisions\/717"}],"wp:featuredmedia":[{"embeddable":true,"href":"https:\/\/fogeka-rdc.org\/index.php\/wp-json\/wp\/v2\/media\/584"}],"wp:attachment":[{"href":"https:\/\/fogeka-rdc.org\/index.php\/wp-json\/wp\/v2\/media?parent=715"}],"wp:term":[{"taxonomy":"category","embeddable":true,"href":"https:\/\/fogeka-rdc.org\/index.php\/wp-json\/wp\/v2\/categories?post=715"},{"taxonomy":"post_tag","embeddable":true,"href":"https:\/\/fogeka-rdc.org\/index.php\/wp-json\/wp\/v2\/tags?post=715"}],"curies":[{"name":"wp","href":"https:\/\/api.w.org\/{rel}","templated":true}]}}