{"id":729,"date":"2026-08-19T14:09:53","date_gmt":"2026-08-19T14:09:53","guid":{"rendered":"https:\/\/fogeka-rdc.org\/?p=729"},"modified":"2026-08-19T14:09:53","modified_gmt":"2026-08-19T14:09:53","slug":"kinshasa-zero-cas-debola-la-saison-seche-teste-la-resilience-de-la-capitale","status":"publish","type":"post","link":"https:\/\/fogeka-rdc.org\/index.php\/2026\/08\/19\/kinshasa-zero-cas-debola-la-saison-seche-teste-la-resilience-de-la-capitale\/","title":{"rendered":"KINSHASA &#8211; Z\u00c9RO CAS D\u2019EBOLA : LA SAISON S\u00c8CHE TESTE LA R\u00c9SILIENCE DE LA CAPITALE\u00a0"},"content":{"rendered":"<p dir=\"ltr\">Par: G\u00e9nie Kande Fogeka Agency<\/p>\n<p dir=\"ltr\">Le ministre de la Sant\u00e9, Dr Roger Kamba, a mis les choses au clair au micro de la RTNC : Kinshasa est sous haute surveillance \u00e9pid\u00e9miologique, mais \u00e0 ce jour aucun cas d\u2019Ebola n\u2019a \u00e9t\u00e9 enregistr\u00e9 dans la ville. Z\u00e9ro cas.<\/p>\n<p dir=\"ltr\">Il faut le r\u00e9p\u00e9ter pour couper court aux fausses informations. La saison s\u00e8che porte des sympt\u00f4mes qui ressemblent \u00e0 ceux de maladies infectieuses chroniques. Fi\u00e8vre, fatigue, toux, irritations. Cet environnement nous fait croire \u00e0 Ebola. Pourtant, le gouvernement confirme : Kinshasa demeure sous contr\u00f4le.<\/p>\n<p dir=\"ltr\">La priorit\u00e9 est ailleurs : faire bloc avec les provinces touch\u00e9es. Le pays a besoin de discipline collective, pas de rumeurs, pas de divisions.<\/p>\n<p>&nbsp;<\/p>\n<p dir=\"ltr\"><strong>Une saison s\u00e8che qui d\u00e9couvre nos faiblesses<\/strong><\/p>\n<p dir=\"ltr\">Entre juin et septembre, Kinshasa entre dans un autre r\u00e9gime. Le ciel se charge de poussi\u00e8re, l\u2019humidit\u00e9 chute, les rivi\u00e8res et nappes reculent. C\u2019est \u00e0 ce moment que les manquements en mati\u00e8re d\u2019assainissement et de gestion de l\u2019eau deviennent visibles.<\/p>\n<p dir=\"ltr\">Trois ph\u00e9nom\u00e8nes dominent :<\/p>\n<p dir=\"ltr\"><strong>L\u2019air sec et pollu\u00e9<\/strong> : moins d\u2019humidit\u00e9, plus de particules. Auxquelles s\u2019ajoutent les fum\u00e9es des feux de brousse en p\u00e9riph\u00e9rie et des d\u00e9chets br\u00fbl\u00e9s dans les quartiers.<\/p>\n<p dir=\"ltr\"><strong>La pression sur l\u2019eau<\/strong> : la REGIDESO peine \u00e0 suivre, les forages tarissent, et les puits non prot\u00e9g\u00e9s deviennent des points de contamination.<\/p>\n<p dir=\"ltr\"><strong>L\u2019accumulation des d\u00e9chet<\/strong>s : sans pluie pour lessiver les caniveaux, les ordures stagnent et d\u00e9gagent des odeurs.<\/p>\n<p dir=\"ltr\"><strong>Bilan sanitaire : le pic est l\u00e0\u00a0\u00a0<\/strong><\/p>\n<p dir=\"ltr\">Dans les h\u00f4pitaux et centres de sant\u00e9, les consultations explosent.<\/p>\n<p dir=\"ltr\">Les pathologies respiratoires arrivent en t\u00eate : asthme, bronchites, irritations des voies. La poussi\u00e8re m\u00e9lang\u00e9e \u00e0 la fum\u00e9e fragilise adultes et enfants.<\/p>\n<p dir=\"ltr\">Viennent ensuite <strong>les maladies hydriques<\/strong> : diarrh\u00e9e, chol\u00e9ra, typho\u00efde. La raret\u00e9 pousse certains m\u00e9nages \u00e0 stocker l\u2019eau dans de mauvaises conditions ou \u00e0 consommer une eau non trait\u00e9e.<\/p>\n<p dir=\"ltr\">S\u2019ajoutent les dermatites et conjonctivites li\u00e9es \u00e0 la poussi\u00e8re et au soleil, ainsi que les coups de chaleur et d\u00e9shydratations, surtout chez les enfants, les personnes \u00e2g\u00e9es et les vendeurs ambulants.<\/p>\n<p>&nbsp;<\/p>\n<p dir=\"ltr\">\u00a0<strong>La saison s\u00e8che ne cr\u00e9e pas ces probl\u00e8mes. Elle les r\u00e9v\u00e8le.<\/strong><\/p>\n<p dir=\"ltr\">Ce qu\u2019il faut faire maintenant<\/p>\n<p dir=\"ltr\">Fogeka Agency ASBL propose 4 leviers concrets au gouvernement.<\/p>\n<p dir=\"ltr\"><strong>1.Assainissement et civisme<\/strong> : mobiliser les populations avec les B\u00e2tisseurs pour l\u2019enl\u00e8vement des d\u00e9chets m\u00e9nagers et dangereux. Sanctionner les d\u00e9p\u00f4ts sauvages. Imposer la couverture des camions d\u2019\u00e9vacuation pour limiter la dispersion des poussi\u00e8res et plastiques.<\/p>\n<p dir=\"ltr\"><strong>2.Curage pr\u00e9ventif<\/strong> : intensifier le nettoyage des caniveaux avant le pic de la saison. Moins de boue stagnante, moins de moustiques, moins d\u2019odeurs.<\/p>\n<p dir=\"ltr\"><strong>3.Acc\u00e8s \u00e0 l\u2019eau s\u00fbre<\/strong> : cartographier par commune les sites de forages prot\u00e9g\u00e9s, contr\u00f4ler la qualit\u00e9 des puits, et installer des fontaines publiques dans les zones denses pour \u00e9viter la ru\u00e9e vers une eau douteuse.<\/p>\n<p dir=\"ltr\"><strong>4.Assainir le corps m\u00e9dical<\/strong> : Fogeka Agency propose au ministre de la Sant\u00e9, dans ses pr\u00e9rogatives, de lancer apr\u00e8s l\u2019alerte Ebola une campagne de contr\u00f4le dans chaque institution sanitaire. L\u2019objectif est simple : savoir qui est m\u00e9decin, qui ne l\u2019est pas. Il faut mettre fin aux charlatans habill\u00e9s en blouses et aux faux corps m\u00e9dicaux qui profitent de la peur.<\/p>\n<p>&nbsp;<\/p>\n<p dir=\"ltr\"><strong>Reboiser pour respirer<\/strong><\/p>\n<p dir=\"ltr\">Kinshasa a besoin d\u2019ombre et de filtres naturels. La campagne \u00ab\u00a01 m\u00e9nage, 1 arbre\u00a0\u00bb doit devenir une r\u00e9alit\u00e9 dans les \u00e9coles, les march\u00e9s et le long des avenues. Les arbres baissent la temp\u00e9rature et pi\u00e8gent la poussi\u00e8re.<\/p>\n<p dir=\"ltr\">Il faut aussi prot\u00e9ger ce qui reste : Jardin Botanique, Mont-Ngaliema, bois de Limete. Stop au bradage. Et encourager les toitures et murs v\u00e9g\u00e9talis\u00e9s sur les b\u00e2timents publics.<\/p>\n<p dir=\"ltr\"><strong>Sensibiliser sans rel\u00e2che<\/strong><\/p>\n<p dir=\"ltr\">Le message doit \u00eatre simple et martel\u00e9 : \u00ab\u00a0Eau propre, poubelle ferm\u00e9e, masque si poussi\u00e8re\u00a0\u00bb. Lavage des mains, stockage s\u00e9curis\u00e9 de l\u2019eau, port du masque les jours de forte poussi\u00e8re. C\u2019est basique, mais c\u2019est ce qui sauve.<\/p>\n<p dir=\"ltr\"><strong>Passer des discours aux actes<\/strong><\/p>\n<p dir=\"ltr\">La saison s\u00e8che n\u2019est pas une fatalit\u00e9. C\u2019est un test. Elle montre si la ville est capable de se g\u00e9rer.<\/p>\n<p dir=\"ltr\">Sans \u00e9ducation de masse, sans reboisement et sans assainissement rigoureux, Kinshasa subira chaque ann\u00e9e plus de maladies, plus de chaleur, plus de pollution.<\/p>\n<p dir=\"ltr\">La vision \u00e9cologique du *Chef de l\u2019\u00c9tat, F\u00e9lix-Antoine Tshisekedi , doit descendre dans la rue : des arbres plant\u00e9s, des caniveaux cur\u00e9s, des quartiers propres, et un syst\u00e8me de sant\u00e9 cr\u00e9dible.<\/p>\n<p dir=\"ltr\">Prot\u00e9ger l\u2019environnement en saison s\u00e8che, c\u2019est prot\u00e9ger la vie en toute saison.<\/p>\n<p>&nbsp;<\/p>\n<p dir=\"ltr\">\n","protected":false},"excerpt":{"rendered":"<p>Par: G\u00e9nie Kande Fogeka Agency Le ministre de la Sant\u00e9, Dr Roger Kamba, a mis les choses au clair au&hellip;<\/p>\n","protected":false},"author":2,"featured_media":730,"comment_status":"open","ping_status":"open","sticky":true,"template":"","format":"standard","meta":{"footnotes":""},"categories":[4,6],"tags":[],"class_list":["post-729","post","type-post","status-publish","format-standard","has-post-thumbnail","hentry","category-assainissement","category-environnement"],"yoast_head":"<!-- This site is optimized with the Yoast SEO plugin v28.3 - https:\/\/yoast.com\/product\/yoast-seo-wordpress\/ -->\n<title>KINSHASA - Z\u00c9RO CAS D\u2019EBOLA : LA SAISON S\u00c8CHE TESTE LA R\u00c9SILIENCE DE LA CAPITALE\u00a0 - fogeka-rdc<\/title>\n<meta name=\"robots\" content=\"index, follow, max-snippet:-1, max-image-preview:large, max-video-preview:-1\" \/>\n<link rel=\"canonical\" href=\"https:\/\/fogeka-rdc.org\/index.php\/2026\/08\/19\/kinshasa-zero-cas-debola-la-saison-seche-teste-la-resilience-de-la-capitale\/\" \/>\n<meta property=\"og:locale\" content=\"fr_FR\" \/>\n<meta property=\"og:type\" content=\"article\" \/>\n<meta property=\"og:title\" content=\"KINSHASA - Z\u00c9RO CAS D\u2019EBOLA : LA SAISON S\u00c8CHE TESTE LA R\u00c9SILIENCE DE LA CAPITALE\u00a0 - fogeka-rdc\" \/>\n<meta property=\"og:description\" content=\"Par: G\u00e9nie Kande Fogeka Agency Le ministre de la Sant\u00e9, Dr Roger Kamba, a mis les choses au clair au&hellip;\" \/>\n<meta property=\"og:url\" content=\"https:\/\/fogeka-rdc.org\/index.php\/2026\/08\/19\/kinshasa-zero-cas-debola-la-saison-seche-teste-la-resilience-de-la-capitale\/\" \/>\n<meta property=\"og:site_name\" content=\"fogeka-rdc\" \/>\n<meta property=\"article:published_time\" content=\"2026-08-19T14:09:53+00:00\" \/>\n<meta property=\"og:image\" content=\"https:\/\/fogeka-rdc.org\/wp-content\/uploads\/2026\/08\/Etallage-legume-au-marche.jpg\" \/>\n\t<meta property=\"og:image:width\" content=\"1290\" \/>\n\t<meta property=\"og:image:height\" content=\"1478\" \/>\n\t<meta property=\"og:image:type\" content=\"image\/jpeg\" \/>\n<meta name=\"author\" content=\"Fogeka Fogekardc\" \/>\n<meta name=\"twitter:card\" content=\"summary_large_image\" \/>\n<meta name=\"twitter:label1\" content=\"\u00c9crit par\" \/>\n\t<meta name=\"twitter:data1\" content=\"Fogeka Fogekardc\" \/>\n\t<meta name=\"twitter:label2\" content=\"Dur\u00e9e de lecture estim\u00e9e\" \/>\n\t<meta name=\"twitter:data2\" content=\"4 minutes\" \/>\n<script type=\"application\/ld+json\" class=\"yoast-schema-graph\">{\"@context\":\"https:\\\/\\\/schema.org\",\"@graph\":[{\"@type\":\"Article\",\"@id\":\"https:\\\/\\\/fogeka-rdc.org\\\/index.php\\\/2026\\\/08\\\/19\\\/kinshasa-zero-cas-debola-la-saison-seche-teste-la-resilience-de-la-capitale\\\/#article\",\"isPartOf\":{\"@id\":\"https:\\\/\\\/fogeka-rdc.org\\\/index.php\\\/2026\\\/08\\\/19\\\/kinshasa-zero-cas-debola-la-saison-seche-teste-la-resilience-de-la-capitale\\\/\"},\"author\":{\"name\":\"Fogeka Fogekardc\",\"@id\":\"https:\\\/\\\/fogeka-rdc.org\\\/#\\\/schema\\\/person\\\/326652cf3d7bfcbab6d224e17d6992ef\"},\"headline\":\"KINSHASA &#8211; Z\u00c9RO CAS D\u2019EBOLA : LA SAISON S\u00c8CHE TESTE LA R\u00c9SILIENCE DE LA CAPITALE\u00a0\",\"datePublished\":\"2026-08-19T14:09:53+00:00\",\"mainEntityOfPage\":{\"@id\":\"https:\\\/\\\/fogeka-rdc.org\\\/index.php\\\/2026\\\/08\\\/19\\\/kinshasa-zero-cas-debola-la-saison-seche-teste-la-resilience-de-la-capitale\\\/\"},\"wordCount\":823,\"commentCount\":0,\"publisher\":{\"@id\":\"https:\\\/\\\/fogeka-rdc.org\\\/#organization\"},\"image\":{\"@id\":\"https:\\\/\\\/fogeka-rdc.org\\\/index.php\\\/2026\\\/08\\\/19\\\/kinshasa-zero-cas-debola-la-saison-seche-teste-la-resilience-de-la-capitale\\\/#primaryimage\"},\"thumbnailUrl\":\"https:\\\/\\\/fogeka-rdc.org\\\/wp-content\\\/uploads\\\/2026\\\/08\\\/Etallage-legume-au-marche.jpg\",\"articleSection\":[\"Assainissement\",\"Environnement\"],\"inLanguage\":\"fr-FR\",\"potentialAction\":[{\"@type\":\"CommentAction\",\"name\":\"Comment\",\"target\":[\"https:\\\/\\\/fogeka-rdc.org\\\/index.php\\\/2026\\\/08\\\/19\\\/kinshasa-zero-cas-debola-la-saison-seche-teste-la-resilience-de-la-capitale\\\/#respond\"]}]},{\"@type\":\"WebPage\",\"@id\":\"https:\\\/\\\/fogeka-rdc.org\\\/index.php\\\/2026\\\/08\\\/19\\\/kinshasa-zero-cas-debola-la-saison-seche-teste-la-resilience-de-la-capitale\\\/\",\"url\":\"https:\\\/\\\/fogeka-rdc.org\\\/index.php\\\/2026\\\/08\\\/19\\\/kinshasa-zero-cas-debola-la-saison-seche-teste-la-resilience-de-la-capitale\\\/\",\"name\":\"KINSHASA - Z\u00c9RO CAS D\u2019EBOLA : LA SAISON S\u00c8CHE TESTE LA R\u00c9SILIENCE DE LA CAPITALE\u00a0 - fogeka-rdc\",\"isPartOf\":{\"@id\":\"https:\\\/\\\/fogeka-rdc.org\\\/#website\"},\"primaryImageOfPage\":{\"@id\":\"https:\\\/\\\/fogeka-rdc.org\\\/index.php\\\/2026\\\/08\\\/19\\\/kinshasa-zero-cas-debola-la-saison-seche-teste-la-resilience-de-la-capitale\\\/#primaryimage\"},\"image\":{\"@id\":\"https:\\\/\\\/fogeka-rdc.org\\\/index.php\\\/2026\\\/08\\\/19\\\/kinshasa-zero-cas-debola-la-saison-seche-teste-la-resilience-de-la-capitale\\\/#primaryimage\"},\"thumbnailUrl\":\"https:\\\/\\\/fogeka-rdc.org\\\/wp-content\\\/uploads\\\/2026\\\/08\\\/Etallage-legume-au-marche.jpg\",\"datePublished\":\"2026-08-19T14:09:53+00:00\",\"breadcrumb\":{\"@id\":\"https:\\\/\\\/fogeka-rdc.org\\\/index.php\\\/2026\\\/08\\\/19\\\/kinshasa-zero-cas-debola-la-saison-seche-teste-la-resilience-de-la-capitale\\\/#breadcrumb\"},\"inLanguage\":\"fr-FR\",\"potentialAction\":[{\"@type\":\"ReadAction\",\"target\":[\"https:\\\/\\\/fogeka-rdc.org\\\/index.php\\\/2026\\\/08\\\/19\\\/kinshasa-zero-cas-debola-la-saison-seche-teste-la-resilience-de-la-capitale\\\/\"]}]},{\"@type\":\"ImageObject\",\"inLanguage\":\"fr-FR\",\"@id\":\"https:\\\/\\\/fogeka-rdc.org\\\/index.php\\\/2026\\\/08\\\/19\\\/kinshasa-zero-cas-debola-la-saison-seche-teste-la-resilience-de-la-capitale\\\/#primaryimage\",\"url\":\"https:\\\/\\\/fogeka-rdc.org\\\/wp-content\\\/uploads\\\/2026\\\/08\\\/Etallage-legume-au-marche.jpg\",\"contentUrl\":\"https:\\\/\\\/fogeka-rdc.org\\\/wp-content\\\/uploads\\\/2026\\\/08\\\/Etallage-legume-au-marche.jpg\",\"width\":1290,\"height\":1478},{\"@type\":\"BreadcrumbList\",\"@id\":\"https:\\\/\\\/fogeka-rdc.org\\\/index.php\\\/2026\\\/08\\\/19\\\/kinshasa-zero-cas-debola-la-saison-seche-teste-la-resilience-de-la-capitale\\\/#breadcrumb\",\"itemListElement\":[{\"@type\":\"ListItem\",\"position\":1,\"name\":\"Accueil\",\"item\":\"https:\\\/\\\/fogeka-rdc.org\\\/\"},{\"@type\":\"ListItem\",\"position\":2,\"name\":\"KINSHASA &#8211; Z\u00c9RO CAS D\u2019EBOLA : LA SAISON S\u00c8CHE TESTE LA R\u00c9SILIENCE DE LA CAPITALE\u00a0\"}]},{\"@type\":\"WebSite\",\"@id\":\"https:\\\/\\\/fogeka-rdc.org\\\/#website\",\"url\":\"https:\\\/\\\/fogeka-rdc.org\\\/\",\"name\":\"fogeka-rdc\",\"description\":\"Agro foresterie, dans la paix, pour le d\u00e9veloppement\",\"publisher\":{\"@id\":\"https:\\\/\\\/fogeka-rdc.org\\\/#organization\"},\"potentialAction\":[{\"@type\":\"SearchAction\",\"target\":{\"@type\":\"EntryPoint\",\"urlTemplate\":\"https:\\\/\\\/fogeka-rdc.org\\\/?s={search_term_string}\"},\"query-input\":{\"@type\":\"PropertyValueSpecification\",\"valueRequired\":true,\"valueName\":\"search_term_string\"}}],\"inLanguage\":\"fr-FR\"},{\"@type\":\"Organization\",\"@id\":\"https:\\\/\\\/fogeka-rdc.org\\\/#organization\",\"name\":\"fogeka-rdc\",\"url\":\"https:\\\/\\\/fogeka-rdc.org\\\/\",\"logo\":{\"@type\":\"ImageObject\",\"inLanguage\":\"fr-FR\",\"@id\":\"https:\\\/\\\/fogeka-rdc.org\\\/#\\\/schema\\\/logo\\\/image\\\/\",\"url\":\"https:\\\/\\\/fogeka-rdc.org\\\/wp-content\\\/uploads\\\/2025\\\/09\\\/cropped-cropped-WhatsApp-Image-2025-09-12-at-23.09.05.jpeg\",\"contentUrl\":\"https:\\\/\\\/fogeka-rdc.org\\\/wp-content\\\/uploads\\\/2025\\\/09\\\/cropped-cropped-WhatsApp-Image-2025-09-12-at-23.09.05.jpeg\",\"width\":250,\"height\":134,\"caption\":\"fogeka-rdc\"},\"image\":{\"@id\":\"https:\\\/\\\/fogeka-rdc.org\\\/#\\\/schema\\\/logo\\\/image\\\/\"}},{\"@type\":\"Person\",\"@id\":\"https:\\\/\\\/fogeka-rdc.org\\\/#\\\/schema\\\/person\\\/326652cf3d7bfcbab6d224e17d6992ef\",\"name\":\"Fogeka Fogekardc\",\"image\":{\"@type\":\"ImageObject\",\"inLanguage\":\"fr-FR\",\"@id\":\"https:\\\/\\\/secure.gravatar.com\\\/avatar\\\/7409435eb90dab5dd3e21946e11423d79d4fd27d0d76a9a6883c8f31758a7ecd?s=96&d=mm&r=g\",\"url\":\"https:\\\/\\\/secure.gravatar.com\\\/avatar\\\/7409435eb90dab5dd3e21946e11423d79d4fd27d0d76a9a6883c8f31758a7ecd?s=96&d=mm&r=g\",\"contentUrl\":\"https:\\\/\\\/secure.gravatar.com\\\/avatar\\\/7409435eb90dab5dd3e21946e11423d79d4fd27d0d76a9a6883c8f31758a7ecd?s=96&d=mm&r=g\",\"caption\":\"Fogeka Fogekardc\"},\"url\":\"https:\\\/\\\/fogeka-rdc.org\\\/index.php\\\/author\\\/fogeka-admin\\\/\"}]}<\/script>\n<!-- \/ Yoast SEO plugin. -->","yoast_head_json":{"title":"KINSHASA - Z\u00c9RO CAS D\u2019EBOLA : LA SAISON S\u00c8CHE TESTE LA R\u00c9SILIENCE DE LA CAPITALE\u00a0 - fogeka-rdc","robots":{"index":"index","follow":"follow","max-snippet":"max-snippet:-1","max-image-preview":"max-image-preview:large","max-video-preview":"max-video-preview:-1"},"canonical":"https:\/\/fogeka-rdc.org\/index.php\/2026\/08\/19\/kinshasa-zero-cas-debola-la-saison-seche-teste-la-resilience-de-la-capitale\/","og_locale":"fr_FR","og_type":"article","og_title":"KINSHASA - Z\u00c9RO CAS D\u2019EBOLA : LA SAISON S\u00c8CHE TESTE LA R\u00c9SILIENCE DE LA CAPITALE\u00a0 - fogeka-rdc","og_description":"Par: G\u00e9nie Kande Fogeka Agency Le ministre de la Sant\u00e9, Dr Roger Kamba, a mis les choses au clair au&hellip;","og_url":"https:\/\/fogeka-rdc.org\/index.php\/2026\/08\/19\/kinshasa-zero-cas-debola-la-saison-seche-teste-la-resilience-de-la-capitale\/","og_site_name":"fogeka-rdc","article_published_time":"2026-08-19T14:09:53+00:00","og_image":[{"width":1290,"height":1478,"url":"https:\/\/fogeka-rdc.org\/wp-content\/uploads\/2026\/08\/Etallage-legume-au-marche.jpg","type":"image\/jpeg"}],"author":"Fogeka Fogekardc","twitter_card":"summary_large_image","twitter_misc":{"\u00c9crit par":"Fogeka Fogekardc","Dur\u00e9e de lecture estim\u00e9e":"4 minutes"},"schema":{"@context":"https:\/\/schema.org","@graph":[{"@type":"Article","@id":"https:\/\/fogeka-rdc.org\/index.php\/2026\/08\/19\/kinshasa-zero-cas-debola-la-saison-seche-teste-la-resilience-de-la-capitale\/#article","isPartOf":{"@id":"https:\/\/fogeka-rdc.org\/index.php\/2026\/08\/19\/kinshasa-zero-cas-debola-la-saison-seche-teste-la-resilience-de-la-capitale\/"},"author":{"name":"Fogeka Fogekardc","@id":"https:\/\/fogeka-rdc.org\/#\/schema\/person\/326652cf3d7bfcbab6d224e17d6992ef"},"headline":"KINSHASA &#8211; Z\u00c9RO CAS D\u2019EBOLA : LA SAISON S\u00c8CHE TESTE LA R\u00c9SILIENCE DE LA CAPITALE\u00a0","datePublished":"2026-08-19T14:09:53+00:00","mainEntityOfPage":{"@id":"https:\/\/fogeka-rdc.org\/index.php\/2026\/08\/19\/kinshasa-zero-cas-debola-la-saison-seche-teste-la-resilience-de-la-capitale\/"},"wordCount":823,"commentCount":0,"publisher":{"@id":"https:\/\/fogeka-rdc.org\/#organization"},"image":{"@id":"https:\/\/fogeka-rdc.org\/index.php\/2026\/08\/19\/kinshasa-zero-cas-debola-la-saison-seche-teste-la-resilience-de-la-capitale\/#primaryimage"},"thumbnailUrl":"https:\/\/fogeka-rdc.org\/wp-content\/uploads\/2026\/08\/Etallage-legume-au-marche.jpg","articleSection":["Assainissement","Environnement"],"inLanguage":"fr-FR","potentialAction":[{"@type":"CommentAction","name":"Comment","target":["https:\/\/fogeka-rdc.org\/index.php\/2026\/08\/19\/kinshasa-zero-cas-debola-la-saison-seche-teste-la-resilience-de-la-capitale\/#respond"]}]},{"@type":"WebPage","@id":"https:\/\/fogeka-rdc.org\/index.php\/2026\/08\/19\/kinshasa-zero-cas-debola-la-saison-seche-teste-la-resilience-de-la-capitale\/","url":"https:\/\/fogeka-rdc.org\/index.php\/2026\/08\/19\/kinshasa-zero-cas-debola-la-saison-seche-teste-la-resilience-de-la-capitale\/","name":"KINSHASA - Z\u00c9RO CAS D\u2019EBOLA : LA SAISON S\u00c8CHE TESTE LA R\u00c9SILIENCE DE LA CAPITALE\u00a0 - fogeka-rdc","isPartOf":{"@id":"https:\/\/fogeka-rdc.org\/#website"},"primaryImageOfPage":{"@id":"https:\/\/fogeka-rdc.org\/index.php\/2026\/08\/19\/kinshasa-zero-cas-debola-la-saison-seche-teste-la-resilience-de-la-capitale\/#primaryimage"},"image":{"@id":"https:\/\/fogeka-rdc.org\/index.php\/2026\/08\/19\/kinshasa-zero-cas-debola-la-saison-seche-teste-la-resilience-de-la-capitale\/#primaryimage"},"thumbnailUrl":"https:\/\/fogeka-rdc.org\/wp-content\/uploads\/2026\/08\/Etallage-legume-au-marche.jpg","datePublished":"2026-08-19T14:09:53+00:00","breadcrumb":{"@id":"https:\/\/fogeka-rdc.org\/index.php\/2026\/08\/19\/kinshasa-zero-cas-debola-la-saison-seche-teste-la-resilience-de-la-capitale\/#breadcrumb"},"inLanguage":"fr-FR","potentialAction":[{"@type":"ReadAction","target":["https:\/\/fogeka-rdc.org\/index.php\/2026\/08\/19\/kinshasa-zero-cas-debola-la-saison-seche-teste-la-resilience-de-la-capitale\/"]}]},{"@type":"ImageObject","inLanguage":"fr-FR","@id":"https:\/\/fogeka-rdc.org\/index.php\/2026\/08\/19\/kinshasa-zero-cas-debola-la-saison-seche-teste-la-resilience-de-la-capitale\/#primaryimage","url":"https:\/\/fogeka-rdc.org\/wp-content\/uploads\/2026\/08\/Etallage-legume-au-marche.jpg","contentUrl":"https:\/\/fogeka-rdc.org\/wp-content\/uploads\/2026\/08\/Etallage-legume-au-marche.jpg","width":1290,"height":1478},{"@type":"BreadcrumbList","@id":"https:\/\/fogeka-rdc.org\/index.php\/2026\/08\/19\/kinshasa-zero-cas-debola-la-saison-seche-teste-la-resilience-de-la-capitale\/#breadcrumb","itemListElement":[{"@type":"ListItem","position":1,"name":"Accueil","item":"https:\/\/fogeka-rdc.org\/"},{"@type":"ListItem","position":2,"name":"KINSHASA &#8211; Z\u00c9RO CAS D\u2019EBOLA : LA SAISON S\u00c8CHE TESTE LA R\u00c9SILIENCE DE LA CAPITALE\u00a0"}]},{"@type":"WebSite","@id":"https:\/\/fogeka-rdc.org\/#website","url":"https:\/\/fogeka-rdc.org\/","name":"fogeka-rdc","description":"Agro foresterie, dans la paix, pour le d\u00e9veloppement","publisher":{"@id":"https:\/\/fogeka-rdc.org\/#organization"},"potentialAction":[{"@type":"SearchAction","target":{"@type":"EntryPoint","urlTemplate":"https:\/\/fogeka-rdc.org\/?s={search_term_string}"},"query-input":{"@type":"PropertyValueSpecification","valueRequired":true,"valueName":"search_term_string"}}],"inLanguage":"fr-FR"},{"@type":"Organization","@id":"https:\/\/fogeka-rdc.org\/#organization","name":"fogeka-rdc","url":"https:\/\/fogeka-rdc.org\/","logo":{"@type":"ImageObject","inLanguage":"fr-FR","@id":"https:\/\/fogeka-rdc.org\/#\/schema\/logo\/image\/","url":"https:\/\/fogeka-rdc.org\/wp-content\/uploads\/2025\/09\/cropped-cropped-WhatsApp-Image-2025-09-12-at-23.09.05.jpeg","contentUrl":"https:\/\/fogeka-rdc.org\/wp-content\/uploads\/2025\/09\/cropped-cropped-WhatsApp-Image-2025-09-12-at-23.09.05.jpeg","width":250,"height":134,"caption":"fogeka-rdc"},"image":{"@id":"https:\/\/fogeka-rdc.org\/#\/schema\/logo\/image\/"}},{"@type":"Person","@id":"https:\/\/fogeka-rdc.org\/#\/schema\/person\/326652cf3d7bfcbab6d224e17d6992ef","name":"Fogeka Fogekardc","image":{"@type":"ImageObject","inLanguage":"fr-FR","@id":"https:\/\/secure.gravatar.com\/avatar\/7409435eb90dab5dd3e21946e11423d79d4fd27d0d76a9a6883c8f31758a7ecd?s=96&d=mm&r=g","url":"https:\/\/secure.gravatar.com\/avatar\/7409435eb90dab5dd3e21946e11423d79d4fd27d0d76a9a6883c8f31758a7ecd?s=96&d=mm&r=g","contentUrl":"https:\/\/secure.gravatar.com\/avatar\/7409435eb90dab5dd3e21946e11423d79d4fd27d0d76a9a6883c8f31758a7ecd?s=96&d=mm&r=g","caption":"Fogeka Fogekardc"},"url":"https:\/\/fogeka-rdc.org\/index.php\/author\/fogeka-admin\/"}]}},"_links":{"self":[{"href":"https:\/\/fogeka-rdc.org\/index.php\/wp-json\/wp\/v2\/posts\/729","targetHints":{"allow":["GET"]}}],"collection":[{"href":"https:\/\/fogeka-rdc.org\/index.php\/wp-json\/wp\/v2\/posts"}],"about":[{"href":"https:\/\/fogeka-rdc.org\/index.php\/wp-json\/wp\/v2\/types\/post"}],"author":[{"embeddable":true,"href":"https:\/\/fogeka-rdc.org\/index.php\/wp-json\/wp\/v2\/users\/2"}],"replies":[{"embeddable":true,"href":"https:\/\/fogeka-rdc.org\/index.php\/wp-json\/wp\/v2\/comments?post=729"}],"version-history":[{"count":1,"href":"https:\/\/fogeka-rdc.org\/index.php\/wp-json\/wp\/v2\/posts\/729\/revisions"}],"predecessor-version":[{"id":731,"href":"https:\/\/fogeka-rdc.org\/index.php\/wp-json\/wp\/v2\/posts\/729\/revisions\/731"}],"wp:featuredmedia":[{"embeddable":true,"href":"https:\/\/fogeka-rdc.org\/index.php\/wp-json\/wp\/v2\/media\/730"}],"wp:attachment":[{"href":"https:\/\/fogeka-rdc.org\/index.php\/wp-json\/wp\/v2\/media?parent=729"}],"wp:term":[{"taxonomy":"category","embeddable":true,"href":"https:\/\/fogeka-rdc.org\/index.php\/wp-json\/wp\/v2\/categories?post=729"},{"taxonomy":"post_tag","embeddable":true,"href":"https:\/\/fogeka-rdc.org\/index.php\/wp-json\/wp\/v2\/tags?post=729"}],"curies":[{"name":"wp","href":"https:\/\/api.w.org\/{rel}","templated":true}]}}