{"id":732,"date":"2026-08-15T14:12:59","date_gmt":"2026-08-15T14:12:59","guid":{"rendered":"https:\/\/fogeka-rdc.org\/?p=732"},"modified":"2026-08-19T14:27:14","modified_gmt":"2026-08-19T14:27:14","slug":"rdc-le-marche-carbone-en-debat-entre-opportunite-climatique-et-defi-de-gouvernance","status":"publish","type":"post","link":"https:\/\/fogeka-rdc.org\/index.php\/2026\/08\/15\/rdc-le-marche-carbone-en-debat-entre-opportunite-climatique-et-defi-de-gouvernance\/","title":{"rendered":"RDC : Le march\u00e9 carbone en d\u00e9bat, entre opportunit\u00e9 climatique et d\u00e9fi de gouvernance"},"content":{"rendered":"<p dir=\"ltr\"><strong>Chronique de G\u00e9nie Kande Kinshasa<\/strong><\/p>\n<p dir=\"ltr\">Le projet de loi portant organisation du march\u00e9 carbone divise. D\u00e9pos\u00e9 au Parlement, le texte vise \u00e0 mon\u00e9tiser les atouts naturels de la RDC : for\u00eats, hydro\u00e9lectricit\u00e9 et min\u00e9raux de la transition. Mais pour une partie de la soci\u00e9t\u00e9 civile, l\u2019urgence l\u00e9gislative masque un risque de pr\u00e9cipitation.<\/p>\n<p>&nbsp;<\/p>\n<p dir=\"ltr\">La R\u00e9publique d\u00e9mocratique du Congo n\u2019a pas d\u2019\u00e9quivalent sur le continent. Elle abrite le deuxi\u00e8me poumon vert de la plan\u00e8te avec le bassin du Congo, d\u00e9tient d\u2019immenses r\u00e9serves de min\u00e9raux dits \u00ab\u00a0verts\u00a0\u00bb et dispose d\u2019une capacit\u00e9 hydro\u00e9lectrique colossale.<\/p>\n<p dir=\"ltr\">Selon le Rapport sur le climat et le d\u00e9veloppement de la Banque mondiale, la RDC est l\u2019un des rares pays \u00e0 pouvoir \u00ab\u00a0<strong>changer la donne\u00a0\u00bb<\/strong> dans la lutte contre le r\u00e9chauffement. Ses for\u00eats stockent \u00e0 elles seules 44 gigatonnes de *CO2. Dans un monde qui cherche \u00e0 contenir la hausse des temp\u00e9ratures \u00e0 1,5\u00b0C, ce capital naturel devient un actif \u00e9conomique.<\/p>\n<p dir=\"ltr\">Le march\u00e9 carbone est l\u2019outil choisi par le gouvernement pour le transformer en revenus. Principe : les entreprises qui \u00e9mettent du CO2 paient pour compenser en finan\u00e7ant des projets de pr\u00e9servation foresti\u00e8re, d\u2019\u00e9nergies renouvelables ou de gestion durable en RDC. L\u2019\u00c9tat esp\u00e8re ainsi attirer des financements, cr\u00e9er des emplois et financer sa transition.<\/p>\n<p dir=\"ltr\">C\u2019est l\u00e0 que le b\u00e2t blesse.\u00a0 Fogeka agency asbl et plusieurs organisations de la soci\u00e9t\u00e9 civile ont publiquement demand\u00e9 la suspension de l\u2019examen du projet de loi. Leur argument : proc\u00e9dure acc\u00e9l\u00e9r\u00e9e, absence de consultation large , et base constitutionnelle jug\u00e9e fragile.<\/p>\n<p dir=\"ltr\">Elles redoutent un sc\u00e9nario d\u00e9j\u00e0 vu ailleurs : des contrats sign\u00e9s dans la pr\u00e9cipitation, des communaut\u00e9s locales exclues des b\u00e9n\u00e9fices, et des for\u00eats vendues \u00e0 bas prix \u00e0 des interm\u00e9diaires \u00e9trangers.<\/p>\n<p dir=\"ltr\">Le contexte rend le d\u00e9bat encore plus sensible. Depuis 2002, un moratoire encadre l\u2019exploitation foresti\u00e8re industrielle. Sa lev\u00e9e potentielle, \u00e9voqu\u00e9e ces derni\u00e8res ann\u00e9es, pourrait remettre jusqu\u2019\u00e0 20 millions d\u2019hectares aux entreprises, et menacer 60 \u00e0 70 millions d\u2019hectares de for\u00eats intactes. Pour Greenpeace, m\u00eame une exploitation s\u00e9lective\u00a0\u00bb ouvre la voie \u00e0 la d\u00e9forestation via le r\u00e9seau routier.<\/p>\n<p dir=\"ltr\">Dans ce climat, un march\u00e9 carbone mal encadr\u00e9 fait craindre l\u2019effet inverse de l\u2019objectif recherch\u00e9.<\/p>\n<p>&nbsp;<\/p>\n<p dir=\"ltr\"><strong>Si le cadre est solide, les b\u00e9n\u00e9fices peuvent \u00eatre r\u00e9els<\/strong>.<\/p>\n<p>&nbsp;<\/p>\n<p dir=\"ltr\"><strong>1. Financement climatique<\/strong>\u00a0: Le march\u00e9 carbone peut drainer des milliards de dollars. Un accord de 1 milliard de dollars est d\u00e9j\u00e0 en discussion entre la RDC et l\u2019Initiative pour la For\u00eat de l\u2019Afrique Centrale CAFI. Le march\u00e9 permettrait de multiplier ce type d\u2019investissements.<\/p>\n<p dir=\"ltr\"><strong>2. Valorisation des for\u00eats sur pied<\/strong> : Plut\u00f4t que de vendre le bois, l\u2019\u00c9tat serait pay\u00e9 pour garder la for\u00eat intacte. Un levier direct contre la d\u00e9forestation.<\/p>\n<p dir=\"ltr\"><strong>3. D\u00e9veloppement local<\/strong> : Avec des r\u00e8gles claires, une partie des revenus peut financer les \u00e9coles, centres de sant\u00e9 et projets agricoles des communaut\u00e9s qui prot\u00e8gent la for\u00eat au quotidien.<\/p>\n<p dir=\"ltr\"><strong>4. Positionnement g\u00e9opolitique :<\/strong> En structurant son march\u00e9, la RDC s\u2019impose comme acteur incontournable des n\u00e9gociations climat et attire les partenaires techniques et financiers:<\/p>\n<p dir=\"ltr\"><strong>Cons\u00e9quences et risques si la loi passe en l\u2019\u00e9tat<\/strong><\/p>\n<p dir=\"ltr\"><strong>1. Sp\u00e9culation et accaparement<\/strong>\u00a0: Sans registre transparent et sans cadastre forestier fiable, le risque de double vente des cr\u00e9dits carbone et de conflits fonciers est \u00e9lev\u00e9.<\/p>\n<p dir=\"ltr\"><strong>2. Exclusion des communaut\u00e9s<\/strong>\u00a0: Les peuples autochtones et communaut\u00e9s locales vivent dans ces for\u00eats. S\u2019ils ne sont pas reconnus comme propri\u00e9taires et b\u00e9n\u00e9ficiaires, le march\u00e9 cr\u00e9era plus de tensions qu\u2019il n\u2019en r\u00e9soudra.<\/p>\n<p dir=\"ltr\"><strong>3. Greenwashing<\/strong>: Des entreprises polluantes pourraient acheter des cr\u00e9dits \u00e0 bas co\u00fbt pour \u00e9viter de r\u00e9duire leurs propres \u00e9missions, sans impact r\u00e9el sur le climat.<\/p>\n<p dir=\"ltr\"><strong>4. Faiblesse institutionnelle<\/strong>\u00a0: La Banque mondiale elle-m\u00eame souligne que pour tirer parti de ces atouts, il faut \u00ab\u00a0un engagement politique constant, une gouvernance multi-niveaux coh\u00e9rente, des cadres institutionnels clairs\u00a0\u00bb. Or ce sont pr\u00e9cis\u00e9ment ces garanties que r\u00e9clame la soci\u00e9t\u00e9 civile aujourd\u2019hui.<\/p>\n<p dir=\"ltr\">Le gouvernement d\u00e9fend une loi n\u00e9cessaire pour capter rapidement les financements climat. Fogeka Agency plaide pour une loi juste, qui prot\u00e8ge la for\u00eat et les populations avant de vendre du carbone.<\/p>\n<p dir=\"ltr\">Entre les deux, l\u2019enjeu est simple : la RDC peut-elle \u00e9viter de r\u00e9p\u00e9ter les erreurs des exploitations mini\u00e8res et foresti\u00e8res du pass\u00e9?<\/p>\n<p dir=\"ltr\">Comme le rappelait d\u00e9j\u00e0 le rapport CCDR, les atouts existent. Reste \u00e0 r\u00e9unir les conditions pour en faire une vraie solution.<\/p>\n<p dir=\"ltr\">\u00c0 Kinshasa comme \u00e0 dans le monde, la cr\u00e9dibilit\u00e9 climatique de la RDC se jouera autant dans ses for\u00eats que dans la qualit\u00e9 de ses lois.<\/p>\n<p>&nbsp;<\/p>\n<p dir=\"ltr\">\n","protected":false},"excerpt":{"rendered":"<p>Chronique de G\u00e9nie Kande Kinshasa Le projet de loi portant organisation du march\u00e9 carbone divise. D\u00e9pos\u00e9 au Parlement, le texte&hellip;<\/p>\n","protected":false},"author":2,"featured_media":733,"comment_status":"open","ping_status":"open","sticky":true,"template":"","format":"standard","meta":{"footnotes":""},"categories":[2,6],"tags":[],"class_list":["post-732","post","type-post","status-publish","format-standard","has-post-thumbnail","hentry","category-actualite","category-environnement"],"yoast_head":"<!-- This site is optimized with the Yoast SEO plugin v28.3 - https:\/\/yoast.com\/product\/yoast-seo-wordpress\/ -->\n<title>RDC : Le march\u00e9 carbone en d\u00e9bat, entre opportunit\u00e9 climatique et d\u00e9fi de gouvernance - fogeka-rdc<\/title>\n<meta name=\"robots\" content=\"index, follow, max-snippet:-1, max-image-preview:large, max-video-preview:-1\" \/>\n<link rel=\"canonical\" href=\"https:\/\/fogeka-rdc.org\/index.php\/2026\/08\/15\/rdc-le-marche-carbone-en-debat-entre-opportunite-climatique-et-defi-de-gouvernance\/\" \/>\n<meta property=\"og:locale\" content=\"fr_FR\" \/>\n<meta property=\"og:type\" content=\"article\" \/>\n<meta property=\"og:title\" content=\"RDC : Le march\u00e9 carbone en d\u00e9bat, entre opportunit\u00e9 climatique et d\u00e9fi de gouvernance - fogeka-rdc\" \/>\n<meta property=\"og:description\" content=\"Chronique de G\u00e9nie Kande Kinshasa Le projet de loi portant organisation du march\u00e9 carbone divise. D\u00e9pos\u00e9 au Parlement, le texte&hellip;\" \/>\n<meta property=\"og:url\" content=\"https:\/\/fogeka-rdc.org\/index.php\/2026\/08\/15\/rdc-le-marche-carbone-en-debat-entre-opportunite-climatique-et-defi-de-gouvernance\/\" \/>\n<meta property=\"og:site_name\" content=\"fogeka-rdc\" \/>\n<meta property=\"article:published_time\" content=\"2026-08-15T14:12:59+00:00\" \/>\n<meta property=\"article:modified_time\" content=\"2026-08-19T14:27:14+00:00\" \/>\n<meta property=\"og:image\" content=\"https:\/\/fogeka-rdc.org\/wp-content\/uploads\/2026\/08\/Genie-Kande_foret.jpg\" \/>\n\t<meta property=\"og:image:width\" content=\"1080\" \/>\n\t<meta property=\"og:image:height\" content=\"1080\" \/>\n\t<meta property=\"og:image:type\" content=\"image\/jpeg\" \/>\n<meta name=\"author\" content=\"Fogeka Fogekardc\" \/>\n<meta name=\"twitter:card\" content=\"summary_large_image\" \/>\n<meta name=\"twitter:label1\" content=\"\u00c9crit par\" \/>\n\t<meta name=\"twitter:data1\" content=\"Fogeka Fogekardc\" \/>\n\t<meta name=\"twitter:label2\" content=\"Dur\u00e9e de lecture estim\u00e9e\" \/>\n\t<meta name=\"twitter:data2\" content=\"4 minutes\" \/>\n<script type=\"application\/ld+json\" class=\"yoast-schema-graph\">{\"@context\":\"https:\\\/\\\/schema.org\",\"@graph\":[{\"@type\":\"Article\",\"@id\":\"https:\\\/\\\/fogeka-rdc.org\\\/index.php\\\/2026\\\/08\\\/15\\\/rdc-le-marche-carbone-en-debat-entre-opportunite-climatique-et-defi-de-gouvernance\\\/#article\",\"isPartOf\":{\"@id\":\"https:\\\/\\\/fogeka-rdc.org\\\/index.php\\\/2026\\\/08\\\/15\\\/rdc-le-marche-carbone-en-debat-entre-opportunite-climatique-et-defi-de-gouvernance\\\/\"},\"author\":{\"name\":\"Fogeka Fogekardc\",\"@id\":\"https:\\\/\\\/fogeka-rdc.org\\\/#\\\/schema\\\/person\\\/326652cf3d7bfcbab6d224e17d6992ef\"},\"headline\":\"RDC : Le march\u00e9 carbone en d\u00e9bat, entre opportunit\u00e9 climatique et d\u00e9fi de gouvernance\",\"datePublished\":\"2026-08-15T14:12:59+00:00\",\"dateModified\":\"2026-08-19T14:27:14+00:00\",\"mainEntityOfPage\":{\"@id\":\"https:\\\/\\\/fogeka-rdc.org\\\/index.php\\\/2026\\\/08\\\/15\\\/rdc-le-marche-carbone-en-debat-entre-opportunite-climatique-et-defi-de-gouvernance\\\/\"},\"wordCount\":828,\"commentCount\":0,\"publisher\":{\"@id\":\"https:\\\/\\\/fogeka-rdc.org\\\/#organization\"},\"image\":{\"@id\":\"https:\\\/\\\/fogeka-rdc.org\\\/index.php\\\/2026\\\/08\\\/15\\\/rdc-le-marche-carbone-en-debat-entre-opportunite-climatique-et-defi-de-gouvernance\\\/#primaryimage\"},\"thumbnailUrl\":\"https:\\\/\\\/fogeka-rdc.org\\\/wp-content\\\/uploads\\\/2026\\\/08\\\/Genie-Kande_foret.jpg\",\"articleSection\":[\"Actualit\u00e9\",\"Environnement\"],\"inLanguage\":\"fr-FR\",\"potentialAction\":[{\"@type\":\"CommentAction\",\"name\":\"Comment\",\"target\":[\"https:\\\/\\\/fogeka-rdc.org\\\/index.php\\\/2026\\\/08\\\/15\\\/rdc-le-marche-carbone-en-debat-entre-opportunite-climatique-et-defi-de-gouvernance\\\/#respond\"]}]},{\"@type\":\"WebPage\",\"@id\":\"https:\\\/\\\/fogeka-rdc.org\\\/index.php\\\/2026\\\/08\\\/15\\\/rdc-le-marche-carbone-en-debat-entre-opportunite-climatique-et-defi-de-gouvernance\\\/\",\"url\":\"https:\\\/\\\/fogeka-rdc.org\\\/index.php\\\/2026\\\/08\\\/15\\\/rdc-le-marche-carbone-en-debat-entre-opportunite-climatique-et-defi-de-gouvernance\\\/\",\"name\":\"RDC : Le march\u00e9 carbone en d\u00e9bat, entre opportunit\u00e9 climatique et d\u00e9fi de gouvernance - fogeka-rdc\",\"isPartOf\":{\"@id\":\"https:\\\/\\\/fogeka-rdc.org\\\/#website\"},\"primaryImageOfPage\":{\"@id\":\"https:\\\/\\\/fogeka-rdc.org\\\/index.php\\\/2026\\\/08\\\/15\\\/rdc-le-marche-carbone-en-debat-entre-opportunite-climatique-et-defi-de-gouvernance\\\/#primaryimage\"},\"image\":{\"@id\":\"https:\\\/\\\/fogeka-rdc.org\\\/index.php\\\/2026\\\/08\\\/15\\\/rdc-le-marche-carbone-en-debat-entre-opportunite-climatique-et-defi-de-gouvernance\\\/#primaryimage\"},\"thumbnailUrl\":\"https:\\\/\\\/fogeka-rdc.org\\\/wp-content\\\/uploads\\\/2026\\\/08\\\/Genie-Kande_foret.jpg\",\"datePublished\":\"2026-08-15T14:12:59+00:00\",\"dateModified\":\"2026-08-19T14:27:14+00:00\",\"breadcrumb\":{\"@id\":\"https:\\\/\\\/fogeka-rdc.org\\\/index.php\\\/2026\\\/08\\\/15\\\/rdc-le-marche-carbone-en-debat-entre-opportunite-climatique-et-defi-de-gouvernance\\\/#breadcrumb\"},\"inLanguage\":\"fr-FR\",\"potentialAction\":[{\"@type\":\"ReadAction\",\"target\":[\"https:\\\/\\\/fogeka-rdc.org\\\/index.php\\\/2026\\\/08\\\/15\\\/rdc-le-marche-carbone-en-debat-entre-opportunite-climatique-et-defi-de-gouvernance\\\/\"]}]},{\"@type\":\"ImageObject\",\"inLanguage\":\"fr-FR\",\"@id\":\"https:\\\/\\\/fogeka-rdc.org\\\/index.php\\\/2026\\\/08\\\/15\\\/rdc-le-marche-carbone-en-debat-entre-opportunite-climatique-et-defi-de-gouvernance\\\/#primaryimage\",\"url\":\"https:\\\/\\\/fogeka-rdc.org\\\/wp-content\\\/uploads\\\/2026\\\/08\\\/Genie-Kande_foret.jpg\",\"contentUrl\":\"https:\\\/\\\/fogeka-rdc.org\\\/wp-content\\\/uploads\\\/2026\\\/08\\\/Genie-Kande_foret.jpg\",\"width\":1080,\"height\":1080},{\"@type\":\"BreadcrumbList\",\"@id\":\"https:\\\/\\\/fogeka-rdc.org\\\/index.php\\\/2026\\\/08\\\/15\\\/rdc-le-marche-carbone-en-debat-entre-opportunite-climatique-et-defi-de-gouvernance\\\/#breadcrumb\",\"itemListElement\":[{\"@type\":\"ListItem\",\"position\":1,\"name\":\"Accueil\",\"item\":\"https:\\\/\\\/fogeka-rdc.org\\\/\"},{\"@type\":\"ListItem\",\"position\":2,\"name\":\"RDC : Le march\u00e9 carbone en d\u00e9bat, entre opportunit\u00e9 climatique et d\u00e9fi de gouvernance\"}]},{\"@type\":\"WebSite\",\"@id\":\"https:\\\/\\\/fogeka-rdc.org\\\/#website\",\"url\":\"https:\\\/\\\/fogeka-rdc.org\\\/\",\"name\":\"fogeka-rdc\",\"description\":\"Agro foresterie, dans la paix, pour le d\u00e9veloppement\",\"publisher\":{\"@id\":\"https:\\\/\\\/fogeka-rdc.org\\\/#organization\"},\"potentialAction\":[{\"@type\":\"SearchAction\",\"target\":{\"@type\":\"EntryPoint\",\"urlTemplate\":\"https:\\\/\\\/fogeka-rdc.org\\\/?s={search_term_string}\"},\"query-input\":{\"@type\":\"PropertyValueSpecification\",\"valueRequired\":true,\"valueName\":\"search_term_string\"}}],\"inLanguage\":\"fr-FR\"},{\"@type\":\"Organization\",\"@id\":\"https:\\\/\\\/fogeka-rdc.org\\\/#organization\",\"name\":\"fogeka-rdc\",\"url\":\"https:\\\/\\\/fogeka-rdc.org\\\/\",\"logo\":{\"@type\":\"ImageObject\",\"inLanguage\":\"fr-FR\",\"@id\":\"https:\\\/\\\/fogeka-rdc.org\\\/#\\\/schema\\\/logo\\\/image\\\/\",\"url\":\"https:\\\/\\\/fogeka-rdc.org\\\/wp-content\\\/uploads\\\/2025\\\/09\\\/cropped-cropped-WhatsApp-Image-2025-09-12-at-23.09.05.jpeg\",\"contentUrl\":\"https:\\\/\\\/fogeka-rdc.org\\\/wp-content\\\/uploads\\\/2025\\\/09\\\/cropped-cropped-WhatsApp-Image-2025-09-12-at-23.09.05.jpeg\",\"width\":250,\"height\":134,\"caption\":\"fogeka-rdc\"},\"image\":{\"@id\":\"https:\\\/\\\/fogeka-rdc.org\\\/#\\\/schema\\\/logo\\\/image\\\/\"}},{\"@type\":\"Person\",\"@id\":\"https:\\\/\\\/fogeka-rdc.org\\\/#\\\/schema\\\/person\\\/326652cf3d7bfcbab6d224e17d6992ef\",\"name\":\"Fogeka Fogekardc\",\"image\":{\"@type\":\"ImageObject\",\"inLanguage\":\"fr-FR\",\"@id\":\"https:\\\/\\\/secure.gravatar.com\\\/avatar\\\/7409435eb90dab5dd3e21946e11423d79d4fd27d0d76a9a6883c8f31758a7ecd?s=96&d=mm&r=g\",\"url\":\"https:\\\/\\\/secure.gravatar.com\\\/avatar\\\/7409435eb90dab5dd3e21946e11423d79d4fd27d0d76a9a6883c8f31758a7ecd?s=96&d=mm&r=g\",\"contentUrl\":\"https:\\\/\\\/secure.gravatar.com\\\/avatar\\\/7409435eb90dab5dd3e21946e11423d79d4fd27d0d76a9a6883c8f31758a7ecd?s=96&d=mm&r=g\",\"caption\":\"Fogeka Fogekardc\"},\"url\":\"https:\\\/\\\/fogeka-rdc.org\\\/index.php\\\/author\\\/fogeka-admin\\\/\"}]}<\/script>\n<!-- \/ Yoast SEO plugin. -->","yoast_head_json":{"title":"RDC : Le march\u00e9 carbone en d\u00e9bat, entre opportunit\u00e9 climatique et d\u00e9fi de gouvernance - fogeka-rdc","robots":{"index":"index","follow":"follow","max-snippet":"max-snippet:-1","max-image-preview":"max-image-preview:large","max-video-preview":"max-video-preview:-1"},"canonical":"https:\/\/fogeka-rdc.org\/index.php\/2026\/08\/15\/rdc-le-marche-carbone-en-debat-entre-opportunite-climatique-et-defi-de-gouvernance\/","og_locale":"fr_FR","og_type":"article","og_title":"RDC : Le march\u00e9 carbone en d\u00e9bat, entre opportunit\u00e9 climatique et d\u00e9fi de gouvernance - fogeka-rdc","og_description":"Chronique de G\u00e9nie Kande Kinshasa Le projet de loi portant organisation du march\u00e9 carbone divise. D\u00e9pos\u00e9 au Parlement, le texte&hellip;","og_url":"https:\/\/fogeka-rdc.org\/index.php\/2026\/08\/15\/rdc-le-marche-carbone-en-debat-entre-opportunite-climatique-et-defi-de-gouvernance\/","og_site_name":"fogeka-rdc","article_published_time":"2026-08-15T14:12:59+00:00","article_modified_time":"2026-08-19T14:27:14+00:00","og_image":[{"width":1080,"height":1080,"url":"https:\/\/fogeka-rdc.org\/wp-content\/uploads\/2026\/08\/Genie-Kande_foret.jpg","type":"image\/jpeg"}],"author":"Fogeka Fogekardc","twitter_card":"summary_large_image","twitter_misc":{"\u00c9crit par":"Fogeka Fogekardc","Dur\u00e9e de lecture estim\u00e9e":"4 minutes"},"schema":{"@context":"https:\/\/schema.org","@graph":[{"@type":"Article","@id":"https:\/\/fogeka-rdc.org\/index.php\/2026\/08\/15\/rdc-le-marche-carbone-en-debat-entre-opportunite-climatique-et-defi-de-gouvernance\/#article","isPartOf":{"@id":"https:\/\/fogeka-rdc.org\/index.php\/2026\/08\/15\/rdc-le-marche-carbone-en-debat-entre-opportunite-climatique-et-defi-de-gouvernance\/"},"author":{"name":"Fogeka Fogekardc","@id":"https:\/\/fogeka-rdc.org\/#\/schema\/person\/326652cf3d7bfcbab6d224e17d6992ef"},"headline":"RDC : Le march\u00e9 carbone en d\u00e9bat, entre opportunit\u00e9 climatique et d\u00e9fi de gouvernance","datePublished":"2026-08-15T14:12:59+00:00","dateModified":"2026-08-19T14:27:14+00:00","mainEntityOfPage":{"@id":"https:\/\/fogeka-rdc.org\/index.php\/2026\/08\/15\/rdc-le-marche-carbone-en-debat-entre-opportunite-climatique-et-defi-de-gouvernance\/"},"wordCount":828,"commentCount":0,"publisher":{"@id":"https:\/\/fogeka-rdc.org\/#organization"},"image":{"@id":"https:\/\/fogeka-rdc.org\/index.php\/2026\/08\/15\/rdc-le-marche-carbone-en-debat-entre-opportunite-climatique-et-defi-de-gouvernance\/#primaryimage"},"thumbnailUrl":"https:\/\/fogeka-rdc.org\/wp-content\/uploads\/2026\/08\/Genie-Kande_foret.jpg","articleSection":["Actualit\u00e9","Environnement"],"inLanguage":"fr-FR","potentialAction":[{"@type":"CommentAction","name":"Comment","target":["https:\/\/fogeka-rdc.org\/index.php\/2026\/08\/15\/rdc-le-marche-carbone-en-debat-entre-opportunite-climatique-et-defi-de-gouvernance\/#respond"]}]},{"@type":"WebPage","@id":"https:\/\/fogeka-rdc.org\/index.php\/2026\/08\/15\/rdc-le-marche-carbone-en-debat-entre-opportunite-climatique-et-defi-de-gouvernance\/","url":"https:\/\/fogeka-rdc.org\/index.php\/2026\/08\/15\/rdc-le-marche-carbone-en-debat-entre-opportunite-climatique-et-defi-de-gouvernance\/","name":"RDC : Le march\u00e9 carbone en d\u00e9bat, entre opportunit\u00e9 climatique et d\u00e9fi de gouvernance - fogeka-rdc","isPartOf":{"@id":"https:\/\/fogeka-rdc.org\/#website"},"primaryImageOfPage":{"@id":"https:\/\/fogeka-rdc.org\/index.php\/2026\/08\/15\/rdc-le-marche-carbone-en-debat-entre-opportunite-climatique-et-defi-de-gouvernance\/#primaryimage"},"image":{"@id":"https:\/\/fogeka-rdc.org\/index.php\/2026\/08\/15\/rdc-le-marche-carbone-en-debat-entre-opportunite-climatique-et-defi-de-gouvernance\/#primaryimage"},"thumbnailUrl":"https:\/\/fogeka-rdc.org\/wp-content\/uploads\/2026\/08\/Genie-Kande_foret.jpg","datePublished":"2026-08-15T14:12:59+00:00","dateModified":"2026-08-19T14:27:14+00:00","breadcrumb":{"@id":"https:\/\/fogeka-rdc.org\/index.php\/2026\/08\/15\/rdc-le-marche-carbone-en-debat-entre-opportunite-climatique-et-defi-de-gouvernance\/#breadcrumb"},"inLanguage":"fr-FR","potentialAction":[{"@type":"ReadAction","target":["https:\/\/fogeka-rdc.org\/index.php\/2026\/08\/15\/rdc-le-marche-carbone-en-debat-entre-opportunite-climatique-et-defi-de-gouvernance\/"]}]},{"@type":"ImageObject","inLanguage":"fr-FR","@id":"https:\/\/fogeka-rdc.org\/index.php\/2026\/08\/15\/rdc-le-marche-carbone-en-debat-entre-opportunite-climatique-et-defi-de-gouvernance\/#primaryimage","url":"https:\/\/fogeka-rdc.org\/wp-content\/uploads\/2026\/08\/Genie-Kande_foret.jpg","contentUrl":"https:\/\/fogeka-rdc.org\/wp-content\/uploads\/2026\/08\/Genie-Kande_foret.jpg","width":1080,"height":1080},{"@type":"BreadcrumbList","@id":"https:\/\/fogeka-rdc.org\/index.php\/2026\/08\/15\/rdc-le-marche-carbone-en-debat-entre-opportunite-climatique-et-defi-de-gouvernance\/#breadcrumb","itemListElement":[{"@type":"ListItem","position":1,"name":"Accueil","item":"https:\/\/fogeka-rdc.org\/"},{"@type":"ListItem","position":2,"name":"RDC : Le march\u00e9 carbone en d\u00e9bat, entre opportunit\u00e9 climatique et d\u00e9fi de gouvernance"}]},{"@type":"WebSite","@id":"https:\/\/fogeka-rdc.org\/#website","url":"https:\/\/fogeka-rdc.org\/","name":"fogeka-rdc","description":"Agro foresterie, dans la paix, pour le d\u00e9veloppement","publisher":{"@id":"https:\/\/fogeka-rdc.org\/#organization"},"potentialAction":[{"@type":"SearchAction","target":{"@type":"EntryPoint","urlTemplate":"https:\/\/fogeka-rdc.org\/?s={search_term_string}"},"query-input":{"@type":"PropertyValueSpecification","valueRequired":true,"valueName":"search_term_string"}}],"inLanguage":"fr-FR"},{"@type":"Organization","@id":"https:\/\/fogeka-rdc.org\/#organization","name":"fogeka-rdc","url":"https:\/\/fogeka-rdc.org\/","logo":{"@type":"ImageObject","inLanguage":"fr-FR","@id":"https:\/\/fogeka-rdc.org\/#\/schema\/logo\/image\/","url":"https:\/\/fogeka-rdc.org\/wp-content\/uploads\/2025\/09\/cropped-cropped-WhatsApp-Image-2025-09-12-at-23.09.05.jpeg","contentUrl":"https:\/\/fogeka-rdc.org\/wp-content\/uploads\/2025\/09\/cropped-cropped-WhatsApp-Image-2025-09-12-at-23.09.05.jpeg","width":250,"height":134,"caption":"fogeka-rdc"},"image":{"@id":"https:\/\/fogeka-rdc.org\/#\/schema\/logo\/image\/"}},{"@type":"Person","@id":"https:\/\/fogeka-rdc.org\/#\/schema\/person\/326652cf3d7bfcbab6d224e17d6992ef","name":"Fogeka Fogekardc","image":{"@type":"ImageObject","inLanguage":"fr-FR","@id":"https:\/\/secure.gravatar.com\/avatar\/7409435eb90dab5dd3e21946e11423d79d4fd27d0d76a9a6883c8f31758a7ecd?s=96&d=mm&r=g","url":"https:\/\/secure.gravatar.com\/avatar\/7409435eb90dab5dd3e21946e11423d79d4fd27d0d76a9a6883c8f31758a7ecd?s=96&d=mm&r=g","contentUrl":"https:\/\/secure.gravatar.com\/avatar\/7409435eb90dab5dd3e21946e11423d79d4fd27d0d76a9a6883c8f31758a7ecd?s=96&d=mm&r=g","caption":"Fogeka Fogekardc"},"url":"https:\/\/fogeka-rdc.org\/index.php\/author\/fogeka-admin\/"}]}},"_links":{"self":[{"href":"https:\/\/fogeka-rdc.org\/index.php\/wp-json\/wp\/v2\/posts\/732","targetHints":{"allow":["GET"]}}],"collection":[{"href":"https:\/\/fogeka-rdc.org\/index.php\/wp-json\/wp\/v2\/posts"}],"about":[{"href":"https:\/\/fogeka-rdc.org\/index.php\/wp-json\/wp\/v2\/types\/post"}],"author":[{"embeddable":true,"href":"https:\/\/fogeka-rdc.org\/index.php\/wp-json\/wp\/v2\/users\/2"}],"replies":[{"embeddable":true,"href":"https:\/\/fogeka-rdc.org\/index.php\/wp-json\/wp\/v2\/comments?post=732"}],"version-history":[{"count":1,"href":"https:\/\/fogeka-rdc.org\/index.php\/wp-json\/wp\/v2\/posts\/732\/revisions"}],"predecessor-version":[{"id":734,"href":"https:\/\/fogeka-rdc.org\/index.php\/wp-json\/wp\/v2\/posts\/732\/revisions\/734"}],"wp:featuredmedia":[{"embeddable":true,"href":"https:\/\/fogeka-rdc.org\/index.php\/wp-json\/wp\/v2\/media\/733"}],"wp:attachment":[{"href":"https:\/\/fogeka-rdc.org\/index.php\/wp-json\/wp\/v2\/media?parent=732"}],"wp:term":[{"taxonomy":"category","embeddable":true,"href":"https:\/\/fogeka-rdc.org\/index.php\/wp-json\/wp\/v2\/categories?post=732"},{"taxonomy":"post_tag","embeddable":true,"href":"https:\/\/fogeka-rdc.org\/index.php\/wp-json\/wp\/v2\/tags?post=732"}],"curies":[{"name":"wp","href":"https:\/\/api.w.org\/{rel}","templated":true}]}}