{"id":739,"date":"2026-08-17T15:05:32","date_gmt":"2026-08-17T15:05:32","guid":{"rendered":"https:\/\/fogeka-rdc.org\/?p=739"},"modified":"2026-08-19T15:12:00","modified_gmt":"2026-08-19T15:12:00","slug":"chronique-politique-et-si-lafrique-decidait-de-sauver-la-rdc","status":"publish","type":"post","link":"https:\/\/fogeka-rdc.org\/index.php\/2026\/08\/17\/chronique-politique-et-si-lafrique-decidait-de-sauver-la-rdc\/","title":{"rendered":"CHRONIQUE POLITIQUE : Et si l\u2019Afrique d\u00e9cidait de sauver la RDC ?"},"content":{"rendered":"<p dir=\"ltr\">\n<p dir=\"ltr\">Par G\u00e9nie Kande<\/p>\n<p dir=\"ltr\">\n<p dir=\"ltr\">\u00a0Apr\u00e8s trois d\u00e9cennies de m\u00e9diations infructueuses, Kinshasa regarde d\u00e9sormais vers ses voisins.<\/p>\n<p dir=\"ltr\">\u00a0Dans les chancelleries africaines, une id\u00e9e gagne du terrain : une coalition r\u00e9gionale pour stabiliser l\u2019Est.<\/p>\n<p dir=\"ltr\">Entre usure des processus de Doha et de Washington et urgence humanitaire, le temps presse.<\/p>\n<p dir=\"ltr\">Soutenir les efforts du pr\u00e9sident F\u00e9lix Antoine Tshisekedi devient une question de survie continentale.<\/p>\n<p>&nbsp;<\/p>\n<p dir=\"ltr\">Le rendez-vous des grandes puissances a encore accouch\u00e9 d\u2019une souris . Et la nature pourrait bien changer de couleur. Dans les cercles strat\u00e9giques de Kinshasa, de Luanda et de Bujumbura, la m\u00eame question circule : et si l\u2019Afrique prenait enfin l\u2019initiative pour s\u00e9curiser l\u2019Est de la RDC ?<\/p>\n<p dir=\"ltr\">Le constat est implacable. Depuis plus de 30 ans, les processus de paix se succ\u00e8dent sans \u00e9teindre la crise. Avec le pr\u00e9sident F\u00e9lix Antoine Tshisekedi , le dialogue de Doha se poursuit. Mais il pi\u00e9tine, pendant que l\u2019urgence humanitaire s\u2019aggrave. Du c\u00f4t\u00e9 de Washington , la s\u00e9quence est connue : communiqu\u00e9s, feuilles de route, promesses, puis silence.<\/p>\n<p>&nbsp;<\/p>\n<p dir=\"ltr\">\u00a0Sur le terrain, le Nord-Kivu et le Sud-Kivu restent sous la pression des groupes arm\u00e9s. Les camps de d\u00e9plac\u00e9s d\u00e9bordent. Les exactions continuent. Une \u00e9conomie de guerre s\u2019est install\u00e9e, nourrie par le pillage des ressources, les tueries de civils et les tentatives r\u00e9currentes de balkanisation.<\/p>\n<p dir=\"ltr\">\u00c0 qui profite cette guerre de basse intensit\u00e9 depuis trois d\u00e9cennies ? Aux r\u00e9seaux de pr\u00e9dation \u00e9conomique ? \u00c0 certains voisins jaloux ? \u00c0 des acteurs politiques locaux en qu\u00eate de l\u00e9gitimit\u00e9 par les armes ? La question taraude des millions de Congolais.<\/p>\n<p>&nbsp;<\/p>\n<p dir=\"ltr\">Face \u00e0 cette impasse, une part grandissante de l\u2019opinion r\u00e9clame un changement de m\u00e9thode. Moins d\u2019attente, plus de pression. Et cette pression doit venir d\u2019abord du continent. Des pays qui partagent les fronti\u00e8res, les r\u00e9fugi\u00e9s, les trafics et l\u2019ins\u00e9curit\u00e9.<\/p>\n<p>&nbsp;<\/p>\n<p dir=\"ltr\">\u00a0<strong>L\u2019hypoth\u00e8se d\u2019une force africaine<\/strong>.<\/p>\n<p dir=\"ltr\">Elle n\u2019est plus taboue. Les noms reviennent : Burundi, Angola, Congo-Brazzaville. Trois arm\u00e9es d\u00e9j\u00e0 habitu\u00e9es aux engagements r\u00e9gionaux. L\u2019id\u00e9e n\u2019est pas de d\u00e9clencher une guerre d\u2019agression. Il s\u2019agit de constituer, sous mandat de l\u2019Union africaine et en coordination avec la SADC et la CAE, une force de stabilisation en appui aux FARDC. Objectif clair : restaurer l\u2019autorit\u00e9 de l\u2019\u00c9tat, s\u00e9curiser les axes humanitaires et permettre le retour des populations.<\/p>\n<p>&nbsp;<\/p>\n<p dir=\"ltr\"><strong>\u00a0Cette option trouve un \u00e9cho particulier a 89% pour trois raisons.<\/strong><\/p>\n<p>&nbsp;<\/p>\n<p dir=\"ltr\">D\u2019abord, l\u2019usure des solutions ext\u00e9rieures*. Quand la g\u00e9opolitique mondiale prend le pas, l\u2019urgence congolaise est rel\u00e9gu\u00e9e. Ensuite, la mont\u00e9e des solutions africaines. Du Sahel aux Grands Lacs, les \u00c9tats testent des r\u00e9ponses endog\u00e8nes. L\u2019Angola joue un r\u00f4le de m\u00e9diateur cr\u00e9dible. Le Burundi est d\u00e9j\u00e0 engag\u00e9 aux c\u00f4t\u00e9s des FARDC. Enfin, *l\u2019enjeu de d\u00e9veloppement. Cobalt, cuivre, coltan, or. Tant que l\u2019Est est instable, l\u2019ensemble de l\u2019Afrique centrale est priv\u00e9 de croissance et d\u2019int\u00e9gration.<\/p>\n<p>&nbsp;<\/p>\n<p dir=\"ltr\">\u00a0<strong>Mais une telle d\u00e9marche n\u2019a de sens que si trois lignes rouges sont tenues.<\/strong><\/p>\n<p>&nbsp;<\/p>\n<p dir=\"ltr\"><strong>Pas de division<\/strong>. Le peuple congolais doit rester uni derri\u00e8re ses institutions et son commandant supr\u00eame.<\/p>\n<p dir=\"ltr\"><strong>Pas de trahison<\/strong>\u00a0La coordination avec l\u2019UA, la SADC et la CAE doit \u00eatre totale, pour \u00e9viter les agendas parall\u00e8les.<\/p>\n<p dir=\"ltr\"><strong>Pas de raccourci<\/strong>\u00a0Toute intervention doit s\u2019inscrire dans le droit international et s\u2019accompagner d\u2019un plan politique : d\u00e9sarmement, justice transitionnelle, r\u00e9paration des victimes, retour digne des r\u00e9fugi\u00e9s.<\/p>\n<p>&nbsp;<\/p>\n<p dir=\"ltr\">\u00a0L\u2019Afrique ne se l\u00e8ve pas par id\u00e9alisme. Elle se l\u00e8ve par instinct de survie. Si le monde tarde, le continent doit agir, et vite. Soutenir les efforts du pr\u00e9sident F\u00e9lix Antoine Tshisekedi, c\u2019est d\u00e9fendre la souverainet\u00e9 du Congo.<\/p>\n<p dir=\"ltr\">\u00a0Sauver la RDC, c\u2019est pr\u00e9server une part essentielle de l\u2019avenir de l\u2019Afrique.<\/p>\n<p>&nbsp;<\/p>\n<p dir=\"ltr\">\n","protected":false},"excerpt":{"rendered":"<p>Par G\u00e9nie Kande \u00a0Apr\u00e8s trois d\u00e9cennies de m\u00e9diations infructueuses, Kinshasa regarde d\u00e9sormais vers ses voisins. \u00a0Dans les chancelleries africaines, une&hellip;<\/p>\n","protected":false},"author":2,"featured_media":740,"comment_status":"open","ping_status":"open","sticky":true,"template":"","format":"standard","meta":{"footnotes":""},"categories":[2,14],"tags":[],"class_list":["post-739","post","type-post","status-publish","format-standard","has-post-thumbnail","hentry","category-actualite","category-politique"],"yoast_head":"<!-- This site is optimized with the Yoast SEO plugin v28.3 - https:\/\/yoast.com\/product\/yoast-seo-wordpress\/ -->\n<title>CHRONIQUE POLITIQUE : Et si l\u2019Afrique d\u00e9cidait de sauver la RDC ? - fogeka-rdc<\/title>\n<meta name=\"robots\" content=\"index, follow, max-snippet:-1, max-image-preview:large, max-video-preview:-1\" \/>\n<link rel=\"canonical\" href=\"https:\/\/fogeka-rdc.org\/index.php\/2026\/08\/17\/chronique-politique-et-si-lafrique-decidait-de-sauver-la-rdc\/\" \/>\n<meta property=\"og:locale\" content=\"fr_FR\" \/>\n<meta property=\"og:type\" content=\"article\" \/>\n<meta property=\"og:title\" content=\"CHRONIQUE POLITIQUE : Et si l\u2019Afrique d\u00e9cidait de sauver la RDC ? - fogeka-rdc\" \/>\n<meta property=\"og:description\" content=\"Par G\u00e9nie Kande \u00a0Apr\u00e8s trois d\u00e9cennies de m\u00e9diations infructueuses, Kinshasa regarde d\u00e9sormais vers ses voisins. \u00a0Dans les chancelleries africaines, une&hellip;\" \/>\n<meta property=\"og:url\" content=\"https:\/\/fogeka-rdc.org\/index.php\/2026\/08\/17\/chronique-politique-et-si-lafrique-decidait-de-sauver-la-rdc\/\" \/>\n<meta property=\"og:site_name\" content=\"fogeka-rdc\" \/>\n<meta property=\"article:published_time\" content=\"2026-08-17T15:05:32+00:00\" \/>\n<meta property=\"article:modified_time\" content=\"2026-08-19T15:12:00+00:00\" \/>\n<meta property=\"og:image\" content=\"https:\/\/fogeka-rdc.org\/wp-content\/uploads\/2026\/08\/Felix_Tshi.jpg\" \/>\n\t<meta property=\"og:image:width\" content=\"720\" \/>\n\t<meta property=\"og:image:height\" content=\"480\" \/>\n\t<meta property=\"og:image:type\" content=\"image\/jpeg\" \/>\n<meta name=\"author\" content=\"Fogeka Fogekardc\" \/>\n<meta name=\"twitter:card\" content=\"summary_large_image\" \/>\n<meta name=\"twitter:label1\" content=\"\u00c9crit par\" \/>\n\t<meta name=\"twitter:data1\" content=\"Fogeka Fogekardc\" \/>\n\t<meta name=\"twitter:label2\" content=\"Dur\u00e9e de lecture estim\u00e9e\" \/>\n\t<meta name=\"twitter:data2\" content=\"4 minutes\" \/>\n<script type=\"application\/ld+json\" class=\"yoast-schema-graph\">{\"@context\":\"https:\\\/\\\/schema.org\",\"@graph\":[{\"@type\":\"Article\",\"@id\":\"https:\\\/\\\/fogeka-rdc.org\\\/index.php\\\/2026\\\/08\\\/17\\\/chronique-politique-et-si-lafrique-decidait-de-sauver-la-rdc\\\/#article\",\"isPartOf\":{\"@id\":\"https:\\\/\\\/fogeka-rdc.org\\\/index.php\\\/2026\\\/08\\\/17\\\/chronique-politique-et-si-lafrique-decidait-de-sauver-la-rdc\\\/\"},\"author\":{\"name\":\"Fogeka Fogekardc\",\"@id\":\"https:\\\/\\\/fogeka-rdc.org\\\/#\\\/schema\\\/person\\\/326652cf3d7bfcbab6d224e17d6992ef\"},\"headline\":\"CHRONIQUE POLITIQUE : Et si l\u2019Afrique d\u00e9cidait de sauver la RDC ?\",\"datePublished\":\"2026-08-17T15:05:32+00:00\",\"dateModified\":\"2026-08-19T15:12:00+00:00\",\"mainEntityOfPage\":{\"@id\":\"https:\\\/\\\/fogeka-rdc.org\\\/index.php\\\/2026\\\/08\\\/17\\\/chronique-politique-et-si-lafrique-decidait-de-sauver-la-rdc\\\/\"},\"wordCount\":692,\"commentCount\":0,\"publisher\":{\"@id\":\"https:\\\/\\\/fogeka-rdc.org\\\/#organization\"},\"image\":{\"@id\":\"https:\\\/\\\/fogeka-rdc.org\\\/index.php\\\/2026\\\/08\\\/17\\\/chronique-politique-et-si-lafrique-decidait-de-sauver-la-rdc\\\/#primaryimage\"},\"thumbnailUrl\":\"https:\\\/\\\/fogeka-rdc.org\\\/wp-content\\\/uploads\\\/2026\\\/08\\\/Felix_Tshi.jpg\",\"articleSection\":[\"Actualit\u00e9\",\"Politique\"],\"inLanguage\":\"fr-FR\",\"potentialAction\":[{\"@type\":\"CommentAction\",\"name\":\"Comment\",\"target\":[\"https:\\\/\\\/fogeka-rdc.org\\\/index.php\\\/2026\\\/08\\\/17\\\/chronique-politique-et-si-lafrique-decidait-de-sauver-la-rdc\\\/#respond\"]}]},{\"@type\":\"WebPage\",\"@id\":\"https:\\\/\\\/fogeka-rdc.org\\\/index.php\\\/2026\\\/08\\\/17\\\/chronique-politique-et-si-lafrique-decidait-de-sauver-la-rdc\\\/\",\"url\":\"https:\\\/\\\/fogeka-rdc.org\\\/index.php\\\/2026\\\/08\\\/17\\\/chronique-politique-et-si-lafrique-decidait-de-sauver-la-rdc\\\/\",\"name\":\"CHRONIQUE POLITIQUE : Et si l\u2019Afrique d\u00e9cidait de sauver la RDC ? - fogeka-rdc\",\"isPartOf\":{\"@id\":\"https:\\\/\\\/fogeka-rdc.org\\\/#website\"},\"primaryImageOfPage\":{\"@id\":\"https:\\\/\\\/fogeka-rdc.org\\\/index.php\\\/2026\\\/08\\\/17\\\/chronique-politique-et-si-lafrique-decidait-de-sauver-la-rdc\\\/#primaryimage\"},\"image\":{\"@id\":\"https:\\\/\\\/fogeka-rdc.org\\\/index.php\\\/2026\\\/08\\\/17\\\/chronique-politique-et-si-lafrique-decidait-de-sauver-la-rdc\\\/#primaryimage\"},\"thumbnailUrl\":\"https:\\\/\\\/fogeka-rdc.org\\\/wp-content\\\/uploads\\\/2026\\\/08\\\/Felix_Tshi.jpg\",\"datePublished\":\"2026-08-17T15:05:32+00:00\",\"dateModified\":\"2026-08-19T15:12:00+00:00\",\"breadcrumb\":{\"@id\":\"https:\\\/\\\/fogeka-rdc.org\\\/index.php\\\/2026\\\/08\\\/17\\\/chronique-politique-et-si-lafrique-decidait-de-sauver-la-rdc\\\/#breadcrumb\"},\"inLanguage\":\"fr-FR\",\"potentialAction\":[{\"@type\":\"ReadAction\",\"target\":[\"https:\\\/\\\/fogeka-rdc.org\\\/index.php\\\/2026\\\/08\\\/17\\\/chronique-politique-et-si-lafrique-decidait-de-sauver-la-rdc\\\/\"]}]},{\"@type\":\"ImageObject\",\"inLanguage\":\"fr-FR\",\"@id\":\"https:\\\/\\\/fogeka-rdc.org\\\/index.php\\\/2026\\\/08\\\/17\\\/chronique-politique-et-si-lafrique-decidait-de-sauver-la-rdc\\\/#primaryimage\",\"url\":\"https:\\\/\\\/fogeka-rdc.org\\\/wp-content\\\/uploads\\\/2026\\\/08\\\/Felix_Tshi.jpg\",\"contentUrl\":\"https:\\\/\\\/fogeka-rdc.org\\\/wp-content\\\/uploads\\\/2026\\\/08\\\/Felix_Tshi.jpg\",\"width\":720,\"height\":480},{\"@type\":\"BreadcrumbList\",\"@id\":\"https:\\\/\\\/fogeka-rdc.org\\\/index.php\\\/2026\\\/08\\\/17\\\/chronique-politique-et-si-lafrique-decidait-de-sauver-la-rdc\\\/#breadcrumb\",\"itemListElement\":[{\"@type\":\"ListItem\",\"position\":1,\"name\":\"Accueil\",\"item\":\"https:\\\/\\\/fogeka-rdc.org\\\/\"},{\"@type\":\"ListItem\",\"position\":2,\"name\":\"CHRONIQUE POLITIQUE : Et si l\u2019Afrique d\u00e9cidait de sauver la RDC ?\"}]},{\"@type\":\"WebSite\",\"@id\":\"https:\\\/\\\/fogeka-rdc.org\\\/#website\",\"url\":\"https:\\\/\\\/fogeka-rdc.org\\\/\",\"name\":\"fogeka-rdc\",\"description\":\"Agro foresterie, dans la paix, pour le d\u00e9veloppement\",\"publisher\":{\"@id\":\"https:\\\/\\\/fogeka-rdc.org\\\/#organization\"},\"potentialAction\":[{\"@type\":\"SearchAction\",\"target\":{\"@type\":\"EntryPoint\",\"urlTemplate\":\"https:\\\/\\\/fogeka-rdc.org\\\/?s={search_term_string}\"},\"query-input\":{\"@type\":\"PropertyValueSpecification\",\"valueRequired\":true,\"valueName\":\"search_term_string\"}}],\"inLanguage\":\"fr-FR\"},{\"@type\":\"Organization\",\"@id\":\"https:\\\/\\\/fogeka-rdc.org\\\/#organization\",\"name\":\"fogeka-rdc\",\"url\":\"https:\\\/\\\/fogeka-rdc.org\\\/\",\"logo\":{\"@type\":\"ImageObject\",\"inLanguage\":\"fr-FR\",\"@id\":\"https:\\\/\\\/fogeka-rdc.org\\\/#\\\/schema\\\/logo\\\/image\\\/\",\"url\":\"https:\\\/\\\/fogeka-rdc.org\\\/wp-content\\\/uploads\\\/2025\\\/09\\\/cropped-cropped-WhatsApp-Image-2025-09-12-at-23.09.05.jpeg\",\"contentUrl\":\"https:\\\/\\\/fogeka-rdc.org\\\/wp-content\\\/uploads\\\/2025\\\/09\\\/cropped-cropped-WhatsApp-Image-2025-09-12-at-23.09.05.jpeg\",\"width\":250,\"height\":134,\"caption\":\"fogeka-rdc\"},\"image\":{\"@id\":\"https:\\\/\\\/fogeka-rdc.org\\\/#\\\/schema\\\/logo\\\/image\\\/\"}},{\"@type\":\"Person\",\"@id\":\"https:\\\/\\\/fogeka-rdc.org\\\/#\\\/schema\\\/person\\\/326652cf3d7bfcbab6d224e17d6992ef\",\"name\":\"Fogeka Fogekardc\",\"image\":{\"@type\":\"ImageObject\",\"inLanguage\":\"fr-FR\",\"@id\":\"https:\\\/\\\/secure.gravatar.com\\\/avatar\\\/7409435eb90dab5dd3e21946e11423d79d4fd27d0d76a9a6883c8f31758a7ecd?s=96&d=mm&r=g\",\"url\":\"https:\\\/\\\/secure.gravatar.com\\\/avatar\\\/7409435eb90dab5dd3e21946e11423d79d4fd27d0d76a9a6883c8f31758a7ecd?s=96&d=mm&r=g\",\"contentUrl\":\"https:\\\/\\\/secure.gravatar.com\\\/avatar\\\/7409435eb90dab5dd3e21946e11423d79d4fd27d0d76a9a6883c8f31758a7ecd?s=96&d=mm&r=g\",\"caption\":\"Fogeka Fogekardc\"},\"url\":\"https:\\\/\\\/fogeka-rdc.org\\\/index.php\\\/author\\\/fogeka-admin\\\/\"}]}<\/script>\n<!-- \/ Yoast SEO plugin. -->","yoast_head_json":{"title":"CHRONIQUE POLITIQUE : Et si l\u2019Afrique d\u00e9cidait de sauver la RDC ? - fogeka-rdc","robots":{"index":"index","follow":"follow","max-snippet":"max-snippet:-1","max-image-preview":"max-image-preview:large","max-video-preview":"max-video-preview:-1"},"canonical":"https:\/\/fogeka-rdc.org\/index.php\/2026\/08\/17\/chronique-politique-et-si-lafrique-decidait-de-sauver-la-rdc\/","og_locale":"fr_FR","og_type":"article","og_title":"CHRONIQUE POLITIQUE : Et si l\u2019Afrique d\u00e9cidait de sauver la RDC ? - fogeka-rdc","og_description":"Par G\u00e9nie Kande \u00a0Apr\u00e8s trois d\u00e9cennies de m\u00e9diations infructueuses, Kinshasa regarde d\u00e9sormais vers ses voisins. \u00a0Dans les chancelleries africaines, une&hellip;","og_url":"https:\/\/fogeka-rdc.org\/index.php\/2026\/08\/17\/chronique-politique-et-si-lafrique-decidait-de-sauver-la-rdc\/","og_site_name":"fogeka-rdc","article_published_time":"2026-08-17T15:05:32+00:00","article_modified_time":"2026-08-19T15:12:00+00:00","og_image":[{"width":720,"height":480,"url":"https:\/\/fogeka-rdc.org\/wp-content\/uploads\/2026\/08\/Felix_Tshi.jpg","type":"image\/jpeg"}],"author":"Fogeka Fogekardc","twitter_card":"summary_large_image","twitter_misc":{"\u00c9crit par":"Fogeka Fogekardc","Dur\u00e9e de lecture estim\u00e9e":"4 minutes"},"schema":{"@context":"https:\/\/schema.org","@graph":[{"@type":"Article","@id":"https:\/\/fogeka-rdc.org\/index.php\/2026\/08\/17\/chronique-politique-et-si-lafrique-decidait-de-sauver-la-rdc\/#article","isPartOf":{"@id":"https:\/\/fogeka-rdc.org\/index.php\/2026\/08\/17\/chronique-politique-et-si-lafrique-decidait-de-sauver-la-rdc\/"},"author":{"name":"Fogeka Fogekardc","@id":"https:\/\/fogeka-rdc.org\/#\/schema\/person\/326652cf3d7bfcbab6d224e17d6992ef"},"headline":"CHRONIQUE POLITIQUE : Et si l\u2019Afrique d\u00e9cidait de sauver la RDC ?","datePublished":"2026-08-17T15:05:32+00:00","dateModified":"2026-08-19T15:12:00+00:00","mainEntityOfPage":{"@id":"https:\/\/fogeka-rdc.org\/index.php\/2026\/08\/17\/chronique-politique-et-si-lafrique-decidait-de-sauver-la-rdc\/"},"wordCount":692,"commentCount":0,"publisher":{"@id":"https:\/\/fogeka-rdc.org\/#organization"},"image":{"@id":"https:\/\/fogeka-rdc.org\/index.php\/2026\/08\/17\/chronique-politique-et-si-lafrique-decidait-de-sauver-la-rdc\/#primaryimage"},"thumbnailUrl":"https:\/\/fogeka-rdc.org\/wp-content\/uploads\/2026\/08\/Felix_Tshi.jpg","articleSection":["Actualit\u00e9","Politique"],"inLanguage":"fr-FR","potentialAction":[{"@type":"CommentAction","name":"Comment","target":["https:\/\/fogeka-rdc.org\/index.php\/2026\/08\/17\/chronique-politique-et-si-lafrique-decidait-de-sauver-la-rdc\/#respond"]}]},{"@type":"WebPage","@id":"https:\/\/fogeka-rdc.org\/index.php\/2026\/08\/17\/chronique-politique-et-si-lafrique-decidait-de-sauver-la-rdc\/","url":"https:\/\/fogeka-rdc.org\/index.php\/2026\/08\/17\/chronique-politique-et-si-lafrique-decidait-de-sauver-la-rdc\/","name":"CHRONIQUE POLITIQUE : Et si l\u2019Afrique d\u00e9cidait de sauver la RDC ? - fogeka-rdc","isPartOf":{"@id":"https:\/\/fogeka-rdc.org\/#website"},"primaryImageOfPage":{"@id":"https:\/\/fogeka-rdc.org\/index.php\/2026\/08\/17\/chronique-politique-et-si-lafrique-decidait-de-sauver-la-rdc\/#primaryimage"},"image":{"@id":"https:\/\/fogeka-rdc.org\/index.php\/2026\/08\/17\/chronique-politique-et-si-lafrique-decidait-de-sauver-la-rdc\/#primaryimage"},"thumbnailUrl":"https:\/\/fogeka-rdc.org\/wp-content\/uploads\/2026\/08\/Felix_Tshi.jpg","datePublished":"2026-08-17T15:05:32+00:00","dateModified":"2026-08-19T15:12:00+00:00","breadcrumb":{"@id":"https:\/\/fogeka-rdc.org\/index.php\/2026\/08\/17\/chronique-politique-et-si-lafrique-decidait-de-sauver-la-rdc\/#breadcrumb"},"inLanguage":"fr-FR","potentialAction":[{"@type":"ReadAction","target":["https:\/\/fogeka-rdc.org\/index.php\/2026\/08\/17\/chronique-politique-et-si-lafrique-decidait-de-sauver-la-rdc\/"]}]},{"@type":"ImageObject","inLanguage":"fr-FR","@id":"https:\/\/fogeka-rdc.org\/index.php\/2026\/08\/17\/chronique-politique-et-si-lafrique-decidait-de-sauver-la-rdc\/#primaryimage","url":"https:\/\/fogeka-rdc.org\/wp-content\/uploads\/2026\/08\/Felix_Tshi.jpg","contentUrl":"https:\/\/fogeka-rdc.org\/wp-content\/uploads\/2026\/08\/Felix_Tshi.jpg","width":720,"height":480},{"@type":"BreadcrumbList","@id":"https:\/\/fogeka-rdc.org\/index.php\/2026\/08\/17\/chronique-politique-et-si-lafrique-decidait-de-sauver-la-rdc\/#breadcrumb","itemListElement":[{"@type":"ListItem","position":1,"name":"Accueil","item":"https:\/\/fogeka-rdc.org\/"},{"@type":"ListItem","position":2,"name":"CHRONIQUE POLITIQUE : Et si l\u2019Afrique d\u00e9cidait de sauver la RDC ?"}]},{"@type":"WebSite","@id":"https:\/\/fogeka-rdc.org\/#website","url":"https:\/\/fogeka-rdc.org\/","name":"fogeka-rdc","description":"Agro foresterie, dans la paix, pour le d\u00e9veloppement","publisher":{"@id":"https:\/\/fogeka-rdc.org\/#organization"},"potentialAction":[{"@type":"SearchAction","target":{"@type":"EntryPoint","urlTemplate":"https:\/\/fogeka-rdc.org\/?s={search_term_string}"},"query-input":{"@type":"PropertyValueSpecification","valueRequired":true,"valueName":"search_term_string"}}],"inLanguage":"fr-FR"},{"@type":"Organization","@id":"https:\/\/fogeka-rdc.org\/#organization","name":"fogeka-rdc","url":"https:\/\/fogeka-rdc.org\/","logo":{"@type":"ImageObject","inLanguage":"fr-FR","@id":"https:\/\/fogeka-rdc.org\/#\/schema\/logo\/image\/","url":"https:\/\/fogeka-rdc.org\/wp-content\/uploads\/2025\/09\/cropped-cropped-WhatsApp-Image-2025-09-12-at-23.09.05.jpeg","contentUrl":"https:\/\/fogeka-rdc.org\/wp-content\/uploads\/2025\/09\/cropped-cropped-WhatsApp-Image-2025-09-12-at-23.09.05.jpeg","width":250,"height":134,"caption":"fogeka-rdc"},"image":{"@id":"https:\/\/fogeka-rdc.org\/#\/schema\/logo\/image\/"}},{"@type":"Person","@id":"https:\/\/fogeka-rdc.org\/#\/schema\/person\/326652cf3d7bfcbab6d224e17d6992ef","name":"Fogeka Fogekardc","image":{"@type":"ImageObject","inLanguage":"fr-FR","@id":"https:\/\/secure.gravatar.com\/avatar\/7409435eb90dab5dd3e21946e11423d79d4fd27d0d76a9a6883c8f31758a7ecd?s=96&d=mm&r=g","url":"https:\/\/secure.gravatar.com\/avatar\/7409435eb90dab5dd3e21946e11423d79d4fd27d0d76a9a6883c8f31758a7ecd?s=96&d=mm&r=g","contentUrl":"https:\/\/secure.gravatar.com\/avatar\/7409435eb90dab5dd3e21946e11423d79d4fd27d0d76a9a6883c8f31758a7ecd?s=96&d=mm&r=g","caption":"Fogeka Fogekardc"},"url":"https:\/\/fogeka-rdc.org\/index.php\/author\/fogeka-admin\/"}]}},"_links":{"self":[{"href":"https:\/\/fogeka-rdc.org\/index.php\/wp-json\/wp\/v2\/posts\/739","targetHints":{"allow":["GET"]}}],"collection":[{"href":"https:\/\/fogeka-rdc.org\/index.php\/wp-json\/wp\/v2\/posts"}],"about":[{"href":"https:\/\/fogeka-rdc.org\/index.php\/wp-json\/wp\/v2\/types\/post"}],"author":[{"embeddable":true,"href":"https:\/\/fogeka-rdc.org\/index.php\/wp-json\/wp\/v2\/users\/2"}],"replies":[{"embeddable":true,"href":"https:\/\/fogeka-rdc.org\/index.php\/wp-json\/wp\/v2\/comments?post=739"}],"version-history":[{"count":1,"href":"https:\/\/fogeka-rdc.org\/index.php\/wp-json\/wp\/v2\/posts\/739\/revisions"}],"predecessor-version":[{"id":741,"href":"https:\/\/fogeka-rdc.org\/index.php\/wp-json\/wp\/v2\/posts\/739\/revisions\/741"}],"wp:featuredmedia":[{"embeddable":true,"href":"https:\/\/fogeka-rdc.org\/index.php\/wp-json\/wp\/v2\/media\/740"}],"wp:attachment":[{"href":"https:\/\/fogeka-rdc.org\/index.php\/wp-json\/wp\/v2\/media?parent=739"}],"wp:term":[{"taxonomy":"category","embeddable":true,"href":"https:\/\/fogeka-rdc.org\/index.php\/wp-json\/wp\/v2\/categories?post=739"},{"taxonomy":"post_tag","embeddable":true,"href":"https:\/\/fogeka-rdc.org\/index.php\/wp-json\/wp\/v2\/tags?post=739"}],"curies":[{"name":"wp","href":"https:\/\/api.w.org\/{rel}","templated":true}]}}