{"id":749,"date":"2026-08-25T10:46:19","date_gmt":"2026-08-25T10:46:19","guid":{"rendered":"https:\/\/fogeka-rdc.org\/?p=749"},"modified":"2026-08-25T10:46:19","modified_gmt":"2026-08-25T10:46:19","slug":"rdc-opinion-politique-et-si-felix-tshisekedi-donne-sa-position-le-15-septembre","status":"publish","type":"post","link":"https:\/\/fogeka-rdc.org\/index.php\/2026\/08\/25\/rdc-opinion-politique-et-si-felix-tshisekedi-donne-sa-position-le-15-septembre\/","title":{"rendered":"RDC \u2013 OPINION POLITIQUE : ET SI F\u00c9LIX TSHISEKEDI DONNE SA POSITION LE 15 SEPTEMBRE"},"content":{"rendered":"<p dir=\"ltr\">Par G\u00e9nie Kande<\/p>\n<p>&nbsp;<\/p>\n<p dir=\"ltr\">\u00a0Annonc\u00e9e depuis Libreville \u00e0 l&rsquo;occasion de sa visite officielle au Gabon, une prise de parole du Pr\u00e9sident F\u00e9lix Antoine Tshisekedi le 15 septembre s&rsquo;annonce comme le rendez-vous de clarification que toute une Nation attend. Loi r\u00e9f\u00e9rendaire, dialogue national inclusif, situation s\u00e9curitaire \u00e0 l&rsquo;Est, crise sanitaire dans cinq provinces affect\u00e9es par le virus Ebola et quotidien des Congolais : le Chef de l&rsquo;\u00c9tat est appel\u00e9 \u00e0 donner sa position sans d\u00e9tour, afin de couper court aux sp\u00e9culations de salons et de vider de sa substance la marche annonc\u00e9e par l&rsquo;opposition.<\/p>\n<p>&nbsp;<\/p>\n<p dir=\"ltr\">C&rsquo;est depuis le Gabon que le Pr\u00e9sident de la R\u00e9publique a fix\u00e9 l&rsquo;\u00e9ch\u00e9ance. Face \u00e0 la diaspora, il a pris l&rsquo;engagement solennel de s&rsquo;adresser \u00e0 la Nation sur les grandes questions qui engagent son destin. Une d\u00e9marche de transparence qui tranche radicalement avec les conciliabules feutr\u00e9s qui animent les couloirs politiques de Kinshasa.<\/p>\n<p>&nbsp;<\/p>\n<p dir=\"ltr\">Car pendant que le cahier des charges des opposants affairistes, de Goma \u00e0 Kinshasa, s&rsquo;articulait autour *d&rsquo;une marche pr\u00e9vue le 15 septembre* , la ma\u00eetrise affich\u00e9e par F\u00e9lix Tshisekedi dans la gestion des affaires de l&rsquo;\u00c9tat a d&rsquo;ores et d\u00e9j\u00e0 priv\u00e9 cette initiative de son fondement.<\/p>\n<p>&nbsp;<\/p>\n<p dir=\"ltr\">\u00c0 y regarder de Martin Fayulu, leader de la plateforme Lamuka, n&rsquo;a plus de raison objective de maintenir son mot d&rsquo;ordre. En r\u00e9clamant la convocation d&rsquo;un dialogue national inclusif, il a d\u00e9j\u00e0 obtenu une r\u00e9ponse : le Pr\u00e9sident de la R\u00e9publique a annonc\u00e9 qu&rsquo;il se prononcerait. Quant \u00e0 exiger son d\u00e9part, l&rsquo;argument confine \u00e0 l&rsquo;incoh\u00e9rence juridique. Comment pr\u00e9tendre d\u00e9fendre une Constitution dont on m\u00e9prise l&rsquo;esprit ?<\/p>\n<p>&nbsp;<\/p>\n<p dir=\"ltr\">Que dit en effet cette Constitution que les bellig\u00e9rants invoquent \u00e0 loisir ? Elle pose deux principes intangibles : le Pr\u00e9sident \u00e9lu a droit \u00e0 deux mandats, les \u00e9lections ne peut se tenir sans l&rsquo;int\u00e9gralit\u00e9 du territoire national. Or, ce n&rsquo;est un secret pour personne que les partenaires politiques de Martin Fayulu occupent, sans compromission ni mandat, des pans entiers du territoire congolais.<\/p>\n<p>&nbsp;<\/p>\n<p dir=\"ltr\">De m\u00eame, le mandat en cours du Pr\u00e9sident F\u00e9lix Antoine Tshisekedi n&rsquo;a pu s&rsquo;exercer tel que l&rsquo;avaient souhait\u00e9 les Congolais lors de son \u00e9lection, pr\u00e9cis\u00e9ment en raison de cette amputation territoriale et de la guerre d&rsquo;agression qui lui a \u00e9t\u00e9 impos\u00e9e. D\u00e8s lors, le mot d&rsquo;ordre de Lamuka \u2013 qui revient \u00e0 appeler le Rwanda au Congo \u2013 n&rsquo;a plus aucune raison d&rsquo;\u00eatre. Il est un adage qui ne trompe jamais : \u00e0 trop forcer, on risque de tout perdre.<\/p>\n<p>&nbsp;<\/p>\n<p dir=\"ltr\">Il est temps que l&rsquo;opposition politique et la soci\u00e9t\u00e9 civile inf\u00e9od\u00e9e \u00e0 Kigali comprennent que le temps a chang\u00e9. Le peuple congolais voit tout, entend tout et comprend tout.<\/p>\n<p>&nbsp;<\/p>\n<p dir=\"ltr\">\u00a0Il veut que F\u00e9lix Antoine Tshisekedi reste \u00e0 la t\u00eate du pays pour deux raisons fondamentales et non n\u00e9gociables :<\/p>\n<p>&nbsp;<\/p>\n<p dir=\"ltr\"><strong>1.<\/strong>\u00a0 <strong>Parachever la guerre \u00e0 l&rsquo;Est<\/strong> par la restauration pleine et enti\u00e8re de la souverainet\u00e9 nationale ;<\/p>\n<p dir=\"ltr\"><strong>2.\u00a0 Assurer le d\u00e9veloppement du pays<\/strong> par la souverainet\u00e9 retrouv\u00e9e sur ses ressources naturelles.<\/p>\n<p>&nbsp;<\/p>\n<p dir=\"ltr\">En dehors de ce contrat historique, il faudrait alors s&rsquo;atteler \u00e0 changer le testament politique d&rsquo;\u00c9tienne Tshisekedi wa Mulumba . Une entreprise \u00e0 laquelle aucun Congolais ne souscrira.<\/p>\n<p>&nbsp;<\/p>\n<p dir=\"ltr\"><strong>Fogeka Agency Communication<\/strong><\/p>\n<p dir=\"ltr\">| <a href=\"mailto:fogekardc@gmail.com\" target=\"_blank\" rel=\"noopener\">fogekardc@gmail.com<\/a> | +243\u00a0818 344 445<\/p>\n<p dir=\"ltr\">\n","protected":false},"excerpt":{"rendered":"<p>Par G\u00e9nie Kande &nbsp; \u00a0Annonc\u00e9e depuis Libreville \u00e0 l&rsquo;occasion de sa visite officielle au Gabon, une prise de parole du&hellip;<\/p>\n","protected":false},"author":2,"featured_media":394,"comment_status":"open","ping_status":"open","sticky":true,"template":"","format":"standard","meta":{"footnotes":""},"categories":[2,14],"tags":[],"class_list":["post-749","post","type-post","status-publish","format-standard","has-post-thumbnail","hentry","category-actualite","category-politique"],"yoast_head":"<!-- This site is optimized with the Yoast SEO plugin v28.3 - https:\/\/yoast.com\/product\/yoast-seo-wordpress\/ -->\n<title>RDC \u2013 OPINION POLITIQUE : ET SI F\u00c9LIX TSHISEKEDI DONNE SA POSITION LE 15 SEPTEMBRE - fogeka-rdc<\/title>\n<meta name=\"robots\" content=\"index, follow, max-snippet:-1, max-image-preview:large, max-video-preview:-1\" \/>\n<link rel=\"canonical\" href=\"https:\/\/fogeka-rdc.org\/index.php\/2026\/08\/25\/rdc-opinion-politique-et-si-felix-tshisekedi-donne-sa-position-le-15-septembre\/\" \/>\n<meta property=\"og:locale\" content=\"fr_FR\" \/>\n<meta property=\"og:type\" content=\"article\" \/>\n<meta property=\"og:title\" content=\"RDC \u2013 OPINION POLITIQUE : ET SI F\u00c9LIX TSHISEKEDI DONNE SA POSITION LE 15 SEPTEMBRE - fogeka-rdc\" \/>\n<meta property=\"og:description\" content=\"Par G\u00e9nie Kande &nbsp; \u00a0Annonc\u00e9e depuis Libreville \u00e0 l&rsquo;occasion de sa visite officielle au Gabon, une prise de parole du&hellip;\" \/>\n<meta property=\"og:url\" content=\"https:\/\/fogeka-rdc.org\/index.php\/2026\/08\/25\/rdc-opinion-politique-et-si-felix-tshisekedi-donne-sa-position-le-15-septembre\/\" \/>\n<meta property=\"og:site_name\" content=\"fogeka-rdc\" \/>\n<meta property=\"article:published_time\" content=\"2026-08-25T10:46:19+00:00\" \/>\n<meta property=\"og:image\" content=\"https:\/\/fogeka-rdc.org\/wp-content\/uploads\/2026\/02\/Genie-K-et-Felix-T.jpeg\" \/>\n\t<meta property=\"og:image:width\" content=\"460\" \/>\n\t<meta property=\"og:image:height\" content=\"470\" \/>\n\t<meta property=\"og:image:type\" content=\"image\/jpeg\" \/>\n<meta name=\"author\" content=\"Fogeka Fogekardc\" \/>\n<meta name=\"twitter:card\" content=\"summary_large_image\" \/>\n<meta name=\"twitter:label1\" content=\"\u00c9crit par\" \/>\n\t<meta name=\"twitter:data1\" content=\"Fogeka Fogekardc\" \/>\n\t<meta name=\"twitter:label2\" content=\"Dur\u00e9e de lecture estim\u00e9e\" \/>\n\t<meta name=\"twitter:data2\" content=\"3 minutes\" \/>\n<script type=\"application\/ld+json\" class=\"yoast-schema-graph\">{\"@context\":\"https:\\\/\\\/schema.org\",\"@graph\":[{\"@type\":\"Article\",\"@id\":\"https:\\\/\\\/fogeka-rdc.org\\\/index.php\\\/2026\\\/08\\\/25\\\/rdc-opinion-politique-et-si-felix-tshisekedi-donne-sa-position-le-15-septembre\\\/#article\",\"isPartOf\":{\"@id\":\"https:\\\/\\\/fogeka-rdc.org\\\/index.php\\\/2026\\\/08\\\/25\\\/rdc-opinion-politique-et-si-felix-tshisekedi-donne-sa-position-le-15-septembre\\\/\"},\"author\":{\"name\":\"Fogeka Fogekardc\",\"@id\":\"https:\\\/\\\/fogeka-rdc.org\\\/#\\\/schema\\\/person\\\/326652cf3d7bfcbab6d224e17d6992ef\"},\"headline\":\"RDC \u2013 OPINION POLITIQUE : ET SI F\u00c9LIX TSHISEKEDI DONNE SA POSITION LE 15 SEPTEMBRE\",\"datePublished\":\"2026-08-25T10:46:19+00:00\",\"mainEntityOfPage\":{\"@id\":\"https:\\\/\\\/fogeka-rdc.org\\\/index.php\\\/2026\\\/08\\\/25\\\/rdc-opinion-politique-et-si-felix-tshisekedi-donne-sa-position-le-15-septembre\\\/\"},\"wordCount\":587,\"commentCount\":0,\"publisher\":{\"@id\":\"https:\\\/\\\/fogeka-rdc.org\\\/#organization\"},\"image\":{\"@id\":\"https:\\\/\\\/fogeka-rdc.org\\\/index.php\\\/2026\\\/08\\\/25\\\/rdc-opinion-politique-et-si-felix-tshisekedi-donne-sa-position-le-15-septembre\\\/#primaryimage\"},\"thumbnailUrl\":\"https:\\\/\\\/fogeka-rdc.org\\\/wp-content\\\/uploads\\\/2026\\\/02\\\/Genie-K-et-Felix-T.jpeg\",\"articleSection\":[\"Actualit\u00e9\",\"Politique\"],\"inLanguage\":\"fr-FR\",\"potentialAction\":[{\"@type\":\"CommentAction\",\"name\":\"Comment\",\"target\":[\"https:\\\/\\\/fogeka-rdc.org\\\/index.php\\\/2026\\\/08\\\/25\\\/rdc-opinion-politique-et-si-felix-tshisekedi-donne-sa-position-le-15-septembre\\\/#respond\"]}]},{\"@type\":\"WebPage\",\"@id\":\"https:\\\/\\\/fogeka-rdc.org\\\/index.php\\\/2026\\\/08\\\/25\\\/rdc-opinion-politique-et-si-felix-tshisekedi-donne-sa-position-le-15-septembre\\\/\",\"url\":\"https:\\\/\\\/fogeka-rdc.org\\\/index.php\\\/2026\\\/08\\\/25\\\/rdc-opinion-politique-et-si-felix-tshisekedi-donne-sa-position-le-15-septembre\\\/\",\"name\":\"RDC \u2013 OPINION POLITIQUE : ET SI F\u00c9LIX TSHISEKEDI DONNE SA POSITION LE 15 SEPTEMBRE - fogeka-rdc\",\"isPartOf\":{\"@id\":\"https:\\\/\\\/fogeka-rdc.org\\\/#website\"},\"primaryImageOfPage\":{\"@id\":\"https:\\\/\\\/fogeka-rdc.org\\\/index.php\\\/2026\\\/08\\\/25\\\/rdc-opinion-politique-et-si-felix-tshisekedi-donne-sa-position-le-15-septembre\\\/#primaryimage\"},\"image\":{\"@id\":\"https:\\\/\\\/fogeka-rdc.org\\\/index.php\\\/2026\\\/08\\\/25\\\/rdc-opinion-politique-et-si-felix-tshisekedi-donne-sa-position-le-15-septembre\\\/#primaryimage\"},\"thumbnailUrl\":\"https:\\\/\\\/fogeka-rdc.org\\\/wp-content\\\/uploads\\\/2026\\\/02\\\/Genie-K-et-Felix-T.jpeg\",\"datePublished\":\"2026-08-25T10:46:19+00:00\",\"breadcrumb\":{\"@id\":\"https:\\\/\\\/fogeka-rdc.org\\\/index.php\\\/2026\\\/08\\\/25\\\/rdc-opinion-politique-et-si-felix-tshisekedi-donne-sa-position-le-15-septembre\\\/#breadcrumb\"},\"inLanguage\":\"fr-FR\",\"potentialAction\":[{\"@type\":\"ReadAction\",\"target\":[\"https:\\\/\\\/fogeka-rdc.org\\\/index.php\\\/2026\\\/08\\\/25\\\/rdc-opinion-politique-et-si-felix-tshisekedi-donne-sa-position-le-15-septembre\\\/\"]}]},{\"@type\":\"ImageObject\",\"inLanguage\":\"fr-FR\",\"@id\":\"https:\\\/\\\/fogeka-rdc.org\\\/index.php\\\/2026\\\/08\\\/25\\\/rdc-opinion-politique-et-si-felix-tshisekedi-donne-sa-position-le-15-septembre\\\/#primaryimage\",\"url\":\"https:\\\/\\\/fogeka-rdc.org\\\/wp-content\\\/uploads\\\/2026\\\/02\\\/Genie-K-et-Felix-T.jpeg\",\"contentUrl\":\"https:\\\/\\\/fogeka-rdc.org\\\/wp-content\\\/uploads\\\/2026\\\/02\\\/Genie-K-et-Felix-T.jpeg\",\"width\":460,\"height\":470},{\"@type\":\"BreadcrumbList\",\"@id\":\"https:\\\/\\\/fogeka-rdc.org\\\/index.php\\\/2026\\\/08\\\/25\\\/rdc-opinion-politique-et-si-felix-tshisekedi-donne-sa-position-le-15-septembre\\\/#breadcrumb\",\"itemListElement\":[{\"@type\":\"ListItem\",\"position\":1,\"name\":\"Accueil\",\"item\":\"https:\\\/\\\/fogeka-rdc.org\\\/\"},{\"@type\":\"ListItem\",\"position\":2,\"name\":\"RDC \u2013 OPINION POLITIQUE : ET SI F\u00c9LIX TSHISEKEDI DONNE SA POSITION LE 15 SEPTEMBRE\"}]},{\"@type\":\"WebSite\",\"@id\":\"https:\\\/\\\/fogeka-rdc.org\\\/#website\",\"url\":\"https:\\\/\\\/fogeka-rdc.org\\\/\",\"name\":\"fogeka-rdc\",\"description\":\"Agro foresterie, dans la paix, pour le d\u00e9veloppement\",\"publisher\":{\"@id\":\"https:\\\/\\\/fogeka-rdc.org\\\/#organization\"},\"potentialAction\":[{\"@type\":\"SearchAction\",\"target\":{\"@type\":\"EntryPoint\",\"urlTemplate\":\"https:\\\/\\\/fogeka-rdc.org\\\/?s={search_term_string}\"},\"query-input\":{\"@type\":\"PropertyValueSpecification\",\"valueRequired\":true,\"valueName\":\"search_term_string\"}}],\"inLanguage\":\"fr-FR\"},{\"@type\":\"Organization\",\"@id\":\"https:\\\/\\\/fogeka-rdc.org\\\/#organization\",\"name\":\"fogeka-rdc\",\"url\":\"https:\\\/\\\/fogeka-rdc.org\\\/\",\"logo\":{\"@type\":\"ImageObject\",\"inLanguage\":\"fr-FR\",\"@id\":\"https:\\\/\\\/fogeka-rdc.org\\\/#\\\/schema\\\/logo\\\/image\\\/\",\"url\":\"https:\\\/\\\/fogeka-rdc.org\\\/wp-content\\\/uploads\\\/2025\\\/09\\\/cropped-cropped-WhatsApp-Image-2025-09-12-at-23.09.05.jpeg\",\"contentUrl\":\"https:\\\/\\\/fogeka-rdc.org\\\/wp-content\\\/uploads\\\/2025\\\/09\\\/cropped-cropped-WhatsApp-Image-2025-09-12-at-23.09.05.jpeg\",\"width\":250,\"height\":134,\"caption\":\"fogeka-rdc\"},\"image\":{\"@id\":\"https:\\\/\\\/fogeka-rdc.org\\\/#\\\/schema\\\/logo\\\/image\\\/\"}},{\"@type\":\"Person\",\"@id\":\"https:\\\/\\\/fogeka-rdc.org\\\/#\\\/schema\\\/person\\\/326652cf3d7bfcbab6d224e17d6992ef\",\"name\":\"Fogeka Fogekardc\",\"image\":{\"@type\":\"ImageObject\",\"inLanguage\":\"fr-FR\",\"@id\":\"https:\\\/\\\/secure.gravatar.com\\\/avatar\\\/7409435eb90dab5dd3e21946e11423d79d4fd27d0d76a9a6883c8f31758a7ecd?s=96&d=mm&r=g\",\"url\":\"https:\\\/\\\/secure.gravatar.com\\\/avatar\\\/7409435eb90dab5dd3e21946e11423d79d4fd27d0d76a9a6883c8f31758a7ecd?s=96&d=mm&r=g\",\"contentUrl\":\"https:\\\/\\\/secure.gravatar.com\\\/avatar\\\/7409435eb90dab5dd3e21946e11423d79d4fd27d0d76a9a6883c8f31758a7ecd?s=96&d=mm&r=g\",\"caption\":\"Fogeka Fogekardc\"},\"url\":\"https:\\\/\\\/fogeka-rdc.org\\\/index.php\\\/author\\\/fogeka-admin\\\/\"}]}<\/script>\n<!-- \/ Yoast SEO plugin. -->","yoast_head_json":{"title":"RDC \u2013 OPINION POLITIQUE : ET SI F\u00c9LIX TSHISEKEDI DONNE SA POSITION LE 15 SEPTEMBRE - fogeka-rdc","robots":{"index":"index","follow":"follow","max-snippet":"max-snippet:-1","max-image-preview":"max-image-preview:large","max-video-preview":"max-video-preview:-1"},"canonical":"https:\/\/fogeka-rdc.org\/index.php\/2026\/08\/25\/rdc-opinion-politique-et-si-felix-tshisekedi-donne-sa-position-le-15-septembre\/","og_locale":"fr_FR","og_type":"article","og_title":"RDC \u2013 OPINION POLITIQUE : ET SI F\u00c9LIX TSHISEKEDI DONNE SA POSITION LE 15 SEPTEMBRE - fogeka-rdc","og_description":"Par G\u00e9nie Kande &nbsp; \u00a0Annonc\u00e9e depuis Libreville \u00e0 l&rsquo;occasion de sa visite officielle au Gabon, une prise de parole du&hellip;","og_url":"https:\/\/fogeka-rdc.org\/index.php\/2026\/08\/25\/rdc-opinion-politique-et-si-felix-tshisekedi-donne-sa-position-le-15-septembre\/","og_site_name":"fogeka-rdc","article_published_time":"2026-08-25T10:46:19+00:00","og_image":[{"width":460,"height":470,"url":"https:\/\/fogeka-rdc.org\/wp-content\/uploads\/2026\/02\/Genie-K-et-Felix-T.jpeg","type":"image\/jpeg"}],"author":"Fogeka Fogekardc","twitter_card":"summary_large_image","twitter_misc":{"\u00c9crit par":"Fogeka Fogekardc","Dur\u00e9e de lecture estim\u00e9e":"3 minutes"},"schema":{"@context":"https:\/\/schema.org","@graph":[{"@type":"Article","@id":"https:\/\/fogeka-rdc.org\/index.php\/2026\/08\/25\/rdc-opinion-politique-et-si-felix-tshisekedi-donne-sa-position-le-15-septembre\/#article","isPartOf":{"@id":"https:\/\/fogeka-rdc.org\/index.php\/2026\/08\/25\/rdc-opinion-politique-et-si-felix-tshisekedi-donne-sa-position-le-15-septembre\/"},"author":{"name":"Fogeka Fogekardc","@id":"https:\/\/fogeka-rdc.org\/#\/schema\/person\/326652cf3d7bfcbab6d224e17d6992ef"},"headline":"RDC \u2013 OPINION POLITIQUE : ET SI F\u00c9LIX TSHISEKEDI DONNE SA POSITION LE 15 SEPTEMBRE","datePublished":"2026-08-25T10:46:19+00:00","mainEntityOfPage":{"@id":"https:\/\/fogeka-rdc.org\/index.php\/2026\/08\/25\/rdc-opinion-politique-et-si-felix-tshisekedi-donne-sa-position-le-15-septembre\/"},"wordCount":587,"commentCount":0,"publisher":{"@id":"https:\/\/fogeka-rdc.org\/#organization"},"image":{"@id":"https:\/\/fogeka-rdc.org\/index.php\/2026\/08\/25\/rdc-opinion-politique-et-si-felix-tshisekedi-donne-sa-position-le-15-septembre\/#primaryimage"},"thumbnailUrl":"https:\/\/fogeka-rdc.org\/wp-content\/uploads\/2026\/02\/Genie-K-et-Felix-T.jpeg","articleSection":["Actualit\u00e9","Politique"],"inLanguage":"fr-FR","potentialAction":[{"@type":"CommentAction","name":"Comment","target":["https:\/\/fogeka-rdc.org\/index.php\/2026\/08\/25\/rdc-opinion-politique-et-si-felix-tshisekedi-donne-sa-position-le-15-septembre\/#respond"]}]},{"@type":"WebPage","@id":"https:\/\/fogeka-rdc.org\/index.php\/2026\/08\/25\/rdc-opinion-politique-et-si-felix-tshisekedi-donne-sa-position-le-15-septembre\/","url":"https:\/\/fogeka-rdc.org\/index.php\/2026\/08\/25\/rdc-opinion-politique-et-si-felix-tshisekedi-donne-sa-position-le-15-septembre\/","name":"RDC \u2013 OPINION POLITIQUE : ET SI F\u00c9LIX TSHISEKEDI DONNE SA POSITION LE 15 SEPTEMBRE - fogeka-rdc","isPartOf":{"@id":"https:\/\/fogeka-rdc.org\/#website"},"primaryImageOfPage":{"@id":"https:\/\/fogeka-rdc.org\/index.php\/2026\/08\/25\/rdc-opinion-politique-et-si-felix-tshisekedi-donne-sa-position-le-15-septembre\/#primaryimage"},"image":{"@id":"https:\/\/fogeka-rdc.org\/index.php\/2026\/08\/25\/rdc-opinion-politique-et-si-felix-tshisekedi-donne-sa-position-le-15-septembre\/#primaryimage"},"thumbnailUrl":"https:\/\/fogeka-rdc.org\/wp-content\/uploads\/2026\/02\/Genie-K-et-Felix-T.jpeg","datePublished":"2026-08-25T10:46:19+00:00","breadcrumb":{"@id":"https:\/\/fogeka-rdc.org\/index.php\/2026\/08\/25\/rdc-opinion-politique-et-si-felix-tshisekedi-donne-sa-position-le-15-septembre\/#breadcrumb"},"inLanguage":"fr-FR","potentialAction":[{"@type":"ReadAction","target":["https:\/\/fogeka-rdc.org\/index.php\/2026\/08\/25\/rdc-opinion-politique-et-si-felix-tshisekedi-donne-sa-position-le-15-septembre\/"]}]},{"@type":"ImageObject","inLanguage":"fr-FR","@id":"https:\/\/fogeka-rdc.org\/index.php\/2026\/08\/25\/rdc-opinion-politique-et-si-felix-tshisekedi-donne-sa-position-le-15-septembre\/#primaryimage","url":"https:\/\/fogeka-rdc.org\/wp-content\/uploads\/2026\/02\/Genie-K-et-Felix-T.jpeg","contentUrl":"https:\/\/fogeka-rdc.org\/wp-content\/uploads\/2026\/02\/Genie-K-et-Felix-T.jpeg","width":460,"height":470},{"@type":"BreadcrumbList","@id":"https:\/\/fogeka-rdc.org\/index.php\/2026\/08\/25\/rdc-opinion-politique-et-si-felix-tshisekedi-donne-sa-position-le-15-septembre\/#breadcrumb","itemListElement":[{"@type":"ListItem","position":1,"name":"Accueil","item":"https:\/\/fogeka-rdc.org\/"},{"@type":"ListItem","position":2,"name":"RDC \u2013 OPINION POLITIQUE : ET SI F\u00c9LIX TSHISEKEDI DONNE SA POSITION LE 15 SEPTEMBRE"}]},{"@type":"WebSite","@id":"https:\/\/fogeka-rdc.org\/#website","url":"https:\/\/fogeka-rdc.org\/","name":"fogeka-rdc","description":"Agro foresterie, dans la paix, pour le d\u00e9veloppement","publisher":{"@id":"https:\/\/fogeka-rdc.org\/#organization"},"potentialAction":[{"@type":"SearchAction","target":{"@type":"EntryPoint","urlTemplate":"https:\/\/fogeka-rdc.org\/?s={search_term_string}"},"query-input":{"@type":"PropertyValueSpecification","valueRequired":true,"valueName":"search_term_string"}}],"inLanguage":"fr-FR"},{"@type":"Organization","@id":"https:\/\/fogeka-rdc.org\/#organization","name":"fogeka-rdc","url":"https:\/\/fogeka-rdc.org\/","logo":{"@type":"ImageObject","inLanguage":"fr-FR","@id":"https:\/\/fogeka-rdc.org\/#\/schema\/logo\/image\/","url":"https:\/\/fogeka-rdc.org\/wp-content\/uploads\/2025\/09\/cropped-cropped-WhatsApp-Image-2025-09-12-at-23.09.05.jpeg","contentUrl":"https:\/\/fogeka-rdc.org\/wp-content\/uploads\/2025\/09\/cropped-cropped-WhatsApp-Image-2025-09-12-at-23.09.05.jpeg","width":250,"height":134,"caption":"fogeka-rdc"},"image":{"@id":"https:\/\/fogeka-rdc.org\/#\/schema\/logo\/image\/"}},{"@type":"Person","@id":"https:\/\/fogeka-rdc.org\/#\/schema\/person\/326652cf3d7bfcbab6d224e17d6992ef","name":"Fogeka Fogekardc","image":{"@type":"ImageObject","inLanguage":"fr-FR","@id":"https:\/\/secure.gravatar.com\/avatar\/7409435eb90dab5dd3e21946e11423d79d4fd27d0d76a9a6883c8f31758a7ecd?s=96&d=mm&r=g","url":"https:\/\/secure.gravatar.com\/avatar\/7409435eb90dab5dd3e21946e11423d79d4fd27d0d76a9a6883c8f31758a7ecd?s=96&d=mm&r=g","contentUrl":"https:\/\/secure.gravatar.com\/avatar\/7409435eb90dab5dd3e21946e11423d79d4fd27d0d76a9a6883c8f31758a7ecd?s=96&d=mm&r=g","caption":"Fogeka Fogekardc"},"url":"https:\/\/fogeka-rdc.org\/index.php\/author\/fogeka-admin\/"}]}},"_links":{"self":[{"href":"https:\/\/fogeka-rdc.org\/index.php\/wp-json\/wp\/v2\/posts\/749","targetHints":{"allow":["GET"]}}],"collection":[{"href":"https:\/\/fogeka-rdc.org\/index.php\/wp-json\/wp\/v2\/posts"}],"about":[{"href":"https:\/\/fogeka-rdc.org\/index.php\/wp-json\/wp\/v2\/types\/post"}],"author":[{"embeddable":true,"href":"https:\/\/fogeka-rdc.org\/index.php\/wp-json\/wp\/v2\/users\/2"}],"replies":[{"embeddable":true,"href":"https:\/\/fogeka-rdc.org\/index.php\/wp-json\/wp\/v2\/comments?post=749"}],"version-history":[{"count":1,"href":"https:\/\/fogeka-rdc.org\/index.php\/wp-json\/wp\/v2\/posts\/749\/revisions"}],"predecessor-version":[{"id":751,"href":"https:\/\/fogeka-rdc.org\/index.php\/wp-json\/wp\/v2\/posts\/749\/revisions\/751"}],"wp:featuredmedia":[{"embeddable":true,"href":"https:\/\/fogeka-rdc.org\/index.php\/wp-json\/wp\/v2\/media\/394"}],"wp:attachment":[{"href":"https:\/\/fogeka-rdc.org\/index.php\/wp-json\/wp\/v2\/media?parent=749"}],"wp:term":[{"taxonomy":"category","embeddable":true,"href":"https:\/\/fogeka-rdc.org\/index.php\/wp-json\/wp\/v2\/categories?post=749"},{"taxonomy":"post_tag","embeddable":true,"href":"https:\/\/fogeka-rdc.org\/index.php\/wp-json\/wp\/v2\/tags?post=749"}],"curies":[{"name":"wp","href":"https:\/\/api.w.org\/{rel}","templated":true}]}}