{"id":752,"date":"2026-08-21T10:53:42","date_gmt":"2026-08-21T10:53:42","guid":{"rendered":"https:\/\/fogeka-rdc.org\/?p=752"},"modified":"2026-08-25T10:59:58","modified_gmt":"2026-08-25T10:59:58","slug":"rdc-securite-sociale-rentree-scolaire-2026-2027-lafc-m23-plonge-les-populations-de-lest-dans-une-souffrance-interminable","status":"publish","type":"post","link":"https:\/\/fogeka-rdc.org\/index.php\/2026\/08\/21\/rdc-securite-sociale-rentree-scolaire-2026-2027-lafc-m23-plonge-les-populations-de-lest-dans-une-souffrance-interminable\/","title":{"rendered":"RDC &#8211; S\u00c9CURIT\u00c9 SOCIALE : RENTR\u00c9E SCOLAIRE 2026-2027, L&rsquo;AFC\/M23 PLONGE LES POPULATIONS DE L&rsquo;EST DANS UNE SOUFFRANCE INTERMINABLE"},"content":{"rendered":"<p dir=\"ltr\">Par\u00a0 G\u00e9nie KANDE<\/p>\n<p dir=\"ltr\">Pendant que le Pr\u00e9sident de la R\u00e9publique, F\u00e9lix-Antoine Tshisekedi Tshilombo, enjoint le Gouvernement \u00e0 garantir une rentr\u00e9e scolaire 2026-2027 _\u00ab apais\u00e9e, effective et inclusive \u00bb_ sur l&rsquo;ensemble du territoire national, l&rsquo;Est de la R\u00e9publique vit l&rsquo;exact contraire : une rentr\u00e9e sous ran\u00e7on.<\/p>\n<p>&nbsp;<\/p>\n<p dir=\"ltr\"><strong>UNE TAXE REBELLE SUR L&rsquo;AVENIR DE NOS ENFANTS<\/strong><\/p>\n<p>&nbsp;<\/p>\n<p dir=\"ltr\">Par un communiqu\u00e9 rendu public \u00e0 Goma, la r\u00e9bellion de l&rsquo;AFC\/M23 a d\u00e9cid\u00e9 de briser le principe de la gratuit\u00e9 de l&rsquo;enseignement primaire. Elle impose aux parents d&rsquo;\u00e9l\u00e8ves le paiement obligatoire de frais scolaires allant de *9.000 FC \u00e0 45.000 FC par trimestre et par \u00e9l\u00e8ve*, soit jusqu&rsquo;\u00e0 135.000 FC par an.<\/p>\n<p>&nbsp;<\/p>\n<p dir=\"ltr\">Le d\u00e9tail est \u00e9loquent :<\/p>\n<p dir=\"ltr\">&#8211; 8.000 FC par trimestre au niveau maternel et primaire ;<\/p>\n<p dir=\"ltr\">&#8211; 10.000 FC par trimestre pour les classes de 7\u00e8me, 8\u00e8me et humanit\u00e9s.<\/p>\n<p dir=\"ltr\">Derri\u00e8re Corneille Nangaa, ce sont les gestionnaires de l&rsquo;\u00e9cole de la souffrance qui jouent leur carte : imposer la mis\u00e8re l\u00e0 o\u00f9 l&rsquo;\u00c9tat avait apport\u00e9 la gratuit\u00e9. L&rsquo;ennemi du peuple impose sa propre loi, soutenu par le Rwanda, dans une logique assum\u00e9e d&rsquo;administration d&rsquo;occupation.<\/p>\n<p>&nbsp;<\/p>\n<p dir=\"ltr\"><strong>D&rsquo;O\u00d9 VIENDRA CET ARGENT ? LA QUESTION QUE POSE FOGEKA<\/strong><\/p>\n<p>&nbsp;<\/p>\n<p dir=\"ltr\">La question est brutale et l\u00e9gitime : d&rsquo;o\u00f9 viendra cet argent ?<\/p>\n<p dir=\"ltr\">La population de Rutshuru, Masisi, Lubero et Goma est une population d\u00e9plac\u00e9e, appauvrie, qui a tout perdu du fait de la guerre. Comme en t\u00e9moigne Claude Muliyanga, parent de trois enfants \u00e0 Mambasa (Lubero) : _\u00ab Nous avons tout perdu pendant la guerre et il sera difficile de trouver de l&rsquo;argent \u00bb_. Il a pr\u00e9f\u00e9r\u00e9 fuir vers Butembo dans l&rsquo;espoir de continuer \u00e0 b\u00e9n\u00e9ficier de la gratuit\u00e9.<\/p>\n<p>&nbsp;<\/p>\n<p dir=\"ltr\">Le Gouvernement de la R\u00e9publique a \u00e9t\u00e9 clair, par la voix de la Ministre d&rsquo;\u00c9tat Ra\u00efssa Malu et du Porte-parole Patrick Muyaya : _\u00ab La gratuit\u00e9 de l&rsquo;enseignement primaire public est un principe constitutionnel intangible, irr\u00e9versible et non n\u00e9gociable \u00bb_.<\/p>\n<p>&nbsp;<\/p>\n<p dir=\"ltr\">\u00a0Alors m\u00eame que Nangaa et Joseph Kabila pr\u00e9pareraient, selon plusieurs sources, les oppositions et les kulunas de Kinshasa, machettes \u00e0 la main, pour marcher le 15 septembre contre le changement de la Constitution : de quelle Constitution l&rsquo;AFC\/M23 et ses relais politiques de Kinshasa parlent-ils, quand cette m\u00eame Constitution, en son article 43, consacre la gratuit\u00e9 de l&rsquo;enseignement ?<\/p>\n<p dir=\"ltr\">Le peuple congolais l&rsquo;a compris : il ne s&rsquo;agit ni de Constitution, ni de souverainet\u00e9, ni de d\u00e9veloppement, mais bien de la poursuite d&rsquo;autres objectifs inavou\u00e9s.<\/p>\n<p>&nbsp;<\/p>\n<p dir=\"ltr\">L&rsquo;article 43 de la Constitution consacre en effet le droit \u00e0 l&rsquo;\u00e9ducation. Aucun frais ne peut \u00eatre exig\u00e9. _\u00ab Toute d\u00e9rogation \u00e0 ce principe constitue une ran\u00e7on injuste et inconstitutionnelle, \u00e9trang\u00e8re \u00e0 l&rsquo;\u00c9tat \u00bb_, mart\u00e8le le Minist\u00e8re de l&rsquo;\u00c9ducation Nationale.<\/p>\n<p>&nbsp;<\/p>\n<p dir=\"ltr\">D&rsquo;ailleurs, Kinshasa continue d&rsquo;assumer, y compris dans les zones occup\u00e9es, les frais de fonctionnement, les salaires et les primes des enseignants. L&rsquo;AFC\/M23, elle, ne fait que racketter.<\/p>\n<p>&nbsp;<\/p>\n<p dir=\"ltr\"><strong>LES \u00c9L\u00c9MENTS NOUVEAUX QUI AGGRAVENT LA SOUFFRANCE<\/strong><\/p>\n<p>&nbsp;<\/p>\n<p dir=\"ltr\"><strong>a) La centralisation de la rente \u00e9ducative<\/strong> : Depuis juillet 2026, \u00e0 Kirumba, l&rsquo;AFC\/M23 a impos\u00e9 que tous les bulletins scolaires soient imprim\u00e9s \u00e0 Goma et que l&rsquo;ensemble des frais per\u00e7us soient centralis\u00e9s par son administration financi\u00e8re rebelle. La cl\u00e9 de r\u00e9partition est un aveu en soi : 70% pour la prime des enseignants, 20% pour les gestionnaires, 8% pour le fonctionnement et *2% pr\u00e9lev\u00e9s directement pour la caisse de guerre de l&rsquo;AFC\/M23*. L&rsquo;\u00e9cole finance d\u00e9sormais la r\u00e9bellion.<\/p>\n<p>&nbsp;<\/p>\n<p dir=\"ltr\"><strong>b) Le risque d&rsquo;une ann\u00e9e blanche et d&rsquo;un d\u00e9crochage scolaire massif<\/strong> :Plus de 29 millions d&rsquo;\u00e9l\u00e8ves sont attendus cette ann\u00e9e au niveau national. Dans les zones occup\u00e9es, la timide rentr\u00e9e du 1er septembre 2025 a d\u00e9montr\u00e9 que de nombreux parents sont dans l&rsquo;incapacit\u00e9 de payer. Cons\u00e9quence : les enfants de l&rsquo;Est ne b\u00e9n\u00e9ficient plus de la gratuit\u00e9, ce qui aura un impact consid\u00e9rable sur le syst\u00e8me \u00e9ducatif national lors de la restauration de l&rsquo;autorit\u00e9 de l&rsquo;\u00c9tat.<\/p>\n<p>&nbsp;<\/p>\n<p dir=\"ltr\"><strong>c) La double peine pour les enseignants :<\/strong>\u00a0L&rsquo;AFC\/M23 instrumentalise la pr\u00e9carit\u00e9 des enseignants, notamment les Nouvelles Unit\u00e9s non pay\u00e9es, pour justifier sa taxe, alors m\u00eame que c&rsquo;est Kinshasa qui continue d&rsquo;assurer leur r\u00e9mun\u00e9ration. C&rsquo;est une manipulation \u00e9hont\u00e9e.<\/p>\n<p>&nbsp;<\/p>\n<p dir=\"ltr\"><strong>LA GRATUIT\u00c9, SYMBOLE DE LA R\u00c9SISTANCE<\/strong><\/p>\n<p>&nbsp;<\/p>\n<p dir=\"ltr\">La vision du Pr\u00e9sident de la R\u00e9publique F\u00e9lix Tshisekedi, mat\u00e9rialis\u00e9e par la gratuit\u00e9 depuis 2019, a permis \u00e0 des millions d&rsquo;enfants de retrouver le chemin de l&rsquo;\u00e9cole. Vouloir la supprimer dans l&rsquo;Est, c&rsquo;est vouloir assassiner l&rsquo;avenir.<\/p>\n<p>&nbsp;<\/p>\n<p dir=\"ltr\">Le peuple de l&rsquo;Est ne demande pas la charit\u00e9. Il exige le respect de la Constitution, le retour de l&rsquo;\u00c9tat et que l&rsquo;\u00e9ducation de ses enfants ne devienne pas l&rsquo;imp\u00f4t de guerre d&rsquo;une r\u00e9bellion.<\/p>\n<p>&nbsp;<\/p>\n<p dir=\"ltr\"><strong>C&rsquo;est une question de s\u00e9curit\u00e9 sociale et de dignit\u00e9 nationale.<\/strong><\/p>\n<p>&nbsp;<\/p>\n<p dir=\"ltr\">FOGEKA AGENCY condamne avec la derni\u00e8re \u00e9nergie la pr\u00e9sence de la r\u00e9bellion AFC\/M23 qui met en p\u00e9ril l&rsquo;avenir de nos enfants. Peuple congolais, mobilisons-nous comme un seul homme pour dire non, non et non au plan de Paul Kagame, de Joseph Kabila et de Corneille Nangaa.*<\/p>\n<p>&nbsp;<\/p>\n<p dir=\"ltr\"><strong>FOGEKA AGENCY demande :<\/strong><\/p>\n<p dir=\"ltr\">1. Que le Gouvernement maintienne fermement le financement de la gratuit\u00e9 dans les zones occup\u00e9es comme acte de souverainet\u00e9 ;<\/p>\n<p dir=\"ltr\">2. Que\u00a0 l&rsquo;UNICEF, l&rsquo;UNESCO et le CICR documentent cette violation du droit \u00e0 l&rsquo;\u00e9ducation comme crime contre l&rsquo;enfance ;<\/p>\n<p dir=\"ltr\">3. Que des m\u00e9canismes de solidarit\u00e9 pour la rentr\u00e9e scolaire des orphelins de guerre de l&rsquo;Est soient activ\u00e9s d&rsquo;urgence.<\/p>\n<p>&nbsp;<\/p>\n<p dir=\"ltr\"><strong>L&rsquo;Humain en Boussole.<\/strong><\/p>\n<p>&nbsp;<\/p>\n<p dir=\"ltr\">FOGEKA AGENCY<\/p>\n<p dir=\"ltr\">Communication : <a href=\"https:\/\/www.fogeka-rdc.org\/\" target=\"_blank\" rel=\"noopener\">https:\/\/www.fogeka-rdc.org<\/a><\/p>\n<p dir=\"ltr\">E-mail : <a href=\"mailto:fogekardc@gmail.com\" target=\"_blank\" rel=\"noopener\">fogekardc@gmail.com<\/a><\/p>\n<p dir=\"ltr\">T\u00e9l : +243 818 344 445<\/p>\n<p dir=\"ltr\">\u00a0Kinshasa \/ RDC<\/p>\n","protected":false},"excerpt":{"rendered":"<p>Par\u00a0 G\u00e9nie KANDE Pendant que le Pr\u00e9sident de la R\u00e9publique, F\u00e9lix-Antoine Tshisekedi Tshilombo, enjoint le Gouvernement \u00e0 garantir une rentr\u00e9e&hellip;<\/p>\n","protected":false},"author":2,"featured_media":666,"comment_status":"open","ping_status":"open","sticky":true,"template":"","format":"standard","meta":{"footnotes":""},"categories":[2,15],"tags":[],"class_list":["post-752","post","type-post","status-publish","format-standard","has-post-thumbnail","hentry","category-actualite","category-securite"],"yoast_head":"<!-- This site is optimized with the Yoast SEO plugin v28.3 - https:\/\/yoast.com\/product\/yoast-seo-wordpress\/ -->\n<title>RDC - S\u00c9CURIT\u00c9 SOCIALE : RENTR\u00c9E SCOLAIRE 2026-2027, L&#039;AFC\/M23 PLONGE LES POPULATIONS DE L&#039;EST DANS UNE SOUFFRANCE INTERMINABLE - fogeka-rdc<\/title>\n<meta name=\"robots\" content=\"index, follow, max-snippet:-1, max-image-preview:large, max-video-preview:-1\" \/>\n<link rel=\"canonical\" href=\"https:\/\/fogeka-rdc.org\/index.php\/2026\/08\/21\/rdc-securite-sociale-rentree-scolaire-2026-2027-lafc-m23-plonge-les-populations-de-lest-dans-une-souffrance-interminable\/\" \/>\n<meta property=\"og:locale\" content=\"fr_FR\" \/>\n<meta property=\"og:type\" content=\"article\" \/>\n<meta property=\"og:title\" content=\"RDC - S\u00c9CURIT\u00c9 SOCIALE : RENTR\u00c9E SCOLAIRE 2026-2027, L&#039;AFC\/M23 PLONGE LES POPULATIONS DE L&#039;EST DANS UNE SOUFFRANCE INTERMINABLE - fogeka-rdc\" \/>\n<meta property=\"og:description\" content=\"Par\u00a0 G\u00e9nie KANDE Pendant que le Pr\u00e9sident de la R\u00e9publique, F\u00e9lix-Antoine Tshisekedi Tshilombo, enjoint le Gouvernement \u00e0 garantir une rentr\u00e9e&hellip;\" \/>\n<meta property=\"og:url\" content=\"https:\/\/fogeka-rdc.org\/index.php\/2026\/08\/21\/rdc-securite-sociale-rentree-scolaire-2026-2027-lafc-m23-plonge-les-populations-de-lest-dans-une-souffrance-interminable\/\" \/>\n<meta property=\"og:site_name\" content=\"fogeka-rdc\" \/>\n<meta property=\"article:published_time\" content=\"2026-08-21T10:53:42+00:00\" \/>\n<meta property=\"article:modified_time\" content=\"2026-08-25T10:59:58+00:00\" \/>\n<meta property=\"og:image\" content=\"https:\/\/fogeka-rdc.org\/wp-content\/uploads\/2026\/08\/C64_opposition.jpg\" \/>\n\t<meta property=\"og:image:width\" content=\"1080\" \/>\n\t<meta property=\"og:image:height\" content=\"560\" \/>\n\t<meta property=\"og:image:type\" content=\"image\/jpeg\" \/>\n<meta name=\"author\" content=\"Fogeka Fogekardc\" \/>\n<meta name=\"twitter:card\" content=\"summary_large_image\" \/>\n<meta name=\"twitter:label1\" content=\"\u00c9crit par\" \/>\n\t<meta name=\"twitter:data1\" content=\"Fogeka Fogekardc\" \/>\n\t<meta name=\"twitter:label2\" content=\"Dur\u00e9e de lecture estim\u00e9e\" \/>\n\t<meta name=\"twitter:data2\" content=\"5 minutes\" \/>\n<script type=\"application\/ld+json\" class=\"yoast-schema-graph\">{\"@context\":\"https:\\\/\\\/schema.org\",\"@graph\":[{\"@type\":\"Article\",\"@id\":\"https:\\\/\\\/fogeka-rdc.org\\\/index.php\\\/2026\\\/08\\\/21\\\/rdc-securite-sociale-rentree-scolaire-2026-2027-lafc-m23-plonge-les-populations-de-lest-dans-une-souffrance-interminable\\\/#article\",\"isPartOf\":{\"@id\":\"https:\\\/\\\/fogeka-rdc.org\\\/index.php\\\/2026\\\/08\\\/21\\\/rdc-securite-sociale-rentree-scolaire-2026-2027-lafc-m23-plonge-les-populations-de-lest-dans-une-souffrance-interminable\\\/\"},\"author\":{\"name\":\"Fogeka Fogekardc\",\"@id\":\"https:\\\/\\\/fogeka-rdc.org\\\/#\\\/schema\\\/person\\\/326652cf3d7bfcbab6d224e17d6992ef\"},\"headline\":\"RDC &#8211; S\u00c9CURIT\u00c9 SOCIALE : RENTR\u00c9E SCOLAIRE 2026-2027, L&rsquo;AFC\\\/M23 PLONGE LES POPULATIONS DE L&rsquo;EST DANS UNE SOUFFRANCE INTERMINABLE\",\"datePublished\":\"2026-08-21T10:53:42+00:00\",\"dateModified\":\"2026-08-25T10:59:58+00:00\",\"mainEntityOfPage\":{\"@id\":\"https:\\\/\\\/fogeka-rdc.org\\\/index.php\\\/2026\\\/08\\\/21\\\/rdc-securite-sociale-rentree-scolaire-2026-2027-lafc-m23-plonge-les-populations-de-lest-dans-une-souffrance-interminable\\\/\"},\"wordCount\":1012,\"commentCount\":0,\"publisher\":{\"@id\":\"https:\\\/\\\/fogeka-rdc.org\\\/#organization\"},\"image\":{\"@id\":\"https:\\\/\\\/fogeka-rdc.org\\\/index.php\\\/2026\\\/08\\\/21\\\/rdc-securite-sociale-rentree-scolaire-2026-2027-lafc-m23-plonge-les-populations-de-lest-dans-une-souffrance-interminable\\\/#primaryimage\"},\"thumbnailUrl\":\"https:\\\/\\\/fogeka-rdc.org\\\/wp-content\\\/uploads\\\/2026\\\/08\\\/C64_opposition.jpg\",\"articleSection\":[\"Actualit\u00e9\",\"Securite\"],\"inLanguage\":\"fr-FR\",\"potentialAction\":[{\"@type\":\"CommentAction\",\"name\":\"Comment\",\"target\":[\"https:\\\/\\\/fogeka-rdc.org\\\/index.php\\\/2026\\\/08\\\/21\\\/rdc-securite-sociale-rentree-scolaire-2026-2027-lafc-m23-plonge-les-populations-de-lest-dans-une-souffrance-interminable\\\/#respond\"]}]},{\"@type\":\"WebPage\",\"@id\":\"https:\\\/\\\/fogeka-rdc.org\\\/index.php\\\/2026\\\/08\\\/21\\\/rdc-securite-sociale-rentree-scolaire-2026-2027-lafc-m23-plonge-les-populations-de-lest-dans-une-souffrance-interminable\\\/\",\"url\":\"https:\\\/\\\/fogeka-rdc.org\\\/index.php\\\/2026\\\/08\\\/21\\\/rdc-securite-sociale-rentree-scolaire-2026-2027-lafc-m23-plonge-les-populations-de-lest-dans-une-souffrance-interminable\\\/\",\"name\":\"RDC - S\u00c9CURIT\u00c9 SOCIALE : RENTR\u00c9E SCOLAIRE 2026-2027, L'AFC\\\/M23 PLONGE LES POPULATIONS DE L'EST DANS UNE SOUFFRANCE INTERMINABLE - fogeka-rdc\",\"isPartOf\":{\"@id\":\"https:\\\/\\\/fogeka-rdc.org\\\/#website\"},\"primaryImageOfPage\":{\"@id\":\"https:\\\/\\\/fogeka-rdc.org\\\/index.php\\\/2026\\\/08\\\/21\\\/rdc-securite-sociale-rentree-scolaire-2026-2027-lafc-m23-plonge-les-populations-de-lest-dans-une-souffrance-interminable\\\/#primaryimage\"},\"image\":{\"@id\":\"https:\\\/\\\/fogeka-rdc.org\\\/index.php\\\/2026\\\/08\\\/21\\\/rdc-securite-sociale-rentree-scolaire-2026-2027-lafc-m23-plonge-les-populations-de-lest-dans-une-souffrance-interminable\\\/#primaryimage\"},\"thumbnailUrl\":\"https:\\\/\\\/fogeka-rdc.org\\\/wp-content\\\/uploads\\\/2026\\\/08\\\/C64_opposition.jpg\",\"datePublished\":\"2026-08-21T10:53:42+00:00\",\"dateModified\":\"2026-08-25T10:59:58+00:00\",\"breadcrumb\":{\"@id\":\"https:\\\/\\\/fogeka-rdc.org\\\/index.php\\\/2026\\\/08\\\/21\\\/rdc-securite-sociale-rentree-scolaire-2026-2027-lafc-m23-plonge-les-populations-de-lest-dans-une-souffrance-interminable\\\/#breadcrumb\"},\"inLanguage\":\"fr-FR\",\"potentialAction\":[{\"@type\":\"ReadAction\",\"target\":[\"https:\\\/\\\/fogeka-rdc.org\\\/index.php\\\/2026\\\/08\\\/21\\\/rdc-securite-sociale-rentree-scolaire-2026-2027-lafc-m23-plonge-les-populations-de-lest-dans-une-souffrance-interminable\\\/\"]}]},{\"@type\":\"ImageObject\",\"inLanguage\":\"fr-FR\",\"@id\":\"https:\\\/\\\/fogeka-rdc.org\\\/index.php\\\/2026\\\/08\\\/21\\\/rdc-securite-sociale-rentree-scolaire-2026-2027-lafc-m23-plonge-les-populations-de-lest-dans-une-souffrance-interminable\\\/#primaryimage\",\"url\":\"https:\\\/\\\/fogeka-rdc.org\\\/wp-content\\\/uploads\\\/2026\\\/08\\\/C64_opposition.jpg\",\"contentUrl\":\"https:\\\/\\\/fogeka-rdc.org\\\/wp-content\\\/uploads\\\/2026\\\/08\\\/C64_opposition.jpg\",\"width\":1080,\"height\":560},{\"@type\":\"BreadcrumbList\",\"@id\":\"https:\\\/\\\/fogeka-rdc.org\\\/index.php\\\/2026\\\/08\\\/21\\\/rdc-securite-sociale-rentree-scolaire-2026-2027-lafc-m23-plonge-les-populations-de-lest-dans-une-souffrance-interminable\\\/#breadcrumb\",\"itemListElement\":[{\"@type\":\"ListItem\",\"position\":1,\"name\":\"Accueil\",\"item\":\"https:\\\/\\\/fogeka-rdc.org\\\/\"},{\"@type\":\"ListItem\",\"position\":2,\"name\":\"RDC &#8211; S\u00c9CURIT\u00c9 SOCIALE : RENTR\u00c9E SCOLAIRE 2026-2027, L&rsquo;AFC\\\/M23 PLONGE LES POPULATIONS DE L&rsquo;EST DANS UNE SOUFFRANCE INTERMINABLE\"}]},{\"@type\":\"WebSite\",\"@id\":\"https:\\\/\\\/fogeka-rdc.org\\\/#website\",\"url\":\"https:\\\/\\\/fogeka-rdc.org\\\/\",\"name\":\"fogeka-rdc\",\"description\":\"Agro foresterie, dans la paix, pour le d\u00e9veloppement\",\"publisher\":{\"@id\":\"https:\\\/\\\/fogeka-rdc.org\\\/#organization\"},\"potentialAction\":[{\"@type\":\"SearchAction\",\"target\":{\"@type\":\"EntryPoint\",\"urlTemplate\":\"https:\\\/\\\/fogeka-rdc.org\\\/?s={search_term_string}\"},\"query-input\":{\"@type\":\"PropertyValueSpecification\",\"valueRequired\":true,\"valueName\":\"search_term_string\"}}],\"inLanguage\":\"fr-FR\"},{\"@type\":\"Organization\",\"@id\":\"https:\\\/\\\/fogeka-rdc.org\\\/#organization\",\"name\":\"fogeka-rdc\",\"url\":\"https:\\\/\\\/fogeka-rdc.org\\\/\",\"logo\":{\"@type\":\"ImageObject\",\"inLanguage\":\"fr-FR\",\"@id\":\"https:\\\/\\\/fogeka-rdc.org\\\/#\\\/schema\\\/logo\\\/image\\\/\",\"url\":\"https:\\\/\\\/fogeka-rdc.org\\\/wp-content\\\/uploads\\\/2025\\\/09\\\/cropped-cropped-WhatsApp-Image-2025-09-12-at-23.09.05.jpeg\",\"contentUrl\":\"https:\\\/\\\/fogeka-rdc.org\\\/wp-content\\\/uploads\\\/2025\\\/09\\\/cropped-cropped-WhatsApp-Image-2025-09-12-at-23.09.05.jpeg\",\"width\":250,\"height\":134,\"caption\":\"fogeka-rdc\"},\"image\":{\"@id\":\"https:\\\/\\\/fogeka-rdc.org\\\/#\\\/schema\\\/logo\\\/image\\\/\"}},{\"@type\":\"Person\",\"@id\":\"https:\\\/\\\/fogeka-rdc.org\\\/#\\\/schema\\\/person\\\/326652cf3d7bfcbab6d224e17d6992ef\",\"name\":\"Fogeka Fogekardc\",\"image\":{\"@type\":\"ImageObject\",\"inLanguage\":\"fr-FR\",\"@id\":\"https:\\\/\\\/secure.gravatar.com\\\/avatar\\\/7409435eb90dab5dd3e21946e11423d79d4fd27d0d76a9a6883c8f31758a7ecd?s=96&d=mm&r=g\",\"url\":\"https:\\\/\\\/secure.gravatar.com\\\/avatar\\\/7409435eb90dab5dd3e21946e11423d79d4fd27d0d76a9a6883c8f31758a7ecd?s=96&d=mm&r=g\",\"contentUrl\":\"https:\\\/\\\/secure.gravatar.com\\\/avatar\\\/7409435eb90dab5dd3e21946e11423d79d4fd27d0d76a9a6883c8f31758a7ecd?s=96&d=mm&r=g\",\"caption\":\"Fogeka Fogekardc\"},\"url\":\"https:\\\/\\\/fogeka-rdc.org\\\/index.php\\\/author\\\/fogeka-admin\\\/\"}]}<\/script>\n<!-- \/ Yoast SEO plugin. -->","yoast_head_json":{"title":"RDC - S\u00c9CURIT\u00c9 SOCIALE : RENTR\u00c9E SCOLAIRE 2026-2027, L'AFC\/M23 PLONGE LES POPULATIONS DE L'EST DANS UNE SOUFFRANCE INTERMINABLE - fogeka-rdc","robots":{"index":"index","follow":"follow","max-snippet":"max-snippet:-1","max-image-preview":"max-image-preview:large","max-video-preview":"max-video-preview:-1"},"canonical":"https:\/\/fogeka-rdc.org\/index.php\/2026\/08\/21\/rdc-securite-sociale-rentree-scolaire-2026-2027-lafc-m23-plonge-les-populations-de-lest-dans-une-souffrance-interminable\/","og_locale":"fr_FR","og_type":"article","og_title":"RDC - S\u00c9CURIT\u00c9 SOCIALE : RENTR\u00c9E SCOLAIRE 2026-2027, L'AFC\/M23 PLONGE LES POPULATIONS DE L'EST DANS UNE SOUFFRANCE INTERMINABLE - fogeka-rdc","og_description":"Par\u00a0 G\u00e9nie KANDE Pendant que le Pr\u00e9sident de la R\u00e9publique, F\u00e9lix-Antoine Tshisekedi Tshilombo, enjoint le Gouvernement \u00e0 garantir une rentr\u00e9e&hellip;","og_url":"https:\/\/fogeka-rdc.org\/index.php\/2026\/08\/21\/rdc-securite-sociale-rentree-scolaire-2026-2027-lafc-m23-plonge-les-populations-de-lest-dans-une-souffrance-interminable\/","og_site_name":"fogeka-rdc","article_published_time":"2026-08-21T10:53:42+00:00","article_modified_time":"2026-08-25T10:59:58+00:00","og_image":[{"width":1080,"height":560,"url":"https:\/\/fogeka-rdc.org\/wp-content\/uploads\/2026\/08\/C64_opposition.jpg","type":"image\/jpeg"}],"author":"Fogeka Fogekardc","twitter_card":"summary_large_image","twitter_misc":{"\u00c9crit par":"Fogeka Fogekardc","Dur\u00e9e de lecture estim\u00e9e":"5 minutes"},"schema":{"@context":"https:\/\/schema.org","@graph":[{"@type":"Article","@id":"https:\/\/fogeka-rdc.org\/index.php\/2026\/08\/21\/rdc-securite-sociale-rentree-scolaire-2026-2027-lafc-m23-plonge-les-populations-de-lest-dans-une-souffrance-interminable\/#article","isPartOf":{"@id":"https:\/\/fogeka-rdc.org\/index.php\/2026\/08\/21\/rdc-securite-sociale-rentree-scolaire-2026-2027-lafc-m23-plonge-les-populations-de-lest-dans-une-souffrance-interminable\/"},"author":{"name":"Fogeka Fogekardc","@id":"https:\/\/fogeka-rdc.org\/#\/schema\/person\/326652cf3d7bfcbab6d224e17d6992ef"},"headline":"RDC &#8211; S\u00c9CURIT\u00c9 SOCIALE : RENTR\u00c9E SCOLAIRE 2026-2027, L&rsquo;AFC\/M23 PLONGE LES POPULATIONS DE L&rsquo;EST DANS UNE SOUFFRANCE INTERMINABLE","datePublished":"2026-08-21T10:53:42+00:00","dateModified":"2026-08-25T10:59:58+00:00","mainEntityOfPage":{"@id":"https:\/\/fogeka-rdc.org\/index.php\/2026\/08\/21\/rdc-securite-sociale-rentree-scolaire-2026-2027-lafc-m23-plonge-les-populations-de-lest-dans-une-souffrance-interminable\/"},"wordCount":1012,"commentCount":0,"publisher":{"@id":"https:\/\/fogeka-rdc.org\/#organization"},"image":{"@id":"https:\/\/fogeka-rdc.org\/index.php\/2026\/08\/21\/rdc-securite-sociale-rentree-scolaire-2026-2027-lafc-m23-plonge-les-populations-de-lest-dans-une-souffrance-interminable\/#primaryimage"},"thumbnailUrl":"https:\/\/fogeka-rdc.org\/wp-content\/uploads\/2026\/08\/C64_opposition.jpg","articleSection":["Actualit\u00e9","Securite"],"inLanguage":"fr-FR","potentialAction":[{"@type":"CommentAction","name":"Comment","target":["https:\/\/fogeka-rdc.org\/index.php\/2026\/08\/21\/rdc-securite-sociale-rentree-scolaire-2026-2027-lafc-m23-plonge-les-populations-de-lest-dans-une-souffrance-interminable\/#respond"]}]},{"@type":"WebPage","@id":"https:\/\/fogeka-rdc.org\/index.php\/2026\/08\/21\/rdc-securite-sociale-rentree-scolaire-2026-2027-lafc-m23-plonge-les-populations-de-lest-dans-une-souffrance-interminable\/","url":"https:\/\/fogeka-rdc.org\/index.php\/2026\/08\/21\/rdc-securite-sociale-rentree-scolaire-2026-2027-lafc-m23-plonge-les-populations-de-lest-dans-une-souffrance-interminable\/","name":"RDC - S\u00c9CURIT\u00c9 SOCIALE : RENTR\u00c9E SCOLAIRE 2026-2027, L'AFC\/M23 PLONGE LES POPULATIONS DE L'EST DANS UNE SOUFFRANCE INTERMINABLE - fogeka-rdc","isPartOf":{"@id":"https:\/\/fogeka-rdc.org\/#website"},"primaryImageOfPage":{"@id":"https:\/\/fogeka-rdc.org\/index.php\/2026\/08\/21\/rdc-securite-sociale-rentree-scolaire-2026-2027-lafc-m23-plonge-les-populations-de-lest-dans-une-souffrance-interminable\/#primaryimage"},"image":{"@id":"https:\/\/fogeka-rdc.org\/index.php\/2026\/08\/21\/rdc-securite-sociale-rentree-scolaire-2026-2027-lafc-m23-plonge-les-populations-de-lest-dans-une-souffrance-interminable\/#primaryimage"},"thumbnailUrl":"https:\/\/fogeka-rdc.org\/wp-content\/uploads\/2026\/08\/C64_opposition.jpg","datePublished":"2026-08-21T10:53:42+00:00","dateModified":"2026-08-25T10:59:58+00:00","breadcrumb":{"@id":"https:\/\/fogeka-rdc.org\/index.php\/2026\/08\/21\/rdc-securite-sociale-rentree-scolaire-2026-2027-lafc-m23-plonge-les-populations-de-lest-dans-une-souffrance-interminable\/#breadcrumb"},"inLanguage":"fr-FR","potentialAction":[{"@type":"ReadAction","target":["https:\/\/fogeka-rdc.org\/index.php\/2026\/08\/21\/rdc-securite-sociale-rentree-scolaire-2026-2027-lafc-m23-plonge-les-populations-de-lest-dans-une-souffrance-interminable\/"]}]},{"@type":"ImageObject","inLanguage":"fr-FR","@id":"https:\/\/fogeka-rdc.org\/index.php\/2026\/08\/21\/rdc-securite-sociale-rentree-scolaire-2026-2027-lafc-m23-plonge-les-populations-de-lest-dans-une-souffrance-interminable\/#primaryimage","url":"https:\/\/fogeka-rdc.org\/wp-content\/uploads\/2026\/08\/C64_opposition.jpg","contentUrl":"https:\/\/fogeka-rdc.org\/wp-content\/uploads\/2026\/08\/C64_opposition.jpg","width":1080,"height":560},{"@type":"BreadcrumbList","@id":"https:\/\/fogeka-rdc.org\/index.php\/2026\/08\/21\/rdc-securite-sociale-rentree-scolaire-2026-2027-lafc-m23-plonge-les-populations-de-lest-dans-une-souffrance-interminable\/#breadcrumb","itemListElement":[{"@type":"ListItem","position":1,"name":"Accueil","item":"https:\/\/fogeka-rdc.org\/"},{"@type":"ListItem","position":2,"name":"RDC &#8211; S\u00c9CURIT\u00c9 SOCIALE : RENTR\u00c9E SCOLAIRE 2026-2027, L&rsquo;AFC\/M23 PLONGE LES POPULATIONS DE L&rsquo;EST DANS UNE SOUFFRANCE INTERMINABLE"}]},{"@type":"WebSite","@id":"https:\/\/fogeka-rdc.org\/#website","url":"https:\/\/fogeka-rdc.org\/","name":"fogeka-rdc","description":"Agro foresterie, dans la paix, pour le d\u00e9veloppement","publisher":{"@id":"https:\/\/fogeka-rdc.org\/#organization"},"potentialAction":[{"@type":"SearchAction","target":{"@type":"EntryPoint","urlTemplate":"https:\/\/fogeka-rdc.org\/?s={search_term_string}"},"query-input":{"@type":"PropertyValueSpecification","valueRequired":true,"valueName":"search_term_string"}}],"inLanguage":"fr-FR"},{"@type":"Organization","@id":"https:\/\/fogeka-rdc.org\/#organization","name":"fogeka-rdc","url":"https:\/\/fogeka-rdc.org\/","logo":{"@type":"ImageObject","inLanguage":"fr-FR","@id":"https:\/\/fogeka-rdc.org\/#\/schema\/logo\/image\/","url":"https:\/\/fogeka-rdc.org\/wp-content\/uploads\/2025\/09\/cropped-cropped-WhatsApp-Image-2025-09-12-at-23.09.05.jpeg","contentUrl":"https:\/\/fogeka-rdc.org\/wp-content\/uploads\/2025\/09\/cropped-cropped-WhatsApp-Image-2025-09-12-at-23.09.05.jpeg","width":250,"height":134,"caption":"fogeka-rdc"},"image":{"@id":"https:\/\/fogeka-rdc.org\/#\/schema\/logo\/image\/"}},{"@type":"Person","@id":"https:\/\/fogeka-rdc.org\/#\/schema\/person\/326652cf3d7bfcbab6d224e17d6992ef","name":"Fogeka Fogekardc","image":{"@type":"ImageObject","inLanguage":"fr-FR","@id":"https:\/\/secure.gravatar.com\/avatar\/7409435eb90dab5dd3e21946e11423d79d4fd27d0d76a9a6883c8f31758a7ecd?s=96&d=mm&r=g","url":"https:\/\/secure.gravatar.com\/avatar\/7409435eb90dab5dd3e21946e11423d79d4fd27d0d76a9a6883c8f31758a7ecd?s=96&d=mm&r=g","contentUrl":"https:\/\/secure.gravatar.com\/avatar\/7409435eb90dab5dd3e21946e11423d79d4fd27d0d76a9a6883c8f31758a7ecd?s=96&d=mm&r=g","caption":"Fogeka Fogekardc"},"url":"https:\/\/fogeka-rdc.org\/index.php\/author\/fogeka-admin\/"}]}},"_links":{"self":[{"href":"https:\/\/fogeka-rdc.org\/index.php\/wp-json\/wp\/v2\/posts\/752","targetHints":{"allow":["GET"]}}],"collection":[{"href":"https:\/\/fogeka-rdc.org\/index.php\/wp-json\/wp\/v2\/posts"}],"about":[{"href":"https:\/\/fogeka-rdc.org\/index.php\/wp-json\/wp\/v2\/types\/post"}],"author":[{"embeddable":true,"href":"https:\/\/fogeka-rdc.org\/index.php\/wp-json\/wp\/v2\/users\/2"}],"replies":[{"embeddable":true,"href":"https:\/\/fogeka-rdc.org\/index.php\/wp-json\/wp\/v2\/comments?post=752"}],"version-history":[{"count":1,"href":"https:\/\/fogeka-rdc.org\/index.php\/wp-json\/wp\/v2\/posts\/752\/revisions"}],"predecessor-version":[{"id":753,"href":"https:\/\/fogeka-rdc.org\/index.php\/wp-json\/wp\/v2\/posts\/752\/revisions\/753"}],"wp:featuredmedia":[{"embeddable":true,"href":"https:\/\/fogeka-rdc.org\/index.php\/wp-json\/wp\/v2\/media\/666"}],"wp:attachment":[{"href":"https:\/\/fogeka-rdc.org\/index.php\/wp-json\/wp\/v2\/media?parent=752"}],"wp:term":[{"taxonomy":"category","embeddable":true,"href":"https:\/\/fogeka-rdc.org\/index.php\/wp-json\/wp\/v2\/categories?post=752"},{"taxonomy":"post_tag","embeddable":true,"href":"https:\/\/fogeka-rdc.org\/index.php\/wp-json\/wp\/v2\/tags?post=752"}],"curies":[{"name":"wp","href":"https:\/\/api.w.org\/{rel}","templated":true}]}}