{"id":754,"date":"2026-08-25T11:08:18","date_gmt":"2026-08-25T11:08:18","guid":{"rendered":"https:\/\/fogeka-rdc.org\/?p=754"},"modified":"2026-08-25T11:08:18","modified_gmt":"2026-08-25T11:08:18","slug":"rdc-kananga-rentree-scolaire-2026-2027-barnabe-muakadi-confirme-son-engagement-a-la-solidarite-nationale-dans-la-vision-de-felix-antoine-tshisekedi","status":"publish","type":"post","link":"https:\/\/fogeka-rdc.org\/index.php\/2026\/08\/25\/rdc-kananga-rentree-scolaire-2026-2027-barnabe-muakadi-confirme-son-engagement-a-la-solidarite-nationale-dans-la-vision-de-felix-antoine-tshisekedi\/","title":{"rendered":"RDC &#8211; KANANGA : Rentr\u00e9e scolaire 2026-2027, Barnab\u00e9 MUAKADI confirme son engagement \u00e0 la solidarit\u00e9 nationale, dans la vision de F\u00e9lix Antoine Tshisekedi"},"content":{"rendered":"<p dir=\"ltr\">Par: G\u00e9nie KANDE<\/p>\n<p dir=\"ltr\">Dans un contexte social marqu\u00e9 par la pr\u00e9carit\u00e9, l&rsquo;homme de Dieu et cadre de la R\u00e9publique, l&rsquo;Ap\u00f4tre Barnab\u00e9 MUAKADI, s&rsquo;impose comme une figure constante de la compassion agissante. Fid\u00e8le \u00e0 la vision sociale du Pr\u00e9sident de la R\u00e9publique, Son Excellence F\u00e9lix Antoine Tshisekedi Tshilombo, il demeure, ann\u00e9e apr\u00e8s ann\u00e9e, au chevet des plus d\u00e9munis.<\/p>\n<p>&nbsp;<\/p>\n<p dir=\"ltr\">Tr\u00e8s attendu par les enfants orphelins et les femmes veuves, son action transcende le discours. Depuis pr\u00e8s de cinq ans, la Fondation Chr\u00e9tienne Barnab\u00e9 MUAKADI affiche un bilan \u00e9minemment satisfaisant dans le domaine socio-humanitaire. Ses interventions, qui s&rsquo;\u00e9tendent des camps de d\u00e9plac\u00e9s de guerre \u00e0 l&rsquo;Est du pays jusqu&rsquo;aux orphelins victimes de violences, voire au-del\u00e0 des fronti\u00e8res nationales, sont connues \u00e0 travers toute la R\u00e9publique pour leur constance et leur efficacit\u00e9. Sa g\u00e9n\u00e9rosit\u00e9 envers les plus pauvres n&rsquo;a plus de limite, car elle proc\u00e8de d&rsquo;une vocation : l&rsquo;appel de Dieu.<\/p>\n<p>&nbsp;<\/p>\n<p dir=\"ltr\">Car aimer son pays, c&rsquo;est r\u00e9aliser la volont\u00e9 de son Pr\u00e9sident* . En ce sens, l&rsquo;Ap\u00f4tre MUAKADI administre la preuve \u00e9clatante de sa loyaut\u00e9 envers le Chef de l&rsquo;\u00c9tat. Sa bienfaisance n&rsquo;est pas une posture, elle est l&rsquo;expression d&rsquo;une ob\u00e9issance spirituelle, l&rsquo;ex\u00e9cution de la volont\u00e9 divine sur les pauvres.<\/p>\n<p>&nbsp;<\/p>\n<p dir=\"ltr\">\u00a0Pour la rentr\u00e9e scolaire 2026-2027 \u00e0 Kananga, c&rsquo;est le Vice-Gouverneur assurant l&rsquo;int\u00e9rim, M. Job Kuyindama Kandende , qui a proc\u00e9d\u00e9 \u00e0 la remise solennelle des kits scolaires aux enfants b\u00e9n\u00e9ficiaires. Un don du Pr\u00e9sident de la R\u00e9publique, F\u00e9lix Antoine Tshisekedi Tshilombo, canalis\u00e9 par la Fondation Chr\u00e9tienne Barnab\u00e9 MUAKADI. Au nom du pouvoir provincial du Kasa\u00ef Central, le Vice-Gouverneur a tenu \u00e0 remercier le fondateur, l&rsquo;Ap\u00f4tre Barnab\u00e9 MUAKADI , pour son soutien ind\u00e9fectible, renouvel\u00e9 chaque ann\u00e9e, \u00e0 l&rsquo;endroit des enfants vuln\u00e9rables.<\/p>\n<p>&nbsp;<\/p>\n<p dir=\"ltr\">\u00a0L&rsquo;humanitaire G\u00e9nie Kande salue cet amour \u00e0 la triple dimension &#8211; spirituelle, sociale et politique &#8211; d&rsquo;un homme qui incarne, par les actes, la solidarit\u00e9 nationale pr\u00f4n\u00e9e par le Chef de l&rsquo;\u00c9tat.*<\/p>\n<p>&nbsp;<\/p>\n<p dir=\"ltr\">Fogeka Agency Communication<\/p>\n<p dir=\"ltr\">e-mail <a href=\"mailto:fogekardc@gmail.com\" target=\"_blank\" rel=\"noopener\">fogekardc@gmail.com<\/a><\/p>\n<p dir=\"ltr\">T\u00e9l :+243 818344445<\/p>\n<p dir=\"ltr\">\u00a0Kinshasa\/ RDC<\/p>\n","protected":false},"excerpt":{"rendered":"<p>Par: G\u00e9nie KANDE Dans un contexte social marqu\u00e9 par la pr\u00e9carit\u00e9, l&rsquo;homme de Dieu et cadre de la R\u00e9publique, l&rsquo;Ap\u00f4tre&hellip;<\/p>\n","protected":false},"author":2,"featured_media":755,"comment_status":"open","ping_status":"open","sticky":true,"template":"","format":"standard","meta":{"footnotes":""},"categories":[2,8],"tags":[],"class_list":["post-754","post","type-post","status-publish","format-standard","has-post-thumbnail","hentry","category-actualite","category-sociale"],"yoast_head":"<!-- This site is optimized with the Yoast SEO plugin v28.3 - https:\/\/yoast.com\/product\/yoast-seo-wordpress\/ -->\n<title>RDC - KANANGA : Rentr\u00e9e scolaire 2026-2027, Barnab\u00e9 MUAKADI confirme son engagement \u00e0 la solidarit\u00e9 nationale, dans la vision de F\u00e9lix Antoine Tshisekedi - fogeka-rdc<\/title>\n<meta name=\"robots\" content=\"index, follow, max-snippet:-1, max-image-preview:large, max-video-preview:-1\" \/>\n<link rel=\"canonical\" href=\"https:\/\/fogeka-rdc.org\/index.php\/2026\/08\/25\/rdc-kananga-rentree-scolaire-2026-2027-barnabe-muakadi-confirme-son-engagement-a-la-solidarite-nationale-dans-la-vision-de-felix-antoine-tshisekedi\/\" \/>\n<meta property=\"og:locale\" content=\"fr_FR\" \/>\n<meta property=\"og:type\" content=\"article\" \/>\n<meta property=\"og:title\" content=\"RDC - KANANGA : Rentr\u00e9e scolaire 2026-2027, Barnab\u00e9 MUAKADI confirme son engagement \u00e0 la solidarit\u00e9 nationale, dans la vision de F\u00e9lix Antoine Tshisekedi - fogeka-rdc\" \/>\n<meta property=\"og:description\" content=\"Par: G\u00e9nie KANDE Dans un contexte social marqu\u00e9 par la pr\u00e9carit\u00e9, l&rsquo;homme de Dieu et cadre de la R\u00e9publique, l&rsquo;Ap\u00f4tre&hellip;\" \/>\n<meta property=\"og:url\" content=\"https:\/\/fogeka-rdc.org\/index.php\/2026\/08\/25\/rdc-kananga-rentree-scolaire-2026-2027-barnabe-muakadi-confirme-son-engagement-a-la-solidarite-nationale-dans-la-vision-de-felix-antoine-tshisekedi\/\" \/>\n<meta property=\"og:site_name\" content=\"fogeka-rdc\" \/>\n<meta property=\"article:published_time\" content=\"2026-08-25T11:08:18+00:00\" \/>\n<meta property=\"og:image\" content=\"https:\/\/fogeka-rdc.org\/wp-content\/uploads\/2026\/08\/Remise-objets-scolaire.jpg\" \/>\n\t<meta property=\"og:image:width\" content=\"768\" \/>\n\t<meta property=\"og:image:height\" content=\"546\" \/>\n\t<meta property=\"og:image:type\" content=\"image\/jpeg\" \/>\n<meta name=\"author\" content=\"Fogeka Fogekardc\" \/>\n<meta name=\"twitter:card\" content=\"summary_large_image\" \/>\n<meta name=\"twitter:label1\" content=\"\u00c9crit par\" \/>\n\t<meta name=\"twitter:data1\" content=\"Fogeka Fogekardc\" \/>\n\t<meta name=\"twitter:label2\" content=\"Dur\u00e9e de lecture estim\u00e9e\" \/>\n\t<meta name=\"twitter:data2\" content=\"2 minutes\" \/>\n<script type=\"application\/ld+json\" class=\"yoast-schema-graph\">{\"@context\":\"https:\\\/\\\/schema.org\",\"@graph\":[{\"@type\":\"Article\",\"@id\":\"https:\\\/\\\/fogeka-rdc.org\\\/index.php\\\/2026\\\/08\\\/25\\\/rdc-kananga-rentree-scolaire-2026-2027-barnabe-muakadi-confirme-son-engagement-a-la-solidarite-nationale-dans-la-vision-de-felix-antoine-tshisekedi\\\/#article\",\"isPartOf\":{\"@id\":\"https:\\\/\\\/fogeka-rdc.org\\\/index.php\\\/2026\\\/08\\\/25\\\/rdc-kananga-rentree-scolaire-2026-2027-barnabe-muakadi-confirme-son-engagement-a-la-solidarite-nationale-dans-la-vision-de-felix-antoine-tshisekedi\\\/\"},\"author\":{\"name\":\"Fogeka Fogekardc\",\"@id\":\"https:\\\/\\\/fogeka-rdc.org\\\/#\\\/schema\\\/person\\\/326652cf3d7bfcbab6d224e17d6992ef\"},\"headline\":\"RDC &#8211; KANANGA : Rentr\u00e9e scolaire 2026-2027, Barnab\u00e9 MUAKADI confirme son engagement \u00e0 la solidarit\u00e9 nationale, dans la vision de F\u00e9lix Antoine Tshisekedi\",\"datePublished\":\"2026-08-25T11:08:18+00:00\",\"mainEntityOfPage\":{\"@id\":\"https:\\\/\\\/fogeka-rdc.org\\\/index.php\\\/2026\\\/08\\\/25\\\/rdc-kananga-rentree-scolaire-2026-2027-barnabe-muakadi-confirme-son-engagement-a-la-solidarite-nationale-dans-la-vision-de-felix-antoine-tshisekedi\\\/\"},\"wordCount\":401,\"commentCount\":0,\"publisher\":{\"@id\":\"https:\\\/\\\/fogeka-rdc.org\\\/#organization\"},\"image\":{\"@id\":\"https:\\\/\\\/fogeka-rdc.org\\\/index.php\\\/2026\\\/08\\\/25\\\/rdc-kananga-rentree-scolaire-2026-2027-barnabe-muakadi-confirme-son-engagement-a-la-solidarite-nationale-dans-la-vision-de-felix-antoine-tshisekedi\\\/#primaryimage\"},\"thumbnailUrl\":\"https:\\\/\\\/fogeka-rdc.org\\\/wp-content\\\/uploads\\\/2026\\\/08\\\/Remise-objets-scolaire.jpg\",\"articleSection\":[\"Actualit\u00e9\",\"Sociale\"],\"inLanguage\":\"fr-FR\",\"potentialAction\":[{\"@type\":\"CommentAction\",\"name\":\"Comment\",\"target\":[\"https:\\\/\\\/fogeka-rdc.org\\\/index.php\\\/2026\\\/08\\\/25\\\/rdc-kananga-rentree-scolaire-2026-2027-barnabe-muakadi-confirme-son-engagement-a-la-solidarite-nationale-dans-la-vision-de-felix-antoine-tshisekedi\\\/#respond\"]}]},{\"@type\":\"WebPage\",\"@id\":\"https:\\\/\\\/fogeka-rdc.org\\\/index.php\\\/2026\\\/08\\\/25\\\/rdc-kananga-rentree-scolaire-2026-2027-barnabe-muakadi-confirme-son-engagement-a-la-solidarite-nationale-dans-la-vision-de-felix-antoine-tshisekedi\\\/\",\"url\":\"https:\\\/\\\/fogeka-rdc.org\\\/index.php\\\/2026\\\/08\\\/25\\\/rdc-kananga-rentree-scolaire-2026-2027-barnabe-muakadi-confirme-son-engagement-a-la-solidarite-nationale-dans-la-vision-de-felix-antoine-tshisekedi\\\/\",\"name\":\"RDC - KANANGA : Rentr\u00e9e scolaire 2026-2027, Barnab\u00e9 MUAKADI confirme son engagement \u00e0 la solidarit\u00e9 nationale, dans la vision de F\u00e9lix Antoine Tshisekedi - fogeka-rdc\",\"isPartOf\":{\"@id\":\"https:\\\/\\\/fogeka-rdc.org\\\/#website\"},\"primaryImageOfPage\":{\"@id\":\"https:\\\/\\\/fogeka-rdc.org\\\/index.php\\\/2026\\\/08\\\/25\\\/rdc-kananga-rentree-scolaire-2026-2027-barnabe-muakadi-confirme-son-engagement-a-la-solidarite-nationale-dans-la-vision-de-felix-antoine-tshisekedi\\\/#primaryimage\"},\"image\":{\"@id\":\"https:\\\/\\\/fogeka-rdc.org\\\/index.php\\\/2026\\\/08\\\/25\\\/rdc-kananga-rentree-scolaire-2026-2027-barnabe-muakadi-confirme-son-engagement-a-la-solidarite-nationale-dans-la-vision-de-felix-antoine-tshisekedi\\\/#primaryimage\"},\"thumbnailUrl\":\"https:\\\/\\\/fogeka-rdc.org\\\/wp-content\\\/uploads\\\/2026\\\/08\\\/Remise-objets-scolaire.jpg\",\"datePublished\":\"2026-08-25T11:08:18+00:00\",\"breadcrumb\":{\"@id\":\"https:\\\/\\\/fogeka-rdc.org\\\/index.php\\\/2026\\\/08\\\/25\\\/rdc-kananga-rentree-scolaire-2026-2027-barnabe-muakadi-confirme-son-engagement-a-la-solidarite-nationale-dans-la-vision-de-felix-antoine-tshisekedi\\\/#breadcrumb\"},\"inLanguage\":\"fr-FR\",\"potentialAction\":[{\"@type\":\"ReadAction\",\"target\":[\"https:\\\/\\\/fogeka-rdc.org\\\/index.php\\\/2026\\\/08\\\/25\\\/rdc-kananga-rentree-scolaire-2026-2027-barnabe-muakadi-confirme-son-engagement-a-la-solidarite-nationale-dans-la-vision-de-felix-antoine-tshisekedi\\\/\"]}]},{\"@type\":\"ImageObject\",\"inLanguage\":\"fr-FR\",\"@id\":\"https:\\\/\\\/fogeka-rdc.org\\\/index.php\\\/2026\\\/08\\\/25\\\/rdc-kananga-rentree-scolaire-2026-2027-barnabe-muakadi-confirme-son-engagement-a-la-solidarite-nationale-dans-la-vision-de-felix-antoine-tshisekedi\\\/#primaryimage\",\"url\":\"https:\\\/\\\/fogeka-rdc.org\\\/wp-content\\\/uploads\\\/2026\\\/08\\\/Remise-objets-scolaire.jpg\",\"contentUrl\":\"https:\\\/\\\/fogeka-rdc.org\\\/wp-content\\\/uploads\\\/2026\\\/08\\\/Remise-objets-scolaire.jpg\",\"width\":768,\"height\":546},{\"@type\":\"BreadcrumbList\",\"@id\":\"https:\\\/\\\/fogeka-rdc.org\\\/index.php\\\/2026\\\/08\\\/25\\\/rdc-kananga-rentree-scolaire-2026-2027-barnabe-muakadi-confirme-son-engagement-a-la-solidarite-nationale-dans-la-vision-de-felix-antoine-tshisekedi\\\/#breadcrumb\",\"itemListElement\":[{\"@type\":\"ListItem\",\"position\":1,\"name\":\"Accueil\",\"item\":\"https:\\\/\\\/fogeka-rdc.org\\\/\"},{\"@type\":\"ListItem\",\"position\":2,\"name\":\"RDC &#8211; KANANGA : Rentr\u00e9e scolaire 2026-2027, Barnab\u00e9 MUAKADI confirme son engagement \u00e0 la solidarit\u00e9 nationale, dans la vision de F\u00e9lix Antoine Tshisekedi\"}]},{\"@type\":\"WebSite\",\"@id\":\"https:\\\/\\\/fogeka-rdc.org\\\/#website\",\"url\":\"https:\\\/\\\/fogeka-rdc.org\\\/\",\"name\":\"fogeka-rdc\",\"description\":\"Agro foresterie, dans la paix, pour le d\u00e9veloppement\",\"publisher\":{\"@id\":\"https:\\\/\\\/fogeka-rdc.org\\\/#organization\"},\"potentialAction\":[{\"@type\":\"SearchAction\",\"target\":{\"@type\":\"EntryPoint\",\"urlTemplate\":\"https:\\\/\\\/fogeka-rdc.org\\\/?s={search_term_string}\"},\"query-input\":{\"@type\":\"PropertyValueSpecification\",\"valueRequired\":true,\"valueName\":\"search_term_string\"}}],\"inLanguage\":\"fr-FR\"},{\"@type\":\"Organization\",\"@id\":\"https:\\\/\\\/fogeka-rdc.org\\\/#organization\",\"name\":\"fogeka-rdc\",\"url\":\"https:\\\/\\\/fogeka-rdc.org\\\/\",\"logo\":{\"@type\":\"ImageObject\",\"inLanguage\":\"fr-FR\",\"@id\":\"https:\\\/\\\/fogeka-rdc.org\\\/#\\\/schema\\\/logo\\\/image\\\/\",\"url\":\"https:\\\/\\\/fogeka-rdc.org\\\/wp-content\\\/uploads\\\/2025\\\/09\\\/cropped-cropped-WhatsApp-Image-2025-09-12-at-23.09.05.jpeg\",\"contentUrl\":\"https:\\\/\\\/fogeka-rdc.org\\\/wp-content\\\/uploads\\\/2025\\\/09\\\/cropped-cropped-WhatsApp-Image-2025-09-12-at-23.09.05.jpeg\",\"width\":250,\"height\":134,\"caption\":\"fogeka-rdc\"},\"image\":{\"@id\":\"https:\\\/\\\/fogeka-rdc.org\\\/#\\\/schema\\\/logo\\\/image\\\/\"}},{\"@type\":\"Person\",\"@id\":\"https:\\\/\\\/fogeka-rdc.org\\\/#\\\/schema\\\/person\\\/326652cf3d7bfcbab6d224e17d6992ef\",\"name\":\"Fogeka Fogekardc\",\"image\":{\"@type\":\"ImageObject\",\"inLanguage\":\"fr-FR\",\"@id\":\"https:\\\/\\\/secure.gravatar.com\\\/avatar\\\/7409435eb90dab5dd3e21946e11423d79d4fd27d0d76a9a6883c8f31758a7ecd?s=96&d=mm&r=g\",\"url\":\"https:\\\/\\\/secure.gravatar.com\\\/avatar\\\/7409435eb90dab5dd3e21946e11423d79d4fd27d0d76a9a6883c8f31758a7ecd?s=96&d=mm&r=g\",\"contentUrl\":\"https:\\\/\\\/secure.gravatar.com\\\/avatar\\\/7409435eb90dab5dd3e21946e11423d79d4fd27d0d76a9a6883c8f31758a7ecd?s=96&d=mm&r=g\",\"caption\":\"Fogeka Fogekardc\"},\"url\":\"https:\\\/\\\/fogeka-rdc.org\\\/index.php\\\/author\\\/fogeka-admin\\\/\"}]}<\/script>\n<!-- \/ Yoast SEO plugin. -->","yoast_head_json":{"title":"RDC - KANANGA : Rentr\u00e9e scolaire 2026-2027, Barnab\u00e9 MUAKADI confirme son engagement \u00e0 la solidarit\u00e9 nationale, dans la vision de F\u00e9lix Antoine Tshisekedi - fogeka-rdc","robots":{"index":"index","follow":"follow","max-snippet":"max-snippet:-1","max-image-preview":"max-image-preview:large","max-video-preview":"max-video-preview:-1"},"canonical":"https:\/\/fogeka-rdc.org\/index.php\/2026\/08\/25\/rdc-kananga-rentree-scolaire-2026-2027-barnabe-muakadi-confirme-son-engagement-a-la-solidarite-nationale-dans-la-vision-de-felix-antoine-tshisekedi\/","og_locale":"fr_FR","og_type":"article","og_title":"RDC - KANANGA : Rentr\u00e9e scolaire 2026-2027, Barnab\u00e9 MUAKADI confirme son engagement \u00e0 la solidarit\u00e9 nationale, dans la vision de F\u00e9lix Antoine Tshisekedi - fogeka-rdc","og_description":"Par: G\u00e9nie KANDE Dans un contexte social marqu\u00e9 par la pr\u00e9carit\u00e9, l&rsquo;homme de Dieu et cadre de la R\u00e9publique, l&rsquo;Ap\u00f4tre&hellip;","og_url":"https:\/\/fogeka-rdc.org\/index.php\/2026\/08\/25\/rdc-kananga-rentree-scolaire-2026-2027-barnabe-muakadi-confirme-son-engagement-a-la-solidarite-nationale-dans-la-vision-de-felix-antoine-tshisekedi\/","og_site_name":"fogeka-rdc","article_published_time":"2026-08-25T11:08:18+00:00","og_image":[{"width":768,"height":546,"url":"https:\/\/fogeka-rdc.org\/wp-content\/uploads\/2026\/08\/Remise-objets-scolaire.jpg","type":"image\/jpeg"}],"author":"Fogeka Fogekardc","twitter_card":"summary_large_image","twitter_misc":{"\u00c9crit par":"Fogeka Fogekardc","Dur\u00e9e de lecture estim\u00e9e":"2 minutes"},"schema":{"@context":"https:\/\/schema.org","@graph":[{"@type":"Article","@id":"https:\/\/fogeka-rdc.org\/index.php\/2026\/08\/25\/rdc-kananga-rentree-scolaire-2026-2027-barnabe-muakadi-confirme-son-engagement-a-la-solidarite-nationale-dans-la-vision-de-felix-antoine-tshisekedi\/#article","isPartOf":{"@id":"https:\/\/fogeka-rdc.org\/index.php\/2026\/08\/25\/rdc-kananga-rentree-scolaire-2026-2027-barnabe-muakadi-confirme-son-engagement-a-la-solidarite-nationale-dans-la-vision-de-felix-antoine-tshisekedi\/"},"author":{"name":"Fogeka Fogekardc","@id":"https:\/\/fogeka-rdc.org\/#\/schema\/person\/326652cf3d7bfcbab6d224e17d6992ef"},"headline":"RDC &#8211; KANANGA : Rentr\u00e9e scolaire 2026-2027, Barnab\u00e9 MUAKADI confirme son engagement \u00e0 la solidarit\u00e9 nationale, dans la vision de F\u00e9lix Antoine Tshisekedi","datePublished":"2026-08-25T11:08:18+00:00","mainEntityOfPage":{"@id":"https:\/\/fogeka-rdc.org\/index.php\/2026\/08\/25\/rdc-kananga-rentree-scolaire-2026-2027-barnabe-muakadi-confirme-son-engagement-a-la-solidarite-nationale-dans-la-vision-de-felix-antoine-tshisekedi\/"},"wordCount":401,"commentCount":0,"publisher":{"@id":"https:\/\/fogeka-rdc.org\/#organization"},"image":{"@id":"https:\/\/fogeka-rdc.org\/index.php\/2026\/08\/25\/rdc-kananga-rentree-scolaire-2026-2027-barnabe-muakadi-confirme-son-engagement-a-la-solidarite-nationale-dans-la-vision-de-felix-antoine-tshisekedi\/#primaryimage"},"thumbnailUrl":"https:\/\/fogeka-rdc.org\/wp-content\/uploads\/2026\/08\/Remise-objets-scolaire.jpg","articleSection":["Actualit\u00e9","Sociale"],"inLanguage":"fr-FR","potentialAction":[{"@type":"CommentAction","name":"Comment","target":["https:\/\/fogeka-rdc.org\/index.php\/2026\/08\/25\/rdc-kananga-rentree-scolaire-2026-2027-barnabe-muakadi-confirme-son-engagement-a-la-solidarite-nationale-dans-la-vision-de-felix-antoine-tshisekedi\/#respond"]}]},{"@type":"WebPage","@id":"https:\/\/fogeka-rdc.org\/index.php\/2026\/08\/25\/rdc-kananga-rentree-scolaire-2026-2027-barnabe-muakadi-confirme-son-engagement-a-la-solidarite-nationale-dans-la-vision-de-felix-antoine-tshisekedi\/","url":"https:\/\/fogeka-rdc.org\/index.php\/2026\/08\/25\/rdc-kananga-rentree-scolaire-2026-2027-barnabe-muakadi-confirme-son-engagement-a-la-solidarite-nationale-dans-la-vision-de-felix-antoine-tshisekedi\/","name":"RDC - KANANGA : Rentr\u00e9e scolaire 2026-2027, Barnab\u00e9 MUAKADI confirme son engagement \u00e0 la solidarit\u00e9 nationale, dans la vision de F\u00e9lix Antoine Tshisekedi - fogeka-rdc","isPartOf":{"@id":"https:\/\/fogeka-rdc.org\/#website"},"primaryImageOfPage":{"@id":"https:\/\/fogeka-rdc.org\/index.php\/2026\/08\/25\/rdc-kananga-rentree-scolaire-2026-2027-barnabe-muakadi-confirme-son-engagement-a-la-solidarite-nationale-dans-la-vision-de-felix-antoine-tshisekedi\/#primaryimage"},"image":{"@id":"https:\/\/fogeka-rdc.org\/index.php\/2026\/08\/25\/rdc-kananga-rentree-scolaire-2026-2027-barnabe-muakadi-confirme-son-engagement-a-la-solidarite-nationale-dans-la-vision-de-felix-antoine-tshisekedi\/#primaryimage"},"thumbnailUrl":"https:\/\/fogeka-rdc.org\/wp-content\/uploads\/2026\/08\/Remise-objets-scolaire.jpg","datePublished":"2026-08-25T11:08:18+00:00","breadcrumb":{"@id":"https:\/\/fogeka-rdc.org\/index.php\/2026\/08\/25\/rdc-kananga-rentree-scolaire-2026-2027-barnabe-muakadi-confirme-son-engagement-a-la-solidarite-nationale-dans-la-vision-de-felix-antoine-tshisekedi\/#breadcrumb"},"inLanguage":"fr-FR","potentialAction":[{"@type":"ReadAction","target":["https:\/\/fogeka-rdc.org\/index.php\/2026\/08\/25\/rdc-kananga-rentree-scolaire-2026-2027-barnabe-muakadi-confirme-son-engagement-a-la-solidarite-nationale-dans-la-vision-de-felix-antoine-tshisekedi\/"]}]},{"@type":"ImageObject","inLanguage":"fr-FR","@id":"https:\/\/fogeka-rdc.org\/index.php\/2026\/08\/25\/rdc-kananga-rentree-scolaire-2026-2027-barnabe-muakadi-confirme-son-engagement-a-la-solidarite-nationale-dans-la-vision-de-felix-antoine-tshisekedi\/#primaryimage","url":"https:\/\/fogeka-rdc.org\/wp-content\/uploads\/2026\/08\/Remise-objets-scolaire.jpg","contentUrl":"https:\/\/fogeka-rdc.org\/wp-content\/uploads\/2026\/08\/Remise-objets-scolaire.jpg","width":768,"height":546},{"@type":"BreadcrumbList","@id":"https:\/\/fogeka-rdc.org\/index.php\/2026\/08\/25\/rdc-kananga-rentree-scolaire-2026-2027-barnabe-muakadi-confirme-son-engagement-a-la-solidarite-nationale-dans-la-vision-de-felix-antoine-tshisekedi\/#breadcrumb","itemListElement":[{"@type":"ListItem","position":1,"name":"Accueil","item":"https:\/\/fogeka-rdc.org\/"},{"@type":"ListItem","position":2,"name":"RDC &#8211; KANANGA : Rentr\u00e9e scolaire 2026-2027, Barnab\u00e9 MUAKADI confirme son engagement \u00e0 la solidarit\u00e9 nationale, dans la vision de F\u00e9lix Antoine Tshisekedi"}]},{"@type":"WebSite","@id":"https:\/\/fogeka-rdc.org\/#website","url":"https:\/\/fogeka-rdc.org\/","name":"fogeka-rdc","description":"Agro foresterie, dans la paix, pour le d\u00e9veloppement","publisher":{"@id":"https:\/\/fogeka-rdc.org\/#organization"},"potentialAction":[{"@type":"SearchAction","target":{"@type":"EntryPoint","urlTemplate":"https:\/\/fogeka-rdc.org\/?s={search_term_string}"},"query-input":{"@type":"PropertyValueSpecification","valueRequired":true,"valueName":"search_term_string"}}],"inLanguage":"fr-FR"},{"@type":"Organization","@id":"https:\/\/fogeka-rdc.org\/#organization","name":"fogeka-rdc","url":"https:\/\/fogeka-rdc.org\/","logo":{"@type":"ImageObject","inLanguage":"fr-FR","@id":"https:\/\/fogeka-rdc.org\/#\/schema\/logo\/image\/","url":"https:\/\/fogeka-rdc.org\/wp-content\/uploads\/2025\/09\/cropped-cropped-WhatsApp-Image-2025-09-12-at-23.09.05.jpeg","contentUrl":"https:\/\/fogeka-rdc.org\/wp-content\/uploads\/2025\/09\/cropped-cropped-WhatsApp-Image-2025-09-12-at-23.09.05.jpeg","width":250,"height":134,"caption":"fogeka-rdc"},"image":{"@id":"https:\/\/fogeka-rdc.org\/#\/schema\/logo\/image\/"}},{"@type":"Person","@id":"https:\/\/fogeka-rdc.org\/#\/schema\/person\/326652cf3d7bfcbab6d224e17d6992ef","name":"Fogeka Fogekardc","image":{"@type":"ImageObject","inLanguage":"fr-FR","@id":"https:\/\/secure.gravatar.com\/avatar\/7409435eb90dab5dd3e21946e11423d79d4fd27d0d76a9a6883c8f31758a7ecd?s=96&d=mm&r=g","url":"https:\/\/secure.gravatar.com\/avatar\/7409435eb90dab5dd3e21946e11423d79d4fd27d0d76a9a6883c8f31758a7ecd?s=96&d=mm&r=g","contentUrl":"https:\/\/secure.gravatar.com\/avatar\/7409435eb90dab5dd3e21946e11423d79d4fd27d0d76a9a6883c8f31758a7ecd?s=96&d=mm&r=g","caption":"Fogeka Fogekardc"},"url":"https:\/\/fogeka-rdc.org\/index.php\/author\/fogeka-admin\/"}]}},"_links":{"self":[{"href":"https:\/\/fogeka-rdc.org\/index.php\/wp-json\/wp\/v2\/posts\/754","targetHints":{"allow":["GET"]}}],"collection":[{"href":"https:\/\/fogeka-rdc.org\/index.php\/wp-json\/wp\/v2\/posts"}],"about":[{"href":"https:\/\/fogeka-rdc.org\/index.php\/wp-json\/wp\/v2\/types\/post"}],"author":[{"embeddable":true,"href":"https:\/\/fogeka-rdc.org\/index.php\/wp-json\/wp\/v2\/users\/2"}],"replies":[{"embeddable":true,"href":"https:\/\/fogeka-rdc.org\/index.php\/wp-json\/wp\/v2\/comments?post=754"}],"version-history":[{"count":1,"href":"https:\/\/fogeka-rdc.org\/index.php\/wp-json\/wp\/v2\/posts\/754\/revisions"}],"predecessor-version":[{"id":756,"href":"https:\/\/fogeka-rdc.org\/index.php\/wp-json\/wp\/v2\/posts\/754\/revisions\/756"}],"wp:featuredmedia":[{"embeddable":true,"href":"https:\/\/fogeka-rdc.org\/index.php\/wp-json\/wp\/v2\/media\/755"}],"wp:attachment":[{"href":"https:\/\/fogeka-rdc.org\/index.php\/wp-json\/wp\/v2\/media?parent=754"}],"wp:term":[{"taxonomy":"category","embeddable":true,"href":"https:\/\/fogeka-rdc.org\/index.php\/wp-json\/wp\/v2\/categories?post=754"},{"taxonomy":"post_tag","embeddable":true,"href":"https:\/\/fogeka-rdc.org\/index.php\/wp-json\/wp\/v2\/tags?post=754"}],"curies":[{"name":"wp","href":"https:\/\/api.w.org\/{rel}","templated":true}]}}