{"id":760,"date":"2026-08-24T13:34:25","date_gmt":"2026-08-24T13:34:25","guid":{"rendered":"https:\/\/fogeka-rdc.org\/?p=760"},"modified":"2026-08-25T13:37:43","modified_gmt":"2026-08-25T13:37:43","slug":"rdc-politique-augustin-kabuya-remet-en-cause-le-leadership-de-martin-fayulu","status":"publish","type":"post","link":"https:\/\/fogeka-rdc.org\/index.php\/2026\/08\/24\/rdc-politique-augustin-kabuya-remet-en-cause-le-leadership-de-martin-fayulu\/","title":{"rendered":"RDC-Politique : Augustin Kabuya remet en cause le leadership de Martin Fayulu"},"content":{"rendered":"<p dir=\"ltr\">Dimanche 23 ao\u00fbt, lors d\u2019une rencontre au si\u00e8ge de l\u2019UDPS\/Tshisekedi, le Secr\u00e9taire G\u00e9n\u00e9ral et Pr\u00e9sident a.i. du parti, Hon Augustin Kabuya, a r\u00e9affirm\u00e9 avec force la nationalit\u00e9 congolaise des Banyamulenge.<\/p>\n<p dir=\"ltr\">Au cours de cette activit\u00e9, plusieurs cadres issus de cette communaut\u00e9 ont \u00e9t\u00e9 pr\u00e9sent\u00e9s \u00e0 la base du parti. Parmi eux figurait un d\u00e9put\u00e9 national \u00e9lu sous les couleurs de l\u2019UDPS.<\/p>\n<p>&nbsp;<\/p>\n<p dir=\"ltr\">Dans son adresse, Augustin Kabuya a exprim\u00e9 son regret de constater que certains responsables politiques tiennent, dans les m\u00e9dias, des discours sans aucune ma\u00eetrise de la Constitution qu\u2019ils pr\u00e9tendent pourtant d\u00e9fendre.<\/p>\n<p dir=\"ltr\">\u00ab L\u2019UDPS a un d\u00e9put\u00e9 national et un ministre d\u2019\u00c9tat issus de la communaut\u00e9 Banyamulenge. Comment peut-on pr\u00e9tendre diriger ce pays en nourrissant une animosit\u00e9 contre une communaut\u00e9 ? Un homme d\u2019\u00c9tat mesure ses paroles. Un vrai leader montre le chemin \u00bb, a-t-il d\u00e9clar\u00e9. Il a \u00e9galement qualifi\u00e9 de \u00ab menteurs \u00bb ceux qui contestent l\u2019appartenance des Banyamulenge \u00e0 la nation congolaise.<\/p>\n<p>&nbsp;<\/p>\n<p dir=\"ltr\">\u00a0Le SG a d\u00e9nonc\u00e9 ce qu\u2019il consid\u00e8re comme une strat\u00e9gie de discrimination et de stigmatisation visant \u00e0 semer la confusion autour de la communaut\u00e9 Banyamulenge.<\/p>\n<p>&nbsp;<\/p>\n<p dir=\"ltr\">Pour lui, la pr\u00e9sence de cadres Banyamulenge au sein des institutions de la R\u00e9publique et au sein du parti pr\u00e9sidentiel constitue la preuve la plus \u00e9loquente de leur pleine appartenance \u00e0 la RDC.<\/p>\n<p>&nbsp;<\/p>\n<p dir=\"ltr\">Inscrivant son propos dans la vision de la haute autorit\u00e9 de r\u00e9f\u00e9rence du parti, Son Excellence F\u00e9lix-Antoine Tshisekedi Tshilombo, Pr\u00e9sident de la R\u00e9publique et Chef de l\u2019\u00c9tat, Augustin Kabuya a r\u00e9it\u00e9r\u00e9 l\u2019engagement de l\u2019UDPS \u00e0 poursuivre la mission de redynamisation du parti et \u00e0 travailler pour l\u2019unit\u00e9 nationale.<\/p>\n<p dir=\"ltr\">\u00ab Nous appelons \u00e0 bannir les discours de haine et de division fond\u00e9s sur l\u2019identit\u00e9. Les Banyamulenge sont Congolais et sont repr\u00e9sent\u00e9s au plus haut niveau des institutions \u00bb, a conclu le Secr\u00e9taire G\u00e9n\u00e9ral.<\/p>\n<p dir=\"ltr\">\n<p dir=\"ltr\"><strong>Fogeka Agency Communication <\/strong><\/p>\n<p dir=\"ltr\">e-mail <a href=\"mailto:fogekardc@gmail.com\" target=\"_blank\" rel=\"noopener\">fogekardc@gmail.com<\/a><\/p>\n<p dir=\"ltr\">T\u00e9l : +243 818344445<\/p>\n<p dir=\"ltr\">\u00a0Kinshasa\/RDC<\/p>\n","protected":false},"excerpt":{"rendered":"<p>Dimanche 23 ao\u00fbt, lors d\u2019une rencontre au si\u00e8ge de l\u2019UDPS\/Tshisekedi, le Secr\u00e9taire G\u00e9n\u00e9ral et Pr\u00e9sident a.i. du parti, Hon Augustin&hellip;<\/p>\n","protected":false},"author":2,"featured_media":572,"comment_status":"open","ping_status":"open","sticky":true,"template":"","format":"standard","meta":{"footnotes":""},"categories":[2,14],"tags":[],"class_list":["post-760","post","type-post","status-publish","format-standard","has-post-thumbnail","hentry","category-actualite","category-politique"],"yoast_head":"<!-- This site is optimized with the Yoast SEO plugin v28.3 - https:\/\/yoast.com\/product\/yoast-seo-wordpress\/ -->\n<title>RDC-Politique : Augustin Kabuya remet en cause le leadership de Martin Fayulu - fogeka-rdc<\/title>\n<meta name=\"robots\" content=\"index, follow, max-snippet:-1, max-image-preview:large, max-video-preview:-1\" \/>\n<link rel=\"canonical\" href=\"https:\/\/fogeka-rdc.org\/index.php\/2026\/08\/24\/rdc-politique-augustin-kabuya-remet-en-cause-le-leadership-de-martin-fayulu\/\" \/>\n<meta property=\"og:locale\" content=\"fr_FR\" \/>\n<meta property=\"og:type\" content=\"article\" \/>\n<meta property=\"og:title\" content=\"RDC-Politique : Augustin Kabuya remet en cause le leadership de Martin Fayulu - fogeka-rdc\" \/>\n<meta property=\"og:description\" content=\"Dimanche 23 ao\u00fbt, lors d\u2019une rencontre au si\u00e8ge de l\u2019UDPS\/Tshisekedi, le Secr\u00e9taire G\u00e9n\u00e9ral et Pr\u00e9sident a.i. du parti, Hon Augustin&hellip;\" \/>\n<meta property=\"og:url\" content=\"https:\/\/fogeka-rdc.org\/index.php\/2026\/08\/24\/rdc-politique-augustin-kabuya-remet-en-cause-le-leadership-de-martin-fayulu\/\" \/>\n<meta property=\"og:site_name\" content=\"fogeka-rdc\" \/>\n<meta property=\"article:published_time\" content=\"2026-08-24T13:34:25+00:00\" \/>\n<meta property=\"article:modified_time\" content=\"2026-08-25T13:37:43+00:00\" \/>\n<meta property=\"og:image\" content=\"https:\/\/fogeka-rdc.org\/wp-content\/uploads\/2026\/08\/Augustin-Kabuya_UDPS.jpg\" \/>\n\t<meta property=\"og:image:width\" content=\"992\" \/>\n\t<meta property=\"og:image:height\" content=\"685\" \/>\n\t<meta property=\"og:image:type\" content=\"image\/jpeg\" \/>\n<meta name=\"author\" content=\"Fogeka Fogekardc\" \/>\n<meta name=\"twitter:card\" content=\"summary_large_image\" \/>\n<meta name=\"twitter:label1\" content=\"\u00c9crit par\" \/>\n\t<meta name=\"twitter:data1\" content=\"Fogeka Fogekardc\" \/>\n\t<meta name=\"twitter:label2\" content=\"Dur\u00e9e de lecture estim\u00e9e\" \/>\n\t<meta name=\"twitter:data2\" content=\"2 minutes\" \/>\n<script type=\"application\/ld+json\" class=\"yoast-schema-graph\">{\"@context\":\"https:\\\/\\\/schema.org\",\"@graph\":[{\"@type\":\"Article\",\"@id\":\"https:\\\/\\\/fogeka-rdc.org\\\/index.php\\\/2026\\\/08\\\/24\\\/rdc-politique-augustin-kabuya-remet-en-cause-le-leadership-de-martin-fayulu\\\/#article\",\"isPartOf\":{\"@id\":\"https:\\\/\\\/fogeka-rdc.org\\\/index.php\\\/2026\\\/08\\\/24\\\/rdc-politique-augustin-kabuya-remet-en-cause-le-leadership-de-martin-fayulu\\\/\"},\"author\":{\"name\":\"Fogeka Fogekardc\",\"@id\":\"https:\\\/\\\/fogeka-rdc.org\\\/#\\\/schema\\\/person\\\/326652cf3d7bfcbab6d224e17d6992ef\"},\"headline\":\"RDC-Politique : Augustin Kabuya remet en cause le leadership de Martin Fayulu\",\"datePublished\":\"2026-08-24T13:34:25+00:00\",\"dateModified\":\"2026-08-25T13:37:43+00:00\",\"mainEntityOfPage\":{\"@id\":\"https:\\\/\\\/fogeka-rdc.org\\\/index.php\\\/2026\\\/08\\\/24\\\/rdc-politique-augustin-kabuya-remet-en-cause-le-leadership-de-martin-fayulu\\\/\"},\"wordCount\":357,\"commentCount\":0,\"publisher\":{\"@id\":\"https:\\\/\\\/fogeka-rdc.org\\\/#organization\"},\"image\":{\"@id\":\"https:\\\/\\\/fogeka-rdc.org\\\/index.php\\\/2026\\\/08\\\/24\\\/rdc-politique-augustin-kabuya-remet-en-cause-le-leadership-de-martin-fayulu\\\/#primaryimage\"},\"thumbnailUrl\":\"https:\\\/\\\/fogeka-rdc.org\\\/wp-content\\\/uploads\\\/2026\\\/08\\\/Augustin-Kabuya_UDPS.jpg\",\"articleSection\":[\"Actualit\u00e9\",\"Politique\"],\"inLanguage\":\"fr-FR\",\"potentialAction\":[{\"@type\":\"CommentAction\",\"name\":\"Comment\",\"target\":[\"https:\\\/\\\/fogeka-rdc.org\\\/index.php\\\/2026\\\/08\\\/24\\\/rdc-politique-augustin-kabuya-remet-en-cause-le-leadership-de-martin-fayulu\\\/#respond\"]}]},{\"@type\":\"WebPage\",\"@id\":\"https:\\\/\\\/fogeka-rdc.org\\\/index.php\\\/2026\\\/08\\\/24\\\/rdc-politique-augustin-kabuya-remet-en-cause-le-leadership-de-martin-fayulu\\\/\",\"url\":\"https:\\\/\\\/fogeka-rdc.org\\\/index.php\\\/2026\\\/08\\\/24\\\/rdc-politique-augustin-kabuya-remet-en-cause-le-leadership-de-martin-fayulu\\\/\",\"name\":\"RDC-Politique : Augustin Kabuya remet en cause le leadership de Martin Fayulu - fogeka-rdc\",\"isPartOf\":{\"@id\":\"https:\\\/\\\/fogeka-rdc.org\\\/#website\"},\"primaryImageOfPage\":{\"@id\":\"https:\\\/\\\/fogeka-rdc.org\\\/index.php\\\/2026\\\/08\\\/24\\\/rdc-politique-augustin-kabuya-remet-en-cause-le-leadership-de-martin-fayulu\\\/#primaryimage\"},\"image\":{\"@id\":\"https:\\\/\\\/fogeka-rdc.org\\\/index.php\\\/2026\\\/08\\\/24\\\/rdc-politique-augustin-kabuya-remet-en-cause-le-leadership-de-martin-fayulu\\\/#primaryimage\"},\"thumbnailUrl\":\"https:\\\/\\\/fogeka-rdc.org\\\/wp-content\\\/uploads\\\/2026\\\/08\\\/Augustin-Kabuya_UDPS.jpg\",\"datePublished\":\"2026-08-24T13:34:25+00:00\",\"dateModified\":\"2026-08-25T13:37:43+00:00\",\"breadcrumb\":{\"@id\":\"https:\\\/\\\/fogeka-rdc.org\\\/index.php\\\/2026\\\/08\\\/24\\\/rdc-politique-augustin-kabuya-remet-en-cause-le-leadership-de-martin-fayulu\\\/#breadcrumb\"},\"inLanguage\":\"fr-FR\",\"potentialAction\":[{\"@type\":\"ReadAction\",\"target\":[\"https:\\\/\\\/fogeka-rdc.org\\\/index.php\\\/2026\\\/08\\\/24\\\/rdc-politique-augustin-kabuya-remet-en-cause-le-leadership-de-martin-fayulu\\\/\"]}]},{\"@type\":\"ImageObject\",\"inLanguage\":\"fr-FR\",\"@id\":\"https:\\\/\\\/fogeka-rdc.org\\\/index.php\\\/2026\\\/08\\\/24\\\/rdc-politique-augustin-kabuya-remet-en-cause-le-leadership-de-martin-fayulu\\\/#primaryimage\",\"url\":\"https:\\\/\\\/fogeka-rdc.org\\\/wp-content\\\/uploads\\\/2026\\\/08\\\/Augustin-Kabuya_UDPS.jpg\",\"contentUrl\":\"https:\\\/\\\/fogeka-rdc.org\\\/wp-content\\\/uploads\\\/2026\\\/08\\\/Augustin-Kabuya_UDPS.jpg\",\"width\":992,\"height\":685},{\"@type\":\"BreadcrumbList\",\"@id\":\"https:\\\/\\\/fogeka-rdc.org\\\/index.php\\\/2026\\\/08\\\/24\\\/rdc-politique-augustin-kabuya-remet-en-cause-le-leadership-de-martin-fayulu\\\/#breadcrumb\",\"itemListElement\":[{\"@type\":\"ListItem\",\"position\":1,\"name\":\"Accueil\",\"item\":\"https:\\\/\\\/fogeka-rdc.org\\\/\"},{\"@type\":\"ListItem\",\"position\":2,\"name\":\"RDC-Politique : Augustin Kabuya remet en cause le leadership de Martin Fayulu\"}]},{\"@type\":\"WebSite\",\"@id\":\"https:\\\/\\\/fogeka-rdc.org\\\/#website\",\"url\":\"https:\\\/\\\/fogeka-rdc.org\\\/\",\"name\":\"fogeka-rdc\",\"description\":\"Agro foresterie, dans la paix, pour le d\u00e9veloppement\",\"publisher\":{\"@id\":\"https:\\\/\\\/fogeka-rdc.org\\\/#organization\"},\"potentialAction\":[{\"@type\":\"SearchAction\",\"target\":{\"@type\":\"EntryPoint\",\"urlTemplate\":\"https:\\\/\\\/fogeka-rdc.org\\\/?s={search_term_string}\"},\"query-input\":{\"@type\":\"PropertyValueSpecification\",\"valueRequired\":true,\"valueName\":\"search_term_string\"}}],\"inLanguage\":\"fr-FR\"},{\"@type\":\"Organization\",\"@id\":\"https:\\\/\\\/fogeka-rdc.org\\\/#organization\",\"name\":\"fogeka-rdc\",\"url\":\"https:\\\/\\\/fogeka-rdc.org\\\/\",\"logo\":{\"@type\":\"ImageObject\",\"inLanguage\":\"fr-FR\",\"@id\":\"https:\\\/\\\/fogeka-rdc.org\\\/#\\\/schema\\\/logo\\\/image\\\/\",\"url\":\"https:\\\/\\\/fogeka-rdc.org\\\/wp-content\\\/uploads\\\/2025\\\/09\\\/cropped-cropped-WhatsApp-Image-2025-09-12-at-23.09.05.jpeg\",\"contentUrl\":\"https:\\\/\\\/fogeka-rdc.org\\\/wp-content\\\/uploads\\\/2025\\\/09\\\/cropped-cropped-WhatsApp-Image-2025-09-12-at-23.09.05.jpeg\",\"width\":250,\"height\":134,\"caption\":\"fogeka-rdc\"},\"image\":{\"@id\":\"https:\\\/\\\/fogeka-rdc.org\\\/#\\\/schema\\\/logo\\\/image\\\/\"}},{\"@type\":\"Person\",\"@id\":\"https:\\\/\\\/fogeka-rdc.org\\\/#\\\/schema\\\/person\\\/326652cf3d7bfcbab6d224e17d6992ef\",\"name\":\"Fogeka Fogekardc\",\"image\":{\"@type\":\"ImageObject\",\"inLanguage\":\"fr-FR\",\"@id\":\"https:\\\/\\\/secure.gravatar.com\\\/avatar\\\/7409435eb90dab5dd3e21946e11423d79d4fd27d0d76a9a6883c8f31758a7ecd?s=96&d=mm&r=g\",\"url\":\"https:\\\/\\\/secure.gravatar.com\\\/avatar\\\/7409435eb90dab5dd3e21946e11423d79d4fd27d0d76a9a6883c8f31758a7ecd?s=96&d=mm&r=g\",\"contentUrl\":\"https:\\\/\\\/secure.gravatar.com\\\/avatar\\\/7409435eb90dab5dd3e21946e11423d79d4fd27d0d76a9a6883c8f31758a7ecd?s=96&d=mm&r=g\",\"caption\":\"Fogeka Fogekardc\"},\"url\":\"https:\\\/\\\/fogeka-rdc.org\\\/index.php\\\/author\\\/fogeka-admin\\\/\"}]}<\/script>\n<!-- \/ Yoast SEO plugin. -->","yoast_head_json":{"title":"RDC-Politique : Augustin Kabuya remet en cause le leadership de Martin Fayulu - fogeka-rdc","robots":{"index":"index","follow":"follow","max-snippet":"max-snippet:-1","max-image-preview":"max-image-preview:large","max-video-preview":"max-video-preview:-1"},"canonical":"https:\/\/fogeka-rdc.org\/index.php\/2026\/08\/24\/rdc-politique-augustin-kabuya-remet-en-cause-le-leadership-de-martin-fayulu\/","og_locale":"fr_FR","og_type":"article","og_title":"RDC-Politique : Augustin Kabuya remet en cause le leadership de Martin Fayulu - fogeka-rdc","og_description":"Dimanche 23 ao\u00fbt, lors d\u2019une rencontre au si\u00e8ge de l\u2019UDPS\/Tshisekedi, le Secr\u00e9taire G\u00e9n\u00e9ral et Pr\u00e9sident a.i. du parti, Hon Augustin&hellip;","og_url":"https:\/\/fogeka-rdc.org\/index.php\/2026\/08\/24\/rdc-politique-augustin-kabuya-remet-en-cause-le-leadership-de-martin-fayulu\/","og_site_name":"fogeka-rdc","article_published_time":"2026-08-24T13:34:25+00:00","article_modified_time":"2026-08-25T13:37:43+00:00","og_image":[{"width":992,"height":685,"url":"https:\/\/fogeka-rdc.org\/wp-content\/uploads\/2026\/08\/Augustin-Kabuya_UDPS.jpg","type":"image\/jpeg"}],"author":"Fogeka Fogekardc","twitter_card":"summary_large_image","twitter_misc":{"\u00c9crit par":"Fogeka Fogekardc","Dur\u00e9e de lecture estim\u00e9e":"2 minutes"},"schema":{"@context":"https:\/\/schema.org","@graph":[{"@type":"Article","@id":"https:\/\/fogeka-rdc.org\/index.php\/2026\/08\/24\/rdc-politique-augustin-kabuya-remet-en-cause-le-leadership-de-martin-fayulu\/#article","isPartOf":{"@id":"https:\/\/fogeka-rdc.org\/index.php\/2026\/08\/24\/rdc-politique-augustin-kabuya-remet-en-cause-le-leadership-de-martin-fayulu\/"},"author":{"name":"Fogeka Fogekardc","@id":"https:\/\/fogeka-rdc.org\/#\/schema\/person\/326652cf3d7bfcbab6d224e17d6992ef"},"headline":"RDC-Politique : Augustin Kabuya remet en cause le leadership de Martin Fayulu","datePublished":"2026-08-24T13:34:25+00:00","dateModified":"2026-08-25T13:37:43+00:00","mainEntityOfPage":{"@id":"https:\/\/fogeka-rdc.org\/index.php\/2026\/08\/24\/rdc-politique-augustin-kabuya-remet-en-cause-le-leadership-de-martin-fayulu\/"},"wordCount":357,"commentCount":0,"publisher":{"@id":"https:\/\/fogeka-rdc.org\/#organization"},"image":{"@id":"https:\/\/fogeka-rdc.org\/index.php\/2026\/08\/24\/rdc-politique-augustin-kabuya-remet-en-cause-le-leadership-de-martin-fayulu\/#primaryimage"},"thumbnailUrl":"https:\/\/fogeka-rdc.org\/wp-content\/uploads\/2026\/08\/Augustin-Kabuya_UDPS.jpg","articleSection":["Actualit\u00e9","Politique"],"inLanguage":"fr-FR","potentialAction":[{"@type":"CommentAction","name":"Comment","target":["https:\/\/fogeka-rdc.org\/index.php\/2026\/08\/24\/rdc-politique-augustin-kabuya-remet-en-cause-le-leadership-de-martin-fayulu\/#respond"]}]},{"@type":"WebPage","@id":"https:\/\/fogeka-rdc.org\/index.php\/2026\/08\/24\/rdc-politique-augustin-kabuya-remet-en-cause-le-leadership-de-martin-fayulu\/","url":"https:\/\/fogeka-rdc.org\/index.php\/2026\/08\/24\/rdc-politique-augustin-kabuya-remet-en-cause-le-leadership-de-martin-fayulu\/","name":"RDC-Politique : Augustin Kabuya remet en cause le leadership de Martin Fayulu - fogeka-rdc","isPartOf":{"@id":"https:\/\/fogeka-rdc.org\/#website"},"primaryImageOfPage":{"@id":"https:\/\/fogeka-rdc.org\/index.php\/2026\/08\/24\/rdc-politique-augustin-kabuya-remet-en-cause-le-leadership-de-martin-fayulu\/#primaryimage"},"image":{"@id":"https:\/\/fogeka-rdc.org\/index.php\/2026\/08\/24\/rdc-politique-augustin-kabuya-remet-en-cause-le-leadership-de-martin-fayulu\/#primaryimage"},"thumbnailUrl":"https:\/\/fogeka-rdc.org\/wp-content\/uploads\/2026\/08\/Augustin-Kabuya_UDPS.jpg","datePublished":"2026-08-24T13:34:25+00:00","dateModified":"2026-08-25T13:37:43+00:00","breadcrumb":{"@id":"https:\/\/fogeka-rdc.org\/index.php\/2026\/08\/24\/rdc-politique-augustin-kabuya-remet-en-cause-le-leadership-de-martin-fayulu\/#breadcrumb"},"inLanguage":"fr-FR","potentialAction":[{"@type":"ReadAction","target":["https:\/\/fogeka-rdc.org\/index.php\/2026\/08\/24\/rdc-politique-augustin-kabuya-remet-en-cause-le-leadership-de-martin-fayulu\/"]}]},{"@type":"ImageObject","inLanguage":"fr-FR","@id":"https:\/\/fogeka-rdc.org\/index.php\/2026\/08\/24\/rdc-politique-augustin-kabuya-remet-en-cause-le-leadership-de-martin-fayulu\/#primaryimage","url":"https:\/\/fogeka-rdc.org\/wp-content\/uploads\/2026\/08\/Augustin-Kabuya_UDPS.jpg","contentUrl":"https:\/\/fogeka-rdc.org\/wp-content\/uploads\/2026\/08\/Augustin-Kabuya_UDPS.jpg","width":992,"height":685},{"@type":"BreadcrumbList","@id":"https:\/\/fogeka-rdc.org\/index.php\/2026\/08\/24\/rdc-politique-augustin-kabuya-remet-en-cause-le-leadership-de-martin-fayulu\/#breadcrumb","itemListElement":[{"@type":"ListItem","position":1,"name":"Accueil","item":"https:\/\/fogeka-rdc.org\/"},{"@type":"ListItem","position":2,"name":"RDC-Politique : Augustin Kabuya remet en cause le leadership de Martin Fayulu"}]},{"@type":"WebSite","@id":"https:\/\/fogeka-rdc.org\/#website","url":"https:\/\/fogeka-rdc.org\/","name":"fogeka-rdc","description":"Agro foresterie, dans la paix, pour le d\u00e9veloppement","publisher":{"@id":"https:\/\/fogeka-rdc.org\/#organization"},"potentialAction":[{"@type":"SearchAction","target":{"@type":"EntryPoint","urlTemplate":"https:\/\/fogeka-rdc.org\/?s={search_term_string}"},"query-input":{"@type":"PropertyValueSpecification","valueRequired":true,"valueName":"search_term_string"}}],"inLanguage":"fr-FR"},{"@type":"Organization","@id":"https:\/\/fogeka-rdc.org\/#organization","name":"fogeka-rdc","url":"https:\/\/fogeka-rdc.org\/","logo":{"@type":"ImageObject","inLanguage":"fr-FR","@id":"https:\/\/fogeka-rdc.org\/#\/schema\/logo\/image\/","url":"https:\/\/fogeka-rdc.org\/wp-content\/uploads\/2025\/09\/cropped-cropped-WhatsApp-Image-2025-09-12-at-23.09.05.jpeg","contentUrl":"https:\/\/fogeka-rdc.org\/wp-content\/uploads\/2025\/09\/cropped-cropped-WhatsApp-Image-2025-09-12-at-23.09.05.jpeg","width":250,"height":134,"caption":"fogeka-rdc"},"image":{"@id":"https:\/\/fogeka-rdc.org\/#\/schema\/logo\/image\/"}},{"@type":"Person","@id":"https:\/\/fogeka-rdc.org\/#\/schema\/person\/326652cf3d7bfcbab6d224e17d6992ef","name":"Fogeka Fogekardc","image":{"@type":"ImageObject","inLanguage":"fr-FR","@id":"https:\/\/secure.gravatar.com\/avatar\/7409435eb90dab5dd3e21946e11423d79d4fd27d0d76a9a6883c8f31758a7ecd?s=96&d=mm&r=g","url":"https:\/\/secure.gravatar.com\/avatar\/7409435eb90dab5dd3e21946e11423d79d4fd27d0d76a9a6883c8f31758a7ecd?s=96&d=mm&r=g","contentUrl":"https:\/\/secure.gravatar.com\/avatar\/7409435eb90dab5dd3e21946e11423d79d4fd27d0d76a9a6883c8f31758a7ecd?s=96&d=mm&r=g","caption":"Fogeka Fogekardc"},"url":"https:\/\/fogeka-rdc.org\/index.php\/author\/fogeka-admin\/"}]}},"_links":{"self":[{"href":"https:\/\/fogeka-rdc.org\/index.php\/wp-json\/wp\/v2\/posts\/760","targetHints":{"allow":["GET"]}}],"collection":[{"href":"https:\/\/fogeka-rdc.org\/index.php\/wp-json\/wp\/v2\/posts"}],"about":[{"href":"https:\/\/fogeka-rdc.org\/index.php\/wp-json\/wp\/v2\/types\/post"}],"author":[{"embeddable":true,"href":"https:\/\/fogeka-rdc.org\/index.php\/wp-json\/wp\/v2\/users\/2"}],"replies":[{"embeddable":true,"href":"https:\/\/fogeka-rdc.org\/index.php\/wp-json\/wp\/v2\/comments?post=760"}],"version-history":[{"count":1,"href":"https:\/\/fogeka-rdc.org\/index.php\/wp-json\/wp\/v2\/posts\/760\/revisions"}],"predecessor-version":[{"id":762,"href":"https:\/\/fogeka-rdc.org\/index.php\/wp-json\/wp\/v2\/posts\/760\/revisions\/762"}],"wp:featuredmedia":[{"embeddable":true,"href":"https:\/\/fogeka-rdc.org\/index.php\/wp-json\/wp\/v2\/media\/572"}],"wp:attachment":[{"href":"https:\/\/fogeka-rdc.org\/index.php\/wp-json\/wp\/v2\/media?parent=760"}],"wp:term":[{"taxonomy":"category","embeddable":true,"href":"https:\/\/fogeka-rdc.org\/index.php\/wp-json\/wp\/v2\/categories?post=760"},{"taxonomy":"post_tag","embeddable":true,"href":"https:\/\/fogeka-rdc.org\/index.php\/wp-json\/wp\/v2\/tags?post=760"}],"curies":[{"name":"wp","href":"https:\/\/api.w.org\/{rel}","templated":true}]}}