{"id":766,"date":"2026-08-23T14:21:44","date_gmt":"2026-08-23T14:21:44","guid":{"rendered":"https:\/\/fogeka-rdc.org\/?p=766"},"modified":"2026-08-25T14:35:09","modified_gmt":"2026-08-25T14:35:09","slug":"rdc-opinion-du-week-end-martin-fayulu-oublie-ses-origines-pour-une-place-a-la-table-des-minerais-de-sang","status":"publish","type":"post","link":"https:\/\/fogeka-rdc.org\/index.php\/2026\/08\/23\/rdc-opinion-du-week-end-martin-fayulu-oublie-ses-origines-pour-une-place-a-la-table-des-minerais-de-sang\/","title":{"rendered":"RDC -OPINION DU WEEK-END : MARTIN FAYULU OUBLIE SES ORIGINES POUR UNE PLACE \u00c0 LA TABLE DES MINERAIS DE SANG"},"content":{"rendered":"<p dir=\"ltr\">Par G\u00e9nie Kande<\/p>\n<p dir=\"ltr\">\u00a0Hier encore figure de l&rsquo;opposition dite vraie, engag\u00e9 pour la chose nationale, Martin Fayulu a men\u00e9 de justes combats pour lib\u00e9rer le pays de Kimpa Vita. Aux c\u00f4t\u00e9s de F\u00e9lix Antoine Tshisekedi Tshilombo, de Mathieu Kalele, de Christian Badibangi, de Jean-Baptiste Bomanza, il \u00e9tait pr\u00e9sent sur tous les fronts :diplomatique, politique et d\u00e9mocratique.<\/p>\n<p>&nbsp;<\/p>\n<p dir=\"ltr\"><strong>Quelle mouche l&rsquo;a piqu\u00e9 ? Quelle bouteille de vin a suffi \u00e0 renverser ses engagements ?<\/strong><\/p>\n<p>&nbsp;<\/p>\n<p dir=\"ltr\">Le peuple attendait de voir Martin Fayulu en ordre de bataille, derri\u00e8re le Pr\u00e9sident de la R\u00e9publique,\u00a0 F\u00e9lix-Antoine Tshisekedi Tshilombo , contre les ennemis de la Nation que sont l&rsquo;AFC\/M23-RDF et tous les autres groupes arm\u00e9s qui souillent le sol congolais. Or, l&rsquo;homme aurait go\u00fbt\u00e9 au miel amer du coltan, du cuivre, de l&rsquo;or et des autres ressources naturelles de la RDC, pill\u00e9es de mani\u00e8re organis\u00e9e par le Rwanda pour financer ses troupes d&rsquo;agression et fabriquer une opposition de pacotille \u00e0 Kinshasa.<\/p>\n<p>&nbsp;<\/p>\n<p dir=\"ltr\">Au point d&rsquo;oublier les principes les plus fondamentaux de la gouvernance politique et sociale, pour exiger la d\u00e9mission du Pr\u00e9sident de la R\u00e9publique, \u00e9lu par des Congolais.<\/p>\n<p>&nbsp;<\/p>\n<p dir=\"ltr\">Un Pr\u00e9sident en fonction, au front, encercl\u00e9 par des tra\u00eetres au sein m\u00eame des institutions et au-dehors, et c&rsquo;est sa d\u00e9mission que Fayulu exige. En relations internationales, mon professeur Andr\u00e9 Philippe m&rsquo;a enseign\u00e9 ceci : demander \u00e0 un Chef d&rsquo;\u00c9tat \u00e9lu et en exercice de d\u00e9missionner signifie, en langage diplomatique, un coup d&rsquo;\u00c9tat politique planifi\u00e9.<\/p>\n<p>&nbsp;<\/p>\n<p dir=\"ltr\">D\u00e8s lors, nous comprenons mieux. La sortie m\u00e9diatique de Martin Fayulu contre nos compatriotes Banyamulenge ne serait-elle pas la justification de l&rsquo;\u00e9chec total de tous les plans ourdis avec Kigali pour maintenir des pans entiers de notre territoire sous occupation, au profit du pillage syst\u00e9matique des ressources naturelles\u00a0 ?<\/p>\n<p>&nbsp;<\/p>\n<p dir=\"ltr\">\u00a0S&rsquo;attaquer aux Banyamulenge ne serait-ce pas le paravent d&rsquo;un plan de soul\u00e8vement populaire t\u00e9l\u00e9guid\u00e9 depuis le Rwanda, pour semer la discorde entre Congolais et gagner du terrain ?<\/p>\n<p>&nbsp;<\/p>\n<p dir=\"ltr\">Le peuple congolais comprend tout. Il voit tout. Il sait tout. Et il reste soud\u00e9, d\u00e9termin\u00e9, debout derri\u00e8re F\u00e9lix-Antoine Tshisekedi Tshilombo pour la souverainet\u00e9, l&rsquo;int\u00e9grit\u00e9 et l&rsquo;indivisibilit\u00e9 du pays. Il ne s&rsquo;agit pas de distribution de postes, il s&rsquo;agit de la survie de la Nation.<\/p>\n<p>&nbsp;<\/p>\n<p dir=\"ltr\">Monsieur Fayulu, nous vous rappelons ceci : depuis qu&rsquo;il a re\u00e7u le mandat du peuple congolais pour diriger ce pays, le Pr\u00e9sident de la R\u00e9publique F\u00e9lix-Antoine Tshisekedi n&rsquo;a jamais exerc\u00e9 ce mandat comme un privil\u00e8ge, mais comme une mission sacr\u00e9e confi\u00e9e par son peuple. Une mission pour conduire le pays d&rsquo;\u00c9tienne Tshisekedi wa Mulumba vers l&rsquo;\u00e9mergence, le d\u00e9veloppement durable, la stabilit\u00e9 et la paix d\u00e9finitive \u00e0 l&rsquo;Est, notamment par une nouvelle Constitution \u00e0 travers le r\u00e9f\u00e9rendum. Voil\u00e0 l&rsquo;urgence nationale.<\/p>\n<p>&nbsp;<\/p>\n<p dir=\"ltr\">Le peuple congolais veut le Pr\u00e9sident F\u00e9lix-Antoine Tshisekedi Tshilombo comme Pr\u00e9sident pour dix ans, de 2028 \u00e0 2038. Viendra ensuite le temps pour la population de voir \u00e0 qui, parmi les\u00a0 politiques , Elle pourra confier la consolidation de la paix et de la coh\u00e9sion nationale.<\/p>\n<p>&nbsp;<\/p>\n<p dir=\"ltr\">Penser au d\u00e9part de F\u00e9lix Tshisekedi maintenant, c&rsquo;est vouloir jouer de la musique sans guitare. C&rsquo;est vouloir livrer la Nation aux pr\u00e9dateurs.<\/p>\n<p>&nbsp;<\/p>\n<p dir=\"ltr\">Le Congo restera un et indivisible, derri\u00e8re son Chef.<\/p>\n<p>&nbsp;<\/p>\n<p dir=\"ltr\"><strong>\u00a0Fogeka Agency Communication\u00a0<\/strong><\/p>\n<p dir=\"ltr\">e-mail: <a href=\"mailto:fogekardc@gmail.com\" target=\"_blank\" rel=\"noopener\">fogekardc@gmail.com<\/a><\/p>\n<p dir=\"ltr\">T\u00e9l :+243818344445<\/p>\n<p dir=\"ltr\">\u00a0Kinshasa\/ RDC<\/p>\n","protected":false},"excerpt":{"rendered":"<p>Par G\u00e9nie Kande \u00a0Hier encore figure de l&rsquo;opposition dite vraie, engag\u00e9 pour la chose nationale, Martin Fayulu a men\u00e9 de&hellip;<\/p>\n","protected":false},"author":2,"featured_media":773,"comment_status":"open","ping_status":"open","sticky":false,"template":"","format":"standard","meta":{"footnotes":""},"categories":[2,14],"tags":[],"class_list":["post-766","post","type-post","status-publish","format-standard","has-post-thumbnail","hentry","category-actualite","category-politique"],"yoast_head":"<!-- This site is optimized with the Yoast SEO plugin v28.3 - https:\/\/yoast.com\/product\/yoast-seo-wordpress\/ -->\n<title>RDC -OPINION DU WEEK-END : MARTIN FAYULU OUBLIE SES ORIGINES POUR UNE PLACE \u00c0 LA TABLE DES MINERAIS DE SANG - fogeka-rdc<\/title>\n<meta name=\"robots\" content=\"index, follow, max-snippet:-1, max-image-preview:large, max-video-preview:-1\" \/>\n<link rel=\"canonical\" href=\"https:\/\/fogeka-rdc.org\/index.php\/2026\/08\/23\/rdc-opinion-du-week-end-martin-fayulu-oublie-ses-origines-pour-une-place-a-la-table-des-minerais-de-sang\/\" \/>\n<meta property=\"og:locale\" content=\"fr_FR\" \/>\n<meta property=\"og:type\" content=\"article\" \/>\n<meta property=\"og:title\" content=\"RDC -OPINION DU WEEK-END : MARTIN FAYULU OUBLIE SES ORIGINES POUR UNE PLACE \u00c0 LA TABLE DES MINERAIS DE SANG - fogeka-rdc\" \/>\n<meta property=\"og:description\" content=\"Par G\u00e9nie Kande \u00a0Hier encore figure de l&rsquo;opposition dite vraie, engag\u00e9 pour la chose nationale, Martin Fayulu a men\u00e9 de&hellip;\" \/>\n<meta property=\"og:url\" content=\"https:\/\/fogeka-rdc.org\/index.php\/2026\/08\/23\/rdc-opinion-du-week-end-martin-fayulu-oublie-ses-origines-pour-une-place-a-la-table-des-minerais-de-sang\/\" \/>\n<meta property=\"og:site_name\" content=\"fogeka-rdc\" \/>\n<meta property=\"article:published_time\" content=\"2026-08-23T14:21:44+00:00\" \/>\n<meta property=\"article:modified_time\" content=\"2026-08-25T14:35:09+00:00\" \/>\n<meta property=\"og:image\" content=\"https:\/\/fogeka-rdc.org\/wp-content\/uploads\/2026\/08\/Martin-Fayulu_genie-Kande.jpg\" \/>\n\t<meta property=\"og:image:width\" content=\"767\" \/>\n\t<meta property=\"og:image:height\" content=\"562\" \/>\n\t<meta property=\"og:image:type\" content=\"image\/jpeg\" \/>\n<meta name=\"author\" content=\"Fogeka Fogekardc\" \/>\n<meta name=\"twitter:card\" content=\"summary_large_image\" \/>\n<meta name=\"twitter:label1\" content=\"\u00c9crit par\" \/>\n\t<meta name=\"twitter:data1\" content=\"Fogeka Fogekardc\" \/>\n\t<meta name=\"twitter:label2\" content=\"Dur\u00e9e de lecture estim\u00e9e\" \/>\n\t<meta name=\"twitter:data2\" content=\"3 minutes\" \/>\n<script type=\"application\/ld+json\" class=\"yoast-schema-graph\">{\"@context\":\"https:\\\/\\\/schema.org\",\"@graph\":[{\"@type\":\"Article\",\"@id\":\"https:\\\/\\\/fogeka-rdc.org\\\/index.php\\\/2026\\\/08\\\/23\\\/rdc-opinion-du-week-end-martin-fayulu-oublie-ses-origines-pour-une-place-a-la-table-des-minerais-de-sang\\\/#article\",\"isPartOf\":{\"@id\":\"https:\\\/\\\/fogeka-rdc.org\\\/index.php\\\/2026\\\/08\\\/23\\\/rdc-opinion-du-week-end-martin-fayulu-oublie-ses-origines-pour-une-place-a-la-table-des-minerais-de-sang\\\/\"},\"author\":{\"name\":\"Fogeka Fogekardc\",\"@id\":\"https:\\\/\\\/fogeka-rdc.org\\\/#\\\/schema\\\/person\\\/326652cf3d7bfcbab6d224e17d6992ef\"},\"headline\":\"RDC -OPINION DU WEEK-END : MARTIN FAYULU OUBLIE SES ORIGINES POUR UNE PLACE \u00c0 LA TABLE DES MINERAIS DE SANG\",\"datePublished\":\"2026-08-23T14:21:44+00:00\",\"dateModified\":\"2026-08-25T14:35:09+00:00\",\"mainEntityOfPage\":{\"@id\":\"https:\\\/\\\/fogeka-rdc.org\\\/index.php\\\/2026\\\/08\\\/23\\\/rdc-opinion-du-week-end-martin-fayulu-oublie-ses-origines-pour-une-place-a-la-table-des-minerais-de-sang\\\/\"},\"wordCount\":619,\"commentCount\":0,\"publisher\":{\"@id\":\"https:\\\/\\\/fogeka-rdc.org\\\/#organization\"},\"image\":{\"@id\":\"https:\\\/\\\/fogeka-rdc.org\\\/index.php\\\/2026\\\/08\\\/23\\\/rdc-opinion-du-week-end-martin-fayulu-oublie-ses-origines-pour-une-place-a-la-table-des-minerais-de-sang\\\/#primaryimage\"},\"thumbnailUrl\":\"https:\\\/\\\/fogeka-rdc.org\\\/wp-content\\\/uploads\\\/2026\\\/08\\\/Martin-Fayulu_genie-Kande.jpg\",\"articleSection\":[\"Actualit\u00e9\",\"Politique\"],\"inLanguage\":\"fr-FR\",\"potentialAction\":[{\"@type\":\"CommentAction\",\"name\":\"Comment\",\"target\":[\"https:\\\/\\\/fogeka-rdc.org\\\/index.php\\\/2026\\\/08\\\/23\\\/rdc-opinion-du-week-end-martin-fayulu-oublie-ses-origines-pour-une-place-a-la-table-des-minerais-de-sang\\\/#respond\"]}]},{\"@type\":\"WebPage\",\"@id\":\"https:\\\/\\\/fogeka-rdc.org\\\/index.php\\\/2026\\\/08\\\/23\\\/rdc-opinion-du-week-end-martin-fayulu-oublie-ses-origines-pour-une-place-a-la-table-des-minerais-de-sang\\\/\",\"url\":\"https:\\\/\\\/fogeka-rdc.org\\\/index.php\\\/2026\\\/08\\\/23\\\/rdc-opinion-du-week-end-martin-fayulu-oublie-ses-origines-pour-une-place-a-la-table-des-minerais-de-sang\\\/\",\"name\":\"RDC -OPINION DU WEEK-END : MARTIN FAYULU OUBLIE SES ORIGINES POUR UNE PLACE \u00c0 LA TABLE DES MINERAIS DE SANG - fogeka-rdc\",\"isPartOf\":{\"@id\":\"https:\\\/\\\/fogeka-rdc.org\\\/#website\"},\"primaryImageOfPage\":{\"@id\":\"https:\\\/\\\/fogeka-rdc.org\\\/index.php\\\/2026\\\/08\\\/23\\\/rdc-opinion-du-week-end-martin-fayulu-oublie-ses-origines-pour-une-place-a-la-table-des-minerais-de-sang\\\/#primaryimage\"},\"image\":{\"@id\":\"https:\\\/\\\/fogeka-rdc.org\\\/index.php\\\/2026\\\/08\\\/23\\\/rdc-opinion-du-week-end-martin-fayulu-oublie-ses-origines-pour-une-place-a-la-table-des-minerais-de-sang\\\/#primaryimage\"},\"thumbnailUrl\":\"https:\\\/\\\/fogeka-rdc.org\\\/wp-content\\\/uploads\\\/2026\\\/08\\\/Martin-Fayulu_genie-Kande.jpg\",\"datePublished\":\"2026-08-23T14:21:44+00:00\",\"dateModified\":\"2026-08-25T14:35:09+00:00\",\"breadcrumb\":{\"@id\":\"https:\\\/\\\/fogeka-rdc.org\\\/index.php\\\/2026\\\/08\\\/23\\\/rdc-opinion-du-week-end-martin-fayulu-oublie-ses-origines-pour-une-place-a-la-table-des-minerais-de-sang\\\/#breadcrumb\"},\"inLanguage\":\"fr-FR\",\"potentialAction\":[{\"@type\":\"ReadAction\",\"target\":[\"https:\\\/\\\/fogeka-rdc.org\\\/index.php\\\/2026\\\/08\\\/23\\\/rdc-opinion-du-week-end-martin-fayulu-oublie-ses-origines-pour-une-place-a-la-table-des-minerais-de-sang\\\/\"]}]},{\"@type\":\"ImageObject\",\"inLanguage\":\"fr-FR\",\"@id\":\"https:\\\/\\\/fogeka-rdc.org\\\/index.php\\\/2026\\\/08\\\/23\\\/rdc-opinion-du-week-end-martin-fayulu-oublie-ses-origines-pour-une-place-a-la-table-des-minerais-de-sang\\\/#primaryimage\",\"url\":\"https:\\\/\\\/fogeka-rdc.org\\\/wp-content\\\/uploads\\\/2026\\\/08\\\/Martin-Fayulu_genie-Kande.jpg\",\"contentUrl\":\"https:\\\/\\\/fogeka-rdc.org\\\/wp-content\\\/uploads\\\/2026\\\/08\\\/Martin-Fayulu_genie-Kande.jpg\",\"width\":767,\"height\":562},{\"@type\":\"BreadcrumbList\",\"@id\":\"https:\\\/\\\/fogeka-rdc.org\\\/index.php\\\/2026\\\/08\\\/23\\\/rdc-opinion-du-week-end-martin-fayulu-oublie-ses-origines-pour-une-place-a-la-table-des-minerais-de-sang\\\/#breadcrumb\",\"itemListElement\":[{\"@type\":\"ListItem\",\"position\":1,\"name\":\"Accueil\",\"item\":\"https:\\\/\\\/fogeka-rdc.org\\\/\"},{\"@type\":\"ListItem\",\"position\":2,\"name\":\"RDC -OPINION DU WEEK-END : MARTIN FAYULU OUBLIE SES ORIGINES POUR UNE PLACE \u00c0 LA TABLE DES MINERAIS DE SANG\"}]},{\"@type\":\"WebSite\",\"@id\":\"https:\\\/\\\/fogeka-rdc.org\\\/#website\",\"url\":\"https:\\\/\\\/fogeka-rdc.org\\\/\",\"name\":\"fogeka-rdc\",\"description\":\"Agro foresterie, dans la paix, pour le d\u00e9veloppement\",\"publisher\":{\"@id\":\"https:\\\/\\\/fogeka-rdc.org\\\/#organization\"},\"potentialAction\":[{\"@type\":\"SearchAction\",\"target\":{\"@type\":\"EntryPoint\",\"urlTemplate\":\"https:\\\/\\\/fogeka-rdc.org\\\/?s={search_term_string}\"},\"query-input\":{\"@type\":\"PropertyValueSpecification\",\"valueRequired\":true,\"valueName\":\"search_term_string\"}}],\"inLanguage\":\"fr-FR\"},{\"@type\":\"Organization\",\"@id\":\"https:\\\/\\\/fogeka-rdc.org\\\/#organization\",\"name\":\"fogeka-rdc\",\"url\":\"https:\\\/\\\/fogeka-rdc.org\\\/\",\"logo\":{\"@type\":\"ImageObject\",\"inLanguage\":\"fr-FR\",\"@id\":\"https:\\\/\\\/fogeka-rdc.org\\\/#\\\/schema\\\/logo\\\/image\\\/\",\"url\":\"https:\\\/\\\/fogeka-rdc.org\\\/wp-content\\\/uploads\\\/2025\\\/09\\\/cropped-cropped-WhatsApp-Image-2025-09-12-at-23.09.05.jpeg\",\"contentUrl\":\"https:\\\/\\\/fogeka-rdc.org\\\/wp-content\\\/uploads\\\/2025\\\/09\\\/cropped-cropped-WhatsApp-Image-2025-09-12-at-23.09.05.jpeg\",\"width\":250,\"height\":134,\"caption\":\"fogeka-rdc\"},\"image\":{\"@id\":\"https:\\\/\\\/fogeka-rdc.org\\\/#\\\/schema\\\/logo\\\/image\\\/\"}},{\"@type\":\"Person\",\"@id\":\"https:\\\/\\\/fogeka-rdc.org\\\/#\\\/schema\\\/person\\\/326652cf3d7bfcbab6d224e17d6992ef\",\"name\":\"Fogeka Fogekardc\",\"image\":{\"@type\":\"ImageObject\",\"inLanguage\":\"fr-FR\",\"@id\":\"https:\\\/\\\/secure.gravatar.com\\\/avatar\\\/7409435eb90dab5dd3e21946e11423d79d4fd27d0d76a9a6883c8f31758a7ecd?s=96&d=mm&r=g\",\"url\":\"https:\\\/\\\/secure.gravatar.com\\\/avatar\\\/7409435eb90dab5dd3e21946e11423d79d4fd27d0d76a9a6883c8f31758a7ecd?s=96&d=mm&r=g\",\"contentUrl\":\"https:\\\/\\\/secure.gravatar.com\\\/avatar\\\/7409435eb90dab5dd3e21946e11423d79d4fd27d0d76a9a6883c8f31758a7ecd?s=96&d=mm&r=g\",\"caption\":\"Fogeka Fogekardc\"},\"url\":\"https:\\\/\\\/fogeka-rdc.org\\\/index.php\\\/author\\\/fogeka-admin\\\/\"}]}<\/script>\n<!-- \/ Yoast SEO plugin. -->","yoast_head_json":{"title":"RDC -OPINION DU WEEK-END : MARTIN FAYULU OUBLIE SES ORIGINES POUR UNE PLACE \u00c0 LA TABLE DES MINERAIS DE SANG - fogeka-rdc","robots":{"index":"index","follow":"follow","max-snippet":"max-snippet:-1","max-image-preview":"max-image-preview:large","max-video-preview":"max-video-preview:-1"},"canonical":"https:\/\/fogeka-rdc.org\/index.php\/2026\/08\/23\/rdc-opinion-du-week-end-martin-fayulu-oublie-ses-origines-pour-une-place-a-la-table-des-minerais-de-sang\/","og_locale":"fr_FR","og_type":"article","og_title":"RDC -OPINION DU WEEK-END : MARTIN FAYULU OUBLIE SES ORIGINES POUR UNE PLACE \u00c0 LA TABLE DES MINERAIS DE SANG - fogeka-rdc","og_description":"Par G\u00e9nie Kande \u00a0Hier encore figure de l&rsquo;opposition dite vraie, engag\u00e9 pour la chose nationale, Martin Fayulu a men\u00e9 de&hellip;","og_url":"https:\/\/fogeka-rdc.org\/index.php\/2026\/08\/23\/rdc-opinion-du-week-end-martin-fayulu-oublie-ses-origines-pour-une-place-a-la-table-des-minerais-de-sang\/","og_site_name":"fogeka-rdc","article_published_time":"2026-08-23T14:21:44+00:00","article_modified_time":"2026-08-25T14:35:09+00:00","og_image":[{"width":767,"height":562,"url":"https:\/\/fogeka-rdc.org\/wp-content\/uploads\/2026\/08\/Martin-Fayulu_genie-Kande.jpg","type":"image\/jpeg"}],"author":"Fogeka Fogekardc","twitter_card":"summary_large_image","twitter_misc":{"\u00c9crit par":"Fogeka Fogekardc","Dur\u00e9e de lecture estim\u00e9e":"3 minutes"},"schema":{"@context":"https:\/\/schema.org","@graph":[{"@type":"Article","@id":"https:\/\/fogeka-rdc.org\/index.php\/2026\/08\/23\/rdc-opinion-du-week-end-martin-fayulu-oublie-ses-origines-pour-une-place-a-la-table-des-minerais-de-sang\/#article","isPartOf":{"@id":"https:\/\/fogeka-rdc.org\/index.php\/2026\/08\/23\/rdc-opinion-du-week-end-martin-fayulu-oublie-ses-origines-pour-une-place-a-la-table-des-minerais-de-sang\/"},"author":{"name":"Fogeka Fogekardc","@id":"https:\/\/fogeka-rdc.org\/#\/schema\/person\/326652cf3d7bfcbab6d224e17d6992ef"},"headline":"RDC -OPINION DU WEEK-END : MARTIN FAYULU OUBLIE SES ORIGINES POUR UNE PLACE \u00c0 LA TABLE DES MINERAIS DE SANG","datePublished":"2026-08-23T14:21:44+00:00","dateModified":"2026-08-25T14:35:09+00:00","mainEntityOfPage":{"@id":"https:\/\/fogeka-rdc.org\/index.php\/2026\/08\/23\/rdc-opinion-du-week-end-martin-fayulu-oublie-ses-origines-pour-une-place-a-la-table-des-minerais-de-sang\/"},"wordCount":619,"commentCount":0,"publisher":{"@id":"https:\/\/fogeka-rdc.org\/#organization"},"image":{"@id":"https:\/\/fogeka-rdc.org\/index.php\/2026\/08\/23\/rdc-opinion-du-week-end-martin-fayulu-oublie-ses-origines-pour-une-place-a-la-table-des-minerais-de-sang\/#primaryimage"},"thumbnailUrl":"https:\/\/fogeka-rdc.org\/wp-content\/uploads\/2026\/08\/Martin-Fayulu_genie-Kande.jpg","articleSection":["Actualit\u00e9","Politique"],"inLanguage":"fr-FR","potentialAction":[{"@type":"CommentAction","name":"Comment","target":["https:\/\/fogeka-rdc.org\/index.php\/2026\/08\/23\/rdc-opinion-du-week-end-martin-fayulu-oublie-ses-origines-pour-une-place-a-la-table-des-minerais-de-sang\/#respond"]}]},{"@type":"WebPage","@id":"https:\/\/fogeka-rdc.org\/index.php\/2026\/08\/23\/rdc-opinion-du-week-end-martin-fayulu-oublie-ses-origines-pour-une-place-a-la-table-des-minerais-de-sang\/","url":"https:\/\/fogeka-rdc.org\/index.php\/2026\/08\/23\/rdc-opinion-du-week-end-martin-fayulu-oublie-ses-origines-pour-une-place-a-la-table-des-minerais-de-sang\/","name":"RDC -OPINION DU WEEK-END : MARTIN FAYULU OUBLIE SES ORIGINES POUR UNE PLACE \u00c0 LA TABLE DES MINERAIS DE SANG - fogeka-rdc","isPartOf":{"@id":"https:\/\/fogeka-rdc.org\/#website"},"primaryImageOfPage":{"@id":"https:\/\/fogeka-rdc.org\/index.php\/2026\/08\/23\/rdc-opinion-du-week-end-martin-fayulu-oublie-ses-origines-pour-une-place-a-la-table-des-minerais-de-sang\/#primaryimage"},"image":{"@id":"https:\/\/fogeka-rdc.org\/index.php\/2026\/08\/23\/rdc-opinion-du-week-end-martin-fayulu-oublie-ses-origines-pour-une-place-a-la-table-des-minerais-de-sang\/#primaryimage"},"thumbnailUrl":"https:\/\/fogeka-rdc.org\/wp-content\/uploads\/2026\/08\/Martin-Fayulu_genie-Kande.jpg","datePublished":"2026-08-23T14:21:44+00:00","dateModified":"2026-08-25T14:35:09+00:00","breadcrumb":{"@id":"https:\/\/fogeka-rdc.org\/index.php\/2026\/08\/23\/rdc-opinion-du-week-end-martin-fayulu-oublie-ses-origines-pour-une-place-a-la-table-des-minerais-de-sang\/#breadcrumb"},"inLanguage":"fr-FR","potentialAction":[{"@type":"ReadAction","target":["https:\/\/fogeka-rdc.org\/index.php\/2026\/08\/23\/rdc-opinion-du-week-end-martin-fayulu-oublie-ses-origines-pour-une-place-a-la-table-des-minerais-de-sang\/"]}]},{"@type":"ImageObject","inLanguage":"fr-FR","@id":"https:\/\/fogeka-rdc.org\/index.php\/2026\/08\/23\/rdc-opinion-du-week-end-martin-fayulu-oublie-ses-origines-pour-une-place-a-la-table-des-minerais-de-sang\/#primaryimage","url":"https:\/\/fogeka-rdc.org\/wp-content\/uploads\/2026\/08\/Martin-Fayulu_genie-Kande.jpg","contentUrl":"https:\/\/fogeka-rdc.org\/wp-content\/uploads\/2026\/08\/Martin-Fayulu_genie-Kande.jpg","width":767,"height":562},{"@type":"BreadcrumbList","@id":"https:\/\/fogeka-rdc.org\/index.php\/2026\/08\/23\/rdc-opinion-du-week-end-martin-fayulu-oublie-ses-origines-pour-une-place-a-la-table-des-minerais-de-sang\/#breadcrumb","itemListElement":[{"@type":"ListItem","position":1,"name":"Accueil","item":"https:\/\/fogeka-rdc.org\/"},{"@type":"ListItem","position":2,"name":"RDC -OPINION DU WEEK-END : MARTIN FAYULU OUBLIE SES ORIGINES POUR UNE PLACE \u00c0 LA TABLE DES MINERAIS DE SANG"}]},{"@type":"WebSite","@id":"https:\/\/fogeka-rdc.org\/#website","url":"https:\/\/fogeka-rdc.org\/","name":"fogeka-rdc","description":"Agro foresterie, dans la paix, pour le d\u00e9veloppement","publisher":{"@id":"https:\/\/fogeka-rdc.org\/#organization"},"potentialAction":[{"@type":"SearchAction","target":{"@type":"EntryPoint","urlTemplate":"https:\/\/fogeka-rdc.org\/?s={search_term_string}"},"query-input":{"@type":"PropertyValueSpecification","valueRequired":true,"valueName":"search_term_string"}}],"inLanguage":"fr-FR"},{"@type":"Organization","@id":"https:\/\/fogeka-rdc.org\/#organization","name":"fogeka-rdc","url":"https:\/\/fogeka-rdc.org\/","logo":{"@type":"ImageObject","inLanguage":"fr-FR","@id":"https:\/\/fogeka-rdc.org\/#\/schema\/logo\/image\/","url":"https:\/\/fogeka-rdc.org\/wp-content\/uploads\/2025\/09\/cropped-cropped-WhatsApp-Image-2025-09-12-at-23.09.05.jpeg","contentUrl":"https:\/\/fogeka-rdc.org\/wp-content\/uploads\/2025\/09\/cropped-cropped-WhatsApp-Image-2025-09-12-at-23.09.05.jpeg","width":250,"height":134,"caption":"fogeka-rdc"},"image":{"@id":"https:\/\/fogeka-rdc.org\/#\/schema\/logo\/image\/"}},{"@type":"Person","@id":"https:\/\/fogeka-rdc.org\/#\/schema\/person\/326652cf3d7bfcbab6d224e17d6992ef","name":"Fogeka Fogekardc","image":{"@type":"ImageObject","inLanguage":"fr-FR","@id":"https:\/\/secure.gravatar.com\/avatar\/7409435eb90dab5dd3e21946e11423d79d4fd27d0d76a9a6883c8f31758a7ecd?s=96&d=mm&r=g","url":"https:\/\/secure.gravatar.com\/avatar\/7409435eb90dab5dd3e21946e11423d79d4fd27d0d76a9a6883c8f31758a7ecd?s=96&d=mm&r=g","contentUrl":"https:\/\/secure.gravatar.com\/avatar\/7409435eb90dab5dd3e21946e11423d79d4fd27d0d76a9a6883c8f31758a7ecd?s=96&d=mm&r=g","caption":"Fogeka Fogekardc"},"url":"https:\/\/fogeka-rdc.org\/index.php\/author\/fogeka-admin\/"}]}},"_links":{"self":[{"href":"https:\/\/fogeka-rdc.org\/index.php\/wp-json\/wp\/v2\/posts\/766","targetHints":{"allow":["GET"]}}],"collection":[{"href":"https:\/\/fogeka-rdc.org\/index.php\/wp-json\/wp\/v2\/posts"}],"about":[{"href":"https:\/\/fogeka-rdc.org\/index.php\/wp-json\/wp\/v2\/types\/post"}],"author":[{"embeddable":true,"href":"https:\/\/fogeka-rdc.org\/index.php\/wp-json\/wp\/v2\/users\/2"}],"replies":[{"embeddable":true,"href":"https:\/\/fogeka-rdc.org\/index.php\/wp-json\/wp\/v2\/comments?post=766"}],"version-history":[{"count":3,"href":"https:\/\/fogeka-rdc.org\/index.php\/wp-json\/wp\/v2\/posts\/766\/revisions"}],"predecessor-version":[{"id":772,"href":"https:\/\/fogeka-rdc.org\/index.php\/wp-json\/wp\/v2\/posts\/766\/revisions\/772"}],"wp:featuredmedia":[{"embeddable":true,"href":"https:\/\/fogeka-rdc.org\/index.php\/wp-json\/wp\/v2\/media\/773"}],"wp:attachment":[{"href":"https:\/\/fogeka-rdc.org\/index.php\/wp-json\/wp\/v2\/media?parent=766"}],"wp:term":[{"taxonomy":"category","embeddable":true,"href":"https:\/\/fogeka-rdc.org\/index.php\/wp-json\/wp\/v2\/categories?post=766"},{"taxonomy":"post_tag","embeddable":true,"href":"https:\/\/fogeka-rdc.org\/index.php\/wp-json\/wp\/v2\/tags?post=766"}],"curies":[{"name":"wp","href":"https:\/\/api.w.org\/{rel}","templated":true}]}}