{"id":780,"date":"2026-08-25T14:15:45","date_gmt":"2026-08-25T14:15:45","guid":{"rendered":"https:\/\/fogeka-rdc.org\/?p=780"},"modified":"2026-08-28T14:20:48","modified_gmt":"2026-08-28T14:20:48","slug":"rdc-larptc-sequipe-pour-mesurer-la-qualite-des-reseaux-mobiles","status":"publish","type":"post","link":"https:\/\/fogeka-rdc.org\/index.php\/2026\/08\/25\/rdc-larptc-sequipe-pour-mesurer-la-qualite-des-reseaux-mobiles\/","title":{"rendered":"RDC : l\u2019ARPTC s\u2019\u00e9quipe pour mesurer la qualit\u00e9 des r\u00e9seaux mobiles"},"content":{"rendered":"<p dir=\"ltr\">\n<p dir=\"ltr\">Reportage de Patrick Mulebe<\/p>\n<p dir=\"ltr\">Marre des appels coup\u00e9s et d\u2019une 4G qui repasse en 2G d\u00e8s la sortie du centre-ville ? L\u2019\u00c9tat congolais veut d\u00e9sormais trancher par les chiffres. Ce mardi 25 ao\u00fbt, le ministre des Postes et T\u00e9l\u00e9communications, Jos\u00e9 Mpanda Kabangu, a inspect\u00e9 \u00e0 Kinshasa les nouveaux \u00e9quipements de contr\u00f4le d\u00e9ploy\u00e9s par l\u2019ARPTC.Objectif : fonder la r\u00e9gulation sur des donn\u00e9es objectives et non plus sur des d\u00e9clarations d\u2019intention.<\/p>\n<p>&nbsp;<\/p>\n<p dir=\"ltr\">L\u2019Autorit\u00e9 de R\u00e9gulation de la Poste et des T\u00e9l\u00e9communications du Congo vient de recevoir des syst\u00e8mes d\u2019acquisition et d\u2019analyse de donn\u00e9es r\u00e9seau d\u00e9sormais op\u00e9rationnels. Ils remplissent deux fonctions. D\u2019abord, auditer en quasi temps r\u00e9el la qualit\u00e9 de service des op\u00e9rateurs : d\u00e9bit, taux de coupure d\u2019appel, latence, couverture. Ensuite, surveiller le spectre des fr\u00e9quences pour d\u00e9tecter les brouillages, v\u00e9rifier l\u2019occupation des bandes et pr\u00e9parer l\u2019arriv\u00e9e de la 5G.<\/p>\n<p>&nbsp;<\/p>\n<p dir=\"ltr\">\u00a0Pour le minist\u00e8re, il s\u2019agit de passer d\u2019une r\u00e9gulation de \u00ab bonne foi \u00bb \u00e0 une r\u00e9gulation par la preuve. Depuis des ann\u00e9es, les usagers d\u00e9noncent les m\u00eames dysfonctionnements, tandis que les op\u00e9rateurs fournissent leurs propres indicateurs. L\u2019ARPTC pourra d\u00e9sormais produire ses propres mesures, les analyser et envisager de les rendre *publiques, op\u00e9rateur par op\u00e9rateur, r\u00e9gion par r\u00e9gion.<\/p>\n<p>&nbsp;<\/p>\n<p dir=\"ltr\">Cette r\u00e9forme aligne la RDC sur les standards internationaux recommand\u00e9s par l\u2019UIT. Au Maroc, au S\u00e9n\u00e9gal ou en France, les r\u00e9gulateurs publient r\u00e9guli\u00e8rement des cartes de couverture et des classements afin de stimuler la concurrence par la transparence. Ils s\u2019appuient aussi sur une gestion dynamique du spectre, bien rare et strat\u00e9gique, et sur des sanctions financi\u00e8res adoss\u00e9es \u00e0 des faits techniques indiscutables.<\/p>\n<p>&nbsp;<\/p>\n<p dir=\"ltr\">Reste la mise en \u0153uvre. Trois d\u00e9fis sont devant l\u2019ARPTC : assurer la continuit\u00e9 des contr\u00f4les et non des mesures ponctuelles, garantir la transparence des r\u00e9sultats, et appliquer effectivement le cahier des charges en cas de manquement.<\/p>\n<p>&nbsp;<\/p>\n<p dir=\"ltr\">\u00a0Jos\u00e9 Mpanda Kabangu \u00e9tait accompagn\u00e9 des conseillers au num\u00e9rique de la Pr\u00e9sidence et de la Primature, un signal politique fort. Pour les millions d\u2019abonn\u00e9s, la question demeure : quand ces donn\u00e9es se traduiront-elles par une am\u00e9lioration concr\u00e8te sur leurs t\u00e9l\u00e9phones ?<\/p>\n<p dir=\"ltr\">La r\u00e9ponse d\u00e9pendra de la capacit\u00e9 de l\u2019\u00c9tat \u00e0 transformer la mesure en action.<\/p>\n<p>&nbsp;<\/p>\n<p dir=\"ltr\"><strong>\u00a0Fogeka Agency communication<\/strong><\/p>\n<p dir=\"ltr\">E-mail <a href=\"mailto:fogekardc@gmail.com\" target=\"_blank\" rel=\"noopener\">fogekardc@gmail.com<\/a><\/p>\n<p dir=\"ltr\">T\u00e9l :+243 818344445<\/p>\n<p dir=\"ltr\">\u00a0Kinshasa\/RDC<\/p>\n","protected":false},"excerpt":{"rendered":"<p>Reportage de Patrick Mulebe Marre des appels coup\u00e9s et d\u2019une 4G qui repasse en 2G d\u00e8s la sortie du centre-ville&hellip;<\/p>\n","protected":false},"author":2,"featured_media":781,"comment_status":"open","ping_status":"open","sticky":true,"template":"","format":"standard","meta":{"footnotes":""},"categories":[2,5,8],"tags":[],"class_list":["post-780","post","type-post","status-publish","format-standard","has-post-thumbnail","hentry","category-actualite","category-developpement","category-sociale"],"yoast_head":"<!-- This site is optimized with the Yoast SEO plugin v28.3 - https:\/\/yoast.com\/product\/yoast-seo-wordpress\/ -->\n<title>RDC : l\u2019ARPTC s\u2019\u00e9quipe pour mesurer la qualit\u00e9 des r\u00e9seaux mobiles - fogeka-rdc<\/title>\n<meta name=\"robots\" content=\"index, follow, max-snippet:-1, max-image-preview:large, max-video-preview:-1\" \/>\n<link rel=\"canonical\" href=\"https:\/\/fogeka-rdc.org\/index.php\/2026\/08\/25\/rdc-larptc-sequipe-pour-mesurer-la-qualite-des-reseaux-mobiles\/\" \/>\n<meta property=\"og:locale\" content=\"fr_FR\" \/>\n<meta property=\"og:type\" content=\"article\" \/>\n<meta property=\"og:title\" content=\"RDC : l\u2019ARPTC s\u2019\u00e9quipe pour mesurer la qualit\u00e9 des r\u00e9seaux mobiles - fogeka-rdc\" \/>\n<meta property=\"og:description\" content=\"Reportage de Patrick Mulebe Marre des appels coup\u00e9s et d\u2019une 4G qui repasse en 2G d\u00e8s la sortie du centre-ville&hellip;\" \/>\n<meta property=\"og:url\" content=\"https:\/\/fogeka-rdc.org\/index.php\/2026\/08\/25\/rdc-larptc-sequipe-pour-mesurer-la-qualite-des-reseaux-mobiles\/\" \/>\n<meta property=\"og:site_name\" content=\"fogeka-rdc\" \/>\n<meta property=\"article:published_time\" content=\"2026-08-25T14:15:45+00:00\" \/>\n<meta property=\"article:modified_time\" content=\"2026-08-28T14:20:48+00:00\" \/>\n<meta property=\"og:image\" content=\"https:\/\/fogeka-rdc.org\/wp-content\/uploads\/2026\/08\/Jose-Mpanda.jpg\" \/>\n\t<meta property=\"og:image:width\" content=\"767\" \/>\n\t<meta property=\"og:image:height\" content=\"606\" \/>\n\t<meta property=\"og:image:type\" content=\"image\/jpeg\" \/>\n<meta name=\"author\" content=\"Fogeka Fogekardc\" \/>\n<meta name=\"twitter:card\" content=\"summary_large_image\" \/>\n<meta name=\"twitter:label1\" content=\"\u00c9crit par\" \/>\n\t<meta name=\"twitter:data1\" content=\"Fogeka Fogekardc\" \/>\n\t<meta name=\"twitter:label2\" content=\"Dur\u00e9e de lecture estim\u00e9e\" \/>\n\t<meta name=\"twitter:data2\" content=\"2 minutes\" \/>\n<script type=\"application\/ld+json\" class=\"yoast-schema-graph\">{\"@context\":\"https:\\\/\\\/schema.org\",\"@graph\":[{\"@type\":\"Article\",\"@id\":\"https:\\\/\\\/fogeka-rdc.org\\\/index.php\\\/2026\\\/08\\\/25\\\/rdc-larptc-sequipe-pour-mesurer-la-qualite-des-reseaux-mobiles\\\/#article\",\"isPartOf\":{\"@id\":\"https:\\\/\\\/fogeka-rdc.org\\\/index.php\\\/2026\\\/08\\\/25\\\/rdc-larptc-sequipe-pour-mesurer-la-qualite-des-reseaux-mobiles\\\/\"},\"author\":{\"name\":\"Fogeka Fogekardc\",\"@id\":\"https:\\\/\\\/fogeka-rdc.org\\\/#\\\/schema\\\/person\\\/326652cf3d7bfcbab6d224e17d6992ef\"},\"headline\":\"RDC : l\u2019ARPTC s\u2019\u00e9quipe pour mesurer la qualit\u00e9 des r\u00e9seaux mobiles\",\"datePublished\":\"2026-08-25T14:15:45+00:00\",\"dateModified\":\"2026-08-28T14:20:48+00:00\",\"mainEntityOfPage\":{\"@id\":\"https:\\\/\\\/fogeka-rdc.org\\\/index.php\\\/2026\\\/08\\\/25\\\/rdc-larptc-sequipe-pour-mesurer-la-qualite-des-reseaux-mobiles\\\/\"},\"wordCount\":449,\"commentCount\":0,\"publisher\":{\"@id\":\"https:\\\/\\\/fogeka-rdc.org\\\/#organization\"},\"image\":{\"@id\":\"https:\\\/\\\/fogeka-rdc.org\\\/index.php\\\/2026\\\/08\\\/25\\\/rdc-larptc-sequipe-pour-mesurer-la-qualite-des-reseaux-mobiles\\\/#primaryimage\"},\"thumbnailUrl\":\"https:\\\/\\\/fogeka-rdc.org\\\/wp-content\\\/uploads\\\/2026\\\/08\\\/Jose-Mpanda.jpg\",\"articleSection\":[\"Actualit\u00e9\",\"D\u00e9veloppement\",\"Sociale\"],\"inLanguage\":\"fr-FR\",\"potentialAction\":[{\"@type\":\"CommentAction\",\"name\":\"Comment\",\"target\":[\"https:\\\/\\\/fogeka-rdc.org\\\/index.php\\\/2026\\\/08\\\/25\\\/rdc-larptc-sequipe-pour-mesurer-la-qualite-des-reseaux-mobiles\\\/#respond\"]}]},{\"@type\":\"WebPage\",\"@id\":\"https:\\\/\\\/fogeka-rdc.org\\\/index.php\\\/2026\\\/08\\\/25\\\/rdc-larptc-sequipe-pour-mesurer-la-qualite-des-reseaux-mobiles\\\/\",\"url\":\"https:\\\/\\\/fogeka-rdc.org\\\/index.php\\\/2026\\\/08\\\/25\\\/rdc-larptc-sequipe-pour-mesurer-la-qualite-des-reseaux-mobiles\\\/\",\"name\":\"RDC : l\u2019ARPTC s\u2019\u00e9quipe pour mesurer la qualit\u00e9 des r\u00e9seaux mobiles - fogeka-rdc\",\"isPartOf\":{\"@id\":\"https:\\\/\\\/fogeka-rdc.org\\\/#website\"},\"primaryImageOfPage\":{\"@id\":\"https:\\\/\\\/fogeka-rdc.org\\\/index.php\\\/2026\\\/08\\\/25\\\/rdc-larptc-sequipe-pour-mesurer-la-qualite-des-reseaux-mobiles\\\/#primaryimage\"},\"image\":{\"@id\":\"https:\\\/\\\/fogeka-rdc.org\\\/index.php\\\/2026\\\/08\\\/25\\\/rdc-larptc-sequipe-pour-mesurer-la-qualite-des-reseaux-mobiles\\\/#primaryimage\"},\"thumbnailUrl\":\"https:\\\/\\\/fogeka-rdc.org\\\/wp-content\\\/uploads\\\/2026\\\/08\\\/Jose-Mpanda.jpg\",\"datePublished\":\"2026-08-25T14:15:45+00:00\",\"dateModified\":\"2026-08-28T14:20:48+00:00\",\"breadcrumb\":{\"@id\":\"https:\\\/\\\/fogeka-rdc.org\\\/index.php\\\/2026\\\/08\\\/25\\\/rdc-larptc-sequipe-pour-mesurer-la-qualite-des-reseaux-mobiles\\\/#breadcrumb\"},\"inLanguage\":\"fr-FR\",\"potentialAction\":[{\"@type\":\"ReadAction\",\"target\":[\"https:\\\/\\\/fogeka-rdc.org\\\/index.php\\\/2026\\\/08\\\/25\\\/rdc-larptc-sequipe-pour-mesurer-la-qualite-des-reseaux-mobiles\\\/\"]}]},{\"@type\":\"ImageObject\",\"inLanguage\":\"fr-FR\",\"@id\":\"https:\\\/\\\/fogeka-rdc.org\\\/index.php\\\/2026\\\/08\\\/25\\\/rdc-larptc-sequipe-pour-mesurer-la-qualite-des-reseaux-mobiles\\\/#primaryimage\",\"url\":\"https:\\\/\\\/fogeka-rdc.org\\\/wp-content\\\/uploads\\\/2026\\\/08\\\/Jose-Mpanda.jpg\",\"contentUrl\":\"https:\\\/\\\/fogeka-rdc.org\\\/wp-content\\\/uploads\\\/2026\\\/08\\\/Jose-Mpanda.jpg\",\"width\":767,\"height\":606},{\"@type\":\"BreadcrumbList\",\"@id\":\"https:\\\/\\\/fogeka-rdc.org\\\/index.php\\\/2026\\\/08\\\/25\\\/rdc-larptc-sequipe-pour-mesurer-la-qualite-des-reseaux-mobiles\\\/#breadcrumb\",\"itemListElement\":[{\"@type\":\"ListItem\",\"position\":1,\"name\":\"Accueil\",\"item\":\"https:\\\/\\\/fogeka-rdc.org\\\/\"},{\"@type\":\"ListItem\",\"position\":2,\"name\":\"RDC : l\u2019ARPTC s\u2019\u00e9quipe pour mesurer la qualit\u00e9 des r\u00e9seaux mobiles\"}]},{\"@type\":\"WebSite\",\"@id\":\"https:\\\/\\\/fogeka-rdc.org\\\/#website\",\"url\":\"https:\\\/\\\/fogeka-rdc.org\\\/\",\"name\":\"fogeka-rdc\",\"description\":\"Agro foresterie, dans la paix, pour le d\u00e9veloppement\",\"publisher\":{\"@id\":\"https:\\\/\\\/fogeka-rdc.org\\\/#organization\"},\"potentialAction\":[{\"@type\":\"SearchAction\",\"target\":{\"@type\":\"EntryPoint\",\"urlTemplate\":\"https:\\\/\\\/fogeka-rdc.org\\\/?s={search_term_string}\"},\"query-input\":{\"@type\":\"PropertyValueSpecification\",\"valueRequired\":true,\"valueName\":\"search_term_string\"}}],\"inLanguage\":\"fr-FR\"},{\"@type\":\"Organization\",\"@id\":\"https:\\\/\\\/fogeka-rdc.org\\\/#organization\",\"name\":\"fogeka-rdc\",\"url\":\"https:\\\/\\\/fogeka-rdc.org\\\/\",\"logo\":{\"@type\":\"ImageObject\",\"inLanguage\":\"fr-FR\",\"@id\":\"https:\\\/\\\/fogeka-rdc.org\\\/#\\\/schema\\\/logo\\\/image\\\/\",\"url\":\"https:\\\/\\\/fogeka-rdc.org\\\/wp-content\\\/uploads\\\/2025\\\/09\\\/cropped-cropped-WhatsApp-Image-2025-09-12-at-23.09.05.jpeg\",\"contentUrl\":\"https:\\\/\\\/fogeka-rdc.org\\\/wp-content\\\/uploads\\\/2025\\\/09\\\/cropped-cropped-WhatsApp-Image-2025-09-12-at-23.09.05.jpeg\",\"width\":250,\"height\":134,\"caption\":\"fogeka-rdc\"},\"image\":{\"@id\":\"https:\\\/\\\/fogeka-rdc.org\\\/#\\\/schema\\\/logo\\\/image\\\/\"}},{\"@type\":\"Person\",\"@id\":\"https:\\\/\\\/fogeka-rdc.org\\\/#\\\/schema\\\/person\\\/326652cf3d7bfcbab6d224e17d6992ef\",\"name\":\"Fogeka Fogekardc\",\"image\":{\"@type\":\"ImageObject\",\"inLanguage\":\"fr-FR\",\"@id\":\"https:\\\/\\\/secure.gravatar.com\\\/avatar\\\/7409435eb90dab5dd3e21946e11423d79d4fd27d0d76a9a6883c8f31758a7ecd?s=96&d=mm&r=g\",\"url\":\"https:\\\/\\\/secure.gravatar.com\\\/avatar\\\/7409435eb90dab5dd3e21946e11423d79d4fd27d0d76a9a6883c8f31758a7ecd?s=96&d=mm&r=g\",\"contentUrl\":\"https:\\\/\\\/secure.gravatar.com\\\/avatar\\\/7409435eb90dab5dd3e21946e11423d79d4fd27d0d76a9a6883c8f31758a7ecd?s=96&d=mm&r=g\",\"caption\":\"Fogeka Fogekardc\"},\"url\":\"https:\\\/\\\/fogeka-rdc.org\\\/index.php\\\/author\\\/fogeka-admin\\\/\"}]}<\/script>\n<!-- \/ Yoast SEO plugin. -->","yoast_head_json":{"title":"RDC : l\u2019ARPTC s\u2019\u00e9quipe pour mesurer la qualit\u00e9 des r\u00e9seaux mobiles - fogeka-rdc","robots":{"index":"index","follow":"follow","max-snippet":"max-snippet:-1","max-image-preview":"max-image-preview:large","max-video-preview":"max-video-preview:-1"},"canonical":"https:\/\/fogeka-rdc.org\/index.php\/2026\/08\/25\/rdc-larptc-sequipe-pour-mesurer-la-qualite-des-reseaux-mobiles\/","og_locale":"fr_FR","og_type":"article","og_title":"RDC : l\u2019ARPTC s\u2019\u00e9quipe pour mesurer la qualit\u00e9 des r\u00e9seaux mobiles - fogeka-rdc","og_description":"Reportage de Patrick Mulebe Marre des appels coup\u00e9s et d\u2019une 4G qui repasse en 2G d\u00e8s la sortie du centre-ville&hellip;","og_url":"https:\/\/fogeka-rdc.org\/index.php\/2026\/08\/25\/rdc-larptc-sequipe-pour-mesurer-la-qualite-des-reseaux-mobiles\/","og_site_name":"fogeka-rdc","article_published_time":"2026-08-25T14:15:45+00:00","article_modified_time":"2026-08-28T14:20:48+00:00","og_image":[{"width":767,"height":606,"url":"https:\/\/fogeka-rdc.org\/wp-content\/uploads\/2026\/08\/Jose-Mpanda.jpg","type":"image\/jpeg"}],"author":"Fogeka Fogekardc","twitter_card":"summary_large_image","twitter_misc":{"\u00c9crit par":"Fogeka Fogekardc","Dur\u00e9e de lecture estim\u00e9e":"2 minutes"},"schema":{"@context":"https:\/\/schema.org","@graph":[{"@type":"Article","@id":"https:\/\/fogeka-rdc.org\/index.php\/2026\/08\/25\/rdc-larptc-sequipe-pour-mesurer-la-qualite-des-reseaux-mobiles\/#article","isPartOf":{"@id":"https:\/\/fogeka-rdc.org\/index.php\/2026\/08\/25\/rdc-larptc-sequipe-pour-mesurer-la-qualite-des-reseaux-mobiles\/"},"author":{"name":"Fogeka Fogekardc","@id":"https:\/\/fogeka-rdc.org\/#\/schema\/person\/326652cf3d7bfcbab6d224e17d6992ef"},"headline":"RDC : l\u2019ARPTC s\u2019\u00e9quipe pour mesurer la qualit\u00e9 des r\u00e9seaux mobiles","datePublished":"2026-08-25T14:15:45+00:00","dateModified":"2026-08-28T14:20:48+00:00","mainEntityOfPage":{"@id":"https:\/\/fogeka-rdc.org\/index.php\/2026\/08\/25\/rdc-larptc-sequipe-pour-mesurer-la-qualite-des-reseaux-mobiles\/"},"wordCount":449,"commentCount":0,"publisher":{"@id":"https:\/\/fogeka-rdc.org\/#organization"},"image":{"@id":"https:\/\/fogeka-rdc.org\/index.php\/2026\/08\/25\/rdc-larptc-sequipe-pour-mesurer-la-qualite-des-reseaux-mobiles\/#primaryimage"},"thumbnailUrl":"https:\/\/fogeka-rdc.org\/wp-content\/uploads\/2026\/08\/Jose-Mpanda.jpg","articleSection":["Actualit\u00e9","D\u00e9veloppement","Sociale"],"inLanguage":"fr-FR","potentialAction":[{"@type":"CommentAction","name":"Comment","target":["https:\/\/fogeka-rdc.org\/index.php\/2026\/08\/25\/rdc-larptc-sequipe-pour-mesurer-la-qualite-des-reseaux-mobiles\/#respond"]}]},{"@type":"WebPage","@id":"https:\/\/fogeka-rdc.org\/index.php\/2026\/08\/25\/rdc-larptc-sequipe-pour-mesurer-la-qualite-des-reseaux-mobiles\/","url":"https:\/\/fogeka-rdc.org\/index.php\/2026\/08\/25\/rdc-larptc-sequipe-pour-mesurer-la-qualite-des-reseaux-mobiles\/","name":"RDC : l\u2019ARPTC s\u2019\u00e9quipe pour mesurer la qualit\u00e9 des r\u00e9seaux mobiles - fogeka-rdc","isPartOf":{"@id":"https:\/\/fogeka-rdc.org\/#website"},"primaryImageOfPage":{"@id":"https:\/\/fogeka-rdc.org\/index.php\/2026\/08\/25\/rdc-larptc-sequipe-pour-mesurer-la-qualite-des-reseaux-mobiles\/#primaryimage"},"image":{"@id":"https:\/\/fogeka-rdc.org\/index.php\/2026\/08\/25\/rdc-larptc-sequipe-pour-mesurer-la-qualite-des-reseaux-mobiles\/#primaryimage"},"thumbnailUrl":"https:\/\/fogeka-rdc.org\/wp-content\/uploads\/2026\/08\/Jose-Mpanda.jpg","datePublished":"2026-08-25T14:15:45+00:00","dateModified":"2026-08-28T14:20:48+00:00","breadcrumb":{"@id":"https:\/\/fogeka-rdc.org\/index.php\/2026\/08\/25\/rdc-larptc-sequipe-pour-mesurer-la-qualite-des-reseaux-mobiles\/#breadcrumb"},"inLanguage":"fr-FR","potentialAction":[{"@type":"ReadAction","target":["https:\/\/fogeka-rdc.org\/index.php\/2026\/08\/25\/rdc-larptc-sequipe-pour-mesurer-la-qualite-des-reseaux-mobiles\/"]}]},{"@type":"ImageObject","inLanguage":"fr-FR","@id":"https:\/\/fogeka-rdc.org\/index.php\/2026\/08\/25\/rdc-larptc-sequipe-pour-mesurer-la-qualite-des-reseaux-mobiles\/#primaryimage","url":"https:\/\/fogeka-rdc.org\/wp-content\/uploads\/2026\/08\/Jose-Mpanda.jpg","contentUrl":"https:\/\/fogeka-rdc.org\/wp-content\/uploads\/2026\/08\/Jose-Mpanda.jpg","width":767,"height":606},{"@type":"BreadcrumbList","@id":"https:\/\/fogeka-rdc.org\/index.php\/2026\/08\/25\/rdc-larptc-sequipe-pour-mesurer-la-qualite-des-reseaux-mobiles\/#breadcrumb","itemListElement":[{"@type":"ListItem","position":1,"name":"Accueil","item":"https:\/\/fogeka-rdc.org\/"},{"@type":"ListItem","position":2,"name":"RDC : l\u2019ARPTC s\u2019\u00e9quipe pour mesurer la qualit\u00e9 des r\u00e9seaux mobiles"}]},{"@type":"WebSite","@id":"https:\/\/fogeka-rdc.org\/#website","url":"https:\/\/fogeka-rdc.org\/","name":"fogeka-rdc","description":"Agro foresterie, dans la paix, pour le d\u00e9veloppement","publisher":{"@id":"https:\/\/fogeka-rdc.org\/#organization"},"potentialAction":[{"@type":"SearchAction","target":{"@type":"EntryPoint","urlTemplate":"https:\/\/fogeka-rdc.org\/?s={search_term_string}"},"query-input":{"@type":"PropertyValueSpecification","valueRequired":true,"valueName":"search_term_string"}}],"inLanguage":"fr-FR"},{"@type":"Organization","@id":"https:\/\/fogeka-rdc.org\/#organization","name":"fogeka-rdc","url":"https:\/\/fogeka-rdc.org\/","logo":{"@type":"ImageObject","inLanguage":"fr-FR","@id":"https:\/\/fogeka-rdc.org\/#\/schema\/logo\/image\/","url":"https:\/\/fogeka-rdc.org\/wp-content\/uploads\/2025\/09\/cropped-cropped-WhatsApp-Image-2025-09-12-at-23.09.05.jpeg","contentUrl":"https:\/\/fogeka-rdc.org\/wp-content\/uploads\/2025\/09\/cropped-cropped-WhatsApp-Image-2025-09-12-at-23.09.05.jpeg","width":250,"height":134,"caption":"fogeka-rdc"},"image":{"@id":"https:\/\/fogeka-rdc.org\/#\/schema\/logo\/image\/"}},{"@type":"Person","@id":"https:\/\/fogeka-rdc.org\/#\/schema\/person\/326652cf3d7bfcbab6d224e17d6992ef","name":"Fogeka Fogekardc","image":{"@type":"ImageObject","inLanguage":"fr-FR","@id":"https:\/\/secure.gravatar.com\/avatar\/7409435eb90dab5dd3e21946e11423d79d4fd27d0d76a9a6883c8f31758a7ecd?s=96&d=mm&r=g","url":"https:\/\/secure.gravatar.com\/avatar\/7409435eb90dab5dd3e21946e11423d79d4fd27d0d76a9a6883c8f31758a7ecd?s=96&d=mm&r=g","contentUrl":"https:\/\/secure.gravatar.com\/avatar\/7409435eb90dab5dd3e21946e11423d79d4fd27d0d76a9a6883c8f31758a7ecd?s=96&d=mm&r=g","caption":"Fogeka Fogekardc"},"url":"https:\/\/fogeka-rdc.org\/index.php\/author\/fogeka-admin\/"}]}},"_links":{"self":[{"href":"https:\/\/fogeka-rdc.org\/index.php\/wp-json\/wp\/v2\/posts\/780","targetHints":{"allow":["GET"]}}],"collection":[{"href":"https:\/\/fogeka-rdc.org\/index.php\/wp-json\/wp\/v2\/posts"}],"about":[{"href":"https:\/\/fogeka-rdc.org\/index.php\/wp-json\/wp\/v2\/types\/post"}],"author":[{"embeddable":true,"href":"https:\/\/fogeka-rdc.org\/index.php\/wp-json\/wp\/v2\/users\/2"}],"replies":[{"embeddable":true,"href":"https:\/\/fogeka-rdc.org\/index.php\/wp-json\/wp\/v2\/comments?post=780"}],"version-history":[{"count":1,"href":"https:\/\/fogeka-rdc.org\/index.php\/wp-json\/wp\/v2\/posts\/780\/revisions"}],"predecessor-version":[{"id":782,"href":"https:\/\/fogeka-rdc.org\/index.php\/wp-json\/wp\/v2\/posts\/780\/revisions\/782"}],"wp:featuredmedia":[{"embeddable":true,"href":"https:\/\/fogeka-rdc.org\/index.php\/wp-json\/wp\/v2\/media\/781"}],"wp:attachment":[{"href":"https:\/\/fogeka-rdc.org\/index.php\/wp-json\/wp\/v2\/media?parent=780"}],"wp:term":[{"taxonomy":"category","embeddable":true,"href":"https:\/\/fogeka-rdc.org\/index.php\/wp-json\/wp\/v2\/categories?post=780"},{"taxonomy":"post_tag","embeddable":true,"href":"https:\/\/fogeka-rdc.org\/index.php\/wp-json\/wp\/v2\/tags?post=780"}],"curies":[{"name":"wp","href":"https:\/\/api.w.org\/{rel}","templated":true}]}}