{"id":783,"date":"2026-08-27T14:22:18","date_gmt":"2026-08-27T14:22:18","guid":{"rendered":"https:\/\/fogeka-rdc.org\/?p=783"},"modified":"2026-08-28T14:27:30","modified_gmt":"2026-08-28T14:27:30","slug":"kinshasa-assainissement-fogeka-absl-denonce-la-destabilisation-des-batisseurs-de-la-task-force-presidentielle","status":"publish","type":"post","link":"https:\/\/fogeka-rdc.org\/index.php\/2026\/08\/27\/kinshasa-assainissement-fogeka-absl-denonce-la-destabilisation-des-batisseurs-de-la-task-force-presidentielle\/","title":{"rendered":"KINSHASA \u2013 ASSAINISSEMENT : FOGEKA Absl D\u00c9NONCE LA D\u00c9STABILISATION DES B\u00c2TISSEURS DE LA TASK FORCE PR\u00c9SIDENTIELLE"},"content":{"rendered":"<p dir=\"ltr\">\n<p dir=\"ltr\">Par G\u00e9nie Kande<\/p>\n<p>&nbsp;<\/p>\n<p dir=\"ltr\">\u00c0 travers des condamnations publiques, sans aucun respect pour les hommes en uniforme. Le Ministre provincial de l&rsquo;Environnement L\u00e9o\u00a0 Mulumba aurait \u00e9t\u00e9 mandat\u00e9 pour minimiser le travail du Service National \u00e0 l&rsquo;immeuble Flamboyant.<\/p>\n<p>&nbsp;<\/p>\n<p dir=\"ltr\">Coup de balai et coup de poing. \u00c0 4 heures du matin, le 24 ao\u00fbt 2026, la Task Force pr\u00e9sidentielle \u00e0 l&rsquo;assainissement a pris d&rsquo;assaut l&rsquo;immeuble Flamboyant, en pleine commune de la Gombe. Objectif : d\u00e9loger l&rsquo;insalubrit\u00e9 institutionnalis\u00e9e. Face \u00e0 elle, un obstacle de taille : L\u00e9o Mulumba un Ministre provincial de l&rsquo;Environnement soup\u00e7onn\u00e9 par la population de faire le jeu des pollueurs.<\/p>\n<p>&nbsp;<\/p>\n<p dir=\"ltr\">L&rsquo;immeuble Flamboyant, propri\u00e9t\u00e9 de l&rsquo;\u00c9tat congolais, s&rsquo;\u00e9tait mu\u00e9 en d\u00e9charge publique. Caniveaux bouch\u00e9s, d\u00e9chets accumul\u00e9s, indiff\u00e9rence coupable. Face \u00e0 cette d\u00e9gradation environnementale dans la ville-province de Kinshasa, *le Pr\u00e9sident F\u00e9lix-Antoine Tshisekedi Tshilombo* a confi\u00e9 \u00e0 la Task Force pr\u00e9sidentielle d&rsquo;assainissement une mission d&rsquo;envergure : assainir la capitale, en commen\u00e7ant par les b\u00e2timents publics de l&rsquo;\u00c9tat.<\/p>\n<p>&nbsp;<\/p>\n<p dir=\"ltr\">Mais cette mission de salubrit\u00e9 publique se heurte \u00e0 un sabotage interne. Le Ministre provincial de l&rsquo;Environnement, au lieu de faire appliquer la loi, jouerait un double jeu : couvrir les responsables de la pollution au sein m\u00eame des immeubles de l&rsquo;\u00c9tat. C&rsquo;est cette obstruction qui justifie l&rsquo;intervention directe de la Pr\u00e9sidence.<\/p>\n<p>&nbsp;<\/p>\n<p dir=\"ltr\"><strong>Trahison de mission<\/strong><\/p>\n<p dir=\"ltr\">Le Ministre provincial de l&rsquo;Environnement a une obligation de r\u00e9sultat : prot\u00e9ger l&rsquo;environnement, sanctionner les pollueurs. Or, en voulant stopper les travaux d&rsquo;assainissement dans un b\u00e2timent appartenant \u00e0 l&rsquo;\u00c9tat, il inverse les r\u00f4les. Il ne r\u00e9gule plus, il couvre. C&rsquo;est une faute politique et administrative grave.<\/p>\n<p>&nbsp;<\/p>\n<p dir=\"ltr\"><strong>Supr\u00e9matie de l&rsquo;int\u00e9r\u00eat g\u00e9n\u00e9ral<\/strong><\/p>\n<p dir=\"ltr\">L&rsquo;assainissement de Kinshasa est une priorit\u00e9 nationale, d\u00e9cid\u00e9e, \u00e9tudi\u00e9e et planifi\u00e9e par la Pr\u00e9sidence de la R\u00e9publique. En droit, aucune autorit\u00e9 provinciale ne peut s&rsquo;arroger le droit de juger, de modifier ou de bloquer une d\u00e9cision pr\u00e9sidentielle prise dans l&rsquo;int\u00e9r\u00eat sup\u00e9rieur de la Nation. Tenter de le faire, c&rsquo;est porter atteinte \u00e0 l&rsquo;action du Chef de l&rsquo;\u00c9tat.<\/p>\n<p>&nbsp;<\/p>\n<p dir=\"ltr\"><strong>Pollueur-payeur et sanctions<\/strong><\/p>\n<p dir=\"ltr\">La loi environnementale congolaise est claire. Elle pr\u00e9voit des sanctions p\u00e9nales et disciplinaires. La Task Force applique un principe simple : ceux qui salissent balayent. Ceux qui entravent r\u00e9pondent. Il n&rsquo;y aura ni n\u00e9gligence ni laxisme tant que le Chef de l&rsquo;\u00c9tat attend des r\u00e9sultats concrets.<\/p>\n<p>&nbsp;<\/p>\n<p dir=\"ltr\"><strong>Engagement : Derri\u00e8re les b\u00e2tisseurs<\/strong><\/p>\n<p dir=\"ltr\">Nous le disons avec fermet\u00e9 : nous soutenons sans r\u00e9serve le G\u00e9n\u00e9ral Kasongo Kabwik et tous les b\u00e2tisseurs engag\u00e9s. Ils rendent \u00e0 Kinshasa sa dignit\u00e9. Qu&rsquo;aucune interf\u00e9rence, qu&rsquo;aucun blocage de l&rsquo;H\u00f4tel de Ville ne vienne freiner leur \u00e9lan. La capitale a trop attendu.<\/p>\n<p>&nbsp;<\/p>\n<p dir=\"ltr\">\u00a0Les d\u00e9cisions du Pr\u00e9sident de la R\u00e9publique ne se discutent pas. Elles s&rsquo;ex\u00e9cutent. Et quand l&rsquo;insalubrit\u00e9 devient un abus, la r\u00e9ponse de l&rsquo;\u00c9tat doit \u00eatre \u00e0 la hauteur : implacable.<\/p>\n<p>&nbsp;<\/p>\n<p dir=\"ltr\"><strong>\u00a0Fogeka Agency Communication<\/strong><\/p>\n<p dir=\"ltr\">E-mail : <a href=\"mailto:fogekardc@gmail.com\" target=\"_blank\" rel=\"noopener\">fogekardc@gmail.com<\/a><\/p>\n<p dir=\"ltr\">T\u00e9l. : +243 818 344 445<\/p>\n<p dir=\"ltr\">\u00a0Kinshasa \/ RDC<\/p>\n","protected":false},"excerpt":{"rendered":"<p>Par G\u00e9nie Kande &nbsp; \u00c0 travers des condamnations publiques, sans aucun respect pour les hommes en uniforme. Le Ministre provincial&hellip;<\/p>\n","protected":false},"author":2,"featured_media":784,"comment_status":"open","ping_status":"open","sticky":true,"template":"","format":"standard","meta":{"footnotes":""},"categories":[2,4,8],"tags":[],"class_list":["post-783","post","type-post","status-publish","format-standard","has-post-thumbnail","hentry","category-actualite","category-assainissement","category-sociale"],"yoast_head":"<!-- This site is optimized with the Yoast SEO plugin v28.3 - https:\/\/yoast.com\/product\/yoast-seo-wordpress\/ -->\n<title>KINSHASA \u2013 ASSAINISSEMENT : FOGEKA Absl D\u00c9NONCE LA D\u00c9STABILISATION DES B\u00c2TISSEURS DE LA TASK FORCE PR\u00c9SIDENTIELLE - fogeka-rdc<\/title>\n<meta name=\"robots\" content=\"index, follow, max-snippet:-1, max-image-preview:large, max-video-preview:-1\" \/>\n<link rel=\"canonical\" href=\"https:\/\/fogeka-rdc.org\/index.php\/2026\/08\/27\/kinshasa-assainissement-fogeka-absl-denonce-la-destabilisation-des-batisseurs-de-la-task-force-presidentielle\/\" \/>\n<meta property=\"og:locale\" content=\"fr_FR\" \/>\n<meta property=\"og:type\" content=\"article\" \/>\n<meta property=\"og:title\" content=\"KINSHASA \u2013 ASSAINISSEMENT : FOGEKA Absl D\u00c9NONCE LA D\u00c9STABILISATION DES B\u00c2TISSEURS DE LA TASK FORCE PR\u00c9SIDENTIELLE - fogeka-rdc\" \/>\n<meta property=\"og:description\" content=\"Par G\u00e9nie Kande &nbsp; \u00c0 travers des condamnations publiques, sans aucun respect pour les hommes en uniforme. Le Ministre provincial&hellip;\" \/>\n<meta property=\"og:url\" content=\"https:\/\/fogeka-rdc.org\/index.php\/2026\/08\/27\/kinshasa-assainissement-fogeka-absl-denonce-la-destabilisation-des-batisseurs-de-la-task-force-presidentielle\/\" \/>\n<meta property=\"og:site_name\" content=\"fogeka-rdc\" \/>\n<meta property=\"article:published_time\" content=\"2026-08-27T14:22:18+00:00\" \/>\n<meta property=\"article:modified_time\" content=\"2026-08-28T14:27:30+00:00\" \/>\n<meta property=\"og:image\" content=\"https:\/\/fogeka-rdc.org\/wp-content\/uploads\/2026\/08\/SN_Leo-Mulumba.jpg\" \/>\n\t<meta property=\"og:image:width\" content=\"741\" \/>\n\t<meta property=\"og:image:height\" content=\"570\" \/>\n\t<meta property=\"og:image:type\" content=\"image\/jpeg\" \/>\n<meta name=\"author\" content=\"Fogeka Fogekardc\" \/>\n<meta name=\"twitter:card\" content=\"summary_large_image\" \/>\n<meta name=\"twitter:label1\" content=\"\u00c9crit par\" \/>\n\t<meta name=\"twitter:data1\" content=\"Fogeka Fogekardc\" \/>\n\t<meta name=\"twitter:label2\" content=\"Dur\u00e9e de lecture estim\u00e9e\" \/>\n\t<meta name=\"twitter:data2\" content=\"3 minutes\" \/>\n<script type=\"application\/ld+json\" class=\"yoast-schema-graph\">{\"@context\":\"https:\\\/\\\/schema.org\",\"@graph\":[{\"@type\":\"Article\",\"@id\":\"https:\\\/\\\/fogeka-rdc.org\\\/index.php\\\/2026\\\/08\\\/27\\\/kinshasa-assainissement-fogeka-absl-denonce-la-destabilisation-des-batisseurs-de-la-task-force-presidentielle\\\/#article\",\"isPartOf\":{\"@id\":\"https:\\\/\\\/fogeka-rdc.org\\\/index.php\\\/2026\\\/08\\\/27\\\/kinshasa-assainissement-fogeka-absl-denonce-la-destabilisation-des-batisseurs-de-la-task-force-presidentielle\\\/\"},\"author\":{\"name\":\"Fogeka Fogekardc\",\"@id\":\"https:\\\/\\\/fogeka-rdc.org\\\/#\\\/schema\\\/person\\\/326652cf3d7bfcbab6d224e17d6992ef\"},\"headline\":\"KINSHASA \u2013 ASSAINISSEMENT : FOGEKA Absl D\u00c9NONCE LA D\u00c9STABILISATION DES B\u00c2TISSEURS DE LA TASK FORCE PR\u00c9SIDENTIELLE\",\"datePublished\":\"2026-08-27T14:22:18+00:00\",\"dateModified\":\"2026-08-28T14:27:30+00:00\",\"mainEntityOfPage\":{\"@id\":\"https:\\\/\\\/fogeka-rdc.org\\\/index.php\\\/2026\\\/08\\\/27\\\/kinshasa-assainissement-fogeka-absl-denonce-la-destabilisation-des-batisseurs-de-la-task-force-presidentielle\\\/\"},\"wordCount\":557,\"commentCount\":0,\"publisher\":{\"@id\":\"https:\\\/\\\/fogeka-rdc.org\\\/#organization\"},\"image\":{\"@id\":\"https:\\\/\\\/fogeka-rdc.org\\\/index.php\\\/2026\\\/08\\\/27\\\/kinshasa-assainissement-fogeka-absl-denonce-la-destabilisation-des-batisseurs-de-la-task-force-presidentielle\\\/#primaryimage\"},\"thumbnailUrl\":\"https:\\\/\\\/fogeka-rdc.org\\\/wp-content\\\/uploads\\\/2026\\\/08\\\/SN_Leo-Mulumba.jpg\",\"articleSection\":[\"Actualit\u00e9\",\"Assainissement\",\"Sociale\"],\"inLanguage\":\"fr-FR\",\"potentialAction\":[{\"@type\":\"CommentAction\",\"name\":\"Comment\",\"target\":[\"https:\\\/\\\/fogeka-rdc.org\\\/index.php\\\/2026\\\/08\\\/27\\\/kinshasa-assainissement-fogeka-absl-denonce-la-destabilisation-des-batisseurs-de-la-task-force-presidentielle\\\/#respond\"]}]},{\"@type\":\"WebPage\",\"@id\":\"https:\\\/\\\/fogeka-rdc.org\\\/index.php\\\/2026\\\/08\\\/27\\\/kinshasa-assainissement-fogeka-absl-denonce-la-destabilisation-des-batisseurs-de-la-task-force-presidentielle\\\/\",\"url\":\"https:\\\/\\\/fogeka-rdc.org\\\/index.php\\\/2026\\\/08\\\/27\\\/kinshasa-assainissement-fogeka-absl-denonce-la-destabilisation-des-batisseurs-de-la-task-force-presidentielle\\\/\",\"name\":\"KINSHASA \u2013 ASSAINISSEMENT : FOGEKA Absl D\u00c9NONCE LA D\u00c9STABILISATION DES B\u00c2TISSEURS DE LA TASK FORCE PR\u00c9SIDENTIELLE - fogeka-rdc\",\"isPartOf\":{\"@id\":\"https:\\\/\\\/fogeka-rdc.org\\\/#website\"},\"primaryImageOfPage\":{\"@id\":\"https:\\\/\\\/fogeka-rdc.org\\\/index.php\\\/2026\\\/08\\\/27\\\/kinshasa-assainissement-fogeka-absl-denonce-la-destabilisation-des-batisseurs-de-la-task-force-presidentielle\\\/#primaryimage\"},\"image\":{\"@id\":\"https:\\\/\\\/fogeka-rdc.org\\\/index.php\\\/2026\\\/08\\\/27\\\/kinshasa-assainissement-fogeka-absl-denonce-la-destabilisation-des-batisseurs-de-la-task-force-presidentielle\\\/#primaryimage\"},\"thumbnailUrl\":\"https:\\\/\\\/fogeka-rdc.org\\\/wp-content\\\/uploads\\\/2026\\\/08\\\/SN_Leo-Mulumba.jpg\",\"datePublished\":\"2026-08-27T14:22:18+00:00\",\"dateModified\":\"2026-08-28T14:27:30+00:00\",\"breadcrumb\":{\"@id\":\"https:\\\/\\\/fogeka-rdc.org\\\/index.php\\\/2026\\\/08\\\/27\\\/kinshasa-assainissement-fogeka-absl-denonce-la-destabilisation-des-batisseurs-de-la-task-force-presidentielle\\\/#breadcrumb\"},\"inLanguage\":\"fr-FR\",\"potentialAction\":[{\"@type\":\"ReadAction\",\"target\":[\"https:\\\/\\\/fogeka-rdc.org\\\/index.php\\\/2026\\\/08\\\/27\\\/kinshasa-assainissement-fogeka-absl-denonce-la-destabilisation-des-batisseurs-de-la-task-force-presidentielle\\\/\"]}]},{\"@type\":\"ImageObject\",\"inLanguage\":\"fr-FR\",\"@id\":\"https:\\\/\\\/fogeka-rdc.org\\\/index.php\\\/2026\\\/08\\\/27\\\/kinshasa-assainissement-fogeka-absl-denonce-la-destabilisation-des-batisseurs-de-la-task-force-presidentielle\\\/#primaryimage\",\"url\":\"https:\\\/\\\/fogeka-rdc.org\\\/wp-content\\\/uploads\\\/2026\\\/08\\\/SN_Leo-Mulumba.jpg\",\"contentUrl\":\"https:\\\/\\\/fogeka-rdc.org\\\/wp-content\\\/uploads\\\/2026\\\/08\\\/SN_Leo-Mulumba.jpg\",\"width\":741,\"height\":570},{\"@type\":\"BreadcrumbList\",\"@id\":\"https:\\\/\\\/fogeka-rdc.org\\\/index.php\\\/2026\\\/08\\\/27\\\/kinshasa-assainissement-fogeka-absl-denonce-la-destabilisation-des-batisseurs-de-la-task-force-presidentielle\\\/#breadcrumb\",\"itemListElement\":[{\"@type\":\"ListItem\",\"position\":1,\"name\":\"Accueil\",\"item\":\"https:\\\/\\\/fogeka-rdc.org\\\/\"},{\"@type\":\"ListItem\",\"position\":2,\"name\":\"KINSHASA \u2013 ASSAINISSEMENT : FOGEKA Absl D\u00c9NONCE LA D\u00c9STABILISATION DES B\u00c2TISSEURS DE LA TASK FORCE PR\u00c9SIDENTIELLE\"}]},{\"@type\":\"WebSite\",\"@id\":\"https:\\\/\\\/fogeka-rdc.org\\\/#website\",\"url\":\"https:\\\/\\\/fogeka-rdc.org\\\/\",\"name\":\"fogeka-rdc\",\"description\":\"Agro foresterie, dans la paix, pour le d\u00e9veloppement\",\"publisher\":{\"@id\":\"https:\\\/\\\/fogeka-rdc.org\\\/#organization\"},\"potentialAction\":[{\"@type\":\"SearchAction\",\"target\":{\"@type\":\"EntryPoint\",\"urlTemplate\":\"https:\\\/\\\/fogeka-rdc.org\\\/?s={search_term_string}\"},\"query-input\":{\"@type\":\"PropertyValueSpecification\",\"valueRequired\":true,\"valueName\":\"search_term_string\"}}],\"inLanguage\":\"fr-FR\"},{\"@type\":\"Organization\",\"@id\":\"https:\\\/\\\/fogeka-rdc.org\\\/#organization\",\"name\":\"fogeka-rdc\",\"url\":\"https:\\\/\\\/fogeka-rdc.org\\\/\",\"logo\":{\"@type\":\"ImageObject\",\"inLanguage\":\"fr-FR\",\"@id\":\"https:\\\/\\\/fogeka-rdc.org\\\/#\\\/schema\\\/logo\\\/image\\\/\",\"url\":\"https:\\\/\\\/fogeka-rdc.org\\\/wp-content\\\/uploads\\\/2025\\\/09\\\/cropped-cropped-WhatsApp-Image-2025-09-12-at-23.09.05.jpeg\",\"contentUrl\":\"https:\\\/\\\/fogeka-rdc.org\\\/wp-content\\\/uploads\\\/2025\\\/09\\\/cropped-cropped-WhatsApp-Image-2025-09-12-at-23.09.05.jpeg\",\"width\":250,\"height\":134,\"caption\":\"fogeka-rdc\"},\"image\":{\"@id\":\"https:\\\/\\\/fogeka-rdc.org\\\/#\\\/schema\\\/logo\\\/image\\\/\"}},{\"@type\":\"Person\",\"@id\":\"https:\\\/\\\/fogeka-rdc.org\\\/#\\\/schema\\\/person\\\/326652cf3d7bfcbab6d224e17d6992ef\",\"name\":\"Fogeka Fogekardc\",\"image\":{\"@type\":\"ImageObject\",\"inLanguage\":\"fr-FR\",\"@id\":\"https:\\\/\\\/secure.gravatar.com\\\/avatar\\\/7409435eb90dab5dd3e21946e11423d79d4fd27d0d76a9a6883c8f31758a7ecd?s=96&d=mm&r=g\",\"url\":\"https:\\\/\\\/secure.gravatar.com\\\/avatar\\\/7409435eb90dab5dd3e21946e11423d79d4fd27d0d76a9a6883c8f31758a7ecd?s=96&d=mm&r=g\",\"contentUrl\":\"https:\\\/\\\/secure.gravatar.com\\\/avatar\\\/7409435eb90dab5dd3e21946e11423d79d4fd27d0d76a9a6883c8f31758a7ecd?s=96&d=mm&r=g\",\"caption\":\"Fogeka Fogekardc\"},\"url\":\"https:\\\/\\\/fogeka-rdc.org\\\/index.php\\\/author\\\/fogeka-admin\\\/\"}]}<\/script>\n<!-- \/ Yoast SEO plugin. -->","yoast_head_json":{"title":"KINSHASA \u2013 ASSAINISSEMENT : FOGEKA Absl D\u00c9NONCE LA D\u00c9STABILISATION DES B\u00c2TISSEURS DE LA TASK FORCE PR\u00c9SIDENTIELLE - fogeka-rdc","robots":{"index":"index","follow":"follow","max-snippet":"max-snippet:-1","max-image-preview":"max-image-preview:large","max-video-preview":"max-video-preview:-1"},"canonical":"https:\/\/fogeka-rdc.org\/index.php\/2026\/08\/27\/kinshasa-assainissement-fogeka-absl-denonce-la-destabilisation-des-batisseurs-de-la-task-force-presidentielle\/","og_locale":"fr_FR","og_type":"article","og_title":"KINSHASA \u2013 ASSAINISSEMENT : FOGEKA Absl D\u00c9NONCE LA D\u00c9STABILISATION DES B\u00c2TISSEURS DE LA TASK FORCE PR\u00c9SIDENTIELLE - fogeka-rdc","og_description":"Par G\u00e9nie Kande &nbsp; \u00c0 travers des condamnations publiques, sans aucun respect pour les hommes en uniforme. Le Ministre provincial&hellip;","og_url":"https:\/\/fogeka-rdc.org\/index.php\/2026\/08\/27\/kinshasa-assainissement-fogeka-absl-denonce-la-destabilisation-des-batisseurs-de-la-task-force-presidentielle\/","og_site_name":"fogeka-rdc","article_published_time":"2026-08-27T14:22:18+00:00","article_modified_time":"2026-08-28T14:27:30+00:00","og_image":[{"width":741,"height":570,"url":"https:\/\/fogeka-rdc.org\/wp-content\/uploads\/2026\/08\/SN_Leo-Mulumba.jpg","type":"image\/jpeg"}],"author":"Fogeka Fogekardc","twitter_card":"summary_large_image","twitter_misc":{"\u00c9crit par":"Fogeka Fogekardc","Dur\u00e9e de lecture estim\u00e9e":"3 minutes"},"schema":{"@context":"https:\/\/schema.org","@graph":[{"@type":"Article","@id":"https:\/\/fogeka-rdc.org\/index.php\/2026\/08\/27\/kinshasa-assainissement-fogeka-absl-denonce-la-destabilisation-des-batisseurs-de-la-task-force-presidentielle\/#article","isPartOf":{"@id":"https:\/\/fogeka-rdc.org\/index.php\/2026\/08\/27\/kinshasa-assainissement-fogeka-absl-denonce-la-destabilisation-des-batisseurs-de-la-task-force-presidentielle\/"},"author":{"name":"Fogeka Fogekardc","@id":"https:\/\/fogeka-rdc.org\/#\/schema\/person\/326652cf3d7bfcbab6d224e17d6992ef"},"headline":"KINSHASA \u2013 ASSAINISSEMENT : FOGEKA Absl D\u00c9NONCE LA D\u00c9STABILISATION DES B\u00c2TISSEURS DE LA TASK FORCE PR\u00c9SIDENTIELLE","datePublished":"2026-08-27T14:22:18+00:00","dateModified":"2026-08-28T14:27:30+00:00","mainEntityOfPage":{"@id":"https:\/\/fogeka-rdc.org\/index.php\/2026\/08\/27\/kinshasa-assainissement-fogeka-absl-denonce-la-destabilisation-des-batisseurs-de-la-task-force-presidentielle\/"},"wordCount":557,"commentCount":0,"publisher":{"@id":"https:\/\/fogeka-rdc.org\/#organization"},"image":{"@id":"https:\/\/fogeka-rdc.org\/index.php\/2026\/08\/27\/kinshasa-assainissement-fogeka-absl-denonce-la-destabilisation-des-batisseurs-de-la-task-force-presidentielle\/#primaryimage"},"thumbnailUrl":"https:\/\/fogeka-rdc.org\/wp-content\/uploads\/2026\/08\/SN_Leo-Mulumba.jpg","articleSection":["Actualit\u00e9","Assainissement","Sociale"],"inLanguage":"fr-FR","potentialAction":[{"@type":"CommentAction","name":"Comment","target":["https:\/\/fogeka-rdc.org\/index.php\/2026\/08\/27\/kinshasa-assainissement-fogeka-absl-denonce-la-destabilisation-des-batisseurs-de-la-task-force-presidentielle\/#respond"]}]},{"@type":"WebPage","@id":"https:\/\/fogeka-rdc.org\/index.php\/2026\/08\/27\/kinshasa-assainissement-fogeka-absl-denonce-la-destabilisation-des-batisseurs-de-la-task-force-presidentielle\/","url":"https:\/\/fogeka-rdc.org\/index.php\/2026\/08\/27\/kinshasa-assainissement-fogeka-absl-denonce-la-destabilisation-des-batisseurs-de-la-task-force-presidentielle\/","name":"KINSHASA \u2013 ASSAINISSEMENT : FOGEKA Absl D\u00c9NONCE LA D\u00c9STABILISATION DES B\u00c2TISSEURS DE LA TASK FORCE PR\u00c9SIDENTIELLE - fogeka-rdc","isPartOf":{"@id":"https:\/\/fogeka-rdc.org\/#website"},"primaryImageOfPage":{"@id":"https:\/\/fogeka-rdc.org\/index.php\/2026\/08\/27\/kinshasa-assainissement-fogeka-absl-denonce-la-destabilisation-des-batisseurs-de-la-task-force-presidentielle\/#primaryimage"},"image":{"@id":"https:\/\/fogeka-rdc.org\/index.php\/2026\/08\/27\/kinshasa-assainissement-fogeka-absl-denonce-la-destabilisation-des-batisseurs-de-la-task-force-presidentielle\/#primaryimage"},"thumbnailUrl":"https:\/\/fogeka-rdc.org\/wp-content\/uploads\/2026\/08\/SN_Leo-Mulumba.jpg","datePublished":"2026-08-27T14:22:18+00:00","dateModified":"2026-08-28T14:27:30+00:00","breadcrumb":{"@id":"https:\/\/fogeka-rdc.org\/index.php\/2026\/08\/27\/kinshasa-assainissement-fogeka-absl-denonce-la-destabilisation-des-batisseurs-de-la-task-force-presidentielle\/#breadcrumb"},"inLanguage":"fr-FR","potentialAction":[{"@type":"ReadAction","target":["https:\/\/fogeka-rdc.org\/index.php\/2026\/08\/27\/kinshasa-assainissement-fogeka-absl-denonce-la-destabilisation-des-batisseurs-de-la-task-force-presidentielle\/"]}]},{"@type":"ImageObject","inLanguage":"fr-FR","@id":"https:\/\/fogeka-rdc.org\/index.php\/2026\/08\/27\/kinshasa-assainissement-fogeka-absl-denonce-la-destabilisation-des-batisseurs-de-la-task-force-presidentielle\/#primaryimage","url":"https:\/\/fogeka-rdc.org\/wp-content\/uploads\/2026\/08\/SN_Leo-Mulumba.jpg","contentUrl":"https:\/\/fogeka-rdc.org\/wp-content\/uploads\/2026\/08\/SN_Leo-Mulumba.jpg","width":741,"height":570},{"@type":"BreadcrumbList","@id":"https:\/\/fogeka-rdc.org\/index.php\/2026\/08\/27\/kinshasa-assainissement-fogeka-absl-denonce-la-destabilisation-des-batisseurs-de-la-task-force-presidentielle\/#breadcrumb","itemListElement":[{"@type":"ListItem","position":1,"name":"Accueil","item":"https:\/\/fogeka-rdc.org\/"},{"@type":"ListItem","position":2,"name":"KINSHASA \u2013 ASSAINISSEMENT : FOGEKA Absl D\u00c9NONCE LA D\u00c9STABILISATION DES B\u00c2TISSEURS DE LA TASK FORCE PR\u00c9SIDENTIELLE"}]},{"@type":"WebSite","@id":"https:\/\/fogeka-rdc.org\/#website","url":"https:\/\/fogeka-rdc.org\/","name":"fogeka-rdc","description":"Agro foresterie, dans la paix, pour le d\u00e9veloppement","publisher":{"@id":"https:\/\/fogeka-rdc.org\/#organization"},"potentialAction":[{"@type":"SearchAction","target":{"@type":"EntryPoint","urlTemplate":"https:\/\/fogeka-rdc.org\/?s={search_term_string}"},"query-input":{"@type":"PropertyValueSpecification","valueRequired":true,"valueName":"search_term_string"}}],"inLanguage":"fr-FR"},{"@type":"Organization","@id":"https:\/\/fogeka-rdc.org\/#organization","name":"fogeka-rdc","url":"https:\/\/fogeka-rdc.org\/","logo":{"@type":"ImageObject","inLanguage":"fr-FR","@id":"https:\/\/fogeka-rdc.org\/#\/schema\/logo\/image\/","url":"https:\/\/fogeka-rdc.org\/wp-content\/uploads\/2025\/09\/cropped-cropped-WhatsApp-Image-2025-09-12-at-23.09.05.jpeg","contentUrl":"https:\/\/fogeka-rdc.org\/wp-content\/uploads\/2025\/09\/cropped-cropped-WhatsApp-Image-2025-09-12-at-23.09.05.jpeg","width":250,"height":134,"caption":"fogeka-rdc"},"image":{"@id":"https:\/\/fogeka-rdc.org\/#\/schema\/logo\/image\/"}},{"@type":"Person","@id":"https:\/\/fogeka-rdc.org\/#\/schema\/person\/326652cf3d7bfcbab6d224e17d6992ef","name":"Fogeka Fogekardc","image":{"@type":"ImageObject","inLanguage":"fr-FR","@id":"https:\/\/secure.gravatar.com\/avatar\/7409435eb90dab5dd3e21946e11423d79d4fd27d0d76a9a6883c8f31758a7ecd?s=96&d=mm&r=g","url":"https:\/\/secure.gravatar.com\/avatar\/7409435eb90dab5dd3e21946e11423d79d4fd27d0d76a9a6883c8f31758a7ecd?s=96&d=mm&r=g","contentUrl":"https:\/\/secure.gravatar.com\/avatar\/7409435eb90dab5dd3e21946e11423d79d4fd27d0d76a9a6883c8f31758a7ecd?s=96&d=mm&r=g","caption":"Fogeka Fogekardc"},"url":"https:\/\/fogeka-rdc.org\/index.php\/author\/fogeka-admin\/"}]}},"_links":{"self":[{"href":"https:\/\/fogeka-rdc.org\/index.php\/wp-json\/wp\/v2\/posts\/783","targetHints":{"allow":["GET"]}}],"collection":[{"href":"https:\/\/fogeka-rdc.org\/index.php\/wp-json\/wp\/v2\/posts"}],"about":[{"href":"https:\/\/fogeka-rdc.org\/index.php\/wp-json\/wp\/v2\/types\/post"}],"author":[{"embeddable":true,"href":"https:\/\/fogeka-rdc.org\/index.php\/wp-json\/wp\/v2\/users\/2"}],"replies":[{"embeddable":true,"href":"https:\/\/fogeka-rdc.org\/index.php\/wp-json\/wp\/v2\/comments?post=783"}],"version-history":[{"count":1,"href":"https:\/\/fogeka-rdc.org\/index.php\/wp-json\/wp\/v2\/posts\/783\/revisions"}],"predecessor-version":[{"id":785,"href":"https:\/\/fogeka-rdc.org\/index.php\/wp-json\/wp\/v2\/posts\/783\/revisions\/785"}],"wp:featuredmedia":[{"embeddable":true,"href":"https:\/\/fogeka-rdc.org\/index.php\/wp-json\/wp\/v2\/media\/784"}],"wp:attachment":[{"href":"https:\/\/fogeka-rdc.org\/index.php\/wp-json\/wp\/v2\/media?parent=783"}],"wp:term":[{"taxonomy":"category","embeddable":true,"href":"https:\/\/fogeka-rdc.org\/index.php\/wp-json\/wp\/v2\/categories?post=783"},{"taxonomy":"post_tag","embeddable":true,"href":"https:\/\/fogeka-rdc.org\/index.php\/wp-json\/wp\/v2\/tags?post=783"}],"curies":[{"name":"wp","href":"https:\/\/api.w.org\/{rel}","templated":true}]}}