{"id":790,"date":"2026-08-28T14:40:58","date_gmt":"2026-08-28T14:40:58","guid":{"rendered":"https:\/\/fogeka-rdc.org\/?p=790"},"modified":"2026-08-28T14:40:58","modified_gmt":"2026-08-28T14:40:58","slug":"rdc-felix-tshisekedi-convoque-3-mois-de-dialogue-national-patriotique-sans-les-criminels-ni-les-groupes-armes","status":"publish","type":"post","link":"https:\/\/fogeka-rdc.org\/index.php\/2026\/08\/28\/rdc-felix-tshisekedi-convoque-3-mois-de-dialogue-national-patriotique-sans-les-criminels-ni-les-groupes-armes\/","title":{"rendered":"RDC : F\u00e9lix Tshisekedi convoque 3 mois de dialogue national \u00ab\u00a0patriotique\u00a0\u00bb sans les criminels ni les groupes arm\u00e9s"},"content":{"rendered":"<p dir=\"ltr\">Par G\u00e9nie Kande<\/p>\n<p>&nbsp;<\/p>\n<p dir=\"ltr\">\u00a0Dans une adresse \u00e0 la Nation, le Pr\u00e9sident F\u00e9lix Tshisekedi a annonc\u00e9 la tenue, pendant trois mois, d\u2019un dialogue national inclusif. Un cadre \u00ab\u00a0sinc\u00e8re, profond et congolais\u00a0\u00bb d\u00e9di\u00e9 \u00e0 la refondation de l\u2019\u00c9tat. Exclus : les criminels, les organisations arm\u00e9es et ceux \u00ab\u00a0inf\u00e9od\u00e9s aux puissances \u00e9trang\u00e8res\u00a0\u00bb. Ligne rouge pos\u00e9e par le Chef de l\u2019\u00c9tat : pas de prime \u00e0 la violence, pas de retour en arri\u00e8re.<\/p>\n<p>&nbsp;<\/p>\n<p dir=\"ltr\">Il est des moments o\u00f9 une Nation doit s\u2019arr\u00eater pour regarder son histoire en face. C\u2019est dans cette gravit\u00e9 que F\u00e9lix Antoine Tshisekedi Tshilombo s\u2019est adress\u00e9 aux Congolais ce jeudi.<\/p>\n<p>&nbsp;<\/p>\n<p dir=\"ltr\">\u00a0Le Pr\u00e9sident a d\u2019abord retrac\u00e9 le fil des ruptures depuis l\u2019ind\u00e9pendance : s\u00e9cessions, ing\u00e9rences \u00e9trang\u00e8res, concentration du pouvoir, guerres meurtri\u00e8res et affaiblissement de l\u2019\u00c9tat. Il a ensuite braqu\u00e9 le projecteur sur l\u2019Est, th\u00e9\u00e2tre pendant \u00ab\u00a0pr\u00e8s de 30 ans\u00a0\u00bb d\u2019une violence end\u00e9mique. \u00ab\u00a0Une g\u00e9n\u00e9ration enti\u00e8re est n\u00e9e et a grandi au rythme des armes\u00a0\u00bb.<\/p>\n<p dir=\"ltr\">\n<p dir=\"ltr\">De Goma \u00e0 Bukavu, de Bunagana \u00e0 Uvira, en passant par Rutshuru, Masisi, Beni, Djugu, Irumu et Kalehe, il a \u00e9gren\u00e9 les noms des territoires meurtris. \u00ab\u00a0Combien de vies fauch\u00e9es ? Combien de d\u00e9plac\u00e9s ? Combien de villages r\u00e9duits en cendres ?\u00a0\u00bb Au-del\u00e0 du co\u00fbt humain, il a d\u00e9nonc\u00e9 le co\u00fbt \u00e9conomique : des ressources qui auraient d\u00fb financer les \u00e9coles, les h\u00f4pitaux et les routes, englouties par \u00ab\u00a0la guerre, la destruction et la contrebande\u00a0\u00bb.<\/p>\n<p>&nbsp;<\/p>\n<p dir=\"ltr\">Sur ce constat, F\u00e9lix Tshisekedi a pos\u00e9 l\u2019acte politique fort de la soir\u00e9e : la convocation d\u2019un dialogue national inclusif pour une dur\u00e9e de trois mois. \u00ab\u00a0Trois mois de discussions profondes, sinc\u00e8res et congolaises\u00a0\u00bb, a-t-il insist\u00e9.<\/p>\n<p>&nbsp;<\/p>\n<p dir=\"ltr\">\u00a0Le Pr\u00e9sident en fixe la doctrine. Ce dialogue sera \u00ab\u00a0patriotique et national\u00a0\u00bb, sans privil\u00e8ges politiques, familiaux, ethniques ou religieux. Il sera \u00ab\u00a0apais\u00e9, inclusif et r\u00e9solument r\u00e9publicain\u00a0\u00bb, conduit sur le sol congolais par les institutions, dans le respect de la Constitution. Objectif : consolider la coh\u00e9sion nationale sans jamais remettre en cause les institutions issues du suffrage universel.<\/p>\n<p>&nbsp;<\/p>\n<p dir=\"ltr\">Mais il pose des pr\u00e9alables non n\u00e9gociables. \u00ab\u00a0Je suis favorable au dialogue, mais pas avec des Congolais soumis aux influences de puissances \u00e9trang\u00e8res\u00a0\u00bb. Et plus fermement : \u00ab\u00a0Nul ne peut s\u2019asseoir \u00e0 la table du dialogue de la nation contre laquelle il porte les armes\u00a0\u00bb.<\/p>\n<p>&nbsp;<\/p>\n<p dir=\"ltr\">Le message vise directement l\u2019Alliance Fleuve Congo, AFC, et sa branche arm\u00e9e, le M23, officiellement \u00e9cart\u00e9es. Le dialogue national \u00ab\u00a0ne constituera pas une nouvelle table de n\u00e9gociation avec les groupes arm\u00e9s\u00a0\u00bb. Pour Kinshasa, il n\u2019est pas question d\u2019accorder une l\u00e9gitimit\u00e9 politique \u00e0 ceux qui ont choisi la d\u00e9solation dans l\u2019Est.<\/p>\n<p dir=\"ltr\">Le gouvernement pr\u00e9cise : seront exclus les acteurs \u00ab\u00a0impliqu\u00e9s dans des groupes arm\u00e9s ou poursuivis pour des faits li\u00e9s \u00e0 cette agression\u00a0\u00bb. Seule une r\u00e9int\u00e9gration individuelle reste possible pour ceux qui renoncent \u00ab\u00a0de mani\u00e8re sinc\u00e8re et v\u00e9rifiable \u00e0 la lutte arm\u00e9e\u00a0\u00bb.<\/p>\n<p dir=\"ltr\">Le Chef de l\u2019\u00c9tat distingue deux d\u00e9marches. D\u2019un c\u00f4t\u00e9, le processus de Doha pour la cessation des hostilit\u00e9s et le d\u00e9sarmement. De l\u2019autre, ce dialogue national, \u00ab\u00a0consacr\u00e9 \u00e0 la coh\u00e9sion nationale et \u00e0 la refondation de l\u2019\u00c9tat\u00a0\u00bb, une refondation d\u00e9j\u00e0 \u00ab\u00a0en marche\u00a0\u00bb.<\/p>\n<p>&nbsp;<\/p>\n<p dir=\"ltr\">En assurant qu\u2019il veillera lui-m\u00eame sur le processus, *F\u00e9lix Tshisekedi \u00e9carte toute \u00ab\u00a0complaisance\u00a0\u00bb et toute \u00ab\u00a0manipulation politique\u00a0\u00bb.<\/p>\n<p dir=\"ltr\">Concluant, le Pr\u00e9sident a salu\u00e9 la r\u00e9silience d\u2019un peuple qui a tenu. \u00ab\u00a0La R\u00e9publique D\u00e9mocratique du Congo demeure une seule Nation, un seul peuple, avec un seul destin\u00a0\u00bb.<\/p>\n<p>&nbsp;<\/p>\n<p dir=\"ltr\"><strong>Fogeka Agency Communication\u00a0<\/strong><\/p>\n<p dir=\"ltr\"><a href=\"http:\/\/www.fogeka.rdc.org\/\" target=\"_blank\" rel=\"noopener\">https:\/\/www.fogeka-rdc.org<\/a> | <a href=\"mailto:fogeka@gmail.com\" target=\"_blank\" rel=\"noopener\">fogeka@gmail.com<\/a> | +243 818 344 445<\/p>\n<p dir=\"ltr\">\u00a0Kinshasa \/RDC<\/p>\n","protected":false},"excerpt":{"rendered":"<p>Par G\u00e9nie Kande &nbsp; \u00a0Dans une adresse \u00e0 la Nation, le Pr\u00e9sident F\u00e9lix Tshisekedi a annonc\u00e9 la tenue, pendant trois&hellip;<\/p>\n","protected":false},"author":2,"featured_media":791,"comment_status":"open","ping_status":"open","sticky":true,"template":"","format":"standard","meta":{"footnotes":""},"categories":[2,14],"tags":[],"class_list":["post-790","post","type-post","status-publish","format-standard","has-post-thumbnail","hentry","category-actualite","category-politique"],"yoast_head":"<!-- This site is optimized with the Yoast SEO plugin v28.3 - https:\/\/yoast.com\/product\/yoast-seo-wordpress\/ -->\n<title>RDC : F\u00e9lix Tshisekedi convoque 3 mois de dialogue national &quot;patriotique&quot; sans les criminels ni les groupes arm\u00e9s - fogeka-rdc<\/title>\n<meta name=\"robots\" content=\"index, follow, max-snippet:-1, max-image-preview:large, max-video-preview:-1\" \/>\n<link rel=\"canonical\" href=\"https:\/\/fogeka-rdc.org\/index.php\/2026\/08\/28\/rdc-felix-tshisekedi-convoque-3-mois-de-dialogue-national-patriotique-sans-les-criminels-ni-les-groupes-armes\/\" \/>\n<meta property=\"og:locale\" content=\"fr_FR\" \/>\n<meta property=\"og:type\" content=\"article\" \/>\n<meta property=\"og:title\" content=\"RDC : F\u00e9lix Tshisekedi convoque 3 mois de dialogue national &quot;patriotique&quot; sans les criminels ni les groupes arm\u00e9s - fogeka-rdc\" \/>\n<meta property=\"og:description\" content=\"Par G\u00e9nie Kande &nbsp; \u00a0Dans une adresse \u00e0 la Nation, le Pr\u00e9sident F\u00e9lix Tshisekedi a annonc\u00e9 la tenue, pendant trois&hellip;\" \/>\n<meta property=\"og:url\" content=\"https:\/\/fogeka-rdc.org\/index.php\/2026\/08\/28\/rdc-felix-tshisekedi-convoque-3-mois-de-dialogue-national-patriotique-sans-les-criminels-ni-les-groupes-armes\/\" \/>\n<meta property=\"og:site_name\" content=\"fogeka-rdc\" \/>\n<meta property=\"article:published_time\" content=\"2026-08-28T14:40:58+00:00\" \/>\n<meta property=\"og:image\" content=\"https:\/\/fogeka-rdc.org\/wp-content\/uploads\/2026\/08\/President_Adresse-a-la-nation.jpg\" \/>\n\t<meta property=\"og:image:width\" content=\"1080\" \/>\n\t<meta property=\"og:image:height\" content=\"819\" \/>\n\t<meta property=\"og:image:type\" content=\"image\/jpeg\" \/>\n<meta name=\"author\" content=\"Fogeka Fogekardc\" \/>\n<meta name=\"twitter:card\" content=\"summary_large_image\" \/>\n<meta name=\"twitter:label1\" content=\"\u00c9crit par\" \/>\n\t<meta name=\"twitter:data1\" content=\"Fogeka Fogekardc\" \/>\n\t<meta name=\"twitter:label2\" content=\"Dur\u00e9e de lecture estim\u00e9e\" \/>\n\t<meta name=\"twitter:data2\" content=\"3 minutes\" \/>\n<script type=\"application\/ld+json\" class=\"yoast-schema-graph\">{\"@context\":\"https:\\\/\\\/schema.org\",\"@graph\":[{\"@type\":\"Article\",\"@id\":\"https:\\\/\\\/fogeka-rdc.org\\\/index.php\\\/2026\\\/08\\\/28\\\/rdc-felix-tshisekedi-convoque-3-mois-de-dialogue-national-patriotique-sans-les-criminels-ni-les-groupes-armes\\\/#article\",\"isPartOf\":{\"@id\":\"https:\\\/\\\/fogeka-rdc.org\\\/index.php\\\/2026\\\/08\\\/28\\\/rdc-felix-tshisekedi-convoque-3-mois-de-dialogue-national-patriotique-sans-les-criminels-ni-les-groupes-armes\\\/\"},\"author\":{\"name\":\"Fogeka Fogekardc\",\"@id\":\"https:\\\/\\\/fogeka-rdc.org\\\/#\\\/schema\\\/person\\\/326652cf3d7bfcbab6d224e17d6992ef\"},\"headline\":\"RDC : F\u00e9lix Tshisekedi convoque 3 mois de dialogue national \u00ab\u00a0patriotique\u00a0\u00bb sans les criminels ni les groupes arm\u00e9s\",\"datePublished\":\"2026-08-28T14:40:58+00:00\",\"mainEntityOfPage\":{\"@id\":\"https:\\\/\\\/fogeka-rdc.org\\\/index.php\\\/2026\\\/08\\\/28\\\/rdc-felix-tshisekedi-convoque-3-mois-de-dialogue-national-patriotique-sans-les-criminels-ni-les-groupes-armes\\\/\"},\"wordCount\":657,\"commentCount\":0,\"publisher\":{\"@id\":\"https:\\\/\\\/fogeka-rdc.org\\\/#organization\"},\"image\":{\"@id\":\"https:\\\/\\\/fogeka-rdc.org\\\/index.php\\\/2026\\\/08\\\/28\\\/rdc-felix-tshisekedi-convoque-3-mois-de-dialogue-national-patriotique-sans-les-criminels-ni-les-groupes-armes\\\/#primaryimage\"},\"thumbnailUrl\":\"https:\\\/\\\/fogeka-rdc.org\\\/wp-content\\\/uploads\\\/2026\\\/08\\\/President_Adresse-a-la-nation.jpg\",\"articleSection\":[\"Actualit\u00e9\",\"Politique\"],\"inLanguage\":\"fr-FR\",\"potentialAction\":[{\"@type\":\"CommentAction\",\"name\":\"Comment\",\"target\":[\"https:\\\/\\\/fogeka-rdc.org\\\/index.php\\\/2026\\\/08\\\/28\\\/rdc-felix-tshisekedi-convoque-3-mois-de-dialogue-national-patriotique-sans-les-criminels-ni-les-groupes-armes\\\/#respond\"]}]},{\"@type\":\"WebPage\",\"@id\":\"https:\\\/\\\/fogeka-rdc.org\\\/index.php\\\/2026\\\/08\\\/28\\\/rdc-felix-tshisekedi-convoque-3-mois-de-dialogue-national-patriotique-sans-les-criminels-ni-les-groupes-armes\\\/\",\"url\":\"https:\\\/\\\/fogeka-rdc.org\\\/index.php\\\/2026\\\/08\\\/28\\\/rdc-felix-tshisekedi-convoque-3-mois-de-dialogue-national-patriotique-sans-les-criminels-ni-les-groupes-armes\\\/\",\"name\":\"RDC : F\u00e9lix Tshisekedi convoque 3 mois de dialogue national \\\"patriotique\\\" sans les criminels ni les groupes arm\u00e9s - fogeka-rdc\",\"isPartOf\":{\"@id\":\"https:\\\/\\\/fogeka-rdc.org\\\/#website\"},\"primaryImageOfPage\":{\"@id\":\"https:\\\/\\\/fogeka-rdc.org\\\/index.php\\\/2026\\\/08\\\/28\\\/rdc-felix-tshisekedi-convoque-3-mois-de-dialogue-national-patriotique-sans-les-criminels-ni-les-groupes-armes\\\/#primaryimage\"},\"image\":{\"@id\":\"https:\\\/\\\/fogeka-rdc.org\\\/index.php\\\/2026\\\/08\\\/28\\\/rdc-felix-tshisekedi-convoque-3-mois-de-dialogue-national-patriotique-sans-les-criminels-ni-les-groupes-armes\\\/#primaryimage\"},\"thumbnailUrl\":\"https:\\\/\\\/fogeka-rdc.org\\\/wp-content\\\/uploads\\\/2026\\\/08\\\/President_Adresse-a-la-nation.jpg\",\"datePublished\":\"2026-08-28T14:40:58+00:00\",\"breadcrumb\":{\"@id\":\"https:\\\/\\\/fogeka-rdc.org\\\/index.php\\\/2026\\\/08\\\/28\\\/rdc-felix-tshisekedi-convoque-3-mois-de-dialogue-national-patriotique-sans-les-criminels-ni-les-groupes-armes\\\/#breadcrumb\"},\"inLanguage\":\"fr-FR\",\"potentialAction\":[{\"@type\":\"ReadAction\",\"target\":[\"https:\\\/\\\/fogeka-rdc.org\\\/index.php\\\/2026\\\/08\\\/28\\\/rdc-felix-tshisekedi-convoque-3-mois-de-dialogue-national-patriotique-sans-les-criminels-ni-les-groupes-armes\\\/\"]}]},{\"@type\":\"ImageObject\",\"inLanguage\":\"fr-FR\",\"@id\":\"https:\\\/\\\/fogeka-rdc.org\\\/index.php\\\/2026\\\/08\\\/28\\\/rdc-felix-tshisekedi-convoque-3-mois-de-dialogue-national-patriotique-sans-les-criminels-ni-les-groupes-armes\\\/#primaryimage\",\"url\":\"https:\\\/\\\/fogeka-rdc.org\\\/wp-content\\\/uploads\\\/2026\\\/08\\\/President_Adresse-a-la-nation.jpg\",\"contentUrl\":\"https:\\\/\\\/fogeka-rdc.org\\\/wp-content\\\/uploads\\\/2026\\\/08\\\/President_Adresse-a-la-nation.jpg\",\"width\":1080,\"height\":819},{\"@type\":\"BreadcrumbList\",\"@id\":\"https:\\\/\\\/fogeka-rdc.org\\\/index.php\\\/2026\\\/08\\\/28\\\/rdc-felix-tshisekedi-convoque-3-mois-de-dialogue-national-patriotique-sans-les-criminels-ni-les-groupes-armes\\\/#breadcrumb\",\"itemListElement\":[{\"@type\":\"ListItem\",\"position\":1,\"name\":\"Accueil\",\"item\":\"https:\\\/\\\/fogeka-rdc.org\\\/\"},{\"@type\":\"ListItem\",\"position\":2,\"name\":\"RDC : F\u00e9lix Tshisekedi convoque 3 mois de dialogue national \u00ab\u00a0patriotique\u00a0\u00bb sans les criminels ni les groupes arm\u00e9s\"}]},{\"@type\":\"WebSite\",\"@id\":\"https:\\\/\\\/fogeka-rdc.org\\\/#website\",\"url\":\"https:\\\/\\\/fogeka-rdc.org\\\/\",\"name\":\"fogeka-rdc\",\"description\":\"Agro foresterie, dans la paix, pour le d\u00e9veloppement\",\"publisher\":{\"@id\":\"https:\\\/\\\/fogeka-rdc.org\\\/#organization\"},\"potentialAction\":[{\"@type\":\"SearchAction\",\"target\":{\"@type\":\"EntryPoint\",\"urlTemplate\":\"https:\\\/\\\/fogeka-rdc.org\\\/?s={search_term_string}\"},\"query-input\":{\"@type\":\"PropertyValueSpecification\",\"valueRequired\":true,\"valueName\":\"search_term_string\"}}],\"inLanguage\":\"fr-FR\"},{\"@type\":\"Organization\",\"@id\":\"https:\\\/\\\/fogeka-rdc.org\\\/#organization\",\"name\":\"fogeka-rdc\",\"url\":\"https:\\\/\\\/fogeka-rdc.org\\\/\",\"logo\":{\"@type\":\"ImageObject\",\"inLanguage\":\"fr-FR\",\"@id\":\"https:\\\/\\\/fogeka-rdc.org\\\/#\\\/schema\\\/logo\\\/image\\\/\",\"url\":\"https:\\\/\\\/fogeka-rdc.org\\\/wp-content\\\/uploads\\\/2025\\\/09\\\/cropped-cropped-WhatsApp-Image-2025-09-12-at-23.09.05.jpeg\",\"contentUrl\":\"https:\\\/\\\/fogeka-rdc.org\\\/wp-content\\\/uploads\\\/2025\\\/09\\\/cropped-cropped-WhatsApp-Image-2025-09-12-at-23.09.05.jpeg\",\"width\":250,\"height\":134,\"caption\":\"fogeka-rdc\"},\"image\":{\"@id\":\"https:\\\/\\\/fogeka-rdc.org\\\/#\\\/schema\\\/logo\\\/image\\\/\"}},{\"@type\":\"Person\",\"@id\":\"https:\\\/\\\/fogeka-rdc.org\\\/#\\\/schema\\\/person\\\/326652cf3d7bfcbab6d224e17d6992ef\",\"name\":\"Fogeka Fogekardc\",\"image\":{\"@type\":\"ImageObject\",\"inLanguage\":\"fr-FR\",\"@id\":\"https:\\\/\\\/secure.gravatar.com\\\/avatar\\\/7409435eb90dab5dd3e21946e11423d79d4fd27d0d76a9a6883c8f31758a7ecd?s=96&d=mm&r=g\",\"url\":\"https:\\\/\\\/secure.gravatar.com\\\/avatar\\\/7409435eb90dab5dd3e21946e11423d79d4fd27d0d76a9a6883c8f31758a7ecd?s=96&d=mm&r=g\",\"contentUrl\":\"https:\\\/\\\/secure.gravatar.com\\\/avatar\\\/7409435eb90dab5dd3e21946e11423d79d4fd27d0d76a9a6883c8f31758a7ecd?s=96&d=mm&r=g\",\"caption\":\"Fogeka Fogekardc\"},\"url\":\"https:\\\/\\\/fogeka-rdc.org\\\/index.php\\\/author\\\/fogeka-admin\\\/\"}]}<\/script>\n<!-- \/ Yoast SEO plugin. -->","yoast_head_json":{"title":"RDC : F\u00e9lix Tshisekedi convoque 3 mois de dialogue national \"patriotique\" sans les criminels ni les groupes arm\u00e9s - fogeka-rdc","robots":{"index":"index","follow":"follow","max-snippet":"max-snippet:-1","max-image-preview":"max-image-preview:large","max-video-preview":"max-video-preview:-1"},"canonical":"https:\/\/fogeka-rdc.org\/index.php\/2026\/08\/28\/rdc-felix-tshisekedi-convoque-3-mois-de-dialogue-national-patriotique-sans-les-criminels-ni-les-groupes-armes\/","og_locale":"fr_FR","og_type":"article","og_title":"RDC : F\u00e9lix Tshisekedi convoque 3 mois de dialogue national \"patriotique\" sans les criminels ni les groupes arm\u00e9s - fogeka-rdc","og_description":"Par G\u00e9nie Kande &nbsp; \u00a0Dans une adresse \u00e0 la Nation, le Pr\u00e9sident F\u00e9lix Tshisekedi a annonc\u00e9 la tenue, pendant trois&hellip;","og_url":"https:\/\/fogeka-rdc.org\/index.php\/2026\/08\/28\/rdc-felix-tshisekedi-convoque-3-mois-de-dialogue-national-patriotique-sans-les-criminels-ni-les-groupes-armes\/","og_site_name":"fogeka-rdc","article_published_time":"2026-08-28T14:40:58+00:00","og_image":[{"width":1080,"height":819,"url":"https:\/\/fogeka-rdc.org\/wp-content\/uploads\/2026\/08\/President_Adresse-a-la-nation.jpg","type":"image\/jpeg"}],"author":"Fogeka Fogekardc","twitter_card":"summary_large_image","twitter_misc":{"\u00c9crit par":"Fogeka Fogekardc","Dur\u00e9e de lecture estim\u00e9e":"3 minutes"},"schema":{"@context":"https:\/\/schema.org","@graph":[{"@type":"Article","@id":"https:\/\/fogeka-rdc.org\/index.php\/2026\/08\/28\/rdc-felix-tshisekedi-convoque-3-mois-de-dialogue-national-patriotique-sans-les-criminels-ni-les-groupes-armes\/#article","isPartOf":{"@id":"https:\/\/fogeka-rdc.org\/index.php\/2026\/08\/28\/rdc-felix-tshisekedi-convoque-3-mois-de-dialogue-national-patriotique-sans-les-criminels-ni-les-groupes-armes\/"},"author":{"name":"Fogeka Fogekardc","@id":"https:\/\/fogeka-rdc.org\/#\/schema\/person\/326652cf3d7bfcbab6d224e17d6992ef"},"headline":"RDC : F\u00e9lix Tshisekedi convoque 3 mois de dialogue national \u00ab\u00a0patriotique\u00a0\u00bb sans les criminels ni les groupes arm\u00e9s","datePublished":"2026-08-28T14:40:58+00:00","mainEntityOfPage":{"@id":"https:\/\/fogeka-rdc.org\/index.php\/2026\/08\/28\/rdc-felix-tshisekedi-convoque-3-mois-de-dialogue-national-patriotique-sans-les-criminels-ni-les-groupes-armes\/"},"wordCount":657,"commentCount":0,"publisher":{"@id":"https:\/\/fogeka-rdc.org\/#organization"},"image":{"@id":"https:\/\/fogeka-rdc.org\/index.php\/2026\/08\/28\/rdc-felix-tshisekedi-convoque-3-mois-de-dialogue-national-patriotique-sans-les-criminels-ni-les-groupes-armes\/#primaryimage"},"thumbnailUrl":"https:\/\/fogeka-rdc.org\/wp-content\/uploads\/2026\/08\/President_Adresse-a-la-nation.jpg","articleSection":["Actualit\u00e9","Politique"],"inLanguage":"fr-FR","potentialAction":[{"@type":"CommentAction","name":"Comment","target":["https:\/\/fogeka-rdc.org\/index.php\/2026\/08\/28\/rdc-felix-tshisekedi-convoque-3-mois-de-dialogue-national-patriotique-sans-les-criminels-ni-les-groupes-armes\/#respond"]}]},{"@type":"WebPage","@id":"https:\/\/fogeka-rdc.org\/index.php\/2026\/08\/28\/rdc-felix-tshisekedi-convoque-3-mois-de-dialogue-national-patriotique-sans-les-criminels-ni-les-groupes-armes\/","url":"https:\/\/fogeka-rdc.org\/index.php\/2026\/08\/28\/rdc-felix-tshisekedi-convoque-3-mois-de-dialogue-national-patriotique-sans-les-criminels-ni-les-groupes-armes\/","name":"RDC : F\u00e9lix Tshisekedi convoque 3 mois de dialogue national \"patriotique\" sans les criminels ni les groupes arm\u00e9s - fogeka-rdc","isPartOf":{"@id":"https:\/\/fogeka-rdc.org\/#website"},"primaryImageOfPage":{"@id":"https:\/\/fogeka-rdc.org\/index.php\/2026\/08\/28\/rdc-felix-tshisekedi-convoque-3-mois-de-dialogue-national-patriotique-sans-les-criminels-ni-les-groupes-armes\/#primaryimage"},"image":{"@id":"https:\/\/fogeka-rdc.org\/index.php\/2026\/08\/28\/rdc-felix-tshisekedi-convoque-3-mois-de-dialogue-national-patriotique-sans-les-criminels-ni-les-groupes-armes\/#primaryimage"},"thumbnailUrl":"https:\/\/fogeka-rdc.org\/wp-content\/uploads\/2026\/08\/President_Adresse-a-la-nation.jpg","datePublished":"2026-08-28T14:40:58+00:00","breadcrumb":{"@id":"https:\/\/fogeka-rdc.org\/index.php\/2026\/08\/28\/rdc-felix-tshisekedi-convoque-3-mois-de-dialogue-national-patriotique-sans-les-criminels-ni-les-groupes-armes\/#breadcrumb"},"inLanguage":"fr-FR","potentialAction":[{"@type":"ReadAction","target":["https:\/\/fogeka-rdc.org\/index.php\/2026\/08\/28\/rdc-felix-tshisekedi-convoque-3-mois-de-dialogue-national-patriotique-sans-les-criminels-ni-les-groupes-armes\/"]}]},{"@type":"ImageObject","inLanguage":"fr-FR","@id":"https:\/\/fogeka-rdc.org\/index.php\/2026\/08\/28\/rdc-felix-tshisekedi-convoque-3-mois-de-dialogue-national-patriotique-sans-les-criminels-ni-les-groupes-armes\/#primaryimage","url":"https:\/\/fogeka-rdc.org\/wp-content\/uploads\/2026\/08\/President_Adresse-a-la-nation.jpg","contentUrl":"https:\/\/fogeka-rdc.org\/wp-content\/uploads\/2026\/08\/President_Adresse-a-la-nation.jpg","width":1080,"height":819},{"@type":"BreadcrumbList","@id":"https:\/\/fogeka-rdc.org\/index.php\/2026\/08\/28\/rdc-felix-tshisekedi-convoque-3-mois-de-dialogue-national-patriotique-sans-les-criminels-ni-les-groupes-armes\/#breadcrumb","itemListElement":[{"@type":"ListItem","position":1,"name":"Accueil","item":"https:\/\/fogeka-rdc.org\/"},{"@type":"ListItem","position":2,"name":"RDC : F\u00e9lix Tshisekedi convoque 3 mois de dialogue national \u00ab\u00a0patriotique\u00a0\u00bb sans les criminels ni les groupes arm\u00e9s"}]},{"@type":"WebSite","@id":"https:\/\/fogeka-rdc.org\/#website","url":"https:\/\/fogeka-rdc.org\/","name":"fogeka-rdc","description":"Agro foresterie, dans la paix, pour le d\u00e9veloppement","publisher":{"@id":"https:\/\/fogeka-rdc.org\/#organization"},"potentialAction":[{"@type":"SearchAction","target":{"@type":"EntryPoint","urlTemplate":"https:\/\/fogeka-rdc.org\/?s={search_term_string}"},"query-input":{"@type":"PropertyValueSpecification","valueRequired":true,"valueName":"search_term_string"}}],"inLanguage":"fr-FR"},{"@type":"Organization","@id":"https:\/\/fogeka-rdc.org\/#organization","name":"fogeka-rdc","url":"https:\/\/fogeka-rdc.org\/","logo":{"@type":"ImageObject","inLanguage":"fr-FR","@id":"https:\/\/fogeka-rdc.org\/#\/schema\/logo\/image\/","url":"https:\/\/fogeka-rdc.org\/wp-content\/uploads\/2025\/09\/cropped-cropped-WhatsApp-Image-2025-09-12-at-23.09.05.jpeg","contentUrl":"https:\/\/fogeka-rdc.org\/wp-content\/uploads\/2025\/09\/cropped-cropped-WhatsApp-Image-2025-09-12-at-23.09.05.jpeg","width":250,"height":134,"caption":"fogeka-rdc"},"image":{"@id":"https:\/\/fogeka-rdc.org\/#\/schema\/logo\/image\/"}},{"@type":"Person","@id":"https:\/\/fogeka-rdc.org\/#\/schema\/person\/326652cf3d7bfcbab6d224e17d6992ef","name":"Fogeka Fogekardc","image":{"@type":"ImageObject","inLanguage":"fr-FR","@id":"https:\/\/secure.gravatar.com\/avatar\/7409435eb90dab5dd3e21946e11423d79d4fd27d0d76a9a6883c8f31758a7ecd?s=96&d=mm&r=g","url":"https:\/\/secure.gravatar.com\/avatar\/7409435eb90dab5dd3e21946e11423d79d4fd27d0d76a9a6883c8f31758a7ecd?s=96&d=mm&r=g","contentUrl":"https:\/\/secure.gravatar.com\/avatar\/7409435eb90dab5dd3e21946e11423d79d4fd27d0d76a9a6883c8f31758a7ecd?s=96&d=mm&r=g","caption":"Fogeka Fogekardc"},"url":"https:\/\/fogeka-rdc.org\/index.php\/author\/fogeka-admin\/"}]}},"_links":{"self":[{"href":"https:\/\/fogeka-rdc.org\/index.php\/wp-json\/wp\/v2\/posts\/790","targetHints":{"allow":["GET"]}}],"collection":[{"href":"https:\/\/fogeka-rdc.org\/index.php\/wp-json\/wp\/v2\/posts"}],"about":[{"href":"https:\/\/fogeka-rdc.org\/index.php\/wp-json\/wp\/v2\/types\/post"}],"author":[{"embeddable":true,"href":"https:\/\/fogeka-rdc.org\/index.php\/wp-json\/wp\/v2\/users\/2"}],"replies":[{"embeddable":true,"href":"https:\/\/fogeka-rdc.org\/index.php\/wp-json\/wp\/v2\/comments?post=790"}],"version-history":[{"count":1,"href":"https:\/\/fogeka-rdc.org\/index.php\/wp-json\/wp\/v2\/posts\/790\/revisions"}],"predecessor-version":[{"id":792,"href":"https:\/\/fogeka-rdc.org\/index.php\/wp-json\/wp\/v2\/posts\/790\/revisions\/792"}],"wp:featuredmedia":[{"embeddable":true,"href":"https:\/\/fogeka-rdc.org\/index.php\/wp-json\/wp\/v2\/media\/791"}],"wp:attachment":[{"href":"https:\/\/fogeka-rdc.org\/index.php\/wp-json\/wp\/v2\/media?parent=790"}],"wp:term":[{"taxonomy":"category","embeddable":true,"href":"https:\/\/fogeka-rdc.org\/index.php\/wp-json\/wp\/v2\/categories?post=790"},{"taxonomy":"post_tag","embeddable":true,"href":"https:\/\/fogeka-rdc.org\/index.php\/wp-json\/wp\/v2\/tags?post=790"}],"curies":[{"name":"wp","href":"https:\/\/api.w.org\/{rel}","templated":true}]}}